{"id":4324,"date":"2021-06-06T12:23:01","date_gmt":"2021-06-06T15:23:01","guid":{"rendered":"http:\/\/autosdelpodio.com\/autos\/?p=4324"},"modified":"2021-06-06T12:23:02","modified_gmt":"2021-06-06T15:23:02","slug":"baku-se-rindio-a-los-pies-de-checo","status":"publish","type":"post","link":"http:\/\/autosdelpodio.com\/autos\/baku-se-rindio-a-los-pies-de-checo\/","title":{"rendered":"Baku se rindi\u00f3 a los pies de Checo"},"content":{"rendered":"\n<p>Sergio Perez obtuvo su segunda victoria dentro de la Formula 1 y la primera dentro de Red Bull en una nueva edici\u00f3n del Gran Premio de Azerbaiy\u00e1n.Destacadas actuaciones de Sebastian Vettel y Pierre Gasly que les permitieron acceder al podio.<br>El golpe de escena que explica en buen modo este at\u00edpico clasificador lo gener\u00f3 el despiste de Max Verstappen al sufrir la rotura del neumatico delantero izquierdo de su Red Bull que deriv\u00f3 en bandera roja.Tras el relanzamiento, Lewis Hamilton tom\u00f3 la punta al imponerse parcialmente sobre Checo Perez, hasta que se pas\u00f3 en uno de los frenajes y qued\u00f3 fuera de juego.<br>En funci\u00f3n del mundial de pilotos Max Verstappen lidera el mismo con 105 puntos, seguido por Hamilton con 101 y Perez con 69.<br>La pr\u00f3xima fecha ser\u00e1 el 20 de junio correspondiente al Gran Premio de Francia.<\/p>\n\n\n\n<p><strong>Final F1 &#8211; GP de Baku<\/strong><\/p>\n\n\n\n<figure class=\"wp-block-table\"><table><tbody><tr><td><strong>1<\/strong><\/td><td><strong>11<\/strong><\/td><td><strong>Sergio P\u00e9rez<\/strong><\/td><td><strong>Red Bull<\/strong><\/td><td><strong>Honda<\/strong><\/td><td><strong>51<\/strong><\/td><td><\/td><\/tr><tr><td>2<\/td><td>5<\/td><td>Sebastian Vettel<\/td><td>Aston Martin<\/td><td>Mercedes<\/td><td>51<\/td><td>1.385<\/td><\/tr><tr><td>3<\/td><td>10<\/td><td>Pierre Gasly<\/td><td>AlphaTauri<\/td><td>Honda<\/td><td>51<\/td><td>2.762<\/td><\/tr><tr><td>4<\/td><td>16<\/td><td>Charles Leclerc<\/td><td>Ferrari<\/td><td>Ferrari<\/td><td>51<\/td><td>3.828<\/td><\/tr><tr><td>5<\/td><td>4<\/td><td>Lando Norris<\/td><td>McLaren<\/td><td>Mercedes<\/td><td>51<\/td><td>4.754<\/td><\/tr><tr><td>6<\/td><td>14<\/td><td>Fernando Alonso<\/td><td>Alpine<\/td><td>Renault<\/td><td>51<\/td><td>6.382<\/td><\/tr><tr><td>7<\/td><td>22<\/td><td>Yuki Tsunoda<\/td><td>AlphaTauri<\/td><td>Honda<\/td><td>51<\/td><td>6.624<\/td><\/tr><tr><td>8<\/td><td>55<\/td><td>Carlos Sainz Jr.<\/td><td>Ferrari<\/td><td>Ferrari<\/td><td>51<\/td><td>7.709<\/td><\/tr><tr><td>9<\/td><td>3<\/td><td>Daniel Ricciardo<\/td><td>McLaren<\/td><td>Mercedes<\/td><td>51<\/td><td>8.874<\/td><\/tr><tr><td>10<\/td><td>7<\/td><td>Kimi Raikkonen<\/td><td>Alfa Romeo<\/td><td>Ferrari<\/td><td>51<\/td><td>9.576<\/td><\/tr><tr><td>11<\/td><td>99<\/td><td>Antonio Giovinazzi<\/td><td>Alfa Romeo<\/td><td>Ferrari<\/td><td>51<\/td><td>10.254<\/td><\/tr><tr><td>12<\/td><td>77<\/td><td>Valtteri Bottas<\/td><td>Mercedes<\/td><td>Mercedes<\/td><td>51<\/td><td>11.264<\/td><\/tr><tr><td>13<\/td><td>47<\/td><td>Mick Schumacher<\/td><td>Haas<\/td><td>Ferrari<\/td><td>51<\/td><td>14.241<\/td><\/tr><tr><td>14<\/td><td>9<\/td><td>Nikita Mazepin<\/td><td>Haas<\/td><td>Ferrari<\/td><td>51<\/td><td>14.315<\/td><\/tr><tr><td>15<\/td><td>44<\/td><td>Lewis Hamilton<\/td><td>Mercedes<\/td><td>Mercedes<\/td><td>51<\/td><td>17.668<\/td><\/tr><tr><td>16<\/td><td>6<\/td><td>Nicholas Latifi<\/td><td>Williams<\/td><td>Mercedes<\/td><td>51<\/td><td>42.379<\/td><\/tr><tr><td>17<\/td><td>63<\/td><td>George Russell<\/td><td>Williams<\/td><td>Mercedes<\/td><td>48<\/td><td>Abandono<\/td><\/tr><tr><td>18<\/td><td>33<\/td><td>Max Verstappen<\/td><td>Red Bull<\/td><td>Honda<\/td><td>45<\/td><td>Neumatico<\/td><\/tr><tr><td>19<\/td><td>18<\/td><td>Lance Stroll<\/td><td>Aston Martin<\/td><td>Mercedes<\/td><td>29<\/td><td>Neumatico<\/td><\/tr><tr><td>2<\/td><td>31<\/td><td>Esteban Ocon<\/td><td>Alpine<\/td><td>Renault<\/td><td>3<\/td><td>Motor<\/td><\/tr><\/tbody><\/table><\/figure>\n","protected":false},"excerpt":{"rendered":"<p>Sergio Perez obtuvo su segunda victoria dentro de la Formula 1 y la primera dentro de Red Bull en una<\/p>\n","protected":false},"author":3,"featured_media":1751,"comment_status":"open","ping_status":"open","sticky":false,"template":"","format":"standard","meta":{"colormag_page_container_layout":"default_layout","colormag_page_sidebar_layout":"default_layout","footnotes":""},"categories":[6,5],"tags":[307,75,566,311],"class_list":["post-4324","post","type-post","status-publish","format-standard","has-post-thumbnail","hentry","category-newsflash","category-latest-news","tag-checo-perez","tag-formula-1","tag-gp-azerbaiyan","tag-red-bull"],"yoast_head":"<!-- This site is optimized with the Yoast SEO plugin v27.4 - https:\/\/yoast.com\/product\/yoast-seo-wordpress\/ -->\n<title>Autos del Podio | Baku se rindi\u00f3 a los pies de Checo<\/title>\n<meta name=\"description\" content=\"Autos del Podio Segunda victoria de P\u00e9rez en la Formula 1, la primera fue en el Gran Premio de Sakhir 2020 con el equipo Racing Point\" \/>\n<meta name=\"robots\" content=\"index, follow, max-snippet:-1, max-image-preview:large, max-video-preview:-1\" \/>\n<link rel=\"canonical\" href=\"https:\/\/autosdelpodio.com\/autos\/baku-se-rindio-a-los-pies-de-checo\/\" \/>\n<meta property=\"og:locale\" content=\"es_ES\" \/>\n<meta property=\"og:type\" content=\"article\" \/>\n<meta property=\"og:title\" content=\"Autos del Podio | Baku se rindi\u00f3 a los pies de Checo\" \/>\n<meta property=\"og:description\" content=\"Autos del Podio Segunda victoria de P\u00e9rez en la Formula 1, la primera fue en el Gran Premio de Sakhir 2020 con el equipo Racing Point\" \/>\n<meta property=\"og:url\" content=\"https:\/\/autosdelpodio.com\/autos\/baku-se-rindio-a-los-pies-de-checo\/\" \/>\n<meta property=\"og:site_name\" content=\"Autos del Podio\" \/>\n<meta property=\"article:publisher\" content=\"https:\/\/www.facebook.com\/profile.php?id=100057192590976&amp;amp%3bamp%3bamp%3bamp%3bamp%3bamp%3bamp%3bamp%3bamp%3bamp%3bamp%3bamp%3bamp%3bamp%3bamp%3bamp%3bamp%3bamp%3bref=ts\" \/>\n<meta property=\"article:published_time\" content=\"2021-06-06T15:23:01+00:00\" \/>\n<meta property=\"article:modified_time\" content=\"2021-06-06T15:23:02+00:00\" \/>\n<meta property=\"og:image\" content=\"https:\/\/autosdelpodio.com\/autos\/wp-content\/uploads\/2020\/04\/Logo_F1_-e1621029352226.jpg\" \/>\n\t<meta property=\"og:image:width\" content=\"500\" \/>\n\t<meta property=\"og:image:height\" content=\"278\" \/>\n\t<meta property=\"og:image:type\" content=\"image\/jpeg\" \/>\n<meta name=\"author\" content=\"autosdelpodio\" \/>\n<meta name=\"twitter:card\" content=\"summary_large_image\" \/>\n<meta name=\"twitter:creator\" content=\"@autosdelpodio\" \/>\n<meta name=\"twitter:site\" content=\"@autosdelpodio\" \/>\n<meta name=\"twitter:label1\" content=\"Escrito por\" \/>\n\t<meta name=\"twitter:data1\" content=\"autosdelpodio\" \/>\n\t<meta name=\"twitter:label2\" content=\"Tiempo de lectura\" \/>\n\t<meta name=\"twitter:data2\" content=\"2 minutos\" \/>\n<script type=\"application\/ld+json\" class=\"yoast-schema-graph\">{\"@context\":\"https:\\\/\\\/schema.org\",\"@graph\":[{\"@type\":\"Article\",\"@id\":\"https:\\\/\\\/autosdelpodio.com\\\/autos\\\/baku-se-rindio-a-los-pies-de-checo\\\/#article\",\"isPartOf\":{\"@id\":\"https:\\\/\\\/autosdelpodio.com\\\/autos\\\/baku-se-rindio-a-los-pies-de-checo\\\/\"},\"author\":{\"name\":\"autosdelpodio\",\"@id\":\"http:\\\/\\\/autosdelpodio.com\\\/autos\\\/#\\\/schema\\\/person\\\/993527a4d01c3acdd3d6bce3770bc942\"},\"headline\":\"Baku se rindi\u00f3 a los pies de Checo\",\"datePublished\":\"2021-06-06T15:23:01+00:00\",\"dateModified\":\"2021-06-06T15:23:02+00:00\",\"mainEntityOfPage\":{\"@id\":\"https:\\\/\\\/autosdelpodio.com\\\/autos\\\/baku-se-rindio-a-los-pies-de-checo\\\/\"},\"wordCount\":248,\"commentCount\":0,\"publisher\":{\"@id\":\"http:\\\/\\\/autosdelpodio.com\\\/autos\\\/#organization\"},\"image\":{\"@id\":\"https:\\\/\\\/autosdelpodio.com\\\/autos\\\/baku-se-rindio-a-los-pies-de-checo\\\/#primaryimage\"},\"thumbnailUrl\":\"http:\\\/\\\/autosdelpodio.com\\\/autos\\\/wp-content\\\/uploads\\\/2020\\\/04\\\/Logo_F1_-e1621029352226.jpg\",\"keywords\":[\"Checo Perez\",\"Formula 1\",\"GP Azerbaiyan\",\"Red Bull\"],\"articleSection\":[\"Destacado\",\"\u00daltimas noticias\"],\"inLanguage\":\"es\",\"potentialAction\":[{\"@type\":\"CommentAction\",\"name\":\"Comment\",\"target\":[\"https:\\\/\\\/autosdelpodio.com\\\/autos\\\/baku-se-rindio-a-los-pies-de-checo\\\/#respond\"]}]},{\"@type\":\"WebPage\",\"@id\":\"https:\\\/\\\/autosdelpodio.com\\\/autos\\\/baku-se-rindio-a-los-pies-de-checo\\\/\",\"url\":\"https:\\\/\\\/autosdelpodio.com\\\/autos\\\/baku-se-rindio-a-los-pies-de-checo\\\/\",\"name\":\"Autos del Podio | Baku se rindi\u00f3 a los pies de Checo\",\"isPartOf\":{\"@id\":\"http:\\\/\\\/autosdelpodio.com\\\/autos\\\/#website\"},\"primaryImageOfPage\":{\"@id\":\"https:\\\/\\\/autosdelpodio.com\\\/autos\\\/baku-se-rindio-a-los-pies-de-checo\\\/#primaryimage\"},\"image\":{\"@id\":\"https:\\\/\\\/autosdelpodio.com\\\/autos\\\/baku-se-rindio-a-los-pies-de-checo\\\/#primaryimage\"},\"thumbnailUrl\":\"http:\\\/\\\/autosdelpodio.com\\\/autos\\\/wp-content\\\/uploads\\\/2020\\\/04\\\/Logo_F1_-e1621029352226.jpg\",\"datePublished\":\"2021-06-06T15:23:01+00:00\",\"dateModified\":\"2021-06-06T15:23:02+00:00\",\"description\":\"Autos del Podio Segunda victoria de P\u00e9rez en la Formula 1, la primera fue en el Gran Premio de Sakhir 2020 con el equipo Racing Point\",\"breadcrumb\":{\"@id\":\"https:\\\/\\\/autosdelpodio.com\\\/autos\\\/baku-se-rindio-a-los-pies-de-checo\\\/#breadcrumb\"},\"inLanguage\":\"es\",\"potentialAction\":[{\"@type\":\"ReadAction\",\"target\":[\"https:\\\/\\\/autosdelpodio.com\\\/autos\\\/baku-se-rindio-a-los-pies-de-checo\\\/\"]}]},{\"@type\":\"ImageObject\",\"inLanguage\":\"es\",\"@id\":\"https:\\\/\\\/autosdelpodio.com\\\/autos\\\/baku-se-rindio-a-los-pies-de-checo\\\/#primaryimage\",\"url\":\"http:\\\/\\\/autosdelpodio.com\\\/autos\\\/wp-content\\\/uploads\\\/2020\\\/04\\\/Logo_F1_-e1621029352226.jpg\",\"contentUrl\":\"http:\\\/\\\/autosdelpodio.com\\\/autos\\\/wp-content\\\/uploads\\\/2020\\\/04\\\/Logo_F1_-e1621029352226.jpg\",\"width\":500,\"height\":278},{\"@type\":\"BreadcrumbList\",\"@id\":\"https:\\\/\\\/autosdelpodio.com\\\/autos\\\/baku-se-rindio-a-los-pies-de-checo\\\/#breadcrumb\",\"itemListElement\":[{\"@type\":\"ListItem\",\"position\":1,\"name\":\"Portada\",\"item\":\"http:\\\/\\\/autosdelpodio.com\\\/autos\\\/\"},{\"@type\":\"ListItem\",\"position\":2,\"name\":\"Baku se rindi\u00f3 a los pies de Checo\"}]},{\"@type\":\"WebSite\",\"@id\":\"http:\\\/\\\/autosdelpodio.com\\\/autos\\\/#website\",\"url\":\"http:\\\/\\\/autosdelpodio.com\\\/autos\\\/\",\"name\":\"Autos del Podio\",\"description\":\"La sexta del deporte motor\",\"publisher\":{\"@id\":\"http:\\\/\\\/autosdelpodio.com\\\/autos\\\/#organization\"},\"potentialAction\":[{\"@type\":\"SearchAction\",\"target\":{\"@type\":\"EntryPoint\",\"urlTemplate\":\"http:\\\/\\\/autosdelpodio.com\\\/autos\\\/?s={search_term_string}\"},\"query-input\":{\"@type\":\"PropertyValueSpecification\",\"valueRequired\":true,\"valueName\":\"search_term_string\"}}],\"inLanguage\":\"es\"},{\"@type\":\"Organization\",\"@id\":\"http:\\\/\\\/autosdelpodio.com\\\/autos\\\/#organization\",\"name\":\"Autos del Podio\",\"url\":\"http:\\\/\\\/autosdelpodio.com\\\/autos\\\/\",\"logo\":{\"@type\":\"ImageObject\",\"inLanguage\":\"es\",\"@id\":\"http:\\\/\\\/autosdelpodio.com\\\/autos\\\/#\\\/schema\\\/logo\\\/image\\\/\",\"url\":\"http:\\\/\\\/autosdelpodio.com\\\/autos\\\/wp-content\\\/uploads\\\/2020\\\/08\\\/Logo_AR.jpg\",\"contentUrl\":\"http:\\\/\\\/autosdelpodio.com\\\/autos\\\/wp-content\\\/uploads\\\/2020\\\/08\\\/Logo_AR.jpg\",\"width\":1038,\"height\":1044,\"caption\":\"Autos del Podio\"},\"image\":{\"@id\":\"http:\\\/\\\/autosdelpodio.com\\\/autos\\\/#\\\/schema\\\/logo\\\/image\\\/\"},\"sameAs\":[\"https:\\\/\\\/www.facebook.com\\\/profile.php?id=100057192590976&amp;amp;amp;amp;amp;amp;amp;amp;amp;amp;amp;amp;amp;amp;amp;amp;amp;amp;ref=ts\",\"https:\\\/\\\/x.com\\\/autosdelpodio\",\"https:\\\/\\\/www.youtube.com\\\/user\\\/AutosdelPodio\"]},{\"@type\":\"Person\",\"@id\":\"http:\\\/\\\/autosdelpodio.com\\\/autos\\\/#\\\/schema\\\/person\\\/993527a4d01c3acdd3d6bce3770bc942\",\"name\":\"autosdelpodio\",\"image\":{\"@type\":\"ImageObject\",\"inLanguage\":\"es\",\"@id\":\"http:\\\/\\\/autosdelpodio.com\\\/autos\\\/wp-content\\\/litespeed\\\/avatar\\\/aa8f65cd201a80f6b844f63278aa84af.jpg?ver=1776798175\",\"url\":\"http:\\\/\\\/autosdelpodio.com\\\/autos\\\/wp-content\\\/litespeed\\\/avatar\\\/aa8f65cd201a80f6b844f63278aa84af.jpg?ver=1776798175\",\"contentUrl\":\"http:\\\/\\\/autosdelpodio.com\\\/autos\\\/wp-content\\\/litespeed\\\/avatar\\\/aa8f65cd201a80f6b844f63278aa84af.jpg?ver=1776798175\",\"caption\":\"autosdelpodio\"}}]}<\/script>\n<!-- \/ Yoast SEO plugin. -->","yoast_head_json":{"title":"Autos del Podio | Baku se rindi\u00f3 a los pies de Checo","description":"Autos del Podio Segunda victoria de P\u00e9rez en la Formula 1, la primera fue en el Gran Premio de Sakhir 2020 con el equipo Racing Point","robots":{"index":"index","follow":"follow","max-snippet":"max-snippet:-1","max-image-preview":"max-image-preview:large","max-video-preview":"max-video-preview:-1"},"canonical":"https:\/\/autosdelpodio.com\/autos\/baku-se-rindio-a-los-pies-de-checo\/","og_locale":"es_ES","og_type":"article","og_title":"Autos del Podio | Baku se rindi\u00f3 a los pies de Checo","og_description":"Autos del Podio Segunda victoria de P\u00e9rez en la Formula 1, la primera fue en el Gran Premio de Sakhir 2020 con el equipo Racing Point","og_url":"https:\/\/autosdelpodio.com\/autos\/baku-se-rindio-a-los-pies-de-checo\/","og_site_name":"Autos del Podio","article_publisher":"https:\/\/www.facebook.com\/profile.php?id=100057192590976&amp%3bamp%3bamp%3bamp%3bamp%3bamp%3bamp%3bamp%3bamp%3bamp%3bamp%3bamp%3bamp%3bamp%3bamp%3bamp%3bamp%3bamp%3bref=ts","article_published_time":"2021-06-06T15:23:01+00:00","article_modified_time":"2021-06-06T15:23:02+00:00","og_image":[{"width":500,"height":278,"url":"https:\/\/autosdelpodio.com\/autos\/wp-content\/uploads\/2020\/04\/Logo_F1_-e1621029352226.jpg","type":"image\/jpeg"}],"author":"autosdelpodio","twitter_card":"summary_large_image","twitter_creator":"@autosdelpodio","twitter_site":"@autosdelpodio","twitter_misc":{"Escrito por":"autosdelpodio","Tiempo de lectura":"2 minutos"},"schema":{"@context":"https:\/\/schema.org","@graph":[{"@type":"Article","@id":"https:\/\/autosdelpodio.com\/autos\/baku-se-rindio-a-los-pies-de-checo\/#article","isPartOf":{"@id":"https:\/\/autosdelpodio.com\/autos\/baku-se-rindio-a-los-pies-de-checo\/"},"author":{"name":"autosdelpodio","@id":"http:\/\/autosdelpodio.com\/autos\/#\/schema\/person\/993527a4d01c3acdd3d6bce3770bc942"},"headline":"Baku se rindi\u00f3 a los pies de Checo","datePublished":"2021-06-06T15:23:01+00:00","dateModified":"2021-06-06T15:23:02+00:00","mainEntityOfPage":{"@id":"https:\/\/autosdelpodio.com\/autos\/baku-se-rindio-a-los-pies-de-checo\/"},"wordCount":248,"commentCount":0,"publisher":{"@id":"http:\/\/autosdelpodio.com\/autos\/#organization"},"image":{"@id":"https:\/\/autosdelpodio.com\/autos\/baku-se-rindio-a-los-pies-de-checo\/#primaryimage"},"thumbnailUrl":"http:\/\/autosdelpodio.com\/autos\/wp-content\/uploads\/2020\/04\/Logo_F1_-e1621029352226.jpg","keywords":["Checo Perez","Formula 1","GP Azerbaiyan","Red Bull"],"articleSection":["Destacado","\u00daltimas noticias"],"inLanguage":"es","potentialAction":[{"@type":"CommentAction","name":"Comment","target":["https:\/\/autosdelpodio.com\/autos\/baku-se-rindio-a-los-pies-de-checo\/#respond"]}]},{"@type":"WebPage","@id":"https:\/\/autosdelpodio.com\/autos\/baku-se-rindio-a-los-pies-de-checo\/","url":"https:\/\/autosdelpodio.com\/autos\/baku-se-rindio-a-los-pies-de-checo\/","name":"Autos del Podio | Baku se rindi\u00f3 a los pies de Checo","isPartOf":{"@id":"http:\/\/autosdelpodio.com\/autos\/#website"},"primaryImageOfPage":{"@id":"https:\/\/autosdelpodio.com\/autos\/baku-se-rindio-a-los-pies-de-checo\/#primaryimage"},"image":{"@id":"https:\/\/autosdelpodio.com\/autos\/baku-se-rindio-a-los-pies-de-checo\/#primaryimage"},"thumbnailUrl":"http:\/\/autosdelpodio.com\/autos\/wp-content\/uploads\/2020\/04\/Logo_F1_-e1621029352226.jpg","datePublished":"2021-06-06T15:23:01+00:00","dateModified":"2021-06-06T15:23:02+00:00","description":"Autos del Podio Segunda victoria de P\u00e9rez en la Formula 1, la primera fue en el Gran Premio de Sakhir 2020 con el equipo Racing Point","breadcrumb":{"@id":"https:\/\/autosdelpodio.com\/autos\/baku-se-rindio-a-los-pies-de-checo\/#breadcrumb"},"inLanguage":"es","potentialAction":[{"@type":"ReadAction","target":["https:\/\/autosdelpodio.com\/autos\/baku-se-rindio-a-los-pies-de-checo\/"]}]},{"@type":"ImageObject","inLanguage":"es","@id":"https:\/\/autosdelpodio.com\/autos\/baku-se-rindio-a-los-pies-de-checo\/#primaryimage","url":"http:\/\/autosdelpodio.com\/autos\/wp-content\/uploads\/2020\/04\/Logo_F1_-e1621029352226.jpg","contentUrl":"http:\/\/autosdelpodio.com\/autos\/wp-content\/uploads\/2020\/04\/Logo_F1_-e1621029352226.jpg","width":500,"height":278},{"@type":"BreadcrumbList","@id":"https:\/\/autosdelpodio.com\/autos\/baku-se-rindio-a-los-pies-de-checo\/#breadcrumb","itemListElement":[{"@type":"ListItem","position":1,"name":"Portada","item":"http:\/\/autosdelpodio.com\/autos\/"},{"@type":"ListItem","position":2,"name":"Baku se rindi\u00f3 a los pies de Checo"}]},{"@type":"WebSite","@id":"http:\/\/autosdelpodio.com\/autos\/#website","url":"http:\/\/autosdelpodio.com\/autos\/","name":"Autos del Podio","description":"La sexta del deporte motor","publisher":{"@id":"http:\/\/autosdelpodio.com\/autos\/#organization"},"potentialAction":[{"@type":"SearchAction","target":{"@type":"EntryPoint","urlTemplate":"http:\/\/autosdelpodio.com\/autos\/?s={search_term_string}"},"query-input":{"@type":"PropertyValueSpecification","valueRequired":true,"valueName":"search_term_string"}}],"inLanguage":"es"},{"@type":"Organization","@id":"http:\/\/autosdelpodio.com\/autos\/#organization","name":"Autos del Podio","url":"http:\/\/autosdelpodio.com\/autos\/","logo":{"@type":"ImageObject","inLanguage":"es","@id":"http:\/\/autosdelpodio.com\/autos\/#\/schema\/logo\/image\/","url":"http:\/\/autosdelpodio.com\/autos\/wp-content\/uploads\/2020\/08\/Logo_AR.jpg","contentUrl":"http:\/\/autosdelpodio.com\/autos\/wp-content\/uploads\/2020\/08\/Logo_AR.jpg","width":1038,"height":1044,"caption":"Autos del Podio"},"image":{"@id":"http:\/\/autosdelpodio.com\/autos\/#\/schema\/logo\/image\/"},"sameAs":["https:\/\/www.facebook.com\/profile.php?id=100057192590976&amp;amp;amp;amp;amp;amp;amp;amp;amp;amp;amp;amp;amp;amp;amp;amp;amp;amp;ref=ts","https:\/\/x.com\/autosdelpodio","https:\/\/www.youtube.com\/user\/AutosdelPodio"]},{"@type":"Person","@id":"http:\/\/autosdelpodio.com\/autos\/#\/schema\/person\/993527a4d01c3acdd3d6bce3770bc942","name":"autosdelpodio","image":{"@type":"ImageObject","inLanguage":"es","@id":"http:\/\/autosdelpodio.com\/autos\/wp-content\/litespeed\/avatar\/aa8f65cd201a80f6b844f63278aa84af.jpg?ver=1776798175","url":"http:\/\/autosdelpodio.com\/autos\/wp-content\/litespeed\/avatar\/aa8f65cd201a80f6b844f63278aa84af.jpg?ver=1776798175","contentUrl":"http:\/\/autosdelpodio.com\/autos\/wp-content\/litespeed\/avatar\/aa8f65cd201a80f6b844f63278aa84af.jpg?ver=1776798175","caption":"autosdelpodio"}}]}},"views":502,"_links":{"self":[{"href":"http:\/\/autosdelpodio.com\/autos\/wp-json\/wp\/v2\/posts\/4324","targetHints":{"allow":["GET"]}}],"collection":[{"href":"http:\/\/autosdelpodio.com\/autos\/wp-json\/wp\/v2\/posts"}],"about":[{"href":"http:\/\/autosdelpodio.com\/autos\/wp-json\/wp\/v2\/types\/post"}],"author":[{"embeddable":true,"href":"http:\/\/autosdelpodio.com\/autos\/wp-json\/wp\/v2\/users\/3"}],"replies":[{"embeddable":true,"href":"http:\/\/autosdelpodio.com\/autos\/wp-json\/wp\/v2\/comments?post=4324"}],"version-history":[{"count":2,"href":"http:\/\/autosdelpodio.com\/autos\/wp-json\/wp\/v2\/posts\/4324\/revisions"}],"predecessor-version":[{"id":4326,"href":"http:\/\/autosdelpodio.com\/autos\/wp-json\/wp\/v2\/posts\/4324\/revisions\/4326"}],"wp:featuredmedia":[{"embeddable":true,"href":"http:\/\/autosdelpodio.com\/autos\/wp-json\/wp\/v2\/media\/1751"}],"wp:attachment":[{"href":"http:\/\/autosdelpodio.com\/autos\/wp-json\/wp\/v2\/media?parent=4324"}],"wp:term":[{"taxonomy":"category","embeddable":true,"href":"http:\/\/autosdelpodio.com\/autos\/wp-json\/wp\/v2\/categories?post=4324"},{"taxonomy":"post_tag","embeddable":true,"href":"http:\/\/autosdelpodio.com\/autos\/wp-json\/wp\/v2\/tags?post=4324"}],"curies":[{"name":"wp","href":"https:\/\/api.w.org\/{rel}","templated":true}]}}