{"id":4372,"date":"2021-06-23T14:15:32","date_gmt":"2021-06-23T17:15:32","guid":{"rendered":"http:\/\/autosdelpodio.com\/autos\/?p=4372"},"modified":"2021-06-23T14:15:33","modified_gmt":"2021-06-23T17:15:33","slug":"caravana-por-el-dia-mundial-del-escarabajo","status":"publish","type":"post","link":"http:\/\/autosdelpodio.com\/autos\/caravana-por-el-dia-mundial-del-escarabajo\/","title":{"rendered":"Caravana por el D\u00eda Mundial del Escarabajo"},"content":{"rendered":"\n<p>Caravana por el d\u00eda mundial del <a href=\"http:\/\/autosdelpodio.com\/autos\/la-historia-del-vw-escarabajo-2\/\" target=\"_blank\" rel=\"noreferrer noopener\">Escarabajo<\/a>. Para celebrarlo, este domingo partir\u00e1 una gran caravana desde Tecn\u00f3polis.<\/p>\n\n\n\n<h5 class=\"wp-block-heading\">Recorrido<\/h5>\n\n\n\n<p>Desde Tecn\u00f3polis por Avenida General Paz hasta Libertador y luego 9 de Julio. All\u00ed habr\u00e1 una parada en el Obelisco para tomar unas fotos. El recorrido se retomar\u00e1 por Corrientes en direcci\u00f3n a Puerto Madero y desde all\u00ed hasta Costanera Sur.<br>\u00a1Est\u00e1n todos invitados!<\/p>\n\n\n\n<p><strong>\u00bfCu\u00e1ndo?<\/strong><br>Domingo 27 de junio<\/p>\n\n\n\n<p><strong>\u00bfA qu\u00e9 hora?<\/strong><br>13:00 (hora de encuentro)<br>14:30 (hora de salida)<\/p>\n\n\n\n<p><strong>\u00bfPunto de encuentro?<\/strong><br>Tecn\u00f3polis. Av. de los Constituyentes 2201-2299, Villa Martelli, Provincia de Buenos Aires.<\/p>\n\n\n\n<h6 class=\"wp-block-heading\"><strong>Importante<\/strong><\/h6>\n\n\n\n<p>Teniendo en cuanta la situaci\u00f3n sanitaria, la organizaci\u00f3n recomienda:<\/p>\n\n\n\n<ul class=\"wp-block-list\"><li>Mantener distancia social<\/li><li>Usar siempre barbijo<\/li><li>No compartir el mate<\/li><li>Grupos reducidos menor a 10 personas<\/li><\/ul>\n\n\n\n<p><strong>M\u00e1s info:<br><\/strong><a href=\"https:\/\/www.facebook.com\/profile.php?id=100004989948828\" target=\"_blank\" rel=\"noreferrer noopener\">Asociaci\u00f3n Amigos del Escarabajo<\/a><\/p>\n","protected":false},"excerpt":{"rendered":"<p>Caravana por el d\u00eda mundial del Escarabajo. Para celebrarlo, este domingo partir\u00e1 una gran caravana desde Tecn\u00f3polis. Recorrido Desde Tecn\u00f3polis<\/p>\n","protected":false},"author":3,"featured_media":1386,"comment_status":"open","ping_status":"open","sticky":false,"template":"","format":"standard","meta":{"colormag_page_container_layout":"default_layout","colormag_page_sidebar_layout":"default_layout","footnotes":""},"categories":[1],"tags":[230,569,90,91],"class_list":["post-4372","post","type-post","status-publish","format-standard","has-post-thumbnail","hentry","category-sin-categoria","tag-caravana","tag-clubes","tag-volkswagen","tag-vw-escarabajo"],"yoast_head":"<!-- This site is optimized with the Yoast SEO plugin v27.5 - https:\/\/yoast.com\/product\/yoast-seo-wordpress\/ -->\n<title>Autos del Podio | Caravana por el D\u00eda Mundial del Escarabajo<\/title>\n<meta name=\"description\" content=\"Autos del Podio El 22 de junio se celebr\u00f3 en todo el mundo el d\u00eda del Escarabajo. En Argentina se festejar\u00e1 este domingo a trav\u00e9s de una caravana con partida en Tecn\u00f3polis y final de recorrido en Costanera Sur.\" \/>\n<meta name=\"robots\" content=\"index, follow, max-snippet:-1, max-image-preview:large, max-video-preview:-1\" \/>\n<link rel=\"canonical\" href=\"https:\/\/autosdelpodio.com\/autos\/caravana-por-el-dia-mundial-del-escarabajo\/\" \/>\n<meta property=\"og:locale\" content=\"es_ES\" \/>\n<meta property=\"og:type\" content=\"article\" \/>\n<meta property=\"og:title\" content=\"Autos del Podio | Caravana por el D\u00eda Mundial del Escarabajo\" \/>\n<meta property=\"og:description\" content=\"Autos del Podio El 22 de junio se celebr\u00f3 en todo el mundo el d\u00eda del Escarabajo. En Argentina se festejar\u00e1 este domingo a trav\u00e9s de una caravana con partida en Tecn\u00f3polis y final de recorrido en Costanera Sur.\" \/>\n<meta property=\"og:url\" content=\"https:\/\/autosdelpodio.com\/autos\/caravana-por-el-dia-mundial-del-escarabajo\/\" \/>\n<meta property=\"og:site_name\" content=\"Autos del Podio\" \/>\n<meta property=\"article:publisher\" content=\"https:\/\/www.facebook.com\/profile.php?id=100057192590976&amp;amp%3bamp%3bamp%3bamp%3bamp%3bamp%3bamp%3bamp%3bamp%3bamp%3bamp%3bamp%3bamp%3bamp%3bamp%3bamp%3bamp%3bamp%3bref=ts\" \/>\n<meta property=\"article:published_time\" content=\"2021-06-23T17:15:32+00:00\" \/>\n<meta property=\"article:modified_time\" content=\"2021-06-23T17:15:33+00:00\" \/>\n<meta property=\"og:image\" content=\"https:\/\/autosdelpodio.com\/autos\/wp-content\/uploads\/2020\/03\/vwagen.jpg\" \/>\n\t<meta property=\"og:image:width\" content=\"80\" \/>\n\t<meta property=\"og:image:height\" content=\"80\" \/>\n\t<meta property=\"og:image:type\" content=\"image\/jpeg\" \/>\n<meta name=\"author\" content=\"autosdelpodio\" \/>\n<meta name=\"twitter:card\" content=\"summary_large_image\" \/>\n<meta name=\"twitter:creator\" content=\"@autosdelpodio\" \/>\n<meta name=\"twitter:site\" content=\"@autosdelpodio\" \/>\n<meta name=\"twitter:label1\" content=\"Escrito por\" \/>\n\t<meta name=\"twitter:data1\" content=\"autosdelpodio\" \/>\n\t<meta name=\"twitter:label2\" content=\"Tiempo de lectura\" \/>\n\t<meta name=\"twitter:data2\" content=\"1 minuto\" \/>\n<script type=\"application\/ld+json\" class=\"yoast-schema-graph\">{\"@context\":\"https:\\\/\\\/schema.org\",\"@graph\":[{\"@type\":\"Article\",\"@id\":\"https:\\\/\\\/autosdelpodio.com\\\/autos\\\/caravana-por-el-dia-mundial-del-escarabajo\\\/#article\",\"isPartOf\":{\"@id\":\"https:\\\/\\\/autosdelpodio.com\\\/autos\\\/caravana-por-el-dia-mundial-del-escarabajo\\\/\"},\"author\":{\"name\":\"autosdelpodio\",\"@id\":\"http:\\\/\\\/autosdelpodio.com\\\/autos\\\/#\\\/schema\\\/person\\\/993527a4d01c3acdd3d6bce3770bc942\"},\"headline\":\"Caravana por el D\u00eda Mundial del Escarabajo\",\"datePublished\":\"2021-06-23T17:15:32+00:00\",\"dateModified\":\"2021-06-23T17:15:33+00:00\",\"mainEntityOfPage\":{\"@id\":\"https:\\\/\\\/autosdelpodio.com\\\/autos\\\/caravana-por-el-dia-mundial-del-escarabajo\\\/\"},\"wordCount\":139,\"commentCount\":0,\"publisher\":{\"@id\":\"http:\\\/\\\/autosdelpodio.com\\\/autos\\\/#organization\"},\"image\":{\"@id\":\"https:\\\/\\\/autosdelpodio.com\\\/autos\\\/caravana-por-el-dia-mundial-del-escarabajo\\\/#primaryimage\"},\"thumbnailUrl\":\"http:\\\/\\\/autosdelpodio.com\\\/autos\\\/wp-content\\\/uploads\\\/2020\\\/03\\\/vwagen.jpg\",\"keywords\":[\"Caravana\",\"Clubes\",\"Volkswagen\",\"VW Escarabajo\"],\"inLanguage\":\"es\",\"potentialAction\":[{\"@type\":\"CommentAction\",\"name\":\"Comment\",\"target\":[\"https:\\\/\\\/autosdelpodio.com\\\/autos\\\/caravana-por-el-dia-mundial-del-escarabajo\\\/#respond\"]}]},{\"@type\":\"WebPage\",\"@id\":\"https:\\\/\\\/autosdelpodio.com\\\/autos\\\/caravana-por-el-dia-mundial-del-escarabajo\\\/\",\"url\":\"https:\\\/\\\/autosdelpodio.com\\\/autos\\\/caravana-por-el-dia-mundial-del-escarabajo\\\/\",\"name\":\"Autos del Podio | Caravana por el D\u00eda Mundial del Escarabajo\",\"isPartOf\":{\"@id\":\"http:\\\/\\\/autosdelpodio.com\\\/autos\\\/#website\"},\"primaryImageOfPage\":{\"@id\":\"https:\\\/\\\/autosdelpodio.com\\\/autos\\\/caravana-por-el-dia-mundial-del-escarabajo\\\/#primaryimage\"},\"image\":{\"@id\":\"https:\\\/\\\/autosdelpodio.com\\\/autos\\\/caravana-por-el-dia-mundial-del-escarabajo\\\/#primaryimage\"},\"thumbnailUrl\":\"http:\\\/\\\/autosdelpodio.com\\\/autos\\\/wp-content\\\/uploads\\\/2020\\\/03\\\/vwagen.jpg\",\"datePublished\":\"2021-06-23T17:15:32+00:00\",\"dateModified\":\"2021-06-23T17:15:33+00:00\",\"description\":\"Autos del Podio El 22 de junio se celebr\u00f3 en todo el mundo el d\u00eda del Escarabajo. En Argentina se festejar\u00e1 este domingo a trav\u00e9s de una caravana con partida en Tecn\u00f3polis y final de recorrido en Costanera Sur.\",\"breadcrumb\":{\"@id\":\"https:\\\/\\\/autosdelpodio.com\\\/autos\\\/caravana-por-el-dia-mundial-del-escarabajo\\\/#breadcrumb\"},\"inLanguage\":\"es\",\"potentialAction\":[{\"@type\":\"ReadAction\",\"target\":[\"https:\\\/\\\/autosdelpodio.com\\\/autos\\\/caravana-por-el-dia-mundial-del-escarabajo\\\/\"]}]},{\"@type\":\"ImageObject\",\"inLanguage\":\"es\",\"@id\":\"https:\\\/\\\/autosdelpodio.com\\\/autos\\\/caravana-por-el-dia-mundial-del-escarabajo\\\/#primaryimage\",\"url\":\"http:\\\/\\\/autosdelpodio.com\\\/autos\\\/wp-content\\\/uploads\\\/2020\\\/03\\\/vwagen.jpg\",\"contentUrl\":\"http:\\\/\\\/autosdelpodio.com\\\/autos\\\/wp-content\\\/uploads\\\/2020\\\/03\\\/vwagen.jpg\",\"width\":80,\"height\":80},{\"@type\":\"BreadcrumbList\",\"@id\":\"https:\\\/\\\/autosdelpodio.com\\\/autos\\\/caravana-por-el-dia-mundial-del-escarabajo\\\/#breadcrumb\",\"itemListElement\":[{\"@type\":\"ListItem\",\"position\":1,\"name\":\"Portada\",\"item\":\"http:\\\/\\\/autosdelpodio.com\\\/autos\\\/\"},{\"@type\":\"ListItem\",\"position\":2,\"name\":\"Caravana por el D\u00eda Mundial del Escarabajo\"}]},{\"@type\":\"WebSite\",\"@id\":\"http:\\\/\\\/autosdelpodio.com\\\/autos\\\/#website\",\"url\":\"http:\\\/\\\/autosdelpodio.com\\\/autos\\\/\",\"name\":\"Autos del Podio\",\"description\":\"La sexta del deporte motor\",\"publisher\":{\"@id\":\"http:\\\/\\\/autosdelpodio.com\\\/autos\\\/#organization\"},\"potentialAction\":[{\"@type\":\"SearchAction\",\"target\":{\"@type\":\"EntryPoint\",\"urlTemplate\":\"http:\\\/\\\/autosdelpodio.com\\\/autos\\\/?s={search_term_string}\"},\"query-input\":{\"@type\":\"PropertyValueSpecification\",\"valueRequired\":true,\"valueName\":\"search_term_string\"}}],\"inLanguage\":\"es\"},{\"@type\":\"Organization\",\"@id\":\"http:\\\/\\\/autosdelpodio.com\\\/autos\\\/#organization\",\"name\":\"Autos del Podio\",\"url\":\"http:\\\/\\\/autosdelpodio.com\\\/autos\\\/\",\"logo\":{\"@type\":\"ImageObject\",\"inLanguage\":\"es\",\"@id\":\"http:\\\/\\\/autosdelpodio.com\\\/autos\\\/#\\\/schema\\\/logo\\\/image\\\/\",\"url\":\"http:\\\/\\\/autosdelpodio.com\\\/autos\\\/wp-content\\\/uploads\\\/2020\\\/08\\\/Logo_AR.jpg\",\"contentUrl\":\"http:\\\/\\\/autosdelpodio.com\\\/autos\\\/wp-content\\\/uploads\\\/2020\\\/08\\\/Logo_AR.jpg\",\"width\":1038,\"height\":1044,\"caption\":\"Autos del Podio\"},\"image\":{\"@id\":\"http:\\\/\\\/autosdelpodio.com\\\/autos\\\/#\\\/schema\\\/logo\\\/image\\\/\"},\"sameAs\":[\"https:\\\/\\\/www.facebook.com\\\/profile.php?id=100057192590976&amp;amp;amp;amp;amp;amp;amp;amp;amp;amp;amp;amp;amp;amp;amp;amp;amp;amp;ref=ts\",\"https:\\\/\\\/x.com\\\/autosdelpodio\",\"https:\\\/\\\/www.youtube.com\\\/user\\\/AutosdelPodio\"]},{\"@type\":\"Person\",\"@id\":\"http:\\\/\\\/autosdelpodio.com\\\/autos\\\/#\\\/schema\\\/person\\\/993527a4d01c3acdd3d6bce3770bc942\",\"name\":\"autosdelpodio\",\"image\":{\"@type\":\"ImageObject\",\"inLanguage\":\"es\",\"@id\":\"http:\\\/\\\/autosdelpodio.com\\\/autos\\\/wp-content\\\/litespeed\\\/avatar\\\/aa8f65cd201a80f6b844f63278aa84af.jpg?ver=1777403005\",\"url\":\"http:\\\/\\\/autosdelpodio.com\\\/autos\\\/wp-content\\\/litespeed\\\/avatar\\\/aa8f65cd201a80f6b844f63278aa84af.jpg?ver=1777403005\",\"contentUrl\":\"http:\\\/\\\/autosdelpodio.com\\\/autos\\\/wp-content\\\/litespeed\\\/avatar\\\/aa8f65cd201a80f6b844f63278aa84af.jpg?ver=1777403005\",\"caption\":\"autosdelpodio\"}}]}<\/script>\n<!-- \/ Yoast SEO plugin. -->","yoast_head_json":{"title":"Autos del Podio | Caravana por el D\u00eda Mundial del Escarabajo","description":"Autos del Podio El 22 de junio se celebr\u00f3 en todo el mundo el d\u00eda del Escarabajo. En Argentina se festejar\u00e1 este domingo a trav\u00e9s de una caravana con partida en Tecn\u00f3polis y final de recorrido en Costanera Sur.","robots":{"index":"index","follow":"follow","max-snippet":"max-snippet:-1","max-image-preview":"max-image-preview:large","max-video-preview":"max-video-preview:-1"},"canonical":"https:\/\/autosdelpodio.com\/autos\/caravana-por-el-dia-mundial-del-escarabajo\/","og_locale":"es_ES","og_type":"article","og_title":"Autos del Podio | Caravana por el D\u00eda Mundial del Escarabajo","og_description":"Autos del Podio El 22 de junio se celebr\u00f3 en todo el mundo el d\u00eda del Escarabajo. En Argentina se festejar\u00e1 este domingo a trav\u00e9s de una caravana con partida en Tecn\u00f3polis y final de recorrido en Costanera Sur.","og_url":"https:\/\/autosdelpodio.com\/autos\/caravana-por-el-dia-mundial-del-escarabajo\/","og_site_name":"Autos del Podio","article_publisher":"https:\/\/www.facebook.com\/profile.php?id=100057192590976&amp%3bamp%3bamp%3bamp%3bamp%3bamp%3bamp%3bamp%3bamp%3bamp%3bamp%3bamp%3bamp%3bamp%3bamp%3bamp%3bamp%3bamp%3bref=ts","article_published_time":"2021-06-23T17:15:32+00:00","article_modified_time":"2021-06-23T17:15:33+00:00","og_image":[{"width":80,"height":80,"url":"https:\/\/autosdelpodio.com\/autos\/wp-content\/uploads\/2020\/03\/vwagen.jpg","type":"image\/jpeg"}],"author":"autosdelpodio","twitter_card":"summary_large_image","twitter_creator":"@autosdelpodio","twitter_site":"@autosdelpodio","twitter_misc":{"Escrito por":"autosdelpodio","Tiempo de lectura":"1 minuto"},"schema":{"@context":"https:\/\/schema.org","@graph":[{"@type":"Article","@id":"https:\/\/autosdelpodio.com\/autos\/caravana-por-el-dia-mundial-del-escarabajo\/#article","isPartOf":{"@id":"https:\/\/autosdelpodio.com\/autos\/caravana-por-el-dia-mundial-del-escarabajo\/"},"author":{"name":"autosdelpodio","@id":"http:\/\/autosdelpodio.com\/autos\/#\/schema\/person\/993527a4d01c3acdd3d6bce3770bc942"},"headline":"Caravana por el D\u00eda Mundial del Escarabajo","datePublished":"2021-06-23T17:15:32+00:00","dateModified":"2021-06-23T17:15:33+00:00","mainEntityOfPage":{"@id":"https:\/\/autosdelpodio.com\/autos\/caravana-por-el-dia-mundial-del-escarabajo\/"},"wordCount":139,"commentCount":0,"publisher":{"@id":"http:\/\/autosdelpodio.com\/autos\/#organization"},"image":{"@id":"https:\/\/autosdelpodio.com\/autos\/caravana-por-el-dia-mundial-del-escarabajo\/#primaryimage"},"thumbnailUrl":"http:\/\/autosdelpodio.com\/autos\/wp-content\/uploads\/2020\/03\/vwagen.jpg","keywords":["Caravana","Clubes","Volkswagen","VW Escarabajo"],"inLanguage":"es","potentialAction":[{"@type":"CommentAction","name":"Comment","target":["https:\/\/autosdelpodio.com\/autos\/caravana-por-el-dia-mundial-del-escarabajo\/#respond"]}]},{"@type":"WebPage","@id":"https:\/\/autosdelpodio.com\/autos\/caravana-por-el-dia-mundial-del-escarabajo\/","url":"https:\/\/autosdelpodio.com\/autos\/caravana-por-el-dia-mundial-del-escarabajo\/","name":"Autos del Podio | Caravana por el D\u00eda Mundial del Escarabajo","isPartOf":{"@id":"http:\/\/autosdelpodio.com\/autos\/#website"},"primaryImageOfPage":{"@id":"https:\/\/autosdelpodio.com\/autos\/caravana-por-el-dia-mundial-del-escarabajo\/#primaryimage"},"image":{"@id":"https:\/\/autosdelpodio.com\/autos\/caravana-por-el-dia-mundial-del-escarabajo\/#primaryimage"},"thumbnailUrl":"http:\/\/autosdelpodio.com\/autos\/wp-content\/uploads\/2020\/03\/vwagen.jpg","datePublished":"2021-06-23T17:15:32+00:00","dateModified":"2021-06-23T17:15:33+00:00","description":"Autos del Podio El 22 de junio se celebr\u00f3 en todo el mundo el d\u00eda del Escarabajo. En Argentina se festejar\u00e1 este domingo a trav\u00e9s de una caravana con partida en Tecn\u00f3polis y final de recorrido en Costanera Sur.","breadcrumb":{"@id":"https:\/\/autosdelpodio.com\/autos\/caravana-por-el-dia-mundial-del-escarabajo\/#breadcrumb"},"inLanguage":"es","potentialAction":[{"@type":"ReadAction","target":["https:\/\/autosdelpodio.com\/autos\/caravana-por-el-dia-mundial-del-escarabajo\/"]}]},{"@type":"ImageObject","inLanguage":"es","@id":"https:\/\/autosdelpodio.com\/autos\/caravana-por-el-dia-mundial-del-escarabajo\/#primaryimage","url":"http:\/\/autosdelpodio.com\/autos\/wp-content\/uploads\/2020\/03\/vwagen.jpg","contentUrl":"http:\/\/autosdelpodio.com\/autos\/wp-content\/uploads\/2020\/03\/vwagen.jpg","width":80,"height":80},{"@type":"BreadcrumbList","@id":"https:\/\/autosdelpodio.com\/autos\/caravana-por-el-dia-mundial-del-escarabajo\/#breadcrumb","itemListElement":[{"@type":"ListItem","position":1,"name":"Portada","item":"http:\/\/autosdelpodio.com\/autos\/"},{"@type":"ListItem","position":2,"name":"Caravana por el D\u00eda Mundial del Escarabajo"}]},{"@type":"WebSite","@id":"http:\/\/autosdelpodio.com\/autos\/#website","url":"http:\/\/autosdelpodio.com\/autos\/","name":"Autos del Podio","description":"La sexta del deporte motor","publisher":{"@id":"http:\/\/autosdelpodio.com\/autos\/#organization"},"potentialAction":[{"@type":"SearchAction","target":{"@type":"EntryPoint","urlTemplate":"http:\/\/autosdelpodio.com\/autos\/?s={search_term_string}"},"query-input":{"@type":"PropertyValueSpecification","valueRequired":true,"valueName":"search_term_string"}}],"inLanguage":"es"},{"@type":"Organization","@id":"http:\/\/autosdelpodio.com\/autos\/#organization","name":"Autos del Podio","url":"http:\/\/autosdelpodio.com\/autos\/","logo":{"@type":"ImageObject","inLanguage":"es","@id":"http:\/\/autosdelpodio.com\/autos\/#\/schema\/logo\/image\/","url":"http:\/\/autosdelpodio.com\/autos\/wp-content\/uploads\/2020\/08\/Logo_AR.jpg","contentUrl":"http:\/\/autosdelpodio.com\/autos\/wp-content\/uploads\/2020\/08\/Logo_AR.jpg","width":1038,"height":1044,"caption":"Autos del Podio"},"image":{"@id":"http:\/\/autosdelpodio.com\/autos\/#\/schema\/logo\/image\/"},"sameAs":["https:\/\/www.facebook.com\/profile.php?id=100057192590976&amp;amp;amp;amp;amp;amp;amp;amp;amp;amp;amp;amp;amp;amp;amp;amp;amp;amp;ref=ts","https:\/\/x.com\/autosdelpodio","https:\/\/www.youtube.com\/user\/AutosdelPodio"]},{"@type":"Person","@id":"http:\/\/autosdelpodio.com\/autos\/#\/schema\/person\/993527a4d01c3acdd3d6bce3770bc942","name":"autosdelpodio","image":{"@type":"ImageObject","inLanguage":"es","@id":"http:\/\/autosdelpodio.com\/autos\/wp-content\/litespeed\/avatar\/aa8f65cd201a80f6b844f63278aa84af.jpg?ver=1777403005","url":"http:\/\/autosdelpodio.com\/autos\/wp-content\/litespeed\/avatar\/aa8f65cd201a80f6b844f63278aa84af.jpg?ver=1777403005","contentUrl":"http:\/\/autosdelpodio.com\/autos\/wp-content\/litespeed\/avatar\/aa8f65cd201a80f6b844f63278aa84af.jpg?ver=1777403005","caption":"autosdelpodio"}}]}},"views":602,"_links":{"self":[{"href":"http:\/\/autosdelpodio.com\/autos\/wp-json\/wp\/v2\/posts\/4372","targetHints":{"allow":["GET"]}}],"collection":[{"href":"http:\/\/autosdelpodio.com\/autos\/wp-json\/wp\/v2\/posts"}],"about":[{"href":"http:\/\/autosdelpodio.com\/autos\/wp-json\/wp\/v2\/types\/post"}],"author":[{"embeddable":true,"href":"http:\/\/autosdelpodio.com\/autos\/wp-json\/wp\/v2\/users\/3"}],"replies":[{"embeddable":true,"href":"http:\/\/autosdelpodio.com\/autos\/wp-json\/wp\/v2\/comments?post=4372"}],"version-history":[{"count":1,"href":"http:\/\/autosdelpodio.com\/autos\/wp-json\/wp\/v2\/posts\/4372\/revisions"}],"predecessor-version":[{"id":4373,"href":"http:\/\/autosdelpodio.com\/autos\/wp-json\/wp\/v2\/posts\/4372\/revisions\/4373"}],"wp:featuredmedia":[{"embeddable":true,"href":"http:\/\/autosdelpodio.com\/autos\/wp-json\/wp\/v2\/media\/1386"}],"wp:attachment":[{"href":"http:\/\/autosdelpodio.com\/autos\/wp-json\/wp\/v2\/media?parent=4372"}],"wp:term":[{"taxonomy":"category","embeddable":true,"href":"http:\/\/autosdelpodio.com\/autos\/wp-json\/wp\/v2\/categories?post=4372"},{"taxonomy":"post_tag","embeddable":true,"href":"http:\/\/autosdelpodio.com\/autos\/wp-json\/wp\/v2\/tags?post=4372"}],"curies":[{"name":"wp","href":"https:\/\/api.w.org\/{rel}","templated":true}]}}