{"id":439,"date":"2012-06-10T22:28:54","date_gmt":"2012-06-10T22:28:54","guid":{"rendered":"http:\/\/autosdelpodio.com\/autos\/2012\/06\/10\/algun-dia-tenia-que-reaparecer\/"},"modified":"2012-06-10T22:28:54","modified_gmt":"2012-06-10T22:28:54","slug":"algun-dia-tenia-que-reaparecer","status":"publish","type":"post","link":"http:\/\/autosdelpodio.com\/autos\/algun-dia-tenia-que-reaparecer\/","title":{"rendered":"Alg\u00fan d\u00eda ten\u00eda que reaparecer"},"content":{"rendered":"<p><span style=\"font-size: x-small;\"> <\/p>\n<p style=\"text-align: justify;\">Jos\u00e9 Mar\u00eda L\u00f3pez (Ford Focus) gan\u00f3 de punta a punta en General Roca, R\u00edo Negro en la quinta final del a\u00f1o del Super TC 2000. Segundo fue Emiliano Spataro (Renault Fluence) y tercero Facundo Ardusso (Peugeot 408).<\/p>\n<p style=\"text-align: justify;\">Pechito no solo volvio al triunfo en su segunda carrera junto al equipo PSG16,sino que adem\u00e1s, cort\u00f3 la racha de victorias al hilo de Toyota, que prevaleci\u00f3 en las cuatro primeras carreras de la presente temporada.<\/p>\n<p>  <!--more-->  <\/p>\n<p><p style=\"text-align: justify;\">La punta del campeonato ahora paso a manos de Mariano Werner (Toyota Corolla) con 92, seguido por su compa\u00f1ero de equipo Matias Rossi con 83 y N\u00e9stor Girolami (Peugeot 408) con 73 unidades.<\/p>\n<p style=\"text-align: justify;\">La pr\u00f3xima fecha ser\u00e1 el 1\u00ba de julio en Salta.<\/p>\n<p>As\u00ed llegaron<\/p>\n<p>\u00a0<\/p>\n<p>1 LOPEZ JOSE MARIA (FOCUS) 50;20,985<\/p>\n<p>2 SPATARO EMILIANO (FLUENCE) 50;22,926<\/p>\n<p>3 ARDUSSO FACUNDO (408) 50;23,411<\/p>\n<p>4 CANAPINO AGUSTIN (CRUZE) 50;24,277<\/p>\n<p>5 PERNIA LEONEL (FLUENCE) 50;25,410<\/p>\n<p>6 WERNER MARIANO (COROLLA) 50;25,827<\/p>\n<p>7 CACA BUENO (FOCUS) 50;28,766<\/p>\n<p>8 ORTELLI GUILLERMO (FLUENCE) 50;32,284<\/p>\n<p>9 MUNOZ MARCHESI MATIAS (408) 50;33,837<\/p>\n<p>10 LLAVER BERNARDO (COROLLA) 50;39,901<\/p>\n<p>11 BELLI DANIEL (CRUZE) 50;40,964<\/p>\n<p>12 PONCE DE LEON GABRIEL (CIVIC) 50;32,629<\/p>\n<p>13 CHAR IGNACIO (COROLLA) 50;33,273<\/p>\n<p>14 ALTUNA MARIANO (FLUENCE) 44;33,420<\/p>\n<p>15 GIROLAMI NESTOR (408) 50;36,265<\/p>\n<p>16 ROSSI MATIAS (COROLLA) 30;37,408<\/p>\n<p>17 TREBBIANI JORGE (FOCUS) 27;40,521<\/p>\n<p>18 RISATTI RICARDO (CIVIC) 27;41,948<\/p>\n<p>19 GENTILE PEDRO (CRUZE) 23;13,034<\/p>\n<p>20 YANNANTUONI FABIAN (FLUENCE) 15;29,499<\/p>\n<p>21 SALERNO RUBEN (VENTO) 12;29,141<\/p>\n<p>22 RIVA FRANCO (307) 10;45,972<\/p>\n<\/p>\n<p>23 CRUSITTA GASTON (CRUZE) 0,000<\/p>\n<p> <\/span><\/p>\n","protected":false},"excerpt":{"rendered":"<p>Jos\u00e9 Mar\u00eda L\u00f3pez (Ford Focus) gan\u00f3 de punta a punta en General Roca, R\u00edo Negro en la quinta final del<\/p>\n","protected":false},"author":1,"featured_media":0,"comment_status":"open","ping_status":"open","sticky":false,"template":"","format":"standard","meta":{"colormag_page_container_layout":"default_layout","colormag_page_sidebar_layout":"default_layout","footnotes":""},"categories":[5],"tags":[],"class_list":["post-439","post","type-post","status-publish","format-standard","hentry","category-latest-news"],"yoast_head":"<!-- This site is optimized with the Yoast SEO plugin v27.5 - https:\/\/yoast.com\/product\/yoast-seo-wordpress\/ -->\n<title>Autos del Podio | Alg\u00fan d\u00eda ten\u00eda que reaparecer<\/title>\n<meta name=\"description\" content=\"Autos del Podio\" \/>\n<meta name=\"robots\" content=\"index, follow, max-snippet:-1, max-image-preview:large, max-video-preview:-1\" \/>\n<link rel=\"canonical\" href=\"http:\/\/autosdelpodio.com\/autos\/algun-dia-tenia-que-reaparecer\/\" \/>\n<meta property=\"og:locale\" content=\"es_ES\" \/>\n<meta property=\"og:type\" content=\"article\" \/>\n<meta property=\"og:title\" content=\"Autos del Podio | Alg\u00fan d\u00eda ten\u00eda que reaparecer\" \/>\n<meta property=\"og:description\" content=\"Autos del Podio\" \/>\n<meta property=\"og:url\" content=\"http:\/\/autosdelpodio.com\/autos\/algun-dia-tenia-que-reaparecer\/\" \/>\n<meta property=\"og:site_name\" content=\"Autos del Podio\" \/>\n<meta property=\"article:publisher\" content=\"https:\/\/www.facebook.com\/profile.php?id=100057192590976&amp;amp%3bamp%3bamp%3bamp%3bamp%3bamp%3bamp%3bamp%3bamp%3bamp%3bamp%3bamp%3bamp%3bamp%3bamp%3bamp%3bamp%3bamp%3bref=ts\" \/>\n<meta property=\"article:published_time\" content=\"2012-06-10T22:28:54+00:00\" \/>\n<meta name=\"author\" content=\"wi022230\" \/>\n<meta name=\"twitter:card\" content=\"summary_large_image\" \/>\n<meta name=\"twitter:creator\" content=\"@autosdelpodio\" \/>\n<meta name=\"twitter:site\" content=\"@autosdelpodio\" \/>\n<meta name=\"twitter:label1\" content=\"Escrito por\" \/>\n\t<meta name=\"twitter:data1\" content=\"wi022230\" \/>\n\t<meta name=\"twitter:label2\" content=\"Tiempo de lectura\" \/>\n\t<meta name=\"twitter:data2\" content=\"1 minuto\" \/>\n<script type=\"application\/ld+json\" class=\"yoast-schema-graph\">{\"@context\":\"https:\\\/\\\/schema.org\",\"@graph\":[{\"@type\":\"Article\",\"@id\":\"http:\\\/\\\/autosdelpodio.com\\\/autos\\\/algun-dia-tenia-que-reaparecer\\\/#article\",\"isPartOf\":{\"@id\":\"http:\\\/\\\/autosdelpodio.com\\\/autos\\\/algun-dia-tenia-que-reaparecer\\\/\"},\"author\":{\"name\":\"wi022230\",\"@id\":\"http:\\\/\\\/autosdelpodio.com\\\/autos\\\/#\\\/schema\\\/person\\\/e88353cabf768863fdf874e30120f3ba\"},\"headline\":\"Alg\u00fan d\u00eda ten\u00eda que reaparecer\",\"datePublished\":\"2012-06-10T22:28:54+00:00\",\"mainEntityOfPage\":{\"@id\":\"http:\\\/\\\/autosdelpodio.com\\\/autos\\\/algun-dia-tenia-que-reaparecer\\\/\"},\"wordCount\":197,\"commentCount\":0,\"publisher\":{\"@id\":\"http:\\\/\\\/autosdelpodio.com\\\/autos\\\/#organization\"},\"articleSection\":[\"\u00daltimas noticias\"],\"inLanguage\":\"es\",\"potentialAction\":[{\"@type\":\"CommentAction\",\"name\":\"Comment\",\"target\":[\"http:\\\/\\\/autosdelpodio.com\\\/autos\\\/algun-dia-tenia-que-reaparecer\\\/#respond\"]}]},{\"@type\":\"WebPage\",\"@id\":\"http:\\\/\\\/autosdelpodio.com\\\/autos\\\/algun-dia-tenia-que-reaparecer\\\/\",\"url\":\"http:\\\/\\\/autosdelpodio.com\\\/autos\\\/algun-dia-tenia-que-reaparecer\\\/\",\"name\":\"Autos del Podio | Alg\u00fan d\u00eda ten\u00eda que reaparecer\",\"isPartOf\":{\"@id\":\"http:\\\/\\\/autosdelpodio.com\\\/autos\\\/#website\"},\"datePublished\":\"2012-06-10T22:28:54+00:00\",\"description\":\"Autos del Podio\",\"breadcrumb\":{\"@id\":\"http:\\\/\\\/autosdelpodio.com\\\/autos\\\/algun-dia-tenia-que-reaparecer\\\/#breadcrumb\"},\"inLanguage\":\"es\",\"potentialAction\":[{\"@type\":\"ReadAction\",\"target\":[\"http:\\\/\\\/autosdelpodio.com\\\/autos\\\/algun-dia-tenia-que-reaparecer\\\/\"]}]},{\"@type\":\"BreadcrumbList\",\"@id\":\"http:\\\/\\\/autosdelpodio.com\\\/autos\\\/algun-dia-tenia-que-reaparecer\\\/#breadcrumb\",\"itemListElement\":[{\"@type\":\"ListItem\",\"position\":1,\"name\":\"Portada\",\"item\":\"http:\\\/\\\/autosdelpodio.com\\\/autos\\\/\"},{\"@type\":\"ListItem\",\"position\":2,\"name\":\"Alg\u00fan d\u00eda ten\u00eda que reaparecer\"}]},{\"@type\":\"WebSite\",\"@id\":\"http:\\\/\\\/autosdelpodio.com\\\/autos\\\/#website\",\"url\":\"http:\\\/\\\/autosdelpodio.com\\\/autos\\\/\",\"name\":\"Autos del Podio\",\"description\":\"La sexta del deporte motor\",\"publisher\":{\"@id\":\"http:\\\/\\\/autosdelpodio.com\\\/autos\\\/#organization\"},\"potentialAction\":[{\"@type\":\"SearchAction\",\"target\":{\"@type\":\"EntryPoint\",\"urlTemplate\":\"http:\\\/\\\/autosdelpodio.com\\\/autos\\\/?s={search_term_string}\"},\"query-input\":{\"@type\":\"PropertyValueSpecification\",\"valueRequired\":true,\"valueName\":\"search_term_string\"}}],\"inLanguage\":\"es\"},{\"@type\":\"Organization\",\"@id\":\"http:\\\/\\\/autosdelpodio.com\\\/autos\\\/#organization\",\"name\":\"Autos del Podio\",\"url\":\"http:\\\/\\\/autosdelpodio.com\\\/autos\\\/\",\"logo\":{\"@type\":\"ImageObject\",\"inLanguage\":\"es\",\"@id\":\"http:\\\/\\\/autosdelpodio.com\\\/autos\\\/#\\\/schema\\\/logo\\\/image\\\/\",\"url\":\"http:\\\/\\\/autosdelpodio.com\\\/autos\\\/wp-content\\\/uploads\\\/2020\\\/08\\\/Logo_AR.jpg\",\"contentUrl\":\"http:\\\/\\\/autosdelpodio.com\\\/autos\\\/wp-content\\\/uploads\\\/2020\\\/08\\\/Logo_AR.jpg\",\"width\":1038,\"height\":1044,\"caption\":\"Autos del Podio\"},\"image\":{\"@id\":\"http:\\\/\\\/autosdelpodio.com\\\/autos\\\/#\\\/schema\\\/logo\\\/image\\\/\"},\"sameAs\":[\"https:\\\/\\\/www.facebook.com\\\/profile.php?id=100057192590976&amp;amp;amp;amp;amp;amp;amp;amp;amp;amp;amp;amp;amp;amp;amp;amp;amp;amp;ref=ts\",\"https:\\\/\\\/x.com\\\/autosdelpodio\",\"https:\\\/\\\/www.youtube.com\\\/user\\\/AutosdelPodio\"]},{\"@type\":\"Person\",\"@id\":\"http:\\\/\\\/autosdelpodio.com\\\/autos\\\/#\\\/schema\\\/person\\\/e88353cabf768863fdf874e30120f3ba\",\"name\":\"wi022230\",\"image\":{\"@type\":\"ImageObject\",\"inLanguage\":\"es\",\"@id\":\"http:\\\/\\\/autosdelpodio.com\\\/autos\\\/wp-content\\\/litespeed\\\/avatar\\\/453fc9bdbb11d766ba4c7f14d0bd0aa9.jpg?ver=1777404874\",\"url\":\"http:\\\/\\\/autosdelpodio.com\\\/autos\\\/wp-content\\\/litespeed\\\/avatar\\\/453fc9bdbb11d766ba4c7f14d0bd0aa9.jpg?ver=1777404874\",\"contentUrl\":\"http:\\\/\\\/autosdelpodio.com\\\/autos\\\/wp-content\\\/litespeed\\\/avatar\\\/453fc9bdbb11d766ba4c7f14d0bd0aa9.jpg?ver=1777404874\",\"caption\":\"wi022230\"}}]}<\/script>\n<!-- \/ Yoast SEO plugin. -->","yoast_head_json":{"title":"Autos del Podio | Alg\u00fan d\u00eda ten\u00eda que reaparecer","description":"Autos del Podio","robots":{"index":"index","follow":"follow","max-snippet":"max-snippet:-1","max-image-preview":"max-image-preview:large","max-video-preview":"max-video-preview:-1"},"canonical":"http:\/\/autosdelpodio.com\/autos\/algun-dia-tenia-que-reaparecer\/","og_locale":"es_ES","og_type":"article","og_title":"Autos del Podio | Alg\u00fan d\u00eda ten\u00eda que reaparecer","og_description":"Autos del Podio","og_url":"http:\/\/autosdelpodio.com\/autos\/algun-dia-tenia-que-reaparecer\/","og_site_name":"Autos del Podio","article_publisher":"https:\/\/www.facebook.com\/profile.php?id=100057192590976&amp%3bamp%3bamp%3bamp%3bamp%3bamp%3bamp%3bamp%3bamp%3bamp%3bamp%3bamp%3bamp%3bamp%3bamp%3bamp%3bamp%3bamp%3bref=ts","article_published_time":"2012-06-10T22:28:54+00:00","author":"wi022230","twitter_card":"summary_large_image","twitter_creator":"@autosdelpodio","twitter_site":"@autosdelpodio","twitter_misc":{"Escrito por":"wi022230","Tiempo de lectura":"1 minuto"},"schema":{"@context":"https:\/\/schema.org","@graph":[{"@type":"Article","@id":"http:\/\/autosdelpodio.com\/autos\/algun-dia-tenia-que-reaparecer\/#article","isPartOf":{"@id":"http:\/\/autosdelpodio.com\/autos\/algun-dia-tenia-que-reaparecer\/"},"author":{"name":"wi022230","@id":"http:\/\/autosdelpodio.com\/autos\/#\/schema\/person\/e88353cabf768863fdf874e30120f3ba"},"headline":"Alg\u00fan d\u00eda ten\u00eda que reaparecer","datePublished":"2012-06-10T22:28:54+00:00","mainEntityOfPage":{"@id":"http:\/\/autosdelpodio.com\/autos\/algun-dia-tenia-que-reaparecer\/"},"wordCount":197,"commentCount":0,"publisher":{"@id":"http:\/\/autosdelpodio.com\/autos\/#organization"},"articleSection":["\u00daltimas noticias"],"inLanguage":"es","potentialAction":[{"@type":"CommentAction","name":"Comment","target":["http:\/\/autosdelpodio.com\/autos\/algun-dia-tenia-que-reaparecer\/#respond"]}]},{"@type":"WebPage","@id":"http:\/\/autosdelpodio.com\/autos\/algun-dia-tenia-que-reaparecer\/","url":"http:\/\/autosdelpodio.com\/autos\/algun-dia-tenia-que-reaparecer\/","name":"Autos del Podio | Alg\u00fan d\u00eda ten\u00eda que reaparecer","isPartOf":{"@id":"http:\/\/autosdelpodio.com\/autos\/#website"},"datePublished":"2012-06-10T22:28:54+00:00","description":"Autos del Podio","breadcrumb":{"@id":"http:\/\/autosdelpodio.com\/autos\/algun-dia-tenia-que-reaparecer\/#breadcrumb"},"inLanguage":"es","potentialAction":[{"@type":"ReadAction","target":["http:\/\/autosdelpodio.com\/autos\/algun-dia-tenia-que-reaparecer\/"]}]},{"@type":"BreadcrumbList","@id":"http:\/\/autosdelpodio.com\/autos\/algun-dia-tenia-que-reaparecer\/#breadcrumb","itemListElement":[{"@type":"ListItem","position":1,"name":"Portada","item":"http:\/\/autosdelpodio.com\/autos\/"},{"@type":"ListItem","position":2,"name":"Alg\u00fan d\u00eda ten\u00eda que reaparecer"}]},{"@type":"WebSite","@id":"http:\/\/autosdelpodio.com\/autos\/#website","url":"http:\/\/autosdelpodio.com\/autos\/","name":"Autos del Podio","description":"La sexta del deporte motor","publisher":{"@id":"http:\/\/autosdelpodio.com\/autos\/#organization"},"potentialAction":[{"@type":"SearchAction","target":{"@type":"EntryPoint","urlTemplate":"http:\/\/autosdelpodio.com\/autos\/?s={search_term_string}"},"query-input":{"@type":"PropertyValueSpecification","valueRequired":true,"valueName":"search_term_string"}}],"inLanguage":"es"},{"@type":"Organization","@id":"http:\/\/autosdelpodio.com\/autos\/#organization","name":"Autos del Podio","url":"http:\/\/autosdelpodio.com\/autos\/","logo":{"@type":"ImageObject","inLanguage":"es","@id":"http:\/\/autosdelpodio.com\/autos\/#\/schema\/logo\/image\/","url":"http:\/\/autosdelpodio.com\/autos\/wp-content\/uploads\/2020\/08\/Logo_AR.jpg","contentUrl":"http:\/\/autosdelpodio.com\/autos\/wp-content\/uploads\/2020\/08\/Logo_AR.jpg","width":1038,"height":1044,"caption":"Autos del Podio"},"image":{"@id":"http:\/\/autosdelpodio.com\/autos\/#\/schema\/logo\/image\/"},"sameAs":["https:\/\/www.facebook.com\/profile.php?id=100057192590976&amp;amp;amp;amp;amp;amp;amp;amp;amp;amp;amp;amp;amp;amp;amp;amp;amp;amp;ref=ts","https:\/\/x.com\/autosdelpodio","https:\/\/www.youtube.com\/user\/AutosdelPodio"]},{"@type":"Person","@id":"http:\/\/autosdelpodio.com\/autos\/#\/schema\/person\/e88353cabf768863fdf874e30120f3ba","name":"wi022230","image":{"@type":"ImageObject","inLanguage":"es","@id":"http:\/\/autosdelpodio.com\/autos\/wp-content\/litespeed\/avatar\/453fc9bdbb11d766ba4c7f14d0bd0aa9.jpg?ver=1777404874","url":"http:\/\/autosdelpodio.com\/autos\/wp-content\/litespeed\/avatar\/453fc9bdbb11d766ba4c7f14d0bd0aa9.jpg?ver=1777404874","contentUrl":"http:\/\/autosdelpodio.com\/autos\/wp-content\/litespeed\/avatar\/453fc9bdbb11d766ba4c7f14d0bd0aa9.jpg?ver=1777404874","caption":"wi022230"}}]}},"views":455,"_links":{"self":[{"href":"http:\/\/autosdelpodio.com\/autos\/wp-json\/wp\/v2\/posts\/439","targetHints":{"allow":["GET"]}}],"collection":[{"href":"http:\/\/autosdelpodio.com\/autos\/wp-json\/wp\/v2\/posts"}],"about":[{"href":"http:\/\/autosdelpodio.com\/autos\/wp-json\/wp\/v2\/types\/post"}],"author":[{"embeddable":true,"href":"http:\/\/autosdelpodio.com\/autos\/wp-json\/wp\/v2\/users\/1"}],"replies":[{"embeddable":true,"href":"http:\/\/autosdelpodio.com\/autos\/wp-json\/wp\/v2\/comments?post=439"}],"version-history":[{"count":0,"href":"http:\/\/autosdelpodio.com\/autos\/wp-json\/wp\/v2\/posts\/439\/revisions"}],"wp:attachment":[{"href":"http:\/\/autosdelpodio.com\/autos\/wp-json\/wp\/v2\/media?parent=439"}],"wp:term":[{"taxonomy":"category","embeddable":true,"href":"http:\/\/autosdelpodio.com\/autos\/wp-json\/wp\/v2\/categories?post=439"},{"taxonomy":"post_tag","embeddable":true,"href":"http:\/\/autosdelpodio.com\/autos\/wp-json\/wp\/v2\/tags?post=439"}],"curies":[{"name":"wp","href":"https:\/\/api.w.org\/{rel}","templated":true}]}}