{"id":4445,"date":"2021-07-11T16:54:41","date_gmt":"2021-07-11T19:54:41","guid":{"rendered":"http:\/\/autosdelpodio.com\/autos\/?p=4445"},"modified":"2021-07-11T19:46:04","modified_gmt":"2021-07-11T22:46:04","slug":"ledesma-salio-ileso-y-pudo-volver-al-triunfo-en-el-tc","status":"publish","type":"post","link":"http:\/\/autosdelpodio.com\/autos\/ledesma-salio-ileso-y-pudo-volver-al-triunfo-en-el-tc\/","title":{"rendered":"Ledesma sali\u00f3 ileso y pudo volver al triunfo en el TC"},"content":{"rendered":"\n<p>El campe\u00f3n 2007 Christian Ledesma pudo superar una verdadera carrera de obst\u00e1culos, incidentes, neutralizaciones y accidentes en Concordia.Leonel Pernia fue segundo y Emanuel Moriatis tercero.<\/p>\n\n\n\n<p>El clasificador final tuvo varias modificaciones no por verificaci\u00f3n tecnica sino por la deportiva por los aconteceres mencionados en el primer parrafo.La mas destacada es la que aplicaron los Comisarios Deportivos finalizada la competencia donde le dieron lugar a la denuncia que present\u00f3 el equipo de Moriatis contra el segundo en pista Jhonito De Benedictis.<br>Previo a ello y como de costumbre el TC Pista tambi\u00e9n tuvo su competencia final que en esta oportunidad qued\u00f3 en manos del cordob\u00e9s Facundo Chapur con Torino, quien se di\u00f3 el gusto de ganar por primera vez en la categor\u00eda.<br>Agust\u00edn Canapino quien pudo avanzar desde el fondo de la grilla hasta el puesto 14\u00b0 contin\u00faa al frente del campeonato con 233 puntos. Mauricio Lambiris escal\u00f3 al segundo lugar de la tabla con 192, y Josito Di Palma qued\u00f3 relegado al tercer puesto con 191.<br>La pr\u00f3xima fecha ser\u00e1 el 1 de agosto, en el Autodromo de El Villicum que marcar\u00e1 el regreso de la categor\u00eda a San Juan reflotando el cl\u00e1sico Desaf\u00edo de las Estrellas.<\/p>\n\n\n\n<p><strong>Final TC a 20 Vueltas \u2013 Entre Rios III<\/strong><\/p>\n\n\n\n<figure class=\"wp-block-table\"><table><tbody><tr><td>1<\/td><td>5<\/td><td>LEDESMA CHRISTIAN<\/td><td>CHEVROLET<\/td><td>20<\/td><td>43;36.871<\/td><td>&nbsp;<\/td><\/tr><tr><td>2<\/td><td>20<\/td><td>PERN\u00cdA LEONEL<\/td><td>TORINO<\/td><td>20<\/td><td>43;37.887<\/td><td>1.016<\/td><\/tr><tr><td>3<\/td><td>16<\/td><td>MORIATIS EMANUEL<\/td><td>FORD<\/td><td>20<\/td><td>43;38.327<\/td><td>1.456<\/td><\/tr><tr><td>4<\/td><td>157<\/td><td>DE BENEDICTIS JUAN B.<\/td><td>FORD<\/td><td>20<\/td><td>43;38.328<\/td><td>1.457<\/td><\/tr><tr><td>5<\/td><td>77<\/td><td>CIANTINI DIEGO<\/td><td>DODGE<\/td><td>20<\/td><td>43;39.921<\/td><td>3.050<\/td><\/tr><tr><td>6<\/td><td>177<\/td><td>LONDERO AYRTON<\/td><td>FORD<\/td><td>20<\/td><td>43;40.194<\/td><td>3.323<\/td><\/tr><tr><td>7<\/td><td>22<\/td><td>BONELLI NICOL\u00c1S<\/td><td>FORD<\/td><td>20<\/td><td>43;40.233<\/td><td>3.362<\/td><\/tr><tr><td>8<\/td><td>127<\/td><td>AGRELO MARCELO<\/td><td>TORINO<\/td><td>20<\/td><td>43;40.380<\/td><td>3.509<\/td><\/tr><tr><td>9<\/td><td>2<\/td><td>BENVENUTI JUAN CRUZ<\/td><td>TORINO<\/td><td>20<\/td><td>43;40.710<\/td><td>3.839<\/td><\/tr><tr><td>10<\/td><td>11<\/td><td>LAMBIRIS MAURICIO<\/td><td>FORD<\/td><td>20<\/td><td>43;41.229<\/td><td>4.358<\/td><\/tr><tr><td>11<\/td><td>29<\/td><td>CATAL\u00c1N MAGNI JUAN T.<\/td><td>FORD<\/td><td>20<\/td><td>43;41.600<\/td><td>4.729<\/td><\/tr><tr><td>12<\/td><td>116<\/td><td>RUGGIERO ALAN<\/td><td>FORD<\/td><td>20<\/td><td>43;41.982<\/td><td>5.111<\/td><\/tr><tr><td>13<\/td><td>83<\/td><td>ARDUSSO FACUNDO<\/td><td>CHEVROLET<\/td><td>20<\/td><td>43;42.541<\/td><td>5.670<\/td><\/tr><tr><td>14<\/td><td>129<\/td><td>TROSSET NICOL\u00c1S<\/td><td>FORD<\/td><td>20<\/td><td>43;42.795<\/td><td>5.924<\/td><\/tr><tr><td>15<\/td><td>86<\/td><td>CANAPINO AGUST\u00cdN<\/td><td>CHEVROLET<\/td><td>20<\/td><td>43;43.067<\/td><td>6.196<\/td><\/tr><tr><td>16<\/td><td>88<\/td><td>PONTE MART\u00cdN<\/td><td>DODGE<\/td><td>20<\/td><td>43;43.219<\/td><td>6.348<\/td><\/tr><tr><td>17<\/td><td>114<\/td><td>FERRANTE GAST\u00d3N<\/td><td>TORINO<\/td><td>20<\/td><td>43;43.655<\/td><td>6.784<\/td><\/tr><tr><td>18<\/td><td>51<\/td><td>GIANINI JUAN PABLO<\/td><td>FORD<\/td><td>20<\/td><td>43;44.586<\/td><td>7.715<\/td><\/tr><tr><td>19<\/td><td>8<\/td><td>CASTELLANO JONATAN<\/td><td>DODGE<\/td><td>20<\/td><td>43;44.587<\/td><td>7.716<\/td><\/tr><tr><td>20<\/td><td>10<\/td><td>MANGONI SANTIAGO<\/td><td>CHEVROLET<\/td><td>20<\/td><td>43;45.109<\/td><td>8.238<\/td><\/tr><tr><td>21<\/td><td>101<\/td><td>UGALDE LIONEL<\/td><td>TORINO<\/td><td>20<\/td><td>43;45.188<\/td><td>8.317<\/td><\/tr><tr><td>22<\/td><td>28<\/td><td>FONTANA NORBERTO<\/td><td>CHEVROLET<\/td><td>20<\/td><td>43;45.385<\/td><td>8.514<\/td><\/tr><tr><td>23<\/td><td>3<\/td><td>URCERA JOS\u00c9 MANUEL<\/td><td>CHEVROLET<\/td><td>20<\/td><td>43;45.598<\/td><td>8.727<\/td><\/tr><tr><td>24<\/td><td>79<\/td><td>NOLESI MATH\u00cdAS<\/td><td>FORD<\/td><td>20<\/td><td>43;46.814<\/td><td>9.943<\/td><\/tr><tr><td>25<\/td><td>100<\/td><td>OKULOVICH CARLOS<\/td><td>TORINO<\/td><td>20<\/td><td>43;47.463<\/td><td>10.592<\/td><\/tr><tr><td>26<\/td><td>25<\/td><td>DI PALMA LUIS JOS\u00c9<\/td><td>FORD<\/td><td>20<\/td><td>43;50.293<\/td><td>13.422<\/td><\/tr><tr><td>27<\/td><td>95<\/td><td>LANDA MARCOS<\/td><td>TORINO<\/td><td>20<\/td><td>44;02.114<\/td><td>25.243<\/td><\/tr><tr><td>28<\/td><td>6<\/td><td>GINI ESTEBAN<\/td><td>TORINO<\/td><td>20<\/td><td>44;02.115<\/td><td>25.244<\/td><\/tr><tr><td>29<\/td><td>56<\/td><td>TODINO GERM\u00c1N<\/td><td>TORINO<\/td><td>17<\/td><td>36;48.950<\/td><td>3 VTAS<\/td><\/tr><tr><td>30<\/td><td>21<\/td><td>TRUCCO JUAN MART\u00cdN<\/td><td>DODGE<\/td><td>17<\/td><td>36;54.053<\/td><td>3 VTAS<\/td><\/tr><tr><td>31<\/td><td>122<\/td><td>JAKOS ANDR\u00c9S<\/td><td>DODGE<\/td><td>17<\/td><td>43;55.134<\/td><td>3 VTAS<\/td><\/tr><tr><td>32<\/td><td>36<\/td><td>COSTANZO PABLO<\/td><td>TORINO<\/td><td>14<\/td><td>30;15.280<\/td><td>6 VTAS<\/td><\/tr><tr><td>33<\/td><td>115<\/td><td>DE CARLO DIEGO<\/td><td>CHEVROLET<\/td><td>12<\/td><td>24;12.748<\/td><td>8 VTAS<\/td><\/tr><tr><td>34<\/td><td>27<\/td><td>DELLA MOTTA FACUNDO<\/td><td>TORINO<\/td><td>12<\/td><td>24;13.323<\/td><td>8 VTAS<\/td><\/tr><tr><td>35<\/td><td>34<\/td><td>EBARL\u00cdN JUAN JOS\u00c9<\/td><td>CHEVROLET<\/td><td>12<\/td><td>24;13.832<\/td><td>8 VTAS<\/td><\/tr><tr><td>36<\/td><td>7<\/td><td>MAZZACANE GAST\u00d3N<\/td><td>CHEVROLET<\/td><td>9<\/td><td>15;40.188<\/td><td>11 VTAS<\/td><\/tr><tr><td>37<\/td><td>91<\/td><td>ORTELLI GUILLERMO<\/td><td>CHEVROLET<\/td><td>9<\/td><td>16;01.280<\/td><td>11 VTAS<\/td><\/tr><tr><td>38<\/td><td>93<\/td><td>RODR\u00cdGUEZ MAT\u00cdAS<\/td><td>TORINO<\/td><td>7<\/td><td>12;31.116<\/td><td>13 VTAS<\/td><\/tr><tr><td>39<\/td><td>133<\/td><td>AGUIRRE VALENT\u00cdN<\/td><td>FORD<\/td><td>1<\/td><td>01;55.892<\/td><td>19 VTAS<\/td><\/tr><tr><td>40<\/td><td>1<\/td><td>WERNER MARIANO<\/td><td>FORD<\/td><td>1<\/td><td>02;09.757<\/td><td>19 VTAS<\/td><\/tr><tr><td>41<\/td><td>99<\/td><td>BRUNO JUAN MART\u00cdN<\/td><td>DODGE<\/td><td>1<\/td><td>06;02.883<\/td><td>19 VTAS<\/td><\/tr><tr><td>PROMEDIO: 129,332 Km\/h<\/td><\/tr><tr><td>RECORD DE VUELTA: Nro 122 (JAKOS) Vta 14 en 1:43.123 a 164,076 Km\/h<\/td><\/tr><tr><td>RECARGO: NRO. 3 (URCERA)&nbsp;ATRAS DEL AUTO NRO. 6 (GINI) POR TOQUE.<\/td><\/tr><tr><td>RECARGO: NRO. 157 (DE BENEDICTIS) ATRAS DEL AUTO NRO. 16 (MORIATIS) POR MANIOBRA PELIGROSA. AL SOLICITAR CAMARAS DEL AUTO NRO. 157 (DE BENEDICTIS), DEBIDO A UNA DENUNCIA REALIZADA POR EL PILOTO NRO. 16 (MORIATIS) ESTAS NO GRABARON.<\/td><\/tr><tr><td>RECARGO: NRO. 8 (CASTELLANO) ATRAS DEL AUTO NRO. 51 (GIANINI) POR TOQUE.<\/td><\/tr><tr><td>RECARGO:&nbsp;NRO. 6&nbsp;(GINI) ATRAS DEL AUTO NRO. 95&nbsp;(LANDA) POR TOQUE.<\/td><\/tr><tr><td>EXCLUIDO: NRO. 68 (SANTERO) POR TOQUE AL NRO. 25 (DI PALMA)<\/td><\/tr><tr><td>APERCIBIDO: NRO. 56 (TODINO) POR NO TOMAR PRECAUCI\u00d3N Y DISMINUIR VELOCIDAD EN INCIDENTE. (DI PALMA &#8211; SANTERO)<\/td><\/tr><tr><td>N\/L: NRO. 26 (SPATARO), NRO. 37 (COTIGNOLA), NRO. 31 (PONCE DE LEON)<\/td><\/tr><\/tbody><\/table><\/figure>\n","protected":false},"excerpt":{"rendered":"<p>El campe\u00f3n 2007 Christian Ledesma pudo superar una verdadera carrera de obst\u00e1culos, incidentes, neutralizaciones y accidentes en Concordia.Leonel Pernia fue<\/p>\n","protected":false},"author":3,"featured_media":920,"comment_status":"open","ping_status":"open","sticky":false,"template":"","format":"standard","meta":{"colormag_page_container_layout":"default_layout","colormag_page_sidebar_layout":"default_layout","footnotes":""},"categories":[6,5],"tags":[],"class_list":["post-4445","post","type-post","status-publish","format-standard","has-post-thumbnail","hentry","category-newsflash","category-latest-news"],"yoast_head":"<!-- This site is optimized with the Yoast SEO plugin v27.4 - https:\/\/yoast.com\/product\/yoast-seo-wordpress\/ -->\n<title>Autos del Podio | Ledesma sali\u00f3 ileso y pudo volver al triunfo en el TC<\/title>\n<meta name=\"description\" content=\"Autos del Podio El marplatense puso oficio y overol para llevarse la carrera de Turismo Carretera en Concordia\" \/>\n<meta name=\"robots\" content=\"index, follow, max-snippet:-1, max-image-preview:large, max-video-preview:-1\" \/>\n<link rel=\"canonical\" href=\"http:\/\/autosdelpodio.com\/autos\/ledesma-salio-ileso-y-pudo-volver-al-triunfo-en-el-tc\/\" \/>\n<meta property=\"og:locale\" content=\"es_ES\" \/>\n<meta property=\"og:type\" content=\"article\" \/>\n<meta property=\"og:title\" content=\"Autos del Podio | Ledesma sali\u00f3 ileso y pudo volver al triunfo en el TC\" \/>\n<meta property=\"og:description\" content=\"Autos del Podio El marplatense puso oficio y overol para llevarse la carrera de Turismo Carretera en Concordia\" \/>\n<meta property=\"og:url\" content=\"http:\/\/autosdelpodio.com\/autos\/ledesma-salio-ileso-y-pudo-volver-al-triunfo-en-el-tc\/\" \/>\n<meta property=\"og:site_name\" content=\"Autos del Podio\" \/>\n<meta property=\"article:publisher\" content=\"https:\/\/www.facebook.com\/profile.php?id=100057192590976&amp;amp%3bamp%3bamp%3bamp%3bamp%3bamp%3bamp%3bamp%3bamp%3bamp%3bamp%3bamp%3bamp%3bamp%3bamp%3bamp%3bamp%3bamp%3bref=ts\" \/>\n<meta property=\"article:published_time\" content=\"2021-07-11T19:54:41+00:00\" \/>\n<meta property=\"article:modified_time\" content=\"2021-07-11T22:46:04+00:00\" \/>\n<meta property=\"og:image\" content=\"http:\/\/autosdelpodio.com\/autos\/wp-content\/uploads\/2014\/01\/chevrolet_logo-e1626033178135.jpg\" \/>\n\t<meta property=\"og:image:width\" content=\"500\" \/>\n\t<meta property=\"og:image:height\" content=\"255\" \/>\n\t<meta property=\"og:image:type\" content=\"image\/jpeg\" \/>\n<meta name=\"author\" content=\"autosdelpodio\" \/>\n<meta name=\"twitter:card\" content=\"summary_large_image\" \/>\n<meta name=\"twitter:creator\" content=\"@autosdelpodio\" \/>\n<meta name=\"twitter:site\" content=\"@autosdelpodio\" \/>\n<meta name=\"twitter:label1\" content=\"Escrito por\" \/>\n\t<meta name=\"twitter:data1\" content=\"autosdelpodio\" \/>\n\t<meta name=\"twitter:label2\" content=\"Tiempo de lectura\" \/>\n\t<meta name=\"twitter:data2\" content=\"3 minutos\" \/>\n<script type=\"application\/ld+json\" class=\"yoast-schema-graph\">{\"@context\":\"https:\\\/\\\/schema.org\",\"@graph\":[{\"@type\":\"Article\",\"@id\":\"http:\\\/\\\/autosdelpodio.com\\\/autos\\\/ledesma-salio-ileso-y-pudo-volver-al-triunfo-en-el-tc\\\/#article\",\"isPartOf\":{\"@id\":\"http:\\\/\\\/autosdelpodio.com\\\/autos\\\/ledesma-salio-ileso-y-pudo-volver-al-triunfo-en-el-tc\\\/\"},\"author\":{\"name\":\"autosdelpodio\",\"@id\":\"http:\\\/\\\/autosdelpodio.com\\\/autos\\\/#\\\/schema\\\/person\\\/993527a4d01c3acdd3d6bce3770bc942\"},\"headline\":\"Ledesma sali\u00f3 ileso y pudo volver al triunfo en el TC\",\"datePublished\":\"2021-07-11T19:54:41+00:00\",\"dateModified\":\"2021-07-11T22:46:04+00:00\",\"mainEntityOfPage\":{\"@id\":\"http:\\\/\\\/autosdelpodio.com\\\/autos\\\/ledesma-salio-ileso-y-pudo-volver-al-triunfo-en-el-tc\\\/\"},\"wordCount\":507,\"commentCount\":0,\"publisher\":{\"@id\":\"http:\\\/\\\/autosdelpodio.com\\\/autos\\\/#organization\"},\"image\":{\"@id\":\"http:\\\/\\\/autosdelpodio.com\\\/autos\\\/ledesma-salio-ileso-y-pudo-volver-al-triunfo-en-el-tc\\\/#primaryimage\"},\"thumbnailUrl\":\"http:\\\/\\\/autosdelpodio.com\\\/autos\\\/wp-content\\\/uploads\\\/2014\\\/01\\\/chevrolet_logo-e1626033178135.jpg\",\"articleSection\":[\"Destacado\",\"\u00daltimas noticias\"],\"inLanguage\":\"es\",\"potentialAction\":[{\"@type\":\"CommentAction\",\"name\":\"Comment\",\"target\":[\"http:\\\/\\\/autosdelpodio.com\\\/autos\\\/ledesma-salio-ileso-y-pudo-volver-al-triunfo-en-el-tc\\\/#respond\"]}]},{\"@type\":\"WebPage\",\"@id\":\"http:\\\/\\\/autosdelpodio.com\\\/autos\\\/ledesma-salio-ileso-y-pudo-volver-al-triunfo-en-el-tc\\\/\",\"url\":\"http:\\\/\\\/autosdelpodio.com\\\/autos\\\/ledesma-salio-ileso-y-pudo-volver-al-triunfo-en-el-tc\\\/\",\"name\":\"Autos del Podio | Ledesma sali\u00f3 ileso y pudo volver al triunfo en el TC\",\"isPartOf\":{\"@id\":\"http:\\\/\\\/autosdelpodio.com\\\/autos\\\/#website\"},\"primaryImageOfPage\":{\"@id\":\"http:\\\/\\\/autosdelpodio.com\\\/autos\\\/ledesma-salio-ileso-y-pudo-volver-al-triunfo-en-el-tc\\\/#primaryimage\"},\"image\":{\"@id\":\"http:\\\/\\\/autosdelpodio.com\\\/autos\\\/ledesma-salio-ileso-y-pudo-volver-al-triunfo-en-el-tc\\\/#primaryimage\"},\"thumbnailUrl\":\"http:\\\/\\\/autosdelpodio.com\\\/autos\\\/wp-content\\\/uploads\\\/2014\\\/01\\\/chevrolet_logo-e1626033178135.jpg\",\"datePublished\":\"2021-07-11T19:54:41+00:00\",\"dateModified\":\"2021-07-11T22:46:04+00:00\",\"description\":\"Autos del Podio El marplatense puso oficio y overol para llevarse la carrera de Turismo Carretera en Concordia\",\"breadcrumb\":{\"@id\":\"http:\\\/\\\/autosdelpodio.com\\\/autos\\\/ledesma-salio-ileso-y-pudo-volver-al-triunfo-en-el-tc\\\/#breadcrumb\"},\"inLanguage\":\"es\",\"potentialAction\":[{\"@type\":\"ReadAction\",\"target\":[\"http:\\\/\\\/autosdelpodio.com\\\/autos\\\/ledesma-salio-ileso-y-pudo-volver-al-triunfo-en-el-tc\\\/\"]}]},{\"@type\":\"ImageObject\",\"inLanguage\":\"es\",\"@id\":\"http:\\\/\\\/autosdelpodio.com\\\/autos\\\/ledesma-salio-ileso-y-pudo-volver-al-triunfo-en-el-tc\\\/#primaryimage\",\"url\":\"http:\\\/\\\/autosdelpodio.com\\\/autos\\\/wp-content\\\/uploads\\\/2014\\\/01\\\/chevrolet_logo-e1626033178135.jpg\",\"contentUrl\":\"http:\\\/\\\/autosdelpodio.com\\\/autos\\\/wp-content\\\/uploads\\\/2014\\\/01\\\/chevrolet_logo-e1626033178135.jpg\",\"width\":500,\"height\":255},{\"@type\":\"BreadcrumbList\",\"@id\":\"http:\\\/\\\/autosdelpodio.com\\\/autos\\\/ledesma-salio-ileso-y-pudo-volver-al-triunfo-en-el-tc\\\/#breadcrumb\",\"itemListElement\":[{\"@type\":\"ListItem\",\"position\":1,\"name\":\"Portada\",\"item\":\"http:\\\/\\\/autosdelpodio.com\\\/autos\\\/\"},{\"@type\":\"ListItem\",\"position\":2,\"name\":\"Ledesma sali\u00f3 ileso y pudo volver al triunfo en el TC\"}]},{\"@type\":\"WebSite\",\"@id\":\"http:\\\/\\\/autosdelpodio.com\\\/autos\\\/#website\",\"url\":\"http:\\\/\\\/autosdelpodio.com\\\/autos\\\/\",\"name\":\"Autos del Podio\",\"description\":\"La sexta del deporte motor\",\"publisher\":{\"@id\":\"http:\\\/\\\/autosdelpodio.com\\\/autos\\\/#organization\"},\"potentialAction\":[{\"@type\":\"SearchAction\",\"target\":{\"@type\":\"EntryPoint\",\"urlTemplate\":\"http:\\\/\\\/autosdelpodio.com\\\/autos\\\/?s={search_term_string}\"},\"query-input\":{\"@type\":\"PropertyValueSpecification\",\"valueRequired\":true,\"valueName\":\"search_term_string\"}}],\"inLanguage\":\"es\"},{\"@type\":\"Organization\",\"@id\":\"http:\\\/\\\/autosdelpodio.com\\\/autos\\\/#organization\",\"name\":\"Autos del Podio\",\"url\":\"http:\\\/\\\/autosdelpodio.com\\\/autos\\\/\",\"logo\":{\"@type\":\"ImageObject\",\"inLanguage\":\"es\",\"@id\":\"http:\\\/\\\/autosdelpodio.com\\\/autos\\\/#\\\/schema\\\/logo\\\/image\\\/\",\"url\":\"http:\\\/\\\/autosdelpodio.com\\\/autos\\\/wp-content\\\/uploads\\\/2020\\\/08\\\/Logo_AR.jpg\",\"contentUrl\":\"http:\\\/\\\/autosdelpodio.com\\\/autos\\\/wp-content\\\/uploads\\\/2020\\\/08\\\/Logo_AR.jpg\",\"width\":1038,\"height\":1044,\"caption\":\"Autos del Podio\"},\"image\":{\"@id\":\"http:\\\/\\\/autosdelpodio.com\\\/autos\\\/#\\\/schema\\\/logo\\\/image\\\/\"},\"sameAs\":[\"https:\\\/\\\/www.facebook.com\\\/profile.php?id=100057192590976&amp;amp;amp;amp;amp;amp;amp;amp;amp;amp;amp;amp;amp;amp;amp;amp;amp;amp;ref=ts\",\"https:\\\/\\\/x.com\\\/autosdelpodio\",\"https:\\\/\\\/www.youtube.com\\\/user\\\/AutosdelPodio\"]},{\"@type\":\"Person\",\"@id\":\"http:\\\/\\\/autosdelpodio.com\\\/autos\\\/#\\\/schema\\\/person\\\/993527a4d01c3acdd3d6bce3770bc942\",\"name\":\"autosdelpodio\",\"image\":{\"@type\":\"ImageObject\",\"inLanguage\":\"es\",\"@id\":\"http:\\\/\\\/autosdelpodio.com\\\/autos\\\/wp-content\\\/litespeed\\\/avatar\\\/aa8f65cd201a80f6b844f63278aa84af.jpg?ver=1776798175\",\"url\":\"http:\\\/\\\/autosdelpodio.com\\\/autos\\\/wp-content\\\/litespeed\\\/avatar\\\/aa8f65cd201a80f6b844f63278aa84af.jpg?ver=1776798175\",\"contentUrl\":\"http:\\\/\\\/autosdelpodio.com\\\/autos\\\/wp-content\\\/litespeed\\\/avatar\\\/aa8f65cd201a80f6b844f63278aa84af.jpg?ver=1776798175\",\"caption\":\"autosdelpodio\"}}]}<\/script>\n<!-- \/ Yoast SEO plugin. -->","yoast_head_json":{"title":"Autos del Podio | Ledesma sali\u00f3 ileso y pudo volver al triunfo en el TC","description":"Autos del Podio El marplatense puso oficio y overol para llevarse la carrera de Turismo Carretera en Concordia","robots":{"index":"index","follow":"follow","max-snippet":"max-snippet:-1","max-image-preview":"max-image-preview:large","max-video-preview":"max-video-preview:-1"},"canonical":"http:\/\/autosdelpodio.com\/autos\/ledesma-salio-ileso-y-pudo-volver-al-triunfo-en-el-tc\/","og_locale":"es_ES","og_type":"article","og_title":"Autos del Podio | Ledesma sali\u00f3 ileso y pudo volver al triunfo en el TC","og_description":"Autos del Podio El marplatense puso oficio y overol para llevarse la carrera de Turismo Carretera en Concordia","og_url":"http:\/\/autosdelpodio.com\/autos\/ledesma-salio-ileso-y-pudo-volver-al-triunfo-en-el-tc\/","og_site_name":"Autos del Podio","article_publisher":"https:\/\/www.facebook.com\/profile.php?id=100057192590976&amp%3bamp%3bamp%3bamp%3bamp%3bamp%3bamp%3bamp%3bamp%3bamp%3bamp%3bamp%3bamp%3bamp%3bamp%3bamp%3bamp%3bamp%3bref=ts","article_published_time":"2021-07-11T19:54:41+00:00","article_modified_time":"2021-07-11T22:46:04+00:00","og_image":[{"width":500,"height":255,"url":"http:\/\/autosdelpodio.com\/autos\/wp-content\/uploads\/2014\/01\/chevrolet_logo-e1626033178135.jpg","type":"image\/jpeg"}],"author":"autosdelpodio","twitter_card":"summary_large_image","twitter_creator":"@autosdelpodio","twitter_site":"@autosdelpodio","twitter_misc":{"Escrito por":"autosdelpodio","Tiempo de lectura":"3 minutos"},"schema":{"@context":"https:\/\/schema.org","@graph":[{"@type":"Article","@id":"http:\/\/autosdelpodio.com\/autos\/ledesma-salio-ileso-y-pudo-volver-al-triunfo-en-el-tc\/#article","isPartOf":{"@id":"http:\/\/autosdelpodio.com\/autos\/ledesma-salio-ileso-y-pudo-volver-al-triunfo-en-el-tc\/"},"author":{"name":"autosdelpodio","@id":"http:\/\/autosdelpodio.com\/autos\/#\/schema\/person\/993527a4d01c3acdd3d6bce3770bc942"},"headline":"Ledesma sali\u00f3 ileso y pudo volver al triunfo en el TC","datePublished":"2021-07-11T19:54:41+00:00","dateModified":"2021-07-11T22:46:04+00:00","mainEntityOfPage":{"@id":"http:\/\/autosdelpodio.com\/autos\/ledesma-salio-ileso-y-pudo-volver-al-triunfo-en-el-tc\/"},"wordCount":507,"commentCount":0,"publisher":{"@id":"http:\/\/autosdelpodio.com\/autos\/#organization"},"image":{"@id":"http:\/\/autosdelpodio.com\/autos\/ledesma-salio-ileso-y-pudo-volver-al-triunfo-en-el-tc\/#primaryimage"},"thumbnailUrl":"http:\/\/autosdelpodio.com\/autos\/wp-content\/uploads\/2014\/01\/chevrolet_logo-e1626033178135.jpg","articleSection":["Destacado","\u00daltimas noticias"],"inLanguage":"es","potentialAction":[{"@type":"CommentAction","name":"Comment","target":["http:\/\/autosdelpodio.com\/autos\/ledesma-salio-ileso-y-pudo-volver-al-triunfo-en-el-tc\/#respond"]}]},{"@type":"WebPage","@id":"http:\/\/autosdelpodio.com\/autos\/ledesma-salio-ileso-y-pudo-volver-al-triunfo-en-el-tc\/","url":"http:\/\/autosdelpodio.com\/autos\/ledesma-salio-ileso-y-pudo-volver-al-triunfo-en-el-tc\/","name":"Autos del Podio | Ledesma sali\u00f3 ileso y pudo volver al triunfo en el TC","isPartOf":{"@id":"http:\/\/autosdelpodio.com\/autos\/#website"},"primaryImageOfPage":{"@id":"http:\/\/autosdelpodio.com\/autos\/ledesma-salio-ileso-y-pudo-volver-al-triunfo-en-el-tc\/#primaryimage"},"image":{"@id":"http:\/\/autosdelpodio.com\/autos\/ledesma-salio-ileso-y-pudo-volver-al-triunfo-en-el-tc\/#primaryimage"},"thumbnailUrl":"http:\/\/autosdelpodio.com\/autos\/wp-content\/uploads\/2014\/01\/chevrolet_logo-e1626033178135.jpg","datePublished":"2021-07-11T19:54:41+00:00","dateModified":"2021-07-11T22:46:04+00:00","description":"Autos del Podio El marplatense puso oficio y overol para llevarse la carrera de Turismo Carretera en Concordia","breadcrumb":{"@id":"http:\/\/autosdelpodio.com\/autos\/ledesma-salio-ileso-y-pudo-volver-al-triunfo-en-el-tc\/#breadcrumb"},"inLanguage":"es","potentialAction":[{"@type":"ReadAction","target":["http:\/\/autosdelpodio.com\/autos\/ledesma-salio-ileso-y-pudo-volver-al-triunfo-en-el-tc\/"]}]},{"@type":"ImageObject","inLanguage":"es","@id":"http:\/\/autosdelpodio.com\/autos\/ledesma-salio-ileso-y-pudo-volver-al-triunfo-en-el-tc\/#primaryimage","url":"http:\/\/autosdelpodio.com\/autos\/wp-content\/uploads\/2014\/01\/chevrolet_logo-e1626033178135.jpg","contentUrl":"http:\/\/autosdelpodio.com\/autos\/wp-content\/uploads\/2014\/01\/chevrolet_logo-e1626033178135.jpg","width":500,"height":255},{"@type":"BreadcrumbList","@id":"http:\/\/autosdelpodio.com\/autos\/ledesma-salio-ileso-y-pudo-volver-al-triunfo-en-el-tc\/#breadcrumb","itemListElement":[{"@type":"ListItem","position":1,"name":"Portada","item":"http:\/\/autosdelpodio.com\/autos\/"},{"@type":"ListItem","position":2,"name":"Ledesma sali\u00f3 ileso y pudo volver al triunfo en el TC"}]},{"@type":"WebSite","@id":"http:\/\/autosdelpodio.com\/autos\/#website","url":"http:\/\/autosdelpodio.com\/autos\/","name":"Autos del Podio","description":"La sexta del deporte motor","publisher":{"@id":"http:\/\/autosdelpodio.com\/autos\/#organization"},"potentialAction":[{"@type":"SearchAction","target":{"@type":"EntryPoint","urlTemplate":"http:\/\/autosdelpodio.com\/autos\/?s={search_term_string}"},"query-input":{"@type":"PropertyValueSpecification","valueRequired":true,"valueName":"search_term_string"}}],"inLanguage":"es"},{"@type":"Organization","@id":"http:\/\/autosdelpodio.com\/autos\/#organization","name":"Autos del Podio","url":"http:\/\/autosdelpodio.com\/autos\/","logo":{"@type":"ImageObject","inLanguage":"es","@id":"http:\/\/autosdelpodio.com\/autos\/#\/schema\/logo\/image\/","url":"http:\/\/autosdelpodio.com\/autos\/wp-content\/uploads\/2020\/08\/Logo_AR.jpg","contentUrl":"http:\/\/autosdelpodio.com\/autos\/wp-content\/uploads\/2020\/08\/Logo_AR.jpg","width":1038,"height":1044,"caption":"Autos del Podio"},"image":{"@id":"http:\/\/autosdelpodio.com\/autos\/#\/schema\/logo\/image\/"},"sameAs":["https:\/\/www.facebook.com\/profile.php?id=100057192590976&amp;amp;amp;amp;amp;amp;amp;amp;amp;amp;amp;amp;amp;amp;amp;amp;amp;amp;ref=ts","https:\/\/x.com\/autosdelpodio","https:\/\/www.youtube.com\/user\/AutosdelPodio"]},{"@type":"Person","@id":"http:\/\/autosdelpodio.com\/autos\/#\/schema\/person\/993527a4d01c3acdd3d6bce3770bc942","name":"autosdelpodio","image":{"@type":"ImageObject","inLanguage":"es","@id":"http:\/\/autosdelpodio.com\/autos\/wp-content\/litespeed\/avatar\/aa8f65cd201a80f6b844f63278aa84af.jpg?ver=1776798175","url":"http:\/\/autosdelpodio.com\/autos\/wp-content\/litespeed\/avatar\/aa8f65cd201a80f6b844f63278aa84af.jpg?ver=1776798175","contentUrl":"http:\/\/autosdelpodio.com\/autos\/wp-content\/litespeed\/avatar\/aa8f65cd201a80f6b844f63278aa84af.jpg?ver=1776798175","caption":"autosdelpodio"}}]}},"views":948,"_links":{"self":[{"href":"http:\/\/autosdelpodio.com\/autos\/wp-json\/wp\/v2\/posts\/4445","targetHints":{"allow":["GET"]}}],"collection":[{"href":"http:\/\/autosdelpodio.com\/autos\/wp-json\/wp\/v2\/posts"}],"about":[{"href":"http:\/\/autosdelpodio.com\/autos\/wp-json\/wp\/v2\/types\/post"}],"author":[{"embeddable":true,"href":"http:\/\/autosdelpodio.com\/autos\/wp-json\/wp\/v2\/users\/3"}],"replies":[{"embeddable":true,"href":"http:\/\/autosdelpodio.com\/autos\/wp-json\/wp\/v2\/comments?post=4445"}],"version-history":[{"count":5,"href":"http:\/\/autosdelpodio.com\/autos\/wp-json\/wp\/v2\/posts\/4445\/revisions"}],"predecessor-version":[{"id":4453,"href":"http:\/\/autosdelpodio.com\/autos\/wp-json\/wp\/v2\/posts\/4445\/revisions\/4453"}],"wp:featuredmedia":[{"embeddable":true,"href":"http:\/\/autosdelpodio.com\/autos\/wp-json\/wp\/v2\/media\/920"}],"wp:attachment":[{"href":"http:\/\/autosdelpodio.com\/autos\/wp-json\/wp\/v2\/media?parent=4445"}],"wp:term":[{"taxonomy":"category","embeddable":true,"href":"http:\/\/autosdelpodio.com\/autos\/wp-json\/wp\/v2\/categories?post=4445"},{"taxonomy":"post_tag","embeddable":true,"href":"http:\/\/autosdelpodio.com\/autos\/wp-json\/wp\/v2\/tags?post=4445"}],"curies":[{"name":"wp","href":"https:\/\/api.w.org\/{rel}","templated":true}]}}