{"id":4517,"date":"2021-08-01T14:49:06","date_gmt":"2021-08-01T17:49:06","guid":{"rendered":"http:\/\/autosdelpodio.com\/autos\/?p=4517"},"modified":"2021-08-01T19:37:55","modified_gmt":"2021-08-01T22:37:55","slug":"renault-volvio-a-lo-mas-alto-en-la-f1","status":"publish","type":"post","link":"http:\/\/autosdelpodio.com\/autos\/renault-volvio-a-lo-mas-alto-en-la-f1\/","title":{"rendered":"Renault volvi\u00f3 a lo mas alto en la F1"},"content":{"rendered":"\n<p>Esteban Ocon logr\u00f3 su primer triunfo en la m\u00e1xima en el circuito de Budapest escoltado en pista ni mas ni menos que por los campeones del mundo Sebastian Vettel (Aston Martin) y Lewis Hamilton (Mercedes).Posteriomente Vettel ser\u00eda sancionado lo que deriv\u00f3 en que Carlos Sainz herede el ultimo escal\u00f3n del podio que no fue.<\/p>\n\n\n\n<p>Sebastian Vettel ha sido descalificado de la carrera al no poder presentar su Aston Martin (el equipo apel\u00f3 la sanci\u00f3n) N\u00ba5 el obligatorio litro de combustible (como m\u00ednimo) al acabar la prueba en la que qued\u00f3 segundo con 0,3 litros.La decisi\u00f3n definitiva se ratificar\u00eda o rectificar\u00eda en los pr\u00f3ximos d\u00edas.<br>Al quedar clasificado por delante de Max Verstappen en pista <a href=\"http:\/\/autosdelpodio.com\/autos\/en-una-competencia-accidentada-hamilton-volvio-a-vencer\/\" target=\"_blank\" rel=\"noreferrer noopener\">Lewis Hamilton<\/a> recaptura el liderazgo del torneo con 192 puntos, seguido del mencionado Verstapen con 186 y Norris con 113.<br>Viene el tiempo del mini receso de temporada y tras ello se retomar\u00e1 el calendario con el compromiso de Spa, correspondiente al GP de Belgica el pr\u00f3ximo 29 de Agosto.<\/p>\n\n\n\n<p><strong>Final F1 &#8211; GP de Hungria<\/strong> (Sujeto a confirmaci\u00f3n final)<\/p>\n\n\n\n<p><em>1 31 Esteban Ocon Alpine 70<br>2 5 Sebastian Vettel Aston Martin 70 1.859<br>3 44 Lewis Hamilton Mercedes 70 2.736<br>4 55 Carlos Sainz Ferrari 70 15.018<br>5 14 Fernando Alonso Alpine 70 15.651<br>6 10 Pierre Gasly AlphaTauri 70 1\u201903.614<br>7 22 Yuki Tsunoda AlphaTauri 70 1\u201915.803<br>8 6 Nicholas Latifi Williams 70 1\u201917.910<br>9 63 George Russell Williams 70 1\u201919.094<br>10 33 Max Verstappen Red Bull 70 1\u201920.244<br>11 7 Kimi Raikkonen Alfa Romeo 69 1 Vta.<br>12 3 Daniel Ricciardo McLaren 69 1 Vta.<br>13 47 Mick Schumacher Haas 69 1 Vta.<br>14 99 Antonio Giovinazzi Alfa Romeo 69 1 Vta.<br>9 Nikita Mazepin Haas 3<br>4 Lando Norris McLaren 2<br>11 Sergio P\u00e9rez Red Bull 0<br>18 Lance Stroll Aston M<\/em>artin 0<br>16 Charles Leclerc Ferrari 0<br>77 Valtteri Bottas Mercedes 0<\/p>\n","protected":false},"excerpt":{"rendered":"<p>Esteban Ocon logr\u00f3 su primer triunfo en la m\u00e1xima en el circuito de Budapest escoltado en pista ni mas ni<\/p>\n","protected":false},"author":3,"featured_media":1751,"comment_status":"open","ping_status":"open","sticky":false,"template":"","format":"standard","meta":{"colormag_page_container_layout":"default_layout","colormag_page_sidebar_layout":"default_layout","footnotes":""},"categories":[6,5],"tags":[595,75,297,30],"class_list":["post-4517","post","type-post","status-publish","format-standard","has-post-thumbnail","hentry","category-newsflash","category-latest-news","tag-esteban-ocon","tag-formula-1","tag-gp-hungria","tag-renault"],"yoast_head":"<!-- This site is optimized with the Yoast SEO plugin v27.5 - https:\/\/yoast.com\/product\/yoast-seo-wordpress\/ -->\n<title>Autos del Podio | Renault volvi\u00f3 a lo mas alto en la F1<\/title>\n<meta name=\"description\" content=\"Autos del Podio El equipo Alpine F1 tuvo su jornada de gloria en Hungria\" \/>\n<meta name=\"robots\" content=\"index, follow, max-snippet:-1, max-image-preview:large, max-video-preview:-1\" \/>\n<link rel=\"canonical\" href=\"http:\/\/autosdelpodio.com\/autos\/renault-volvio-a-lo-mas-alto-en-la-f1\/\" \/>\n<meta property=\"og:locale\" content=\"es_ES\" \/>\n<meta property=\"og:type\" content=\"article\" \/>\n<meta property=\"og:title\" content=\"Autos del Podio | Renault volvi\u00f3 a lo mas alto en la F1\" \/>\n<meta property=\"og:description\" content=\"Autos del Podio El equipo Alpine F1 tuvo su jornada de gloria en Hungria\" \/>\n<meta property=\"og:url\" content=\"http:\/\/autosdelpodio.com\/autos\/renault-volvio-a-lo-mas-alto-en-la-f1\/\" \/>\n<meta property=\"og:site_name\" content=\"Autos del Podio\" \/>\n<meta property=\"article:publisher\" content=\"https:\/\/www.facebook.com\/profile.php?id=100057192590976&amp;amp%3bamp%3bamp%3bamp%3bamp%3bamp%3bamp%3bamp%3bamp%3bamp%3bamp%3bamp%3bamp%3bamp%3bamp%3bamp%3bamp%3bamp%3bref=ts\" \/>\n<meta property=\"article:published_time\" content=\"2021-08-01T17:49:06+00:00\" \/>\n<meta property=\"article:modified_time\" content=\"2021-08-01T22:37:55+00:00\" \/>\n<meta property=\"og:image\" content=\"http:\/\/autosdelpodio.com\/autos\/wp-content\/uploads\/2020\/04\/Logo_F1_-e1621029352226.jpg\" \/>\n\t<meta property=\"og:image:width\" content=\"500\" \/>\n\t<meta property=\"og:image:height\" content=\"278\" \/>\n\t<meta property=\"og:image:type\" content=\"image\/jpeg\" \/>\n<meta name=\"author\" content=\"autosdelpodio\" \/>\n<meta name=\"twitter:card\" content=\"summary_large_image\" \/>\n<meta name=\"twitter:creator\" content=\"@autosdelpodio\" \/>\n<meta name=\"twitter:site\" content=\"@autosdelpodio\" \/>\n<meta name=\"twitter:label1\" content=\"Escrito por\" \/>\n\t<meta name=\"twitter:data1\" content=\"autosdelpodio\" \/>\n\t<meta name=\"twitter:label2\" content=\"Tiempo de lectura\" \/>\n\t<meta name=\"twitter:data2\" content=\"2 minutos\" \/>\n<script type=\"application\/ld+json\" class=\"yoast-schema-graph\">{\"@context\":\"https:\\\/\\\/schema.org\",\"@graph\":[{\"@type\":\"Article\",\"@id\":\"http:\\\/\\\/autosdelpodio.com\\\/autos\\\/renault-volvio-a-lo-mas-alto-en-la-f1\\\/#article\",\"isPartOf\":{\"@id\":\"http:\\\/\\\/autosdelpodio.com\\\/autos\\\/renault-volvio-a-lo-mas-alto-en-la-f1\\\/\"},\"author\":{\"name\":\"autosdelpodio\",\"@id\":\"http:\\\/\\\/autosdelpodio.com\\\/autos\\\/#\\\/schema\\\/person\\\/993527a4d01c3acdd3d6bce3770bc942\"},\"headline\":\"Renault volvi\u00f3 a lo mas alto en la F1\",\"datePublished\":\"2021-08-01T17:49:06+00:00\",\"dateModified\":\"2021-08-01T22:37:55+00:00\",\"mainEntityOfPage\":{\"@id\":\"http:\\\/\\\/autosdelpodio.com\\\/autos\\\/renault-volvio-a-lo-mas-alto-en-la-f1\\\/\"},\"wordCount\":263,\"commentCount\":0,\"publisher\":{\"@id\":\"http:\\\/\\\/autosdelpodio.com\\\/autos\\\/#organization\"},\"image\":{\"@id\":\"http:\\\/\\\/autosdelpodio.com\\\/autos\\\/renault-volvio-a-lo-mas-alto-en-la-f1\\\/#primaryimage\"},\"thumbnailUrl\":\"http:\\\/\\\/autosdelpodio.com\\\/autos\\\/wp-content\\\/uploads\\\/2020\\\/04\\\/Logo_F1_-e1621029352226.jpg\",\"keywords\":[\"Esteban Ocon\",\"Formula 1\",\"GP Hungria\",\"Renault\"],\"articleSection\":[\"Destacado\",\"\u00daltimas noticias\"],\"inLanguage\":\"es\",\"potentialAction\":[{\"@type\":\"CommentAction\",\"name\":\"Comment\",\"target\":[\"http:\\\/\\\/autosdelpodio.com\\\/autos\\\/renault-volvio-a-lo-mas-alto-en-la-f1\\\/#respond\"]}]},{\"@type\":\"WebPage\",\"@id\":\"http:\\\/\\\/autosdelpodio.com\\\/autos\\\/renault-volvio-a-lo-mas-alto-en-la-f1\\\/\",\"url\":\"http:\\\/\\\/autosdelpodio.com\\\/autos\\\/renault-volvio-a-lo-mas-alto-en-la-f1\\\/\",\"name\":\"Autos del Podio | Renault volvi\u00f3 a lo mas alto en la F1\",\"isPartOf\":{\"@id\":\"http:\\\/\\\/autosdelpodio.com\\\/autos\\\/#website\"},\"primaryImageOfPage\":{\"@id\":\"http:\\\/\\\/autosdelpodio.com\\\/autos\\\/renault-volvio-a-lo-mas-alto-en-la-f1\\\/#primaryimage\"},\"image\":{\"@id\":\"http:\\\/\\\/autosdelpodio.com\\\/autos\\\/renault-volvio-a-lo-mas-alto-en-la-f1\\\/#primaryimage\"},\"thumbnailUrl\":\"http:\\\/\\\/autosdelpodio.com\\\/autos\\\/wp-content\\\/uploads\\\/2020\\\/04\\\/Logo_F1_-e1621029352226.jpg\",\"datePublished\":\"2021-08-01T17:49:06+00:00\",\"dateModified\":\"2021-08-01T22:37:55+00:00\",\"description\":\"Autos del Podio El equipo Alpine F1 tuvo su jornada de gloria en Hungria\",\"breadcrumb\":{\"@id\":\"http:\\\/\\\/autosdelpodio.com\\\/autos\\\/renault-volvio-a-lo-mas-alto-en-la-f1\\\/#breadcrumb\"},\"inLanguage\":\"es\",\"potentialAction\":[{\"@type\":\"ReadAction\",\"target\":[\"http:\\\/\\\/autosdelpodio.com\\\/autos\\\/renault-volvio-a-lo-mas-alto-en-la-f1\\\/\"]}]},{\"@type\":\"ImageObject\",\"inLanguage\":\"es\",\"@id\":\"http:\\\/\\\/autosdelpodio.com\\\/autos\\\/renault-volvio-a-lo-mas-alto-en-la-f1\\\/#primaryimage\",\"url\":\"http:\\\/\\\/autosdelpodio.com\\\/autos\\\/wp-content\\\/uploads\\\/2020\\\/04\\\/Logo_F1_-e1621029352226.jpg\",\"contentUrl\":\"http:\\\/\\\/autosdelpodio.com\\\/autos\\\/wp-content\\\/uploads\\\/2020\\\/04\\\/Logo_F1_-e1621029352226.jpg\",\"width\":500,\"height\":278},{\"@type\":\"BreadcrumbList\",\"@id\":\"http:\\\/\\\/autosdelpodio.com\\\/autos\\\/renault-volvio-a-lo-mas-alto-en-la-f1\\\/#breadcrumb\",\"itemListElement\":[{\"@type\":\"ListItem\",\"position\":1,\"name\":\"Portada\",\"item\":\"http:\\\/\\\/autosdelpodio.com\\\/autos\\\/\"},{\"@type\":\"ListItem\",\"position\":2,\"name\":\"Renault volvi\u00f3 a lo mas alto en la F1\"}]},{\"@type\":\"WebSite\",\"@id\":\"http:\\\/\\\/autosdelpodio.com\\\/autos\\\/#website\",\"url\":\"http:\\\/\\\/autosdelpodio.com\\\/autos\\\/\",\"name\":\"Autos del Podio\",\"description\":\"La sexta del deporte motor\",\"publisher\":{\"@id\":\"http:\\\/\\\/autosdelpodio.com\\\/autos\\\/#organization\"},\"potentialAction\":[{\"@type\":\"SearchAction\",\"target\":{\"@type\":\"EntryPoint\",\"urlTemplate\":\"http:\\\/\\\/autosdelpodio.com\\\/autos\\\/?s={search_term_string}\"},\"query-input\":{\"@type\":\"PropertyValueSpecification\",\"valueRequired\":true,\"valueName\":\"search_term_string\"}}],\"inLanguage\":\"es\"},{\"@type\":\"Organization\",\"@id\":\"http:\\\/\\\/autosdelpodio.com\\\/autos\\\/#organization\",\"name\":\"Autos del Podio\",\"url\":\"http:\\\/\\\/autosdelpodio.com\\\/autos\\\/\",\"logo\":{\"@type\":\"ImageObject\",\"inLanguage\":\"es\",\"@id\":\"http:\\\/\\\/autosdelpodio.com\\\/autos\\\/#\\\/schema\\\/logo\\\/image\\\/\",\"url\":\"http:\\\/\\\/autosdelpodio.com\\\/autos\\\/wp-content\\\/uploads\\\/2020\\\/08\\\/Logo_AR.jpg\",\"contentUrl\":\"http:\\\/\\\/autosdelpodio.com\\\/autos\\\/wp-content\\\/uploads\\\/2020\\\/08\\\/Logo_AR.jpg\",\"width\":1038,\"height\":1044,\"caption\":\"Autos del Podio\"},\"image\":{\"@id\":\"http:\\\/\\\/autosdelpodio.com\\\/autos\\\/#\\\/schema\\\/logo\\\/image\\\/\"},\"sameAs\":[\"https:\\\/\\\/www.facebook.com\\\/profile.php?id=100057192590976&amp;amp;amp;amp;amp;amp;amp;amp;amp;amp;amp;amp;amp;amp;amp;amp;amp;amp;ref=ts\",\"https:\\\/\\\/x.com\\\/autosdelpodio\",\"https:\\\/\\\/www.youtube.com\\\/user\\\/AutosdelPodio\"]},{\"@type\":\"Person\",\"@id\":\"http:\\\/\\\/autosdelpodio.com\\\/autos\\\/#\\\/schema\\\/person\\\/993527a4d01c3acdd3d6bce3770bc942\",\"name\":\"autosdelpodio\",\"image\":{\"@type\":\"ImageObject\",\"inLanguage\":\"es\",\"@id\":\"http:\\\/\\\/autosdelpodio.com\\\/autos\\\/wp-content\\\/litespeed\\\/avatar\\\/aa8f65cd201a80f6b844f63278aa84af.jpg?ver=1777403005\",\"url\":\"http:\\\/\\\/autosdelpodio.com\\\/autos\\\/wp-content\\\/litespeed\\\/avatar\\\/aa8f65cd201a80f6b844f63278aa84af.jpg?ver=1777403005\",\"contentUrl\":\"http:\\\/\\\/autosdelpodio.com\\\/autos\\\/wp-content\\\/litespeed\\\/avatar\\\/aa8f65cd201a80f6b844f63278aa84af.jpg?ver=1777403005\",\"caption\":\"autosdelpodio\"}}]}<\/script>\n<!-- \/ Yoast SEO plugin. -->","yoast_head_json":{"title":"Autos del Podio | Renault volvi\u00f3 a lo mas alto en la F1","description":"Autos del Podio El equipo Alpine F1 tuvo su jornada de gloria en Hungria","robots":{"index":"index","follow":"follow","max-snippet":"max-snippet:-1","max-image-preview":"max-image-preview:large","max-video-preview":"max-video-preview:-1"},"canonical":"http:\/\/autosdelpodio.com\/autos\/renault-volvio-a-lo-mas-alto-en-la-f1\/","og_locale":"es_ES","og_type":"article","og_title":"Autos del Podio | Renault volvi\u00f3 a lo mas alto en la F1","og_description":"Autos del Podio El equipo Alpine F1 tuvo su jornada de gloria en Hungria","og_url":"http:\/\/autosdelpodio.com\/autos\/renault-volvio-a-lo-mas-alto-en-la-f1\/","og_site_name":"Autos del Podio","article_publisher":"https:\/\/www.facebook.com\/profile.php?id=100057192590976&amp%3bamp%3bamp%3bamp%3bamp%3bamp%3bamp%3bamp%3bamp%3bamp%3bamp%3bamp%3bamp%3bamp%3bamp%3bamp%3bamp%3bamp%3bref=ts","article_published_time":"2021-08-01T17:49:06+00:00","article_modified_time":"2021-08-01T22:37:55+00:00","og_image":[{"width":500,"height":278,"url":"http:\/\/autosdelpodio.com\/autos\/wp-content\/uploads\/2020\/04\/Logo_F1_-e1621029352226.jpg","type":"image\/jpeg"}],"author":"autosdelpodio","twitter_card":"summary_large_image","twitter_creator":"@autosdelpodio","twitter_site":"@autosdelpodio","twitter_misc":{"Escrito por":"autosdelpodio","Tiempo de lectura":"2 minutos"},"schema":{"@context":"https:\/\/schema.org","@graph":[{"@type":"Article","@id":"http:\/\/autosdelpodio.com\/autos\/renault-volvio-a-lo-mas-alto-en-la-f1\/#article","isPartOf":{"@id":"http:\/\/autosdelpodio.com\/autos\/renault-volvio-a-lo-mas-alto-en-la-f1\/"},"author":{"name":"autosdelpodio","@id":"http:\/\/autosdelpodio.com\/autos\/#\/schema\/person\/993527a4d01c3acdd3d6bce3770bc942"},"headline":"Renault volvi\u00f3 a lo mas alto en la F1","datePublished":"2021-08-01T17:49:06+00:00","dateModified":"2021-08-01T22:37:55+00:00","mainEntityOfPage":{"@id":"http:\/\/autosdelpodio.com\/autos\/renault-volvio-a-lo-mas-alto-en-la-f1\/"},"wordCount":263,"commentCount":0,"publisher":{"@id":"http:\/\/autosdelpodio.com\/autos\/#organization"},"image":{"@id":"http:\/\/autosdelpodio.com\/autos\/renault-volvio-a-lo-mas-alto-en-la-f1\/#primaryimage"},"thumbnailUrl":"http:\/\/autosdelpodio.com\/autos\/wp-content\/uploads\/2020\/04\/Logo_F1_-e1621029352226.jpg","keywords":["Esteban Ocon","Formula 1","GP Hungria","Renault"],"articleSection":["Destacado","\u00daltimas noticias"],"inLanguage":"es","potentialAction":[{"@type":"CommentAction","name":"Comment","target":["http:\/\/autosdelpodio.com\/autos\/renault-volvio-a-lo-mas-alto-en-la-f1\/#respond"]}]},{"@type":"WebPage","@id":"http:\/\/autosdelpodio.com\/autos\/renault-volvio-a-lo-mas-alto-en-la-f1\/","url":"http:\/\/autosdelpodio.com\/autos\/renault-volvio-a-lo-mas-alto-en-la-f1\/","name":"Autos del Podio | Renault volvi\u00f3 a lo mas alto en la F1","isPartOf":{"@id":"http:\/\/autosdelpodio.com\/autos\/#website"},"primaryImageOfPage":{"@id":"http:\/\/autosdelpodio.com\/autos\/renault-volvio-a-lo-mas-alto-en-la-f1\/#primaryimage"},"image":{"@id":"http:\/\/autosdelpodio.com\/autos\/renault-volvio-a-lo-mas-alto-en-la-f1\/#primaryimage"},"thumbnailUrl":"http:\/\/autosdelpodio.com\/autos\/wp-content\/uploads\/2020\/04\/Logo_F1_-e1621029352226.jpg","datePublished":"2021-08-01T17:49:06+00:00","dateModified":"2021-08-01T22:37:55+00:00","description":"Autos del Podio El equipo Alpine F1 tuvo su jornada de gloria en Hungria","breadcrumb":{"@id":"http:\/\/autosdelpodio.com\/autos\/renault-volvio-a-lo-mas-alto-en-la-f1\/#breadcrumb"},"inLanguage":"es","potentialAction":[{"@type":"ReadAction","target":["http:\/\/autosdelpodio.com\/autos\/renault-volvio-a-lo-mas-alto-en-la-f1\/"]}]},{"@type":"ImageObject","inLanguage":"es","@id":"http:\/\/autosdelpodio.com\/autos\/renault-volvio-a-lo-mas-alto-en-la-f1\/#primaryimage","url":"http:\/\/autosdelpodio.com\/autos\/wp-content\/uploads\/2020\/04\/Logo_F1_-e1621029352226.jpg","contentUrl":"http:\/\/autosdelpodio.com\/autos\/wp-content\/uploads\/2020\/04\/Logo_F1_-e1621029352226.jpg","width":500,"height":278},{"@type":"BreadcrumbList","@id":"http:\/\/autosdelpodio.com\/autos\/renault-volvio-a-lo-mas-alto-en-la-f1\/#breadcrumb","itemListElement":[{"@type":"ListItem","position":1,"name":"Portada","item":"http:\/\/autosdelpodio.com\/autos\/"},{"@type":"ListItem","position":2,"name":"Renault volvi\u00f3 a lo mas alto en la F1"}]},{"@type":"WebSite","@id":"http:\/\/autosdelpodio.com\/autos\/#website","url":"http:\/\/autosdelpodio.com\/autos\/","name":"Autos del Podio","description":"La sexta del deporte motor","publisher":{"@id":"http:\/\/autosdelpodio.com\/autos\/#organization"},"potentialAction":[{"@type":"SearchAction","target":{"@type":"EntryPoint","urlTemplate":"http:\/\/autosdelpodio.com\/autos\/?s={search_term_string}"},"query-input":{"@type":"PropertyValueSpecification","valueRequired":true,"valueName":"search_term_string"}}],"inLanguage":"es"},{"@type":"Organization","@id":"http:\/\/autosdelpodio.com\/autos\/#organization","name":"Autos del Podio","url":"http:\/\/autosdelpodio.com\/autos\/","logo":{"@type":"ImageObject","inLanguage":"es","@id":"http:\/\/autosdelpodio.com\/autos\/#\/schema\/logo\/image\/","url":"http:\/\/autosdelpodio.com\/autos\/wp-content\/uploads\/2020\/08\/Logo_AR.jpg","contentUrl":"http:\/\/autosdelpodio.com\/autos\/wp-content\/uploads\/2020\/08\/Logo_AR.jpg","width":1038,"height":1044,"caption":"Autos del Podio"},"image":{"@id":"http:\/\/autosdelpodio.com\/autos\/#\/schema\/logo\/image\/"},"sameAs":["https:\/\/www.facebook.com\/profile.php?id=100057192590976&amp;amp;amp;amp;amp;amp;amp;amp;amp;amp;amp;amp;amp;amp;amp;amp;amp;amp;ref=ts","https:\/\/x.com\/autosdelpodio","https:\/\/www.youtube.com\/user\/AutosdelPodio"]},{"@type":"Person","@id":"http:\/\/autosdelpodio.com\/autos\/#\/schema\/person\/993527a4d01c3acdd3d6bce3770bc942","name":"autosdelpodio","image":{"@type":"ImageObject","inLanguage":"es","@id":"http:\/\/autosdelpodio.com\/autos\/wp-content\/litespeed\/avatar\/aa8f65cd201a80f6b844f63278aa84af.jpg?ver=1777403005","url":"http:\/\/autosdelpodio.com\/autos\/wp-content\/litespeed\/avatar\/aa8f65cd201a80f6b844f63278aa84af.jpg?ver=1777403005","contentUrl":"http:\/\/autosdelpodio.com\/autos\/wp-content\/litespeed\/avatar\/aa8f65cd201a80f6b844f63278aa84af.jpg?ver=1777403005","caption":"autosdelpodio"}}]}},"views":534,"_links":{"self":[{"href":"http:\/\/autosdelpodio.com\/autos\/wp-json\/wp\/v2\/posts\/4517","targetHints":{"allow":["GET"]}}],"collection":[{"href":"http:\/\/autosdelpodio.com\/autos\/wp-json\/wp\/v2\/posts"}],"about":[{"href":"http:\/\/autosdelpodio.com\/autos\/wp-json\/wp\/v2\/types\/post"}],"author":[{"embeddable":true,"href":"http:\/\/autosdelpodio.com\/autos\/wp-json\/wp\/v2\/users\/3"}],"replies":[{"embeddable":true,"href":"http:\/\/autosdelpodio.com\/autos\/wp-json\/wp\/v2\/comments?post=4517"}],"version-history":[{"count":4,"href":"http:\/\/autosdelpodio.com\/autos\/wp-json\/wp\/v2\/posts\/4517\/revisions"}],"predecessor-version":[{"id":4529,"href":"http:\/\/autosdelpodio.com\/autos\/wp-json\/wp\/v2\/posts\/4517\/revisions\/4529"}],"wp:featuredmedia":[{"embeddable":true,"href":"http:\/\/autosdelpodio.com\/autos\/wp-json\/wp\/v2\/media\/1751"}],"wp:attachment":[{"href":"http:\/\/autosdelpodio.com\/autos\/wp-json\/wp\/v2\/media?parent=4517"}],"wp:term":[{"taxonomy":"category","embeddable":true,"href":"http:\/\/autosdelpodio.com\/autos\/wp-json\/wp\/v2\/categories?post=4517"},{"taxonomy":"post_tag","embeddable":true,"href":"http:\/\/autosdelpodio.com\/autos\/wp-json\/wp\/v2\/tags?post=4517"}],"curies":[{"name":"wp","href":"https:\/\/api.w.org\/{rel}","templated":true}]}}