{"id":4537,"date":"2021-08-05T13:13:14","date_gmt":"2021-08-05T16:13:14","guid":{"rendered":"http:\/\/autosdelpodio.com\/autos\/?p=4537"},"modified":"2021-08-05T13:15:48","modified_gmt":"2021-08-05T16:15:48","slug":"el-nacimiento-del-tc-la-categoria-mas-longeva-del-mundo","status":"publish","type":"post","link":"http:\/\/autosdelpodio.com\/autos\/el-nacimiento-del-tc-la-categoria-mas-longeva-del-mundo\/","title":{"rendered":"El nacimiento del TC, la categor\u00eda mas longeva del mundo"},"content":{"rendered":"\n<p>Un 5 de Agosto de 1937 en el barrio de Palermo, el por entonces presidente de la Naci\u00f3n Agust\u00edn Pedro Justo baj\u00f3 la bandera sobre el coche de Arturo Kruuse y puso en marcha el 20\u00ba Gran Premio Argentino, que marc\u00f3 el origen del Turismo Carretera y la consagraci\u00f3n de<a href=\"http:\/\/autosdelpodio.com\/autos\/angel-lo-valvo-el-primer-ganador-con-ford\/\" target=\"_blank\" rel=\"noreferrer noopener\"> \u00c1ngel Lo Valvo<\/a>. En ese GP participaron 69 m\u00e1quinas, entre los mas destacados se produjo el debut de <a href=\"http:\/\/autosdelpodio.com\/autos\/cuando-oscar-galvez-puso-la-lupa-en-el-taunus\/\" target=\"_blank\" rel=\"noreferrer noopener\">Oscar Alfredo Galvez<\/a>.<\/p>\n\n\n\n<p><strong>Etapas y ganadores de cada una de ellas:<\/strong><\/p>\n\n\n\n<p><em>1\u00ba Buenos Aires-C\u00f3rdoba- Santa F\u00e9: Ricardo Risatti (Ford).<br>2\u00ba Paran\u00e1-Corrientes: Arturo Kruuse (Plymouth).<br>3\u00ba Resistencia-Santiago del Estero: Angel Lo Valvo (Ford).<br>4\u00ba Santiago del Estero- Jujuy: H\u00e9ctor Supicci Sedes (Ford).<br>5\u00ba Jujuy-Tucum\u00e1n: H\u00e9ctor Supicci Sedes (Ford).<br>6\u00ba Tucum\u00e1n- La Rioja: Eduardo Pedrazzini (Ford).<br>7\u00ba La Rioja- Mendoza: Arturo Kruuse (Plymouth).<br>8\u00ba Mendoza- Santa Rosa: Angel Lo Valvo (Ford).<br>9\u00ba Santa Rosa-Bah\u00eda Blanca: Tadeo Tadd\u00eda (Chevrolet).<br>10\u00ba Bah\u00eda Blanca- La Plata: Carlos Garbarino (Ford).<\/em><\/p>\n\n\n\n<p>Foto: Museo del TC &#8211; La Plata &#8211; Archivo ADP<\/p>\n","protected":false},"excerpt":{"rendered":"<p>Un 5 de Agosto de 1937 en el barrio de Palermo, el por entonces presidente de la Naci\u00f3n Agust\u00edn Pedro<\/p>\n","protected":false},"author":3,"featured_media":1350,"comment_status":"open","ping_status":"open","sticky":false,"template":"","format":"standard","meta":{"colormag_page_container_layout":"default_layout","colormag_page_sidebar_layout":"default_layout","footnotes":""},"categories":[6,14],"tags":[599,83,598,35,39],"class_list":["post-4537","post","type-post","status-publish","format-standard","has-post-thumbnail","hentry","category-newsflash","category-efemerides","tag-angel-lo-valvo","tag-ford","tag-gran-premio","tag-republica-argentina","tag-turismo-carretera"],"yoast_head":"<!-- This site is optimized with the Yoast SEO plugin v27.5 - https:\/\/yoast.com\/product\/yoast-seo-wordpress\/ -->\n<title>Autos del Podio | El nacimiento del TC, la categor\u00eda mas longeva del mundo<\/title>\n<meta name=\"description\" content=\"Autos del Podio La primera carrera del TC se disput\u00f3 entre el 5 y el 15 de agosto, se inscribieron 73 pilotos y largaron 69.\" \/>\n<meta name=\"robots\" content=\"index, follow, max-snippet:-1, max-image-preview:large, max-video-preview:-1\" \/>\n<link rel=\"canonical\" href=\"https:\/\/autosdelpodio.com\/autos\/el-nacimiento-del-tc-la-categoria-mas-longeva-del-mundo\/\" \/>\n<meta property=\"og:locale\" content=\"es_ES\" \/>\n<meta property=\"og:type\" content=\"article\" \/>\n<meta property=\"og:title\" content=\"Autos del Podio | El nacimiento del TC, la categor\u00eda mas longeva del mundo\" \/>\n<meta property=\"og:description\" content=\"Autos del Podio La primera carrera del TC se disput\u00f3 entre el 5 y el 15 de agosto, se inscribieron 73 pilotos y largaron 69.\" \/>\n<meta property=\"og:url\" content=\"https:\/\/autosdelpodio.com\/autos\/el-nacimiento-del-tc-la-categoria-mas-longeva-del-mundo\/\" \/>\n<meta property=\"og:site_name\" content=\"Autos del Podio\" \/>\n<meta property=\"article:publisher\" content=\"https:\/\/www.facebook.com\/profile.php?id=100057192590976&amp;amp%3bamp%3bamp%3bamp%3bamp%3bamp%3bamp%3bamp%3bamp%3bamp%3bamp%3bamp%3bamp%3bamp%3bamp%3bamp%3bamp%3bamp%3bref=ts\" \/>\n<meta property=\"article:published_time\" content=\"2021-08-05T16:13:14+00:00\" \/>\n<meta property=\"article:modified_time\" content=\"2021-08-05T16:15:48+00:00\" \/>\n<meta property=\"og:image\" content=\"https:\/\/autosdelpodio.com\/autos\/wp-content\/uploads\/2016\/03\/cupecitas_tc-e1628179903655.jpg\" \/>\n\t<meta property=\"og:image:width\" content=\"500\" \/>\n\t<meta property=\"og:image:height\" content=\"279\" \/>\n\t<meta property=\"og:image:type\" content=\"image\/jpeg\" \/>\n<meta name=\"author\" content=\"autosdelpodio\" \/>\n<meta name=\"twitter:card\" content=\"summary_large_image\" \/>\n<meta name=\"twitter:creator\" content=\"@autosdelpodio\" \/>\n<meta name=\"twitter:site\" content=\"@autosdelpodio\" \/>\n<meta name=\"twitter:label1\" content=\"Escrito por\" \/>\n\t<meta name=\"twitter:data1\" content=\"autosdelpodio\" \/>\n\t<meta name=\"twitter:label2\" content=\"Tiempo de lectura\" \/>\n\t<meta name=\"twitter:data2\" content=\"1 minuto\" \/>\n<script type=\"application\/ld+json\" class=\"yoast-schema-graph\">{\"@context\":\"https:\\\/\\\/schema.org\",\"@graph\":[{\"@type\":\"Article\",\"@id\":\"https:\\\/\\\/autosdelpodio.com\\\/autos\\\/el-nacimiento-del-tc-la-categoria-mas-longeva-del-mundo\\\/#article\",\"isPartOf\":{\"@id\":\"https:\\\/\\\/autosdelpodio.com\\\/autos\\\/el-nacimiento-del-tc-la-categoria-mas-longeva-del-mundo\\\/\"},\"author\":{\"name\":\"autosdelpodio\",\"@id\":\"http:\\\/\\\/autosdelpodio.com\\\/autos\\\/#\\\/schema\\\/person\\\/993527a4d01c3acdd3d6bce3770bc942\"},\"headline\":\"El nacimiento del TC, la categor\u00eda mas longeva del mundo\",\"datePublished\":\"2021-08-05T16:13:14+00:00\",\"dateModified\":\"2021-08-05T16:15:48+00:00\",\"mainEntityOfPage\":{\"@id\":\"https:\\\/\\\/autosdelpodio.com\\\/autos\\\/el-nacimiento-del-tc-la-categoria-mas-longeva-del-mundo\\\/\"},\"wordCount\":172,\"commentCount\":0,\"publisher\":{\"@id\":\"http:\\\/\\\/autosdelpodio.com\\\/autos\\\/#organization\"},\"image\":{\"@id\":\"https:\\\/\\\/autosdelpodio.com\\\/autos\\\/el-nacimiento-del-tc-la-categoria-mas-longeva-del-mundo\\\/#primaryimage\"},\"thumbnailUrl\":\"http:\\\/\\\/autosdelpodio.com\\\/autos\\\/wp-content\\\/uploads\\\/2016\\\/03\\\/cupecitas_tc-e1628179903655.jpg\",\"keywords\":[\"Angel Lo Valvo\",\"Ford\",\"Gran Premio\",\"Republica Argentina\",\"Turismo Carretera\"],\"articleSection\":[\"Destacado\",\"Efem\u00e9rides\"],\"inLanguage\":\"es\",\"potentialAction\":[{\"@type\":\"CommentAction\",\"name\":\"Comment\",\"target\":[\"https:\\\/\\\/autosdelpodio.com\\\/autos\\\/el-nacimiento-del-tc-la-categoria-mas-longeva-del-mundo\\\/#respond\"]}]},{\"@type\":\"WebPage\",\"@id\":\"https:\\\/\\\/autosdelpodio.com\\\/autos\\\/el-nacimiento-del-tc-la-categoria-mas-longeva-del-mundo\\\/\",\"url\":\"https:\\\/\\\/autosdelpodio.com\\\/autos\\\/el-nacimiento-del-tc-la-categoria-mas-longeva-del-mundo\\\/\",\"name\":\"Autos del Podio | El nacimiento del TC, la categor\u00eda mas longeva del mundo\",\"isPartOf\":{\"@id\":\"http:\\\/\\\/autosdelpodio.com\\\/autos\\\/#website\"},\"primaryImageOfPage\":{\"@id\":\"https:\\\/\\\/autosdelpodio.com\\\/autos\\\/el-nacimiento-del-tc-la-categoria-mas-longeva-del-mundo\\\/#primaryimage\"},\"image\":{\"@id\":\"https:\\\/\\\/autosdelpodio.com\\\/autos\\\/el-nacimiento-del-tc-la-categoria-mas-longeva-del-mundo\\\/#primaryimage\"},\"thumbnailUrl\":\"http:\\\/\\\/autosdelpodio.com\\\/autos\\\/wp-content\\\/uploads\\\/2016\\\/03\\\/cupecitas_tc-e1628179903655.jpg\",\"datePublished\":\"2021-08-05T16:13:14+00:00\",\"dateModified\":\"2021-08-05T16:15:48+00:00\",\"description\":\"Autos del Podio La primera carrera del TC se disput\u00f3 entre el 5 y el 15 de agosto, se inscribieron 73 pilotos y largaron 69.\",\"breadcrumb\":{\"@id\":\"https:\\\/\\\/autosdelpodio.com\\\/autos\\\/el-nacimiento-del-tc-la-categoria-mas-longeva-del-mundo\\\/#breadcrumb\"},\"inLanguage\":\"es\",\"potentialAction\":[{\"@type\":\"ReadAction\",\"target\":[\"https:\\\/\\\/autosdelpodio.com\\\/autos\\\/el-nacimiento-del-tc-la-categoria-mas-longeva-del-mundo\\\/\"]}]},{\"@type\":\"ImageObject\",\"inLanguage\":\"es\",\"@id\":\"https:\\\/\\\/autosdelpodio.com\\\/autos\\\/el-nacimiento-del-tc-la-categoria-mas-longeva-del-mundo\\\/#primaryimage\",\"url\":\"http:\\\/\\\/autosdelpodio.com\\\/autos\\\/wp-content\\\/uploads\\\/2016\\\/03\\\/cupecitas_tc-e1628179903655.jpg\",\"contentUrl\":\"http:\\\/\\\/autosdelpodio.com\\\/autos\\\/wp-content\\\/uploads\\\/2016\\\/03\\\/cupecitas_tc-e1628179903655.jpg\",\"width\":500,\"height\":279},{\"@type\":\"BreadcrumbList\",\"@id\":\"https:\\\/\\\/autosdelpodio.com\\\/autos\\\/el-nacimiento-del-tc-la-categoria-mas-longeva-del-mundo\\\/#breadcrumb\",\"itemListElement\":[{\"@type\":\"ListItem\",\"position\":1,\"name\":\"Portada\",\"item\":\"http:\\\/\\\/autosdelpodio.com\\\/autos\\\/\"},{\"@type\":\"ListItem\",\"position\":2,\"name\":\"El nacimiento del TC, la categor\u00eda mas longeva del mundo\"}]},{\"@type\":\"WebSite\",\"@id\":\"http:\\\/\\\/autosdelpodio.com\\\/autos\\\/#website\",\"url\":\"http:\\\/\\\/autosdelpodio.com\\\/autos\\\/\",\"name\":\"Autos del Podio\",\"description\":\"La sexta del deporte motor\",\"publisher\":{\"@id\":\"http:\\\/\\\/autosdelpodio.com\\\/autos\\\/#organization\"},\"potentialAction\":[{\"@type\":\"SearchAction\",\"target\":{\"@type\":\"EntryPoint\",\"urlTemplate\":\"http:\\\/\\\/autosdelpodio.com\\\/autos\\\/?s={search_term_string}\"},\"query-input\":{\"@type\":\"PropertyValueSpecification\",\"valueRequired\":true,\"valueName\":\"search_term_string\"}}],\"inLanguage\":\"es\"},{\"@type\":\"Organization\",\"@id\":\"http:\\\/\\\/autosdelpodio.com\\\/autos\\\/#organization\",\"name\":\"Autos del Podio\",\"url\":\"http:\\\/\\\/autosdelpodio.com\\\/autos\\\/\",\"logo\":{\"@type\":\"ImageObject\",\"inLanguage\":\"es\",\"@id\":\"http:\\\/\\\/autosdelpodio.com\\\/autos\\\/#\\\/schema\\\/logo\\\/image\\\/\",\"url\":\"http:\\\/\\\/autosdelpodio.com\\\/autos\\\/wp-content\\\/uploads\\\/2020\\\/08\\\/Logo_AR.jpg\",\"contentUrl\":\"http:\\\/\\\/autosdelpodio.com\\\/autos\\\/wp-content\\\/uploads\\\/2020\\\/08\\\/Logo_AR.jpg\",\"width\":1038,\"height\":1044,\"caption\":\"Autos del Podio\"},\"image\":{\"@id\":\"http:\\\/\\\/autosdelpodio.com\\\/autos\\\/#\\\/schema\\\/logo\\\/image\\\/\"},\"sameAs\":[\"https:\\\/\\\/www.facebook.com\\\/profile.php?id=100057192590976&amp;amp;amp;amp;amp;amp;amp;amp;amp;amp;amp;amp;amp;amp;amp;amp;amp;amp;ref=ts\",\"https:\\\/\\\/x.com\\\/autosdelpodio\",\"https:\\\/\\\/www.youtube.com\\\/user\\\/AutosdelPodio\"]},{\"@type\":\"Person\",\"@id\":\"http:\\\/\\\/autosdelpodio.com\\\/autos\\\/#\\\/schema\\\/person\\\/993527a4d01c3acdd3d6bce3770bc942\",\"name\":\"autosdelpodio\",\"image\":{\"@type\":\"ImageObject\",\"inLanguage\":\"es\",\"@id\":\"http:\\\/\\\/autosdelpodio.com\\\/autos\\\/wp-content\\\/litespeed\\\/avatar\\\/aa8f65cd201a80f6b844f63278aa84af.jpg?ver=1777403005\",\"url\":\"http:\\\/\\\/autosdelpodio.com\\\/autos\\\/wp-content\\\/litespeed\\\/avatar\\\/aa8f65cd201a80f6b844f63278aa84af.jpg?ver=1777403005\",\"contentUrl\":\"http:\\\/\\\/autosdelpodio.com\\\/autos\\\/wp-content\\\/litespeed\\\/avatar\\\/aa8f65cd201a80f6b844f63278aa84af.jpg?ver=1777403005\",\"caption\":\"autosdelpodio\"}}]}<\/script>\n<!-- \/ Yoast SEO plugin. -->","yoast_head_json":{"title":"Autos del Podio | El nacimiento del TC, la categor\u00eda mas longeva del mundo","description":"Autos del Podio La primera carrera del TC se disput\u00f3 entre el 5 y el 15 de agosto, se inscribieron 73 pilotos y largaron 69.","robots":{"index":"index","follow":"follow","max-snippet":"max-snippet:-1","max-image-preview":"max-image-preview:large","max-video-preview":"max-video-preview:-1"},"canonical":"https:\/\/autosdelpodio.com\/autos\/el-nacimiento-del-tc-la-categoria-mas-longeva-del-mundo\/","og_locale":"es_ES","og_type":"article","og_title":"Autos del Podio | El nacimiento del TC, la categor\u00eda mas longeva del mundo","og_description":"Autos del Podio La primera carrera del TC se disput\u00f3 entre el 5 y el 15 de agosto, se inscribieron 73 pilotos y largaron 69.","og_url":"https:\/\/autosdelpodio.com\/autos\/el-nacimiento-del-tc-la-categoria-mas-longeva-del-mundo\/","og_site_name":"Autos del Podio","article_publisher":"https:\/\/www.facebook.com\/profile.php?id=100057192590976&amp%3bamp%3bamp%3bamp%3bamp%3bamp%3bamp%3bamp%3bamp%3bamp%3bamp%3bamp%3bamp%3bamp%3bamp%3bamp%3bamp%3bamp%3bref=ts","article_published_time":"2021-08-05T16:13:14+00:00","article_modified_time":"2021-08-05T16:15:48+00:00","og_image":[{"width":500,"height":279,"url":"https:\/\/autosdelpodio.com\/autos\/wp-content\/uploads\/2016\/03\/cupecitas_tc-e1628179903655.jpg","type":"image\/jpeg"}],"author":"autosdelpodio","twitter_card":"summary_large_image","twitter_creator":"@autosdelpodio","twitter_site":"@autosdelpodio","twitter_misc":{"Escrito por":"autosdelpodio","Tiempo de lectura":"1 minuto"},"schema":{"@context":"https:\/\/schema.org","@graph":[{"@type":"Article","@id":"https:\/\/autosdelpodio.com\/autos\/el-nacimiento-del-tc-la-categoria-mas-longeva-del-mundo\/#article","isPartOf":{"@id":"https:\/\/autosdelpodio.com\/autos\/el-nacimiento-del-tc-la-categoria-mas-longeva-del-mundo\/"},"author":{"name":"autosdelpodio","@id":"http:\/\/autosdelpodio.com\/autos\/#\/schema\/person\/993527a4d01c3acdd3d6bce3770bc942"},"headline":"El nacimiento del TC, la categor\u00eda mas longeva del mundo","datePublished":"2021-08-05T16:13:14+00:00","dateModified":"2021-08-05T16:15:48+00:00","mainEntityOfPage":{"@id":"https:\/\/autosdelpodio.com\/autos\/el-nacimiento-del-tc-la-categoria-mas-longeva-del-mundo\/"},"wordCount":172,"commentCount":0,"publisher":{"@id":"http:\/\/autosdelpodio.com\/autos\/#organization"},"image":{"@id":"https:\/\/autosdelpodio.com\/autos\/el-nacimiento-del-tc-la-categoria-mas-longeva-del-mundo\/#primaryimage"},"thumbnailUrl":"http:\/\/autosdelpodio.com\/autos\/wp-content\/uploads\/2016\/03\/cupecitas_tc-e1628179903655.jpg","keywords":["Angel Lo Valvo","Ford","Gran Premio","Republica Argentina","Turismo Carretera"],"articleSection":["Destacado","Efem\u00e9rides"],"inLanguage":"es","potentialAction":[{"@type":"CommentAction","name":"Comment","target":["https:\/\/autosdelpodio.com\/autos\/el-nacimiento-del-tc-la-categoria-mas-longeva-del-mundo\/#respond"]}]},{"@type":"WebPage","@id":"https:\/\/autosdelpodio.com\/autos\/el-nacimiento-del-tc-la-categoria-mas-longeva-del-mundo\/","url":"https:\/\/autosdelpodio.com\/autos\/el-nacimiento-del-tc-la-categoria-mas-longeva-del-mundo\/","name":"Autos del Podio | El nacimiento del TC, la categor\u00eda mas longeva del mundo","isPartOf":{"@id":"http:\/\/autosdelpodio.com\/autos\/#website"},"primaryImageOfPage":{"@id":"https:\/\/autosdelpodio.com\/autos\/el-nacimiento-del-tc-la-categoria-mas-longeva-del-mundo\/#primaryimage"},"image":{"@id":"https:\/\/autosdelpodio.com\/autos\/el-nacimiento-del-tc-la-categoria-mas-longeva-del-mundo\/#primaryimage"},"thumbnailUrl":"http:\/\/autosdelpodio.com\/autos\/wp-content\/uploads\/2016\/03\/cupecitas_tc-e1628179903655.jpg","datePublished":"2021-08-05T16:13:14+00:00","dateModified":"2021-08-05T16:15:48+00:00","description":"Autos del Podio La primera carrera del TC se disput\u00f3 entre el 5 y el 15 de agosto, se inscribieron 73 pilotos y largaron 69.","breadcrumb":{"@id":"https:\/\/autosdelpodio.com\/autos\/el-nacimiento-del-tc-la-categoria-mas-longeva-del-mundo\/#breadcrumb"},"inLanguage":"es","potentialAction":[{"@type":"ReadAction","target":["https:\/\/autosdelpodio.com\/autos\/el-nacimiento-del-tc-la-categoria-mas-longeva-del-mundo\/"]}]},{"@type":"ImageObject","inLanguage":"es","@id":"https:\/\/autosdelpodio.com\/autos\/el-nacimiento-del-tc-la-categoria-mas-longeva-del-mundo\/#primaryimage","url":"http:\/\/autosdelpodio.com\/autos\/wp-content\/uploads\/2016\/03\/cupecitas_tc-e1628179903655.jpg","contentUrl":"http:\/\/autosdelpodio.com\/autos\/wp-content\/uploads\/2016\/03\/cupecitas_tc-e1628179903655.jpg","width":500,"height":279},{"@type":"BreadcrumbList","@id":"https:\/\/autosdelpodio.com\/autos\/el-nacimiento-del-tc-la-categoria-mas-longeva-del-mundo\/#breadcrumb","itemListElement":[{"@type":"ListItem","position":1,"name":"Portada","item":"http:\/\/autosdelpodio.com\/autos\/"},{"@type":"ListItem","position":2,"name":"El nacimiento del TC, la categor\u00eda mas longeva del mundo"}]},{"@type":"WebSite","@id":"http:\/\/autosdelpodio.com\/autos\/#website","url":"http:\/\/autosdelpodio.com\/autos\/","name":"Autos del Podio","description":"La sexta del deporte motor","publisher":{"@id":"http:\/\/autosdelpodio.com\/autos\/#organization"},"potentialAction":[{"@type":"SearchAction","target":{"@type":"EntryPoint","urlTemplate":"http:\/\/autosdelpodio.com\/autos\/?s={search_term_string}"},"query-input":{"@type":"PropertyValueSpecification","valueRequired":true,"valueName":"search_term_string"}}],"inLanguage":"es"},{"@type":"Organization","@id":"http:\/\/autosdelpodio.com\/autos\/#organization","name":"Autos del Podio","url":"http:\/\/autosdelpodio.com\/autos\/","logo":{"@type":"ImageObject","inLanguage":"es","@id":"http:\/\/autosdelpodio.com\/autos\/#\/schema\/logo\/image\/","url":"http:\/\/autosdelpodio.com\/autos\/wp-content\/uploads\/2020\/08\/Logo_AR.jpg","contentUrl":"http:\/\/autosdelpodio.com\/autos\/wp-content\/uploads\/2020\/08\/Logo_AR.jpg","width":1038,"height":1044,"caption":"Autos del Podio"},"image":{"@id":"http:\/\/autosdelpodio.com\/autos\/#\/schema\/logo\/image\/"},"sameAs":["https:\/\/www.facebook.com\/profile.php?id=100057192590976&amp;amp;amp;amp;amp;amp;amp;amp;amp;amp;amp;amp;amp;amp;amp;amp;amp;amp;ref=ts","https:\/\/x.com\/autosdelpodio","https:\/\/www.youtube.com\/user\/AutosdelPodio"]},{"@type":"Person","@id":"http:\/\/autosdelpodio.com\/autos\/#\/schema\/person\/993527a4d01c3acdd3d6bce3770bc942","name":"autosdelpodio","image":{"@type":"ImageObject","inLanguage":"es","@id":"http:\/\/autosdelpodio.com\/autos\/wp-content\/litespeed\/avatar\/aa8f65cd201a80f6b844f63278aa84af.jpg?ver=1777403005","url":"http:\/\/autosdelpodio.com\/autos\/wp-content\/litespeed\/avatar\/aa8f65cd201a80f6b844f63278aa84af.jpg?ver=1777403005","contentUrl":"http:\/\/autosdelpodio.com\/autos\/wp-content\/litespeed\/avatar\/aa8f65cd201a80f6b844f63278aa84af.jpg?ver=1777403005","caption":"autosdelpodio"}}]}},"views":784,"_links":{"self":[{"href":"http:\/\/autosdelpodio.com\/autos\/wp-json\/wp\/v2\/posts\/4537","targetHints":{"allow":["GET"]}}],"collection":[{"href":"http:\/\/autosdelpodio.com\/autos\/wp-json\/wp\/v2\/posts"}],"about":[{"href":"http:\/\/autosdelpodio.com\/autos\/wp-json\/wp\/v2\/types\/post"}],"author":[{"embeddable":true,"href":"http:\/\/autosdelpodio.com\/autos\/wp-json\/wp\/v2\/users\/3"}],"replies":[{"embeddable":true,"href":"http:\/\/autosdelpodio.com\/autos\/wp-json\/wp\/v2\/comments?post=4537"}],"version-history":[{"count":5,"href":"http:\/\/autosdelpodio.com\/autos\/wp-json\/wp\/v2\/posts\/4537\/revisions"}],"predecessor-version":[{"id":4542,"href":"http:\/\/autosdelpodio.com\/autos\/wp-json\/wp\/v2\/posts\/4537\/revisions\/4542"}],"wp:featuredmedia":[{"embeddable":true,"href":"http:\/\/autosdelpodio.com\/autos\/wp-json\/wp\/v2\/media\/1350"}],"wp:attachment":[{"href":"http:\/\/autosdelpodio.com\/autos\/wp-json\/wp\/v2\/media?parent=4537"}],"wp:term":[{"taxonomy":"category","embeddable":true,"href":"http:\/\/autosdelpodio.com\/autos\/wp-json\/wp\/v2\/categories?post=4537"},{"taxonomy":"post_tag","embeddable":true,"href":"http:\/\/autosdelpodio.com\/autos\/wp-json\/wp\/v2\/tags?post=4537"}],"curies":[{"name":"wp","href":"https:\/\/api.w.org\/{rel}","templated":true}]}}