{"id":4571,"date":"2021-08-15T13:17:54","date_gmt":"2021-08-15T16:17:54","guid":{"rendered":"http:\/\/autosdelpodio.com\/autos\/?p=4571"},"modified":"2021-08-15T13:17:55","modified_gmt":"2021-08-15T16:17:55","slug":"reaparecio-el-1","status":"publish","type":"post","link":"http:\/\/autosdelpodio.com\/autos\/reaparecio-el-1\/","title":{"rendered":"Reapareci\u00f3 el 1"},"content":{"rendered":"\n<p>El campe\u00f3n Mat\u00edas Rossi volvi\u00f3 al triunfo de modo inobjetable en el Autodromo Ciudad de Toay.Segundo arrib\u00f3 el ganador de la clasificatoria Leonel Pernia y tercero Agustin Canapino quien repiti\u00f3 podio.<br>El volante del team Toyota se va de La Pampa como nuevo lider del torneo con 107 puntos, seguido de <a href=\"http:\/\/autosdelpodio.com\/autos\/la-vuelta-de-la-fiera\/\" target=\"_blank\" rel=\"noreferrer noopener\">Pern\u00eda<\/a> con 103, y Facundo Ardusso; que hab\u00eda llegado como lider con 100.<br>La pr\u00f3xima y octava fecha de la temporada 2021, se disputar\u00e1 en el Aut\u00f3dromo Oscar y Juan Galvez , el 5 de septiembre que marcar\u00e1 el regreso de los 200 Km. de Buenos Aires.<\/p>\n\n\n\n<p><\/p>\n\n\n\n<p><strong>Final STC2000 &#8211; Toay<\/strong> <strong>&#8211; Domingo<\/strong><\/p>\n\n\n\n<figure class=\"wp-block-table\"><table><tbody><tr><td>1<\/td><td>1<\/td><td>MAT\u00cdAS ROSSI<\/td><td>TOYOTA<\/td><td>32<\/td><td>41;34.095<\/td><td><\/td><\/tr><tr><td>2<\/td><td>3<\/td><td>LEONEL PERN\u00cdA<\/td><td>RENAULT<\/td><td>32<\/td><td>41;38.564<\/td><td>4.469<\/td><\/tr><tr><td>3<\/td><td>86<\/td><td>AGUST\u00cdN CANAPINO<\/td><td>CHEVROLET<\/td><td>32<\/td><td>41;39.303<\/td><td>5.208<\/td><\/tr><tr><td>4<\/td><td>68<\/td><td>JULI\u00c1N SANTERO<\/td><td>TOYOTA<\/td><td>32<\/td><td>41;42.267<\/td><td>8.172<\/td><\/tr><tr><td>5<\/td><td>57<\/td><td>FRANCO VIVIAN<\/td><td>TOYOTA<\/td><td>32<\/td><td>41;51.904<\/td><td>17.809<\/td><\/tr><tr><td>6<\/td><td>2<\/td><td>BERNARDO LLAVER<\/td><td>CHEVROLET<\/td><td>32<\/td><td>41;52.523<\/td><td>18.428<\/td><\/tr><tr><td>7<\/td><td>83<\/td><td>FACUNDO ARDUSSO<\/td><td>HONDA<\/td><td>32<\/td><td>42;01.161<\/td><td>27.066<\/td><\/tr><tr><td>8<\/td><td>5<\/td><td>FABI\u00c1N YANNANTUONI<\/td><td>HONDA<\/td><td>32<\/td><td>42;01.389<\/td><td>27.294<\/td><\/tr><tr><td>9<\/td><td>8<\/td><td>MAT\u00cdAS MILLA<\/td><td>RENAULT<\/td><td>32<\/td><td>42;01.980<\/td><td>27.885<\/td><\/tr><tr><td>10<\/td><td>36<\/td><td>DAMI\u00c1N FINESCHI<\/td><td>RENAULT<\/td><td>32<\/td><td>42;13.447<\/td><td>39.352<\/td><\/tr><tr><td>11<\/td><td>16<\/td><td>EMILIANO SPATARO<\/td><td>TOYOTA<\/td><td>32<\/td><td>42;14.301<\/td><td>40.206<\/td><\/tr><tr><td>12<\/td><td>22<\/td><td>JUAN JOS\u00c9 GARRIZ<\/td><td>CITRO\u00cbN<\/td><td>32<\/td><td>42;20.526<\/td><td>46.431<\/td><\/tr><tr><td>13<\/td><td>33<\/td><td>JOS\u00c9 MANUEL SAPAG<\/td><td>HONDA<\/td><td>32<\/td><td>42;21.701<\/td><td>47.606<\/td><\/tr><tr><td>14<\/td><td>100<\/td><td>IAN REUTEMANN<\/td><td>TOYOTA<\/td><td>32<\/td><td>42;26.113<\/td><td>52.018<\/td><\/tr><tr><td>15<\/td><td>14<\/td><td>MAT\u00cdAS CRAVERO<\/td><td>CITRO\u00cbN<\/td><td>32<\/td><td>42;34.086<\/td><td>59.991<\/td><\/tr><tr><td>16<\/td><td>67<\/td><td>NICOL\u00c1S TRAUT<\/td><td>CHEVROLET<\/td><td>31<\/td><td>41;54.630<\/td><td>1 vta<\/td><\/tr><tr><td><code><strong>NO CLASIFICARON<\/strong><\/code><\/td><\/tr><tr><td><\/td><td>25<\/td><td>MARCELO CIARROCCHI<\/td><td>CITRO\u00cbN<\/td><td>15<\/td><td>26;53.407<\/td><td>17 vtas<\/td><\/tr><tr><td><\/td><td>34<\/td><td>JUAN \u00c1NGEL ROSSO<\/td><td>HONDA<\/td><td>10<\/td><td>13;40.197<\/td><td>22 vtas<\/td><\/tr><tr><td><\/td><td>97<\/td><td>TOM\u00c1S CINGOLANI<\/td><td>RENAULT<\/td><td>5<\/td><td>6;55.447<\/td><td>27 vtas<\/td><\/tr><tr><td><\/td><td>9<\/td><td>NICOL\u00c1S MOSCARDINI<\/td><td>TOYOTA<\/td><td>2<\/td><td>3;09.121<\/td><td>30 vtas<\/td><\/tr><tr><td>PROMEDIO: 191,592 Km\/h.<\/td><\/tr><tr><td>R\u00c9CORD DE VUELTA: ROSSI, 1;17.004, a 193,922 Km\/h.<\/td><\/tr><\/tbody><\/table><\/figure>\n","protected":false},"excerpt":{"rendered":"<p>El campe\u00f3n Mat\u00edas Rossi volvi\u00f3 al triunfo de modo inobjetable en el Autodromo Ciudad de Toay.Segundo arrib\u00f3 el ganador de<\/p>\n","protected":false},"author":3,"featured_media":1613,"comment_status":"open","ping_status":"open","sticky":false,"template":"","format":"standard","meta":{"colormag_page_container_layout":"default_layout","colormag_page_sidebar_layout":"default_layout","footnotes":""},"categories":[6,5],"tags":[602,366,77,326],"class_list":["post-4571","post","type-post","status-publish","format-standard","has-post-thumbnail","hentry","category-newsflash","category-latest-news","tag-la-pampa","tag-matias-rossi","tag-supertc2000","tag-toyota"],"yoast_head":"<!-- This site is optimized with the Yoast SEO plugin v27.4 - https:\/\/yoast.com\/product\/yoast-seo-wordpress\/ -->\n<title>Autos del Podio | Reapareci\u00f3 el 1<\/title>\n<meta name=\"description\" content=\"Autos del Podio El andar veloz del Toyota Corolla le permiti\u00f3 a Rossi trepar a la cima del campeonato.\" \/>\n<meta name=\"robots\" content=\"index, follow, max-snippet:-1, max-image-preview:large, max-video-preview:-1\" \/>\n<link rel=\"canonical\" href=\"http:\/\/autosdelpodio.com\/autos\/reaparecio-el-1\/\" \/>\n<meta property=\"og:locale\" content=\"es_ES\" \/>\n<meta property=\"og:type\" content=\"article\" \/>\n<meta property=\"og:title\" content=\"Autos del Podio | Reapareci\u00f3 el 1\" \/>\n<meta property=\"og:description\" content=\"Autos del Podio El andar veloz del Toyota Corolla le permiti\u00f3 a Rossi trepar a la cima del campeonato.\" \/>\n<meta property=\"og:url\" content=\"http:\/\/autosdelpodio.com\/autos\/reaparecio-el-1\/\" \/>\n<meta property=\"og:site_name\" content=\"Autos del Podio\" \/>\n<meta property=\"article:publisher\" content=\"https:\/\/www.facebook.com\/profile.php?id=100057192590976&amp;amp%3bamp%3bamp%3bamp%3bamp%3bamp%3bamp%3bamp%3bamp%3bamp%3bamp%3bamp%3bamp%3bamp%3bamp%3bamp%3bamp%3bamp%3bref=ts\" \/>\n<meta property=\"article:published_time\" content=\"2021-08-15T16:17:54+00:00\" \/>\n<meta property=\"article:modified_time\" content=\"2021-08-15T16:17:55+00:00\" \/>\n<meta property=\"og:image\" content=\"http:\/\/autosdelpodio.com\/autos\/wp-content\/uploads\/2020\/04\/STC2000.jpg\" \/>\n\t<meta property=\"og:image:width\" content=\"350\" \/>\n\t<meta property=\"og:image:height\" content=\"189\" \/>\n\t<meta property=\"og:image:type\" content=\"image\/jpeg\" \/>\n<meta name=\"author\" content=\"autosdelpodio\" \/>\n<meta name=\"twitter:card\" content=\"summary_large_image\" \/>\n<meta name=\"twitter:creator\" content=\"@autosdelpodio\" \/>\n<meta name=\"twitter:site\" content=\"@autosdelpodio\" \/>\n<meta name=\"twitter:label1\" content=\"Escrito por\" \/>\n\t<meta name=\"twitter:data1\" content=\"autosdelpodio\" \/>\n\t<meta name=\"twitter:label2\" content=\"Tiempo de lectura\" \/>\n\t<meta name=\"twitter:data2\" content=\"2 minutos\" \/>\n<script type=\"application\/ld+json\" class=\"yoast-schema-graph\">{\"@context\":\"https:\\\/\\\/schema.org\",\"@graph\":[{\"@type\":\"Article\",\"@id\":\"http:\\\/\\\/autosdelpodio.com\\\/autos\\\/reaparecio-el-1\\\/#article\",\"isPartOf\":{\"@id\":\"http:\\\/\\\/autosdelpodio.com\\\/autos\\\/reaparecio-el-1\\\/\"},\"author\":{\"name\":\"autosdelpodio\",\"@id\":\"http:\\\/\\\/autosdelpodio.com\\\/autos\\\/#\\\/schema\\\/person\\\/993527a4d01c3acdd3d6bce3770bc942\"},\"headline\":\"Reapareci\u00f3 el 1\",\"datePublished\":\"2021-08-15T16:17:54+00:00\",\"dateModified\":\"2021-08-15T16:17:55+00:00\",\"mainEntityOfPage\":{\"@id\":\"http:\\\/\\\/autosdelpodio.com\\\/autos\\\/reaparecio-el-1\\\/\"},\"wordCount\":199,\"commentCount\":0,\"publisher\":{\"@id\":\"http:\\\/\\\/autosdelpodio.com\\\/autos\\\/#organization\"},\"image\":{\"@id\":\"http:\\\/\\\/autosdelpodio.com\\\/autos\\\/reaparecio-el-1\\\/#primaryimage\"},\"thumbnailUrl\":\"http:\\\/\\\/autosdelpodio.com\\\/autos\\\/wp-content\\\/uploads\\\/2020\\\/04\\\/STC2000.jpg\",\"keywords\":[\"La Pampa\",\"Matias Rossi\",\"SuperTC2000\",\"Toyota\"],\"articleSection\":[\"Destacado\",\"\u00daltimas noticias\"],\"inLanguage\":\"es\",\"potentialAction\":[{\"@type\":\"CommentAction\",\"name\":\"Comment\",\"target\":[\"http:\\\/\\\/autosdelpodio.com\\\/autos\\\/reaparecio-el-1\\\/#respond\"]}]},{\"@type\":\"WebPage\",\"@id\":\"http:\\\/\\\/autosdelpodio.com\\\/autos\\\/reaparecio-el-1\\\/\",\"url\":\"http:\\\/\\\/autosdelpodio.com\\\/autos\\\/reaparecio-el-1\\\/\",\"name\":\"Autos del Podio | Reapareci\u00f3 el 1\",\"isPartOf\":{\"@id\":\"http:\\\/\\\/autosdelpodio.com\\\/autos\\\/#website\"},\"primaryImageOfPage\":{\"@id\":\"http:\\\/\\\/autosdelpodio.com\\\/autos\\\/reaparecio-el-1\\\/#primaryimage\"},\"image\":{\"@id\":\"http:\\\/\\\/autosdelpodio.com\\\/autos\\\/reaparecio-el-1\\\/#primaryimage\"},\"thumbnailUrl\":\"http:\\\/\\\/autosdelpodio.com\\\/autos\\\/wp-content\\\/uploads\\\/2020\\\/04\\\/STC2000.jpg\",\"datePublished\":\"2021-08-15T16:17:54+00:00\",\"dateModified\":\"2021-08-15T16:17:55+00:00\",\"description\":\"Autos del Podio El andar veloz del Toyota Corolla le permiti\u00f3 a Rossi trepar a la cima del campeonato.\",\"breadcrumb\":{\"@id\":\"http:\\\/\\\/autosdelpodio.com\\\/autos\\\/reaparecio-el-1\\\/#breadcrumb\"},\"inLanguage\":\"es\",\"potentialAction\":[{\"@type\":\"ReadAction\",\"target\":[\"http:\\\/\\\/autosdelpodio.com\\\/autos\\\/reaparecio-el-1\\\/\"]}]},{\"@type\":\"ImageObject\",\"inLanguage\":\"es\",\"@id\":\"http:\\\/\\\/autosdelpodio.com\\\/autos\\\/reaparecio-el-1\\\/#primaryimage\",\"url\":\"http:\\\/\\\/autosdelpodio.com\\\/autos\\\/wp-content\\\/uploads\\\/2020\\\/04\\\/STC2000.jpg\",\"contentUrl\":\"http:\\\/\\\/autosdelpodio.com\\\/autos\\\/wp-content\\\/uploads\\\/2020\\\/04\\\/STC2000.jpg\",\"width\":350,\"height\":189},{\"@type\":\"BreadcrumbList\",\"@id\":\"http:\\\/\\\/autosdelpodio.com\\\/autos\\\/reaparecio-el-1\\\/#breadcrumb\",\"itemListElement\":[{\"@type\":\"ListItem\",\"position\":1,\"name\":\"Portada\",\"item\":\"http:\\\/\\\/autosdelpodio.com\\\/autos\\\/\"},{\"@type\":\"ListItem\",\"position\":2,\"name\":\"Reapareci\u00f3 el 1\"}]},{\"@type\":\"WebSite\",\"@id\":\"http:\\\/\\\/autosdelpodio.com\\\/autos\\\/#website\",\"url\":\"http:\\\/\\\/autosdelpodio.com\\\/autos\\\/\",\"name\":\"Autos del Podio\",\"description\":\"La sexta del deporte motor\",\"publisher\":{\"@id\":\"http:\\\/\\\/autosdelpodio.com\\\/autos\\\/#organization\"},\"potentialAction\":[{\"@type\":\"SearchAction\",\"target\":{\"@type\":\"EntryPoint\",\"urlTemplate\":\"http:\\\/\\\/autosdelpodio.com\\\/autos\\\/?s={search_term_string}\"},\"query-input\":{\"@type\":\"PropertyValueSpecification\",\"valueRequired\":true,\"valueName\":\"search_term_string\"}}],\"inLanguage\":\"es\"},{\"@type\":\"Organization\",\"@id\":\"http:\\\/\\\/autosdelpodio.com\\\/autos\\\/#organization\",\"name\":\"Autos del Podio\",\"url\":\"http:\\\/\\\/autosdelpodio.com\\\/autos\\\/\",\"logo\":{\"@type\":\"ImageObject\",\"inLanguage\":\"es\",\"@id\":\"http:\\\/\\\/autosdelpodio.com\\\/autos\\\/#\\\/schema\\\/logo\\\/image\\\/\",\"url\":\"http:\\\/\\\/autosdelpodio.com\\\/autos\\\/wp-content\\\/uploads\\\/2020\\\/08\\\/Logo_AR.jpg\",\"contentUrl\":\"http:\\\/\\\/autosdelpodio.com\\\/autos\\\/wp-content\\\/uploads\\\/2020\\\/08\\\/Logo_AR.jpg\",\"width\":1038,\"height\":1044,\"caption\":\"Autos del Podio\"},\"image\":{\"@id\":\"http:\\\/\\\/autosdelpodio.com\\\/autos\\\/#\\\/schema\\\/logo\\\/image\\\/\"},\"sameAs\":[\"https:\\\/\\\/www.facebook.com\\\/profile.php?id=100057192590976&amp;amp;amp;amp;amp;amp;amp;amp;amp;amp;amp;amp;amp;amp;amp;amp;amp;amp;ref=ts\",\"https:\\\/\\\/x.com\\\/autosdelpodio\",\"https:\\\/\\\/www.youtube.com\\\/user\\\/AutosdelPodio\"]},{\"@type\":\"Person\",\"@id\":\"http:\\\/\\\/autosdelpodio.com\\\/autos\\\/#\\\/schema\\\/person\\\/993527a4d01c3acdd3d6bce3770bc942\",\"name\":\"autosdelpodio\",\"image\":{\"@type\":\"ImageObject\",\"inLanguage\":\"es\",\"@id\":\"http:\\\/\\\/autosdelpodio.com\\\/autos\\\/wp-content\\\/litespeed\\\/avatar\\\/aa8f65cd201a80f6b844f63278aa84af.jpg?ver=1776798175\",\"url\":\"http:\\\/\\\/autosdelpodio.com\\\/autos\\\/wp-content\\\/litespeed\\\/avatar\\\/aa8f65cd201a80f6b844f63278aa84af.jpg?ver=1776798175\",\"contentUrl\":\"http:\\\/\\\/autosdelpodio.com\\\/autos\\\/wp-content\\\/litespeed\\\/avatar\\\/aa8f65cd201a80f6b844f63278aa84af.jpg?ver=1776798175\",\"caption\":\"autosdelpodio\"}}]}<\/script>\n<!-- \/ Yoast SEO plugin. -->","yoast_head_json":{"title":"Autos del Podio | Reapareci\u00f3 el 1","description":"Autos del Podio El andar veloz del Toyota Corolla le permiti\u00f3 a Rossi trepar a la cima del campeonato.","robots":{"index":"index","follow":"follow","max-snippet":"max-snippet:-1","max-image-preview":"max-image-preview:large","max-video-preview":"max-video-preview:-1"},"canonical":"http:\/\/autosdelpodio.com\/autos\/reaparecio-el-1\/","og_locale":"es_ES","og_type":"article","og_title":"Autos del Podio | Reapareci\u00f3 el 1","og_description":"Autos del Podio El andar veloz del Toyota Corolla le permiti\u00f3 a Rossi trepar a la cima del campeonato.","og_url":"http:\/\/autosdelpodio.com\/autos\/reaparecio-el-1\/","og_site_name":"Autos del Podio","article_publisher":"https:\/\/www.facebook.com\/profile.php?id=100057192590976&amp%3bamp%3bamp%3bamp%3bamp%3bamp%3bamp%3bamp%3bamp%3bamp%3bamp%3bamp%3bamp%3bamp%3bamp%3bamp%3bamp%3bamp%3bref=ts","article_published_time":"2021-08-15T16:17:54+00:00","article_modified_time":"2021-08-15T16:17:55+00:00","og_image":[{"width":350,"height":189,"url":"http:\/\/autosdelpodio.com\/autos\/wp-content\/uploads\/2020\/04\/STC2000.jpg","type":"image\/jpeg"}],"author":"autosdelpodio","twitter_card":"summary_large_image","twitter_creator":"@autosdelpodio","twitter_site":"@autosdelpodio","twitter_misc":{"Escrito por":"autosdelpodio","Tiempo de lectura":"2 minutos"},"schema":{"@context":"https:\/\/schema.org","@graph":[{"@type":"Article","@id":"http:\/\/autosdelpodio.com\/autos\/reaparecio-el-1\/#article","isPartOf":{"@id":"http:\/\/autosdelpodio.com\/autos\/reaparecio-el-1\/"},"author":{"name":"autosdelpodio","@id":"http:\/\/autosdelpodio.com\/autos\/#\/schema\/person\/993527a4d01c3acdd3d6bce3770bc942"},"headline":"Reapareci\u00f3 el 1","datePublished":"2021-08-15T16:17:54+00:00","dateModified":"2021-08-15T16:17:55+00:00","mainEntityOfPage":{"@id":"http:\/\/autosdelpodio.com\/autos\/reaparecio-el-1\/"},"wordCount":199,"commentCount":0,"publisher":{"@id":"http:\/\/autosdelpodio.com\/autos\/#organization"},"image":{"@id":"http:\/\/autosdelpodio.com\/autos\/reaparecio-el-1\/#primaryimage"},"thumbnailUrl":"http:\/\/autosdelpodio.com\/autos\/wp-content\/uploads\/2020\/04\/STC2000.jpg","keywords":["La Pampa","Matias Rossi","SuperTC2000","Toyota"],"articleSection":["Destacado","\u00daltimas noticias"],"inLanguage":"es","potentialAction":[{"@type":"CommentAction","name":"Comment","target":["http:\/\/autosdelpodio.com\/autos\/reaparecio-el-1\/#respond"]}]},{"@type":"WebPage","@id":"http:\/\/autosdelpodio.com\/autos\/reaparecio-el-1\/","url":"http:\/\/autosdelpodio.com\/autos\/reaparecio-el-1\/","name":"Autos del Podio | Reapareci\u00f3 el 1","isPartOf":{"@id":"http:\/\/autosdelpodio.com\/autos\/#website"},"primaryImageOfPage":{"@id":"http:\/\/autosdelpodio.com\/autos\/reaparecio-el-1\/#primaryimage"},"image":{"@id":"http:\/\/autosdelpodio.com\/autos\/reaparecio-el-1\/#primaryimage"},"thumbnailUrl":"http:\/\/autosdelpodio.com\/autos\/wp-content\/uploads\/2020\/04\/STC2000.jpg","datePublished":"2021-08-15T16:17:54+00:00","dateModified":"2021-08-15T16:17:55+00:00","description":"Autos del Podio El andar veloz del Toyota Corolla le permiti\u00f3 a Rossi trepar a la cima del campeonato.","breadcrumb":{"@id":"http:\/\/autosdelpodio.com\/autos\/reaparecio-el-1\/#breadcrumb"},"inLanguage":"es","potentialAction":[{"@type":"ReadAction","target":["http:\/\/autosdelpodio.com\/autos\/reaparecio-el-1\/"]}]},{"@type":"ImageObject","inLanguage":"es","@id":"http:\/\/autosdelpodio.com\/autos\/reaparecio-el-1\/#primaryimage","url":"http:\/\/autosdelpodio.com\/autos\/wp-content\/uploads\/2020\/04\/STC2000.jpg","contentUrl":"http:\/\/autosdelpodio.com\/autos\/wp-content\/uploads\/2020\/04\/STC2000.jpg","width":350,"height":189},{"@type":"BreadcrumbList","@id":"http:\/\/autosdelpodio.com\/autos\/reaparecio-el-1\/#breadcrumb","itemListElement":[{"@type":"ListItem","position":1,"name":"Portada","item":"http:\/\/autosdelpodio.com\/autos\/"},{"@type":"ListItem","position":2,"name":"Reapareci\u00f3 el 1"}]},{"@type":"WebSite","@id":"http:\/\/autosdelpodio.com\/autos\/#website","url":"http:\/\/autosdelpodio.com\/autos\/","name":"Autos del Podio","description":"La sexta del deporte motor","publisher":{"@id":"http:\/\/autosdelpodio.com\/autos\/#organization"},"potentialAction":[{"@type":"SearchAction","target":{"@type":"EntryPoint","urlTemplate":"http:\/\/autosdelpodio.com\/autos\/?s={search_term_string}"},"query-input":{"@type":"PropertyValueSpecification","valueRequired":true,"valueName":"search_term_string"}}],"inLanguage":"es"},{"@type":"Organization","@id":"http:\/\/autosdelpodio.com\/autos\/#organization","name":"Autos del Podio","url":"http:\/\/autosdelpodio.com\/autos\/","logo":{"@type":"ImageObject","inLanguage":"es","@id":"http:\/\/autosdelpodio.com\/autos\/#\/schema\/logo\/image\/","url":"http:\/\/autosdelpodio.com\/autos\/wp-content\/uploads\/2020\/08\/Logo_AR.jpg","contentUrl":"http:\/\/autosdelpodio.com\/autos\/wp-content\/uploads\/2020\/08\/Logo_AR.jpg","width":1038,"height":1044,"caption":"Autos del Podio"},"image":{"@id":"http:\/\/autosdelpodio.com\/autos\/#\/schema\/logo\/image\/"},"sameAs":["https:\/\/www.facebook.com\/profile.php?id=100057192590976&amp;amp;amp;amp;amp;amp;amp;amp;amp;amp;amp;amp;amp;amp;amp;amp;amp;amp;ref=ts","https:\/\/x.com\/autosdelpodio","https:\/\/www.youtube.com\/user\/AutosdelPodio"]},{"@type":"Person","@id":"http:\/\/autosdelpodio.com\/autos\/#\/schema\/person\/993527a4d01c3acdd3d6bce3770bc942","name":"autosdelpodio","image":{"@type":"ImageObject","inLanguage":"es","@id":"http:\/\/autosdelpodio.com\/autos\/wp-content\/litespeed\/avatar\/aa8f65cd201a80f6b844f63278aa84af.jpg?ver=1776798175","url":"http:\/\/autosdelpodio.com\/autos\/wp-content\/litespeed\/avatar\/aa8f65cd201a80f6b844f63278aa84af.jpg?ver=1776798175","contentUrl":"http:\/\/autosdelpodio.com\/autos\/wp-content\/litespeed\/avatar\/aa8f65cd201a80f6b844f63278aa84af.jpg?ver=1776798175","caption":"autosdelpodio"}}]}},"views":507,"_links":{"self":[{"href":"http:\/\/autosdelpodio.com\/autos\/wp-json\/wp\/v2\/posts\/4571","targetHints":{"allow":["GET"]}}],"collection":[{"href":"http:\/\/autosdelpodio.com\/autos\/wp-json\/wp\/v2\/posts"}],"about":[{"href":"http:\/\/autosdelpodio.com\/autos\/wp-json\/wp\/v2\/types\/post"}],"author":[{"embeddable":true,"href":"http:\/\/autosdelpodio.com\/autos\/wp-json\/wp\/v2\/users\/3"}],"replies":[{"embeddable":true,"href":"http:\/\/autosdelpodio.com\/autos\/wp-json\/wp\/v2\/comments?post=4571"}],"version-history":[{"count":1,"href":"http:\/\/autosdelpodio.com\/autos\/wp-json\/wp\/v2\/posts\/4571\/revisions"}],"predecessor-version":[{"id":4572,"href":"http:\/\/autosdelpodio.com\/autos\/wp-json\/wp\/v2\/posts\/4571\/revisions\/4572"}],"wp:featuredmedia":[{"embeddable":true,"href":"http:\/\/autosdelpodio.com\/autos\/wp-json\/wp\/v2\/media\/1613"}],"wp:attachment":[{"href":"http:\/\/autosdelpodio.com\/autos\/wp-json\/wp\/v2\/media?parent=4571"}],"wp:term":[{"taxonomy":"category","embeddable":true,"href":"http:\/\/autosdelpodio.com\/autos\/wp-json\/wp\/v2\/categories?post=4571"},{"taxonomy":"post_tag","embeddable":true,"href":"http:\/\/autosdelpodio.com\/autos\/wp-json\/wp\/v2\/tags?post=4571"}],"curies":[{"name":"wp","href":"https:\/\/api.w.org\/{rel}","templated":true}]}}