{"id":458,"date":"2012-07-08T21:29:57","date_gmt":"2012-07-08T21:29:57","guid":{"rendered":"http:\/\/autosdelpodio.com\/autos\/2012\/07\/08\/nuevo-triunfo-de-carlos-banfi-en-el-turismo-internacional\/"},"modified":"2012-07-08T21:29:57","modified_gmt":"2012-07-08T21:29:57","slug":"nuevo-triunfo-de-carlos-banfi-en-el-turismo-internacional","status":"publish","type":"post","link":"http:\/\/autosdelpodio.com\/autos\/nuevo-triunfo-de-carlos-banfi-en-el-turismo-internacional\/","title":{"rendered":"Nuevo triunfo de Carlos Banfi en el Turismo Internacional"},"content":{"rendered":"<p><span style=\"font-size: x-small;\"> <\/p>\n<p style=\"text-align: justify;\">Nuevo triunfo de Carlos Banfi en el Turismo Internacional esta ma\u00f1ana en el Autodromo Roberto Mouras de La Plata.En tanto que fue victoria de Juan de la Torre en la Clase Uno y Franco Rosales en la Clase Dos. La pr\u00f3xima fecha se disputar\u00e1 el 05 de Agosto, en Olavarr\u00eda.<\/p>\n<p> <\/span><\/p>\n<p>  <!--more-->  <\/p>\n<p>\u00a0<\/p>\n<p><p style=\"text-align: justify;\">Clasificacion general:<\/p>\n<p>1. CARLOS BANFI, (BMW), 26.03.730<\/p>\n<p>2. ALEJANDRO FRANGIOLI, (BMW), A 0.792<\/p>\n<p>3. ADRIAN TRACOGNA, (BMW), A 1.934<\/p>\n<p>4. ALFREDO CORNEJO, (BMW), A 13.687<\/p>\n<p>5. NORBERTO GRUFFAT, (BMW), A 39.015<\/p>\n<p>6. JUAN DE LA TORRE, (BMW), A 42.329<\/p>\n<p>7. CLAUDIO PALAZZO, (BMW), A 45.536<\/p>\n<p>8. MIGUEL BONATERRE, (MERCEDES BENZ), A1.37.274<\/p>\n<p>9. FRANCO ROSALES, (FORD FIESTA), A 1.54.606<\/p>\n<p>10. GUSTAVO GIROTTI, (BMW), A 1 VUELTA<\/p>\n<p>11. WALTER PACHECO, (CHEVROLET CORSA), A 1 VUELTA<\/p>\n<p>12. JUAN IRAZUZTA, (FORD FIESTA), A 1 VUELTA<\/p>\n<p>13. DAMIAN MENAKIAN, (FORD FIESTA), A 1 VUELTA<\/p>\n<p>14. RUBEN DIEGUEZ, (CHEVROLET CORSA), A 1 VUELTA<\/p>\n<p>15. HORACIO GONZALEZ, (FORD FIESTA), A 1 VUELTA<\/p>\n<p>16. OSVALDO DIEGUEZ, (FORD FIESTA), A 1 VUELTA<\/p>\n<p>17. RICARDO WALKER, (FORD FIESTA), A 1 VUELTA<\/p>\n<p>18. PABLO DE LA TORRE, (BMW), A 2 VUELTAS<\/p>\n<p>19. JORGE CASTRO, (CHEVROLET CORSA), A 6 VUELTAS<\/p>\n<p>20. DANIEL LLANOS, (BMW), A 7 VUELTAS<\/p>\n<p>21. NICOLAS BANDERA, (BMW), A 10 VUELTAS<\/p>\n<p>22. MARCELO ALVAREZ, (FORD FIESTA), A 12 VUELTAS<\/p><\/p>\n","protected":false},"excerpt":{"rendered":"<p>Nuevo triunfo de Carlos Banfi en el Turismo Internacional esta ma\u00f1ana en el Autodromo Roberto Mouras de La Plata.En tanto<\/p>\n","protected":false},"author":1,"featured_media":0,"comment_status":"open","ping_status":"open","sticky":false,"template":"","format":"standard","meta":{"colormag_page_container_layout":"default_layout","colormag_page_sidebar_layout":"default_layout","footnotes":""},"categories":[5],"tags":[],"class_list":["post-458","post","type-post","status-publish","format-standard","hentry","category-latest-news"],"yoast_head":"<!-- This site is optimized with the Yoast SEO plugin v27.5 - https:\/\/yoast.com\/product\/yoast-seo-wordpress\/ -->\n<title>Autos del Podio | Nuevo triunfo de Carlos Banfi en el Turismo Internacional<\/title>\n<meta name=\"description\" content=\"Autos del Podio\" \/>\n<meta name=\"robots\" content=\"index, follow, max-snippet:-1, max-image-preview:large, max-video-preview:-1\" \/>\n<link rel=\"canonical\" href=\"http:\/\/autosdelpodio.com\/autos\/nuevo-triunfo-de-carlos-banfi-en-el-turismo-internacional\/\" \/>\n<meta property=\"og:locale\" content=\"es_ES\" \/>\n<meta property=\"og:type\" content=\"article\" \/>\n<meta property=\"og:title\" content=\"Autos del Podio | Nuevo triunfo de Carlos Banfi en el Turismo Internacional\" \/>\n<meta property=\"og:description\" content=\"Autos del Podio\" \/>\n<meta property=\"og:url\" content=\"http:\/\/autosdelpodio.com\/autos\/nuevo-triunfo-de-carlos-banfi-en-el-turismo-internacional\/\" \/>\n<meta property=\"og:site_name\" content=\"Autos del Podio\" \/>\n<meta property=\"article:publisher\" content=\"https:\/\/www.facebook.com\/profile.php?id=100057192590976&amp;amp%3bamp%3bamp%3bamp%3bamp%3bamp%3bamp%3bamp%3bamp%3bamp%3bamp%3bamp%3bamp%3bamp%3bamp%3bamp%3bamp%3bamp%3bref=ts\" \/>\n<meta property=\"article:published_time\" content=\"2012-07-08T21:29:57+00:00\" \/>\n<meta name=\"author\" content=\"wi022230\" \/>\n<meta name=\"twitter:card\" content=\"summary_large_image\" \/>\n<meta name=\"twitter:creator\" content=\"@autosdelpodio\" \/>\n<meta name=\"twitter:site\" content=\"@autosdelpodio\" \/>\n<meta name=\"twitter:label1\" content=\"Escrito por\" \/>\n\t<meta name=\"twitter:data1\" content=\"wi022230\" \/>\n\t<meta name=\"twitter:label2\" content=\"Tiempo de lectura\" \/>\n\t<meta name=\"twitter:data2\" content=\"1 minuto\" \/>\n<script type=\"application\/ld+json\" class=\"yoast-schema-graph\">{\"@context\":\"https:\\\/\\\/schema.org\",\"@graph\":[{\"@type\":\"Article\",\"@id\":\"http:\\\/\\\/autosdelpodio.com\\\/autos\\\/nuevo-triunfo-de-carlos-banfi-en-el-turismo-internacional\\\/#article\",\"isPartOf\":{\"@id\":\"http:\\\/\\\/autosdelpodio.com\\\/autos\\\/nuevo-triunfo-de-carlos-banfi-en-el-turismo-internacional\\\/\"},\"author\":{\"name\":\"wi022230\",\"@id\":\"http:\\\/\\\/autosdelpodio.com\\\/autos\\\/#\\\/schema\\\/person\\\/e88353cabf768863fdf874e30120f3ba\"},\"headline\":\"Nuevo triunfo de Carlos Banfi en el Turismo Internacional\",\"datePublished\":\"2012-07-08T21:29:57+00:00\",\"mainEntityOfPage\":{\"@id\":\"http:\\\/\\\/autosdelpodio.com\\\/autos\\\/nuevo-triunfo-de-carlos-banfi-en-el-turismo-internacional\\\/\"},\"wordCount\":179,\"commentCount\":0,\"publisher\":{\"@id\":\"http:\\\/\\\/autosdelpodio.com\\\/autos\\\/#organization\"},\"articleSection\":[\"\u00daltimas noticias\"],\"inLanguage\":\"es\",\"potentialAction\":[{\"@type\":\"CommentAction\",\"name\":\"Comment\",\"target\":[\"http:\\\/\\\/autosdelpodio.com\\\/autos\\\/nuevo-triunfo-de-carlos-banfi-en-el-turismo-internacional\\\/#respond\"]}]},{\"@type\":\"WebPage\",\"@id\":\"http:\\\/\\\/autosdelpodio.com\\\/autos\\\/nuevo-triunfo-de-carlos-banfi-en-el-turismo-internacional\\\/\",\"url\":\"http:\\\/\\\/autosdelpodio.com\\\/autos\\\/nuevo-triunfo-de-carlos-banfi-en-el-turismo-internacional\\\/\",\"name\":\"Autos del Podio | Nuevo triunfo de Carlos Banfi en el Turismo Internacional\",\"isPartOf\":{\"@id\":\"http:\\\/\\\/autosdelpodio.com\\\/autos\\\/#website\"},\"datePublished\":\"2012-07-08T21:29:57+00:00\",\"description\":\"Autos del Podio\",\"breadcrumb\":{\"@id\":\"http:\\\/\\\/autosdelpodio.com\\\/autos\\\/nuevo-triunfo-de-carlos-banfi-en-el-turismo-internacional\\\/#breadcrumb\"},\"inLanguage\":\"es\",\"potentialAction\":[{\"@type\":\"ReadAction\",\"target\":[\"http:\\\/\\\/autosdelpodio.com\\\/autos\\\/nuevo-triunfo-de-carlos-banfi-en-el-turismo-internacional\\\/\"]}]},{\"@type\":\"BreadcrumbList\",\"@id\":\"http:\\\/\\\/autosdelpodio.com\\\/autos\\\/nuevo-triunfo-de-carlos-banfi-en-el-turismo-internacional\\\/#breadcrumb\",\"itemListElement\":[{\"@type\":\"ListItem\",\"position\":1,\"name\":\"Portada\",\"item\":\"http:\\\/\\\/autosdelpodio.com\\\/autos\\\/\"},{\"@type\":\"ListItem\",\"position\":2,\"name\":\"Nuevo triunfo de Carlos Banfi en el Turismo Internacional\"}]},{\"@type\":\"WebSite\",\"@id\":\"http:\\\/\\\/autosdelpodio.com\\\/autos\\\/#website\",\"url\":\"http:\\\/\\\/autosdelpodio.com\\\/autos\\\/\",\"name\":\"Autos del Podio\",\"description\":\"La sexta del deporte motor\",\"publisher\":{\"@id\":\"http:\\\/\\\/autosdelpodio.com\\\/autos\\\/#organization\"},\"potentialAction\":[{\"@type\":\"SearchAction\",\"target\":{\"@type\":\"EntryPoint\",\"urlTemplate\":\"http:\\\/\\\/autosdelpodio.com\\\/autos\\\/?s={search_term_string}\"},\"query-input\":{\"@type\":\"PropertyValueSpecification\",\"valueRequired\":true,\"valueName\":\"search_term_string\"}}],\"inLanguage\":\"es\"},{\"@type\":\"Organization\",\"@id\":\"http:\\\/\\\/autosdelpodio.com\\\/autos\\\/#organization\",\"name\":\"Autos del Podio\",\"url\":\"http:\\\/\\\/autosdelpodio.com\\\/autos\\\/\",\"logo\":{\"@type\":\"ImageObject\",\"inLanguage\":\"es\",\"@id\":\"http:\\\/\\\/autosdelpodio.com\\\/autos\\\/#\\\/schema\\\/logo\\\/image\\\/\",\"url\":\"http:\\\/\\\/autosdelpodio.com\\\/autos\\\/wp-content\\\/uploads\\\/2020\\\/08\\\/Logo_AR.jpg\",\"contentUrl\":\"http:\\\/\\\/autosdelpodio.com\\\/autos\\\/wp-content\\\/uploads\\\/2020\\\/08\\\/Logo_AR.jpg\",\"width\":1038,\"height\":1044,\"caption\":\"Autos del Podio\"},\"image\":{\"@id\":\"http:\\\/\\\/autosdelpodio.com\\\/autos\\\/#\\\/schema\\\/logo\\\/image\\\/\"},\"sameAs\":[\"https:\\\/\\\/www.facebook.com\\\/profile.php?id=100057192590976&amp;amp;amp;amp;amp;amp;amp;amp;amp;amp;amp;amp;amp;amp;amp;amp;amp;amp;ref=ts\",\"https:\\\/\\\/x.com\\\/autosdelpodio\",\"https:\\\/\\\/www.youtube.com\\\/user\\\/AutosdelPodio\"]},{\"@type\":\"Person\",\"@id\":\"http:\\\/\\\/autosdelpodio.com\\\/autos\\\/#\\\/schema\\\/person\\\/e88353cabf768863fdf874e30120f3ba\",\"name\":\"wi022230\",\"image\":{\"@type\":\"ImageObject\",\"inLanguage\":\"es\",\"@id\":\"http:\\\/\\\/autosdelpodio.com\\\/autos\\\/wp-content\\\/litespeed\\\/avatar\\\/453fc9bdbb11d766ba4c7f14d0bd0aa9.jpg?ver=1777404874\",\"url\":\"http:\\\/\\\/autosdelpodio.com\\\/autos\\\/wp-content\\\/litespeed\\\/avatar\\\/453fc9bdbb11d766ba4c7f14d0bd0aa9.jpg?ver=1777404874\",\"contentUrl\":\"http:\\\/\\\/autosdelpodio.com\\\/autos\\\/wp-content\\\/litespeed\\\/avatar\\\/453fc9bdbb11d766ba4c7f14d0bd0aa9.jpg?ver=1777404874\",\"caption\":\"wi022230\"}}]}<\/script>\n<!-- \/ Yoast SEO plugin. -->","yoast_head_json":{"title":"Autos del Podio | Nuevo triunfo de Carlos Banfi en el Turismo Internacional","description":"Autos del Podio","robots":{"index":"index","follow":"follow","max-snippet":"max-snippet:-1","max-image-preview":"max-image-preview:large","max-video-preview":"max-video-preview:-1"},"canonical":"http:\/\/autosdelpodio.com\/autos\/nuevo-triunfo-de-carlos-banfi-en-el-turismo-internacional\/","og_locale":"es_ES","og_type":"article","og_title":"Autos del Podio | Nuevo triunfo de Carlos Banfi en el Turismo Internacional","og_description":"Autos del Podio","og_url":"http:\/\/autosdelpodio.com\/autos\/nuevo-triunfo-de-carlos-banfi-en-el-turismo-internacional\/","og_site_name":"Autos del Podio","article_publisher":"https:\/\/www.facebook.com\/profile.php?id=100057192590976&amp%3bamp%3bamp%3bamp%3bamp%3bamp%3bamp%3bamp%3bamp%3bamp%3bamp%3bamp%3bamp%3bamp%3bamp%3bamp%3bamp%3bamp%3bref=ts","article_published_time":"2012-07-08T21:29:57+00:00","author":"wi022230","twitter_card":"summary_large_image","twitter_creator":"@autosdelpodio","twitter_site":"@autosdelpodio","twitter_misc":{"Escrito por":"wi022230","Tiempo de lectura":"1 minuto"},"schema":{"@context":"https:\/\/schema.org","@graph":[{"@type":"Article","@id":"http:\/\/autosdelpodio.com\/autos\/nuevo-triunfo-de-carlos-banfi-en-el-turismo-internacional\/#article","isPartOf":{"@id":"http:\/\/autosdelpodio.com\/autos\/nuevo-triunfo-de-carlos-banfi-en-el-turismo-internacional\/"},"author":{"name":"wi022230","@id":"http:\/\/autosdelpodio.com\/autos\/#\/schema\/person\/e88353cabf768863fdf874e30120f3ba"},"headline":"Nuevo triunfo de Carlos Banfi en el Turismo Internacional","datePublished":"2012-07-08T21:29:57+00:00","mainEntityOfPage":{"@id":"http:\/\/autosdelpodio.com\/autos\/nuevo-triunfo-de-carlos-banfi-en-el-turismo-internacional\/"},"wordCount":179,"commentCount":0,"publisher":{"@id":"http:\/\/autosdelpodio.com\/autos\/#organization"},"articleSection":["\u00daltimas noticias"],"inLanguage":"es","potentialAction":[{"@type":"CommentAction","name":"Comment","target":["http:\/\/autosdelpodio.com\/autos\/nuevo-triunfo-de-carlos-banfi-en-el-turismo-internacional\/#respond"]}]},{"@type":"WebPage","@id":"http:\/\/autosdelpodio.com\/autos\/nuevo-triunfo-de-carlos-banfi-en-el-turismo-internacional\/","url":"http:\/\/autosdelpodio.com\/autos\/nuevo-triunfo-de-carlos-banfi-en-el-turismo-internacional\/","name":"Autos del Podio | Nuevo triunfo de Carlos Banfi en el Turismo Internacional","isPartOf":{"@id":"http:\/\/autosdelpodio.com\/autos\/#website"},"datePublished":"2012-07-08T21:29:57+00:00","description":"Autos del Podio","breadcrumb":{"@id":"http:\/\/autosdelpodio.com\/autos\/nuevo-triunfo-de-carlos-banfi-en-el-turismo-internacional\/#breadcrumb"},"inLanguage":"es","potentialAction":[{"@type":"ReadAction","target":["http:\/\/autosdelpodio.com\/autos\/nuevo-triunfo-de-carlos-banfi-en-el-turismo-internacional\/"]}]},{"@type":"BreadcrumbList","@id":"http:\/\/autosdelpodio.com\/autos\/nuevo-triunfo-de-carlos-banfi-en-el-turismo-internacional\/#breadcrumb","itemListElement":[{"@type":"ListItem","position":1,"name":"Portada","item":"http:\/\/autosdelpodio.com\/autos\/"},{"@type":"ListItem","position":2,"name":"Nuevo triunfo de Carlos Banfi en el Turismo Internacional"}]},{"@type":"WebSite","@id":"http:\/\/autosdelpodio.com\/autos\/#website","url":"http:\/\/autosdelpodio.com\/autos\/","name":"Autos del Podio","description":"La sexta del deporte motor","publisher":{"@id":"http:\/\/autosdelpodio.com\/autos\/#organization"},"potentialAction":[{"@type":"SearchAction","target":{"@type":"EntryPoint","urlTemplate":"http:\/\/autosdelpodio.com\/autos\/?s={search_term_string}"},"query-input":{"@type":"PropertyValueSpecification","valueRequired":true,"valueName":"search_term_string"}}],"inLanguage":"es"},{"@type":"Organization","@id":"http:\/\/autosdelpodio.com\/autos\/#organization","name":"Autos del Podio","url":"http:\/\/autosdelpodio.com\/autos\/","logo":{"@type":"ImageObject","inLanguage":"es","@id":"http:\/\/autosdelpodio.com\/autos\/#\/schema\/logo\/image\/","url":"http:\/\/autosdelpodio.com\/autos\/wp-content\/uploads\/2020\/08\/Logo_AR.jpg","contentUrl":"http:\/\/autosdelpodio.com\/autos\/wp-content\/uploads\/2020\/08\/Logo_AR.jpg","width":1038,"height":1044,"caption":"Autos del Podio"},"image":{"@id":"http:\/\/autosdelpodio.com\/autos\/#\/schema\/logo\/image\/"},"sameAs":["https:\/\/www.facebook.com\/profile.php?id=100057192590976&amp;amp;amp;amp;amp;amp;amp;amp;amp;amp;amp;amp;amp;amp;amp;amp;amp;amp;ref=ts","https:\/\/x.com\/autosdelpodio","https:\/\/www.youtube.com\/user\/AutosdelPodio"]},{"@type":"Person","@id":"http:\/\/autosdelpodio.com\/autos\/#\/schema\/person\/e88353cabf768863fdf874e30120f3ba","name":"wi022230","image":{"@type":"ImageObject","inLanguage":"es","@id":"http:\/\/autosdelpodio.com\/autos\/wp-content\/litespeed\/avatar\/453fc9bdbb11d766ba4c7f14d0bd0aa9.jpg?ver=1777404874","url":"http:\/\/autosdelpodio.com\/autos\/wp-content\/litespeed\/avatar\/453fc9bdbb11d766ba4c7f14d0bd0aa9.jpg?ver=1777404874","contentUrl":"http:\/\/autosdelpodio.com\/autos\/wp-content\/litespeed\/avatar\/453fc9bdbb11d766ba4c7f14d0bd0aa9.jpg?ver=1777404874","caption":"wi022230"}}]}},"views":628,"_links":{"self":[{"href":"http:\/\/autosdelpodio.com\/autos\/wp-json\/wp\/v2\/posts\/458","targetHints":{"allow":["GET"]}}],"collection":[{"href":"http:\/\/autosdelpodio.com\/autos\/wp-json\/wp\/v2\/posts"}],"about":[{"href":"http:\/\/autosdelpodio.com\/autos\/wp-json\/wp\/v2\/types\/post"}],"author":[{"embeddable":true,"href":"http:\/\/autosdelpodio.com\/autos\/wp-json\/wp\/v2\/users\/1"}],"replies":[{"embeddable":true,"href":"http:\/\/autosdelpodio.com\/autos\/wp-json\/wp\/v2\/comments?post=458"}],"version-history":[{"count":0,"href":"http:\/\/autosdelpodio.com\/autos\/wp-json\/wp\/v2\/posts\/458\/revisions"}],"wp:attachment":[{"href":"http:\/\/autosdelpodio.com\/autos\/wp-json\/wp\/v2\/media?parent=458"}],"wp:term":[{"taxonomy":"category","embeddable":true,"href":"http:\/\/autosdelpodio.com\/autos\/wp-json\/wp\/v2\/categories?post=458"},{"taxonomy":"post_tag","embeddable":true,"href":"http:\/\/autosdelpodio.com\/autos\/wp-json\/wp\/v2\/tags?post=458"}],"curies":[{"name":"wp","href":"https:\/\/api.w.org\/{rel}","templated":true}]}}