{"id":468,"date":"2012-07-24T00:16:49","date_gmt":"2012-07-24T00:16:49","guid":{"rendered":"http:\/\/autosdelpodio.com\/autos\/2012\/07\/24\/estoy-a-pata-por-haberle-dicho-boton-a-alguien-que-dijo-que-mi-hermano-marcos-mentia\/"},"modified":"2012-07-24T00:16:49","modified_gmt":"2012-07-24T00:16:49","slug":"estoy-a-pata-por-haberle-dicho-boton-a-alguien-que-dijo-que-mi-hermano-marcos-mentia","status":"publish","type":"post","link":"http:\/\/autosdelpodio.com\/autos\/estoy-a-pata-por-haberle-dicho-boton-a-alguien-que-dijo-que-mi-hermano-marcos-mentia\/","title":{"rendered":"\u201cESTOY A PATA POR HABERLE DICHO \u2018BOT\u00d3N\u2019 A ALGUIEN QUE DIJO QUE MI HERMANO MARCOS MENT\u00cdA\u201d"},"content":{"rendered":"<p>\u00a0<\/p>\n<\/p>\n<p>\u00a0<\/p>\n<p style=\"text-align: justify;\"><strong>PATRICIO DI PALMA<\/strong> habla de todo: <strong> Oscar Aventin<\/strong> y un problema con un sponsor, su pelea con Carburando y remat\u00f3: \u201cYo estoy abajo por haberlo defendido a Marcos\u201d.<\/p>\n<p style=\"text-align: justify;\">\u00a0<\/p>\n<p style=\"text-align: justify;\">Es cierto, <strong>el Pato Di Palma<\/strong>, cuando lo ve\u00edamos en las calles de boxes, nunca se callaba nada. Y ahora, cuando puede lo sigue haciendo. <strong>Fijate las cosas que apunta y las que revela.<\/strong><\/p>\n<p style=\"text-align: justify;\"><strong><br \/><\/strong><\/p>\n<p style=\"text-align: justify;\"><strong>\u201cHoy por hoy no estoy pensando en volver al TC, ni tengo ninguna propuesta serie ni nada. Desde que me baj\u00e9 del TC nunca tuve una propuesta. Sinceramente, no tengo nada. Si vienen con alg\u00fan proyecto lindo e importante lo analizar\u00eda y estar\u00eda corriendo\u201d.<\/strong><\/p>\n<p style=\"text-align: justify;\"><strong><br \/><\/strong><\/p>\n<p style=\"text-align: justify;\">-Lo de Carburando no fue contra Carburando en s\u00ed, fue con un periodista de Carburando, y por eso hubo algunos roces. Una vez en una cena, Aventin estaba ah\u00ed e hicieron la vista gorda. Despu\u00e9s pasaron a enfocarme poco el auto y eso, por supuesto, te perjudica en el tema de las publicidades. Ese fue el motivo por el cual me tuve que alejar del TC y bueno, hoy por hoy, hay otra productora pero creo que es de p\u00fablico conocimiento que Pistas Argentinas, si no tengo mal entendido, lo maneja Diego (Aventin). As\u00ed que sigue manejando todo Oscar Aventin\u201d.<\/p>\n<p style=\"text-align: justify;\">\u00a0<\/p>\n<p style=\"text-align: justify;\"><strong>\u201cEl tema es muy complejo. Hay cosas en las que yo no estoy muy de acuerdo, como que te alquilen la carpa (la de los boxes) por el fin de semana por 2 mil y pico o 3 mil pesos. Resulta que si esa carpa la vas \u00a0a comprar sale 12 mil pesos; y \u00a0que el alquiler de un departamento de tres ambientes en Buenos Aires te lo cobran eso. Me parece que se est\u00e1 desvirtuando un poco lo que es abaratar los costos y hacer las cosas bien. Hoy los retan a los pilotos, los mandan a la cucha y nade hace nada y ni si quiera hay un espect\u00e1culo como la gente y tampoco se preocupan por eso\u201d.<\/strong><\/p>\n<p style=\"text-align: justify;\"><strong><br \/><\/strong><\/p>\n<p style=\"text-align: justify;\">\u201cIndudablemente mi hermano y yo hemos tenido roces con algunos por estos temas. A veces si bien yo ten\u00eda un poco m\u00e1s de di\u00e1logo con Oscar, \u00e9l no estaba muy de acuerdo con algunas cosas que opin\u00e1bamos nosotros. Esas son cosas que hacen que te vayas alejando. Ellos saben que tu situaci\u00f3n en la categor\u00eda no la podes sostener m\u00e1s por un tema econ\u00f3mico y si ellos se preocupar\u00edan por que te enfoquen el auto y dem\u00e1s por ah\u00ed no te termin\u00e1s cayendo. Pero tambi\u00e9n te pueden dar una mano para caerte. Y eso fue lo que pas\u00f3. Yo me alej\u00e9 y nadie se preocup\u00f3 por nada, tampoco; ac\u00e1 estoy, \u00a0sin correr. Pero sigo viviendo, por supuesto. Y como le digo a muchos sigo firme y el automovilismo, no s\u00e9, ni si quiera sab\u00eda que corr\u00eda este fin de semana el TC porque ni siquiera estoy mirando las carreras porque creo que son las m\u00e1s aburridas que hay dentro del automovilismo. Entre ellos, TC 2000 y Top Race, indudablemente eleg\u00eds el TN porque es la que m\u00e1s espect\u00e1culo da y la que mayores roces tiene que es lo que le gusta a la gente. Y no que si uno hace un trompo, lo retan y lo mandan a la casa\u201d.<\/p>\n<p style=\"text-align: justify;\">\u00a0<\/p>\n<p style=\"text-align: justify;\"><strong>\u201cDesde que me fui del TC habl\u00e9 una sola vez que me llam\u00f3 \u00e9l para ofrecerme volver al TC con la marca que yo quisiera. Y cuando consegu\u00ed un sponsor que me bancaba con un Ford, este sponsor fue a hablar con \u00e9l y termin\u00f3 siendo sponsor de Diego. As\u00ed que despu\u00e9s de eso nunca m\u00e1s tuve di\u00e1logo\u201d.<\/strong><\/p>\n<p style=\"text-align: justify;\"><strong><br \/><\/strong><\/p>\n<p style=\"text-align: justify;\">\u201cLos Di Palma no es que no encajamos en este sistema, solamente tenemos distintos pensamientos. Y es como todo. No es bueno tener algo en el que piensen todos iguales; siempre ten\u00e9s que tener algo de oposici\u00f3n. Yo creo que las carreras tienen que ser un poco m\u00e1s divertidas. Tiene que existir un Traverso que se bajaba del auto, puteaba y daba un portazo, \u00a0a la gente le gustaba; un Marquitos Di Palma que hac\u00eda las locuras que hac\u00eda o un Patricio Di Palma que dec\u00eda las cosas que dec\u00eda. Siempre dentro del respeto l\u00f3gico, porque yo jam\u00e1s lo insult\u00e9. S\u00f3lo dije las verdades que tal vez a ellos no les gusta que yo diga.<\/p>\n<p style=\"text-align: justify;\">\u00a0<\/p>\n<p style=\"text-align: justify;\"><strong>\u201cEst\u00e1 bien si Marcos quiere volver al TC. Nosotros siempre vivimos del automovilismo y es la realidad. Hoy no lo hago por una cuesti\u00f3n de diferencias con diferentes personas. Y, bueno, eso hizo que me alejara del automovilismo. Y es m\u00e1s, te digo que hoy estoy de a pie tambi\u00e9n por defender a mi hermano Marcos; y mucha gente lo sabe. Hoy estoy a pata por haberle dicho \u201cbot\u00f3n\u201d a alguien que dijo que mi hermano Marcos ment\u00eda en todo lo que dec\u00eda, y que Fontana dec\u00eda la verdad en todo. Y si vos sos un periodista sos un formador de opiniones, no pod\u00e9s decir \u00e9ste miente y \u00e9ste no. S\u00ed pod\u00e9s decir: \u201cEstoy de acuerdo con tal o no\u201d, pero desde su punto de vista y no pod\u00e9s ser categ\u00f3rico diciendo que tal est\u00e1 mintiendo. De ah\u00ed en m\u00e1s por defender a mi hermano, que en ese momento estaba peleado con todos, me terminaron bajando a m\u00ed, porque no tengo el micr\u00f3fono que tiene Marcos. Qued\u00e9 abajo, Marcos se amig\u00f3 con todos y sigui\u00f3 corriendo y despu\u00e9s se baj\u00f3 a fin de a\u00f1o; no s\u00e9 bien cu\u00e1les fueron los motivos. Yo estoy abajo por haberlo defendido a Marcos, no estoy arrepentido y lo volver\u00eda a hacer porque es mi hermano\u201d.<\/strong><\/p>\n<p style=\"text-align: justify;\"><strong><br \/><\/strong><\/p>\n<p style=\"text-align: justify;\">\u201cSi Marcos vuelve al TC, me parece b\u00e1rbaro tendr\u00e1 sus razones, a lo mejor hoy piensa igual que Oscar Aventin; entonces me parece b\u00e1rbaro que vuelva al TC y que integre todo lo que es el TC\u201d.<\/p>\n<p style=\"text-align: justify;\">\u00a0<\/p>\n<p style=\"text-align: justify;\">Foto: archivo Visi\u00f3nAuto.<\/p>\n<p>\u00a0<\/p>\n","protected":false},"excerpt":{"rendered":"<p>\u00a0 \u00a0 PATRICIO DI PALMA habla de todo: Oscar Aventin y un problema con un sponsor, su pelea con Carburando<\/p>\n","protected":false},"author":1,"featured_media":467,"comment_status":"open","ping_status":"open","sticky":false,"template":"","format":"standard","meta":{"colormag_page_container_layout":"default_layout","colormag_page_sidebar_layout":"default_layout","footnotes":""},"categories":[17],"tags":[],"class_list":["post-468","post","type-post","status-publish","format-standard","has-post-thumbnail","hentry","category-entrevistas"],"yoast_head":"<!-- This site is optimized with the Yoast SEO plugin v27.5 - https:\/\/yoast.com\/product\/yoast-seo-wordpress\/ -->\n<title>Autos del Podio | \u201cESTOY A PATA POR HABERLE DICHO \u2018BOT\u00d3N\u2019 A ALGUIEN QUE DIJO QUE MI HERMANO MARCOS MENT\u00cdA\u201d<\/title>\n<meta name=\"description\" content=\"Autos del Podio\" \/>\n<meta name=\"robots\" content=\"index, follow, max-snippet:-1, max-image-preview:large, max-video-preview:-1\" \/>\n<link rel=\"canonical\" href=\"http:\/\/autosdelpodio.com\/autos\/estoy-a-pata-por-haberle-dicho-boton-a-alguien-que-dijo-que-mi-hermano-marcos-mentia\/\" \/>\n<meta property=\"og:locale\" content=\"es_ES\" \/>\n<meta property=\"og:type\" content=\"article\" \/>\n<meta property=\"og:title\" content=\"Autos del Podio | \u201cESTOY A PATA POR HABERLE DICHO \u2018BOT\u00d3N\u2019 A ALGUIEN QUE DIJO QUE MI HERMANO MARCOS MENT\u00cdA\u201d\" \/>\n<meta property=\"og:description\" content=\"Autos del Podio\" \/>\n<meta property=\"og:url\" content=\"http:\/\/autosdelpodio.com\/autos\/estoy-a-pata-por-haberle-dicho-boton-a-alguien-que-dijo-que-mi-hermano-marcos-mentia\/\" \/>\n<meta property=\"og:site_name\" content=\"Autos del Podio\" \/>\n<meta property=\"article:publisher\" content=\"https:\/\/www.facebook.com\/profile.php?id=100057192590976&amp;amp%3bamp%3bamp%3bamp%3bamp%3bamp%3bamp%3bamp%3bamp%3bamp%3bamp%3bamp%3bamp%3bamp%3bamp%3bamp%3bamp%3bamp%3bref=ts\" \/>\n<meta property=\"article:published_time\" content=\"2012-07-24T00:16:49+00:00\" \/>\n<meta property=\"og:image\" content=\"http:\/\/autosdelpodio.com\/autos\/wp-content\/uploads\/2012\/07\/patriciodipalm.jpg\" \/>\n\t<meta property=\"og:image:width\" content=\"630\" \/>\n\t<meta property=\"og:image:height\" content=\"426\" \/>\n\t<meta property=\"og:image:type\" content=\"image\/jpeg\" \/>\n<meta name=\"author\" content=\"wi022230\" \/>\n<meta name=\"twitter:card\" content=\"summary_large_image\" \/>\n<meta name=\"twitter:creator\" content=\"@autosdelpodio\" \/>\n<meta name=\"twitter:site\" content=\"@autosdelpodio\" \/>\n<meta name=\"twitter:label1\" content=\"Escrito por\" \/>\n\t<meta name=\"twitter:data1\" content=\"wi022230\" \/>\n\t<meta name=\"twitter:label2\" content=\"Tiempo de lectura\" \/>\n\t<meta name=\"twitter:data2\" content=\"5 minutos\" \/>\n<script type=\"application\/ld+json\" class=\"yoast-schema-graph\">{\"@context\":\"https:\\\/\\\/schema.org\",\"@graph\":[{\"@type\":\"Article\",\"@id\":\"http:\\\/\\\/autosdelpodio.com\\\/autos\\\/estoy-a-pata-por-haberle-dicho-boton-a-alguien-que-dijo-que-mi-hermano-marcos-mentia\\\/#article\",\"isPartOf\":{\"@id\":\"http:\\\/\\\/autosdelpodio.com\\\/autos\\\/estoy-a-pata-por-haberle-dicho-boton-a-alguien-que-dijo-que-mi-hermano-marcos-mentia\\\/\"},\"author\":{\"name\":\"wi022230\",\"@id\":\"http:\\\/\\\/autosdelpodio.com\\\/autos\\\/#\\\/schema\\\/person\\\/e88353cabf768863fdf874e30120f3ba\"},\"headline\":\"\u201cESTOY A PATA POR HABERLE DICHO \u2018BOT\u00d3N\u2019 A ALGUIEN QUE DIJO QUE MI HERMANO MARCOS MENT\u00cdA\u201d\",\"datePublished\":\"2012-07-24T00:16:49+00:00\",\"mainEntityOfPage\":{\"@id\":\"http:\\\/\\\/autosdelpodio.com\\\/autos\\\/estoy-a-pata-por-haberle-dicho-boton-a-alguien-que-dijo-que-mi-hermano-marcos-mentia\\\/\"},\"wordCount\":1032,\"commentCount\":0,\"publisher\":{\"@id\":\"http:\\\/\\\/autosdelpodio.com\\\/autos\\\/#organization\"},\"image\":{\"@id\":\"http:\\\/\\\/autosdelpodio.com\\\/autos\\\/estoy-a-pata-por-haberle-dicho-boton-a-alguien-que-dijo-que-mi-hermano-marcos-mentia\\\/#primaryimage\"},\"thumbnailUrl\":\"http:\\\/\\\/autosdelpodio.com\\\/autos\\\/wp-content\\\/uploads\\\/2012\\\/07\\\/patriciodipalm.jpg\",\"articleSection\":[\"Entrevistas\"],\"inLanguage\":\"es\",\"potentialAction\":[{\"@type\":\"CommentAction\",\"name\":\"Comment\",\"target\":[\"http:\\\/\\\/autosdelpodio.com\\\/autos\\\/estoy-a-pata-por-haberle-dicho-boton-a-alguien-que-dijo-que-mi-hermano-marcos-mentia\\\/#respond\"]}]},{\"@type\":\"WebPage\",\"@id\":\"http:\\\/\\\/autosdelpodio.com\\\/autos\\\/estoy-a-pata-por-haberle-dicho-boton-a-alguien-que-dijo-que-mi-hermano-marcos-mentia\\\/\",\"url\":\"http:\\\/\\\/autosdelpodio.com\\\/autos\\\/estoy-a-pata-por-haberle-dicho-boton-a-alguien-que-dijo-que-mi-hermano-marcos-mentia\\\/\",\"name\":\"Autos del Podio | \u201cESTOY A PATA POR HABERLE DICHO \u2018BOT\u00d3N\u2019 A ALGUIEN QUE DIJO QUE MI HERMANO MARCOS MENT\u00cdA\u201d\",\"isPartOf\":{\"@id\":\"http:\\\/\\\/autosdelpodio.com\\\/autos\\\/#website\"},\"primaryImageOfPage\":{\"@id\":\"http:\\\/\\\/autosdelpodio.com\\\/autos\\\/estoy-a-pata-por-haberle-dicho-boton-a-alguien-que-dijo-que-mi-hermano-marcos-mentia\\\/#primaryimage\"},\"image\":{\"@id\":\"http:\\\/\\\/autosdelpodio.com\\\/autos\\\/estoy-a-pata-por-haberle-dicho-boton-a-alguien-que-dijo-que-mi-hermano-marcos-mentia\\\/#primaryimage\"},\"thumbnailUrl\":\"http:\\\/\\\/autosdelpodio.com\\\/autos\\\/wp-content\\\/uploads\\\/2012\\\/07\\\/patriciodipalm.jpg\",\"datePublished\":\"2012-07-24T00:16:49+00:00\",\"description\":\"Autos del Podio\",\"breadcrumb\":{\"@id\":\"http:\\\/\\\/autosdelpodio.com\\\/autos\\\/estoy-a-pata-por-haberle-dicho-boton-a-alguien-que-dijo-que-mi-hermano-marcos-mentia\\\/#breadcrumb\"},\"inLanguage\":\"es\",\"potentialAction\":[{\"@type\":\"ReadAction\",\"target\":[\"http:\\\/\\\/autosdelpodio.com\\\/autos\\\/estoy-a-pata-por-haberle-dicho-boton-a-alguien-que-dijo-que-mi-hermano-marcos-mentia\\\/\"]}]},{\"@type\":\"ImageObject\",\"inLanguage\":\"es\",\"@id\":\"http:\\\/\\\/autosdelpodio.com\\\/autos\\\/estoy-a-pata-por-haberle-dicho-boton-a-alguien-que-dijo-que-mi-hermano-marcos-mentia\\\/#primaryimage\",\"url\":\"http:\\\/\\\/autosdelpodio.com\\\/autos\\\/wp-content\\\/uploads\\\/2012\\\/07\\\/patriciodipalm.jpg\",\"contentUrl\":\"http:\\\/\\\/autosdelpodio.com\\\/autos\\\/wp-content\\\/uploads\\\/2012\\\/07\\\/patriciodipalm.jpg\",\"width\":630,\"height\":426},{\"@type\":\"BreadcrumbList\",\"@id\":\"http:\\\/\\\/autosdelpodio.com\\\/autos\\\/estoy-a-pata-por-haberle-dicho-boton-a-alguien-que-dijo-que-mi-hermano-marcos-mentia\\\/#breadcrumb\",\"itemListElement\":[{\"@type\":\"ListItem\",\"position\":1,\"name\":\"Portada\",\"item\":\"http:\\\/\\\/autosdelpodio.com\\\/autos\\\/\"},{\"@type\":\"ListItem\",\"position\":2,\"name\":\"\u201cESTOY A PATA POR HABERLE DICHO \u2018BOT\u00d3N\u2019 A ALGUIEN QUE DIJO QUE MI HERMANO MARCOS MENT\u00cdA\u201d\"}]},{\"@type\":\"WebSite\",\"@id\":\"http:\\\/\\\/autosdelpodio.com\\\/autos\\\/#website\",\"url\":\"http:\\\/\\\/autosdelpodio.com\\\/autos\\\/\",\"name\":\"Autos del Podio\",\"description\":\"La sexta del deporte motor\",\"publisher\":{\"@id\":\"http:\\\/\\\/autosdelpodio.com\\\/autos\\\/#organization\"},\"potentialAction\":[{\"@type\":\"SearchAction\",\"target\":{\"@type\":\"EntryPoint\",\"urlTemplate\":\"http:\\\/\\\/autosdelpodio.com\\\/autos\\\/?s={search_term_string}\"},\"query-input\":{\"@type\":\"PropertyValueSpecification\",\"valueRequired\":true,\"valueName\":\"search_term_string\"}}],\"inLanguage\":\"es\"},{\"@type\":\"Organization\",\"@id\":\"http:\\\/\\\/autosdelpodio.com\\\/autos\\\/#organization\",\"name\":\"Autos del Podio\",\"url\":\"http:\\\/\\\/autosdelpodio.com\\\/autos\\\/\",\"logo\":{\"@type\":\"ImageObject\",\"inLanguage\":\"es\",\"@id\":\"http:\\\/\\\/autosdelpodio.com\\\/autos\\\/#\\\/schema\\\/logo\\\/image\\\/\",\"url\":\"http:\\\/\\\/autosdelpodio.com\\\/autos\\\/wp-content\\\/uploads\\\/2020\\\/08\\\/Logo_AR.jpg\",\"contentUrl\":\"http:\\\/\\\/autosdelpodio.com\\\/autos\\\/wp-content\\\/uploads\\\/2020\\\/08\\\/Logo_AR.jpg\",\"width\":1038,\"height\":1044,\"caption\":\"Autos del Podio\"},\"image\":{\"@id\":\"http:\\\/\\\/autosdelpodio.com\\\/autos\\\/#\\\/schema\\\/logo\\\/image\\\/\"},\"sameAs\":[\"https:\\\/\\\/www.facebook.com\\\/profile.php?id=100057192590976&amp;amp;amp;amp;amp;amp;amp;amp;amp;amp;amp;amp;amp;amp;amp;amp;amp;amp;ref=ts\",\"https:\\\/\\\/x.com\\\/autosdelpodio\",\"https:\\\/\\\/www.youtube.com\\\/user\\\/AutosdelPodio\"]},{\"@type\":\"Person\",\"@id\":\"http:\\\/\\\/autosdelpodio.com\\\/autos\\\/#\\\/schema\\\/person\\\/e88353cabf768863fdf874e30120f3ba\",\"name\":\"wi022230\",\"image\":{\"@type\":\"ImageObject\",\"inLanguage\":\"es\",\"@id\":\"http:\\\/\\\/autosdelpodio.com\\\/autos\\\/wp-content\\\/litespeed\\\/avatar\\\/453fc9bdbb11d766ba4c7f14d0bd0aa9.jpg?ver=1777404874\",\"url\":\"http:\\\/\\\/autosdelpodio.com\\\/autos\\\/wp-content\\\/litespeed\\\/avatar\\\/453fc9bdbb11d766ba4c7f14d0bd0aa9.jpg?ver=1777404874\",\"contentUrl\":\"http:\\\/\\\/autosdelpodio.com\\\/autos\\\/wp-content\\\/litespeed\\\/avatar\\\/453fc9bdbb11d766ba4c7f14d0bd0aa9.jpg?ver=1777404874\",\"caption\":\"wi022230\"}}]}<\/script>\n<!-- \/ Yoast SEO plugin. -->","yoast_head_json":{"title":"Autos del Podio | \u201cESTOY A PATA POR HABERLE DICHO \u2018BOT\u00d3N\u2019 A ALGUIEN QUE DIJO QUE MI HERMANO MARCOS MENT\u00cdA\u201d","description":"Autos del Podio","robots":{"index":"index","follow":"follow","max-snippet":"max-snippet:-1","max-image-preview":"max-image-preview:large","max-video-preview":"max-video-preview:-1"},"canonical":"http:\/\/autosdelpodio.com\/autos\/estoy-a-pata-por-haberle-dicho-boton-a-alguien-que-dijo-que-mi-hermano-marcos-mentia\/","og_locale":"es_ES","og_type":"article","og_title":"Autos del Podio | \u201cESTOY A PATA POR HABERLE DICHO \u2018BOT\u00d3N\u2019 A ALGUIEN QUE DIJO QUE MI HERMANO MARCOS MENT\u00cdA\u201d","og_description":"Autos del Podio","og_url":"http:\/\/autosdelpodio.com\/autos\/estoy-a-pata-por-haberle-dicho-boton-a-alguien-que-dijo-que-mi-hermano-marcos-mentia\/","og_site_name":"Autos del Podio","article_publisher":"https:\/\/www.facebook.com\/profile.php?id=100057192590976&amp%3bamp%3bamp%3bamp%3bamp%3bamp%3bamp%3bamp%3bamp%3bamp%3bamp%3bamp%3bamp%3bamp%3bamp%3bamp%3bamp%3bamp%3bref=ts","article_published_time":"2012-07-24T00:16:49+00:00","og_image":[{"width":630,"height":426,"url":"http:\/\/autosdelpodio.com\/autos\/wp-content\/uploads\/2012\/07\/patriciodipalm.jpg","type":"image\/jpeg"}],"author":"wi022230","twitter_card":"summary_large_image","twitter_creator":"@autosdelpodio","twitter_site":"@autosdelpodio","twitter_misc":{"Escrito por":"wi022230","Tiempo de lectura":"5 minutos"},"schema":{"@context":"https:\/\/schema.org","@graph":[{"@type":"Article","@id":"http:\/\/autosdelpodio.com\/autos\/estoy-a-pata-por-haberle-dicho-boton-a-alguien-que-dijo-que-mi-hermano-marcos-mentia\/#article","isPartOf":{"@id":"http:\/\/autosdelpodio.com\/autos\/estoy-a-pata-por-haberle-dicho-boton-a-alguien-que-dijo-que-mi-hermano-marcos-mentia\/"},"author":{"name":"wi022230","@id":"http:\/\/autosdelpodio.com\/autos\/#\/schema\/person\/e88353cabf768863fdf874e30120f3ba"},"headline":"\u201cESTOY A PATA POR HABERLE DICHO \u2018BOT\u00d3N\u2019 A ALGUIEN QUE DIJO QUE MI HERMANO MARCOS MENT\u00cdA\u201d","datePublished":"2012-07-24T00:16:49+00:00","mainEntityOfPage":{"@id":"http:\/\/autosdelpodio.com\/autos\/estoy-a-pata-por-haberle-dicho-boton-a-alguien-que-dijo-que-mi-hermano-marcos-mentia\/"},"wordCount":1032,"commentCount":0,"publisher":{"@id":"http:\/\/autosdelpodio.com\/autos\/#organization"},"image":{"@id":"http:\/\/autosdelpodio.com\/autos\/estoy-a-pata-por-haberle-dicho-boton-a-alguien-que-dijo-que-mi-hermano-marcos-mentia\/#primaryimage"},"thumbnailUrl":"http:\/\/autosdelpodio.com\/autos\/wp-content\/uploads\/2012\/07\/patriciodipalm.jpg","articleSection":["Entrevistas"],"inLanguage":"es","potentialAction":[{"@type":"CommentAction","name":"Comment","target":["http:\/\/autosdelpodio.com\/autos\/estoy-a-pata-por-haberle-dicho-boton-a-alguien-que-dijo-que-mi-hermano-marcos-mentia\/#respond"]}]},{"@type":"WebPage","@id":"http:\/\/autosdelpodio.com\/autos\/estoy-a-pata-por-haberle-dicho-boton-a-alguien-que-dijo-que-mi-hermano-marcos-mentia\/","url":"http:\/\/autosdelpodio.com\/autos\/estoy-a-pata-por-haberle-dicho-boton-a-alguien-que-dijo-que-mi-hermano-marcos-mentia\/","name":"Autos del Podio | \u201cESTOY A PATA POR HABERLE DICHO \u2018BOT\u00d3N\u2019 A ALGUIEN QUE DIJO QUE MI HERMANO MARCOS MENT\u00cdA\u201d","isPartOf":{"@id":"http:\/\/autosdelpodio.com\/autos\/#website"},"primaryImageOfPage":{"@id":"http:\/\/autosdelpodio.com\/autos\/estoy-a-pata-por-haberle-dicho-boton-a-alguien-que-dijo-que-mi-hermano-marcos-mentia\/#primaryimage"},"image":{"@id":"http:\/\/autosdelpodio.com\/autos\/estoy-a-pata-por-haberle-dicho-boton-a-alguien-que-dijo-que-mi-hermano-marcos-mentia\/#primaryimage"},"thumbnailUrl":"http:\/\/autosdelpodio.com\/autos\/wp-content\/uploads\/2012\/07\/patriciodipalm.jpg","datePublished":"2012-07-24T00:16:49+00:00","description":"Autos del Podio","breadcrumb":{"@id":"http:\/\/autosdelpodio.com\/autos\/estoy-a-pata-por-haberle-dicho-boton-a-alguien-que-dijo-que-mi-hermano-marcos-mentia\/#breadcrumb"},"inLanguage":"es","potentialAction":[{"@type":"ReadAction","target":["http:\/\/autosdelpodio.com\/autos\/estoy-a-pata-por-haberle-dicho-boton-a-alguien-que-dijo-que-mi-hermano-marcos-mentia\/"]}]},{"@type":"ImageObject","inLanguage":"es","@id":"http:\/\/autosdelpodio.com\/autos\/estoy-a-pata-por-haberle-dicho-boton-a-alguien-que-dijo-que-mi-hermano-marcos-mentia\/#primaryimage","url":"http:\/\/autosdelpodio.com\/autos\/wp-content\/uploads\/2012\/07\/patriciodipalm.jpg","contentUrl":"http:\/\/autosdelpodio.com\/autos\/wp-content\/uploads\/2012\/07\/patriciodipalm.jpg","width":630,"height":426},{"@type":"BreadcrumbList","@id":"http:\/\/autosdelpodio.com\/autos\/estoy-a-pata-por-haberle-dicho-boton-a-alguien-que-dijo-que-mi-hermano-marcos-mentia\/#breadcrumb","itemListElement":[{"@type":"ListItem","position":1,"name":"Portada","item":"http:\/\/autosdelpodio.com\/autos\/"},{"@type":"ListItem","position":2,"name":"\u201cESTOY A PATA POR HABERLE DICHO \u2018BOT\u00d3N\u2019 A ALGUIEN QUE DIJO QUE MI HERMANO MARCOS MENT\u00cdA\u201d"}]},{"@type":"WebSite","@id":"http:\/\/autosdelpodio.com\/autos\/#website","url":"http:\/\/autosdelpodio.com\/autos\/","name":"Autos del Podio","description":"La sexta del deporte motor","publisher":{"@id":"http:\/\/autosdelpodio.com\/autos\/#organization"},"potentialAction":[{"@type":"SearchAction","target":{"@type":"EntryPoint","urlTemplate":"http:\/\/autosdelpodio.com\/autos\/?s={search_term_string}"},"query-input":{"@type":"PropertyValueSpecification","valueRequired":true,"valueName":"search_term_string"}}],"inLanguage":"es"},{"@type":"Organization","@id":"http:\/\/autosdelpodio.com\/autos\/#organization","name":"Autos del Podio","url":"http:\/\/autosdelpodio.com\/autos\/","logo":{"@type":"ImageObject","inLanguage":"es","@id":"http:\/\/autosdelpodio.com\/autos\/#\/schema\/logo\/image\/","url":"http:\/\/autosdelpodio.com\/autos\/wp-content\/uploads\/2020\/08\/Logo_AR.jpg","contentUrl":"http:\/\/autosdelpodio.com\/autos\/wp-content\/uploads\/2020\/08\/Logo_AR.jpg","width":1038,"height":1044,"caption":"Autos del Podio"},"image":{"@id":"http:\/\/autosdelpodio.com\/autos\/#\/schema\/logo\/image\/"},"sameAs":["https:\/\/www.facebook.com\/profile.php?id=100057192590976&amp;amp;amp;amp;amp;amp;amp;amp;amp;amp;amp;amp;amp;amp;amp;amp;amp;amp;ref=ts","https:\/\/x.com\/autosdelpodio","https:\/\/www.youtube.com\/user\/AutosdelPodio"]},{"@type":"Person","@id":"http:\/\/autosdelpodio.com\/autos\/#\/schema\/person\/e88353cabf768863fdf874e30120f3ba","name":"wi022230","image":{"@type":"ImageObject","inLanguage":"es","@id":"http:\/\/autosdelpodio.com\/autos\/wp-content\/litespeed\/avatar\/453fc9bdbb11d766ba4c7f14d0bd0aa9.jpg?ver=1777404874","url":"http:\/\/autosdelpodio.com\/autos\/wp-content\/litespeed\/avatar\/453fc9bdbb11d766ba4c7f14d0bd0aa9.jpg?ver=1777404874","contentUrl":"http:\/\/autosdelpodio.com\/autos\/wp-content\/litespeed\/avatar\/453fc9bdbb11d766ba4c7f14d0bd0aa9.jpg?ver=1777404874","caption":"wi022230"}}]}},"views":697,"_links":{"self":[{"href":"http:\/\/autosdelpodio.com\/autos\/wp-json\/wp\/v2\/posts\/468","targetHints":{"allow":["GET"]}}],"collection":[{"href":"http:\/\/autosdelpodio.com\/autos\/wp-json\/wp\/v2\/posts"}],"about":[{"href":"http:\/\/autosdelpodio.com\/autos\/wp-json\/wp\/v2\/types\/post"}],"author":[{"embeddable":true,"href":"http:\/\/autosdelpodio.com\/autos\/wp-json\/wp\/v2\/users\/1"}],"replies":[{"embeddable":true,"href":"http:\/\/autosdelpodio.com\/autos\/wp-json\/wp\/v2\/comments?post=468"}],"version-history":[{"count":0,"href":"http:\/\/autosdelpodio.com\/autos\/wp-json\/wp\/v2\/posts\/468\/revisions"}],"wp:featuredmedia":[{"embeddable":true,"href":"http:\/\/autosdelpodio.com\/autos\/wp-json\/wp\/v2\/media\/467"}],"wp:attachment":[{"href":"http:\/\/autosdelpodio.com\/autos\/wp-json\/wp\/v2\/media?parent=468"}],"wp:term":[{"taxonomy":"category","embeddable":true,"href":"http:\/\/autosdelpodio.com\/autos\/wp-json\/wp\/v2\/categories?post=468"},{"taxonomy":"post_tag","embeddable":true,"href":"http:\/\/autosdelpodio.com\/autos\/wp-json\/wp\/v2\/tags?post=468"}],"curies":[{"name":"wp","href":"https:\/\/api.w.org\/{rel}","templated":true}]}}