{"id":4686,"date":"2021-09-08T15:37:59","date_gmt":"2021-09-08T18:37:59","guid":{"rendered":"http:\/\/autosdelpodio.com\/autos\/?p=4686"},"modified":"2021-09-08T19:45:06","modified_gmt":"2021-09-08T22:45:06","slug":"crecio-la-produccion-automotriz-en-agosto","status":"publish","type":"post","link":"http:\/\/autosdelpodio.com\/autos\/crecio-la-produccion-automotriz-en-agosto\/","title":{"rendered":"Creci\u00f3 la producci\u00f3n automotriz en agosto"},"content":{"rendered":"\n<p>Con 38.362 unidades, la producci\u00f3n nacional de agosto registr\u00f3 una suba del 20,1 % respecto de julio y un incremento del 48,5 % con relaci\u00f3n a igual mes del a\u00f1o anterior.<\/p>\n\n\n\n<p>Las 24.937 exportadas en agosto se ubicaron 7,6 % por sobre el mes anterior y registraron una suba de 83,3 % con relaci\u00f3n a agosto del a\u00f1o pasado.<\/p>\n\n\n\n<p>Con 26.069 unidades, las ventas a concesionarios tuvieron una suba del 7 % en agosto respecto de julio y un descenso del 8 % con relaci\u00f3n a igual mes del 2020.<\/p>\n\n\n\n<p>Con 21 d\u00edas h\u00e1biles de actividad, en agosto las terminales automotrices produjeron 38.362 unidades, un 20,1 % m\u00e1s respecto del volumen que se contabiliz\u00f3 el mes anterior y una mejora de 48,5 % respecto de las 25.835 unidades que se produjeron en agosto 2020.<\/p>\n\n\n\n<p>En el acumulado de los primeros ocho meses del a\u00f1o, las terminales automotrices produjeron&nbsp; 263.877 unidades (veh\u00edculos de pasajeros y utilitarios), lo que marc\u00f3 un aumento de 97,5 % si se compara con las 133.590 unidades que se produjeron en el mismo per\u00edodo de 2020.<\/p>\n\n\n\n<h5 class=\"wp-block-heading\">La producci\u00f3n ya supera los vol\u00famenes de la pre-pandemia<\/h5>\n\n\n\n<p>\u201cEl comportamiento del sector contin\u00faa reflejando buenos resultados como consecuencia del trabajo y el compromiso que asumieron las terminales en aumentar los vol\u00famenes de producci\u00f3n, y eso se ve reflejado tambi\u00e9n en la presencia de los veh\u00edculos nacionales en las ventas internas que alcanzaron la participaci\u00f3n m\u00e1s alta sobre el total en lo que va del a\u00f1o\u201d, se\u00f1al\u00f3 Daniel Herrero, presidente de ADEFA, y agreg\u00f3 que \u201chay que destacar que tanto producci\u00f3n como exportaci\u00f3n, los principales pilares de nuestra industria, muestran vol\u00famenes superiores a los registrados en el per\u00edodo pre-pandemia (2019)\u201d.<\/p>\n\n\n\n<p>Continuando con los datos de agosto, el informe da cuenta que el volumen de veh\u00edculos exportados durante el mes pasado fue de 24.937 unidades, lo que mostr\u00f3 una mejora de 7,6 % en su comparaci\u00f3n con julio. Si se compara con agosto 2020, el sector registr\u00f3 una suba de 83,3 %&nbsp; en los env\u00edos.<\/p>\n\n\n\n<p>En el acumulado de enero- agosto, las terminales exportaron 155.991 veh\u00edculos, es decir, se registr\u00f3 un aumento de 104,1 % en su comparaci\u00f3n con el mismo per\u00edodo del a\u00f1o pasado cuando se enviaron 76.440 unidades a diversos mercados.<\/p>\n\n\n\n<p>Finalmente, en lo que respecta a ventas mayoristas, el informe arroj\u00f3 que en agosto el sector automotor en su conjunto comercializ\u00f3 a la red de concesionarios 26.069 unidades, un 7 % m\u00e1s respecto de las entregas de julio y un 8 % menos respecto del&nbsp; volumen del mismo mes del a\u00f1o pasado.<\/p>\n\n\n\n<p>De esta forma, la venta mayorista (a concesionarios) alcanz\u00f3 las 222.864 unidades&nbsp; en el acumulado del a\u00f1o, un 28,1 % m\u00e1s respecto del mismo per\u00edodo de 2020 en el que se comercializaron 173.979 veh\u00edculos.<\/p>\n\n\n\n<p>Fuente:&nbsp;<a href=\"http:\/\/adefa.org.ar\/es\/index\" target=\"_blank\" rel=\"noreferrer noopener\">ADEFA<\/a><\/p>\n\n\n\n<p><em>Por Gustavo Feder, editor de <a href=\"https:\/\/autohistoria.com.ar\/\" target=\"_blank\" rel=\"noreferrer noopener\">Autohistoria<\/a><\/em><\/p>\n","protected":false},"excerpt":{"rendered":"<p>Con 38.362 unidades, la producci\u00f3n nacional de agosto registr\u00f3 una suba del 20,1 % respecto de julio y un incremento<\/p>\n","protected":false},"author":3,"featured_media":3794,"comment_status":"open","ping_status":"open","sticky":false,"template":"","format":"standard","meta":{"colormag_page_container_layout":"default_layout","colormag_page_sidebar_layout":"default_layout","footnotes":""},"categories":[6,5],"tags":[611,32,208,35],"class_list":["post-4686","post","type-post","status-publish","format-standard","has-post-thumbnail","hentry","category-newsflash","category-latest-news","tag-adefa","tag-industria-automotriz","tag-produccion","tag-republica-argentina"],"yoast_head":"<!-- This site is optimized with the Yoast SEO plugin v27.5 - https:\/\/yoast.com\/product\/yoast-seo-wordpress\/ -->\n<title>Autos del Podio | Creci\u00f3 la producci\u00f3n automotriz en agosto<\/title>\n<meta name=\"description\" content=\"Autos del Podio Tanto los vol\u00famenes de producci\u00f3n como de exportaci\u00f3n ya superan los registros previos a la pandemia.\" \/>\n<meta name=\"robots\" content=\"index, follow, max-snippet:-1, max-image-preview:large, max-video-preview:-1\" \/>\n<link rel=\"canonical\" href=\"http:\/\/autosdelpodio.com\/autos\/crecio-la-produccion-automotriz-en-agosto\/\" \/>\n<meta property=\"og:locale\" content=\"es_ES\" \/>\n<meta property=\"og:type\" content=\"article\" \/>\n<meta property=\"og:title\" content=\"Autos del Podio | Creci\u00f3 la producci\u00f3n automotriz en agosto\" \/>\n<meta property=\"og:description\" content=\"Autos del Podio Tanto los vol\u00famenes de producci\u00f3n como de exportaci\u00f3n ya superan los registros previos a la pandemia.\" \/>\n<meta property=\"og:url\" content=\"http:\/\/autosdelpodio.com\/autos\/crecio-la-produccion-automotriz-en-agosto\/\" \/>\n<meta property=\"og:site_name\" content=\"Autos del Podio\" \/>\n<meta property=\"article:publisher\" content=\"https:\/\/www.facebook.com\/profile.php?id=100057192590976&amp;amp%3bamp%3bamp%3bamp%3bamp%3bamp%3bamp%3bamp%3bamp%3bamp%3bamp%3bamp%3bamp%3bamp%3bamp%3bamp%3bamp%3bamp%3bref=ts\" \/>\n<meta property=\"article:published_time\" content=\"2021-09-08T18:37:59+00:00\" \/>\n<meta property=\"article:modified_time\" content=\"2021-09-08T22:45:06+00:00\" \/>\n<meta property=\"og:image\" content=\"http:\/\/autosdelpodio.com\/autos\/wp-content\/uploads\/2021\/01\/Planta-Toyota-Zarate_H-e1631126195322.jpg\" \/>\n\t<meta property=\"og:image:width\" content=\"500\" \/>\n\t<meta property=\"og:image:height\" content=\"250\" \/>\n\t<meta property=\"og:image:type\" content=\"image\/jpeg\" \/>\n<meta name=\"author\" content=\"autosdelpodio\" \/>\n<meta name=\"twitter:card\" content=\"summary_large_image\" \/>\n<meta name=\"twitter:creator\" content=\"@autosdelpodio\" \/>\n<meta name=\"twitter:site\" content=\"@autosdelpodio\" \/>\n<meta name=\"twitter:label1\" content=\"Escrito por\" \/>\n\t<meta name=\"twitter:data1\" content=\"autosdelpodio\" \/>\n\t<meta name=\"twitter:label2\" content=\"Tiempo de lectura\" \/>\n\t<meta name=\"twitter:data2\" content=\"3 minutos\" \/>\n<script type=\"application\/ld+json\" class=\"yoast-schema-graph\">{\"@context\":\"https:\\\/\\\/schema.org\",\"@graph\":[{\"@type\":\"Article\",\"@id\":\"http:\\\/\\\/autosdelpodio.com\\\/autos\\\/crecio-la-produccion-automotriz-en-agosto\\\/#article\",\"isPartOf\":{\"@id\":\"http:\\\/\\\/autosdelpodio.com\\\/autos\\\/crecio-la-produccion-automotriz-en-agosto\\\/\"},\"author\":{\"name\":\"autosdelpodio\",\"@id\":\"http:\\\/\\\/autosdelpodio.com\\\/autos\\\/#\\\/schema\\\/person\\\/993527a4d01c3acdd3d6bce3770bc942\"},\"headline\":\"Creci\u00f3 la producci\u00f3n automotriz en agosto\",\"datePublished\":\"2021-09-08T18:37:59+00:00\",\"dateModified\":\"2021-09-08T22:45:06+00:00\",\"mainEntityOfPage\":{\"@id\":\"http:\\\/\\\/autosdelpodio.com\\\/autos\\\/crecio-la-produccion-automotriz-en-agosto\\\/\"},\"wordCount\":467,\"commentCount\":0,\"publisher\":{\"@id\":\"http:\\\/\\\/autosdelpodio.com\\\/autos\\\/#organization\"},\"image\":{\"@id\":\"http:\\\/\\\/autosdelpodio.com\\\/autos\\\/crecio-la-produccion-automotriz-en-agosto\\\/#primaryimage\"},\"thumbnailUrl\":\"http:\\\/\\\/autosdelpodio.com\\\/autos\\\/wp-content\\\/uploads\\\/2021\\\/01\\\/Planta-Toyota-Zarate_H-e1631126195322.jpg\",\"keywords\":[\"ADEFA\",\"Industria Automotriz\",\"Producci\u00f3n\",\"Republica Argentina\"],\"articleSection\":[\"Destacado\",\"\u00daltimas noticias\"],\"inLanguage\":\"es\",\"potentialAction\":[{\"@type\":\"CommentAction\",\"name\":\"Comment\",\"target\":[\"http:\\\/\\\/autosdelpodio.com\\\/autos\\\/crecio-la-produccion-automotriz-en-agosto\\\/#respond\"]}]},{\"@type\":\"WebPage\",\"@id\":\"http:\\\/\\\/autosdelpodio.com\\\/autos\\\/crecio-la-produccion-automotriz-en-agosto\\\/\",\"url\":\"http:\\\/\\\/autosdelpodio.com\\\/autos\\\/crecio-la-produccion-automotriz-en-agosto\\\/\",\"name\":\"Autos del Podio | Creci\u00f3 la producci\u00f3n automotriz en agosto\",\"isPartOf\":{\"@id\":\"http:\\\/\\\/autosdelpodio.com\\\/autos\\\/#website\"},\"primaryImageOfPage\":{\"@id\":\"http:\\\/\\\/autosdelpodio.com\\\/autos\\\/crecio-la-produccion-automotriz-en-agosto\\\/#primaryimage\"},\"image\":{\"@id\":\"http:\\\/\\\/autosdelpodio.com\\\/autos\\\/crecio-la-produccion-automotriz-en-agosto\\\/#primaryimage\"},\"thumbnailUrl\":\"http:\\\/\\\/autosdelpodio.com\\\/autos\\\/wp-content\\\/uploads\\\/2021\\\/01\\\/Planta-Toyota-Zarate_H-e1631126195322.jpg\",\"datePublished\":\"2021-09-08T18:37:59+00:00\",\"dateModified\":\"2021-09-08T22:45:06+00:00\",\"description\":\"Autos del Podio Tanto los vol\u00famenes de producci\u00f3n como de exportaci\u00f3n ya superan los registros previos a la pandemia.\",\"breadcrumb\":{\"@id\":\"http:\\\/\\\/autosdelpodio.com\\\/autos\\\/crecio-la-produccion-automotriz-en-agosto\\\/#breadcrumb\"},\"inLanguage\":\"es\",\"potentialAction\":[{\"@type\":\"ReadAction\",\"target\":[\"http:\\\/\\\/autosdelpodio.com\\\/autos\\\/crecio-la-produccion-automotriz-en-agosto\\\/\"]}]},{\"@type\":\"ImageObject\",\"inLanguage\":\"es\",\"@id\":\"http:\\\/\\\/autosdelpodio.com\\\/autos\\\/crecio-la-produccion-automotriz-en-agosto\\\/#primaryimage\",\"url\":\"http:\\\/\\\/autosdelpodio.com\\\/autos\\\/wp-content\\\/uploads\\\/2021\\\/01\\\/Planta-Toyota-Zarate_H-e1631126195322.jpg\",\"contentUrl\":\"http:\\\/\\\/autosdelpodio.com\\\/autos\\\/wp-content\\\/uploads\\\/2021\\\/01\\\/Planta-Toyota-Zarate_H-e1631126195322.jpg\",\"width\":500,\"height\":250},{\"@type\":\"BreadcrumbList\",\"@id\":\"http:\\\/\\\/autosdelpodio.com\\\/autos\\\/crecio-la-produccion-automotriz-en-agosto\\\/#breadcrumb\",\"itemListElement\":[{\"@type\":\"ListItem\",\"position\":1,\"name\":\"Portada\",\"item\":\"http:\\\/\\\/autosdelpodio.com\\\/autos\\\/\"},{\"@type\":\"ListItem\",\"position\":2,\"name\":\"Creci\u00f3 la producci\u00f3n automotriz en agosto\"}]},{\"@type\":\"WebSite\",\"@id\":\"http:\\\/\\\/autosdelpodio.com\\\/autos\\\/#website\",\"url\":\"http:\\\/\\\/autosdelpodio.com\\\/autos\\\/\",\"name\":\"Autos del Podio\",\"description\":\"La sexta del deporte motor\",\"publisher\":{\"@id\":\"http:\\\/\\\/autosdelpodio.com\\\/autos\\\/#organization\"},\"potentialAction\":[{\"@type\":\"SearchAction\",\"target\":{\"@type\":\"EntryPoint\",\"urlTemplate\":\"http:\\\/\\\/autosdelpodio.com\\\/autos\\\/?s={search_term_string}\"},\"query-input\":{\"@type\":\"PropertyValueSpecification\",\"valueRequired\":true,\"valueName\":\"search_term_string\"}}],\"inLanguage\":\"es\"},{\"@type\":\"Organization\",\"@id\":\"http:\\\/\\\/autosdelpodio.com\\\/autos\\\/#organization\",\"name\":\"Autos del Podio\",\"url\":\"http:\\\/\\\/autosdelpodio.com\\\/autos\\\/\",\"logo\":{\"@type\":\"ImageObject\",\"inLanguage\":\"es\",\"@id\":\"http:\\\/\\\/autosdelpodio.com\\\/autos\\\/#\\\/schema\\\/logo\\\/image\\\/\",\"url\":\"http:\\\/\\\/autosdelpodio.com\\\/autos\\\/wp-content\\\/uploads\\\/2020\\\/08\\\/Logo_AR.jpg\",\"contentUrl\":\"http:\\\/\\\/autosdelpodio.com\\\/autos\\\/wp-content\\\/uploads\\\/2020\\\/08\\\/Logo_AR.jpg\",\"width\":1038,\"height\":1044,\"caption\":\"Autos del Podio\"},\"image\":{\"@id\":\"http:\\\/\\\/autosdelpodio.com\\\/autos\\\/#\\\/schema\\\/logo\\\/image\\\/\"},\"sameAs\":[\"https:\\\/\\\/www.facebook.com\\\/profile.php?id=100057192590976&amp;amp;amp;amp;amp;amp;amp;amp;amp;amp;amp;amp;amp;amp;amp;amp;amp;amp;ref=ts\",\"https:\\\/\\\/x.com\\\/autosdelpodio\",\"https:\\\/\\\/www.youtube.com\\\/user\\\/AutosdelPodio\"]},{\"@type\":\"Person\",\"@id\":\"http:\\\/\\\/autosdelpodio.com\\\/autos\\\/#\\\/schema\\\/person\\\/993527a4d01c3acdd3d6bce3770bc942\",\"name\":\"autosdelpodio\",\"image\":{\"@type\":\"ImageObject\",\"inLanguage\":\"es\",\"@id\":\"http:\\\/\\\/autosdelpodio.com\\\/autos\\\/wp-content\\\/litespeed\\\/avatar\\\/aa8f65cd201a80f6b844f63278aa84af.jpg?ver=1777403005\",\"url\":\"http:\\\/\\\/autosdelpodio.com\\\/autos\\\/wp-content\\\/litespeed\\\/avatar\\\/aa8f65cd201a80f6b844f63278aa84af.jpg?ver=1777403005\",\"contentUrl\":\"http:\\\/\\\/autosdelpodio.com\\\/autos\\\/wp-content\\\/litespeed\\\/avatar\\\/aa8f65cd201a80f6b844f63278aa84af.jpg?ver=1777403005\",\"caption\":\"autosdelpodio\"}}]}<\/script>\n<!-- \/ Yoast SEO plugin. -->","yoast_head_json":{"title":"Autos del Podio | Creci\u00f3 la producci\u00f3n automotriz en agosto","description":"Autos del Podio Tanto los vol\u00famenes de producci\u00f3n como de exportaci\u00f3n ya superan los registros previos a la pandemia.","robots":{"index":"index","follow":"follow","max-snippet":"max-snippet:-1","max-image-preview":"max-image-preview:large","max-video-preview":"max-video-preview:-1"},"canonical":"http:\/\/autosdelpodio.com\/autos\/crecio-la-produccion-automotriz-en-agosto\/","og_locale":"es_ES","og_type":"article","og_title":"Autos del Podio | Creci\u00f3 la producci\u00f3n automotriz en agosto","og_description":"Autos del Podio Tanto los vol\u00famenes de producci\u00f3n como de exportaci\u00f3n ya superan los registros previos a la pandemia.","og_url":"http:\/\/autosdelpodio.com\/autos\/crecio-la-produccion-automotriz-en-agosto\/","og_site_name":"Autos del Podio","article_publisher":"https:\/\/www.facebook.com\/profile.php?id=100057192590976&amp%3bamp%3bamp%3bamp%3bamp%3bamp%3bamp%3bamp%3bamp%3bamp%3bamp%3bamp%3bamp%3bamp%3bamp%3bamp%3bamp%3bamp%3bref=ts","article_published_time":"2021-09-08T18:37:59+00:00","article_modified_time":"2021-09-08T22:45:06+00:00","og_image":[{"width":500,"height":250,"url":"http:\/\/autosdelpodio.com\/autos\/wp-content\/uploads\/2021\/01\/Planta-Toyota-Zarate_H-e1631126195322.jpg","type":"image\/jpeg"}],"author":"autosdelpodio","twitter_card":"summary_large_image","twitter_creator":"@autosdelpodio","twitter_site":"@autosdelpodio","twitter_misc":{"Escrito por":"autosdelpodio","Tiempo de lectura":"3 minutos"},"schema":{"@context":"https:\/\/schema.org","@graph":[{"@type":"Article","@id":"http:\/\/autosdelpodio.com\/autos\/crecio-la-produccion-automotriz-en-agosto\/#article","isPartOf":{"@id":"http:\/\/autosdelpodio.com\/autos\/crecio-la-produccion-automotriz-en-agosto\/"},"author":{"name":"autosdelpodio","@id":"http:\/\/autosdelpodio.com\/autos\/#\/schema\/person\/993527a4d01c3acdd3d6bce3770bc942"},"headline":"Creci\u00f3 la producci\u00f3n automotriz en agosto","datePublished":"2021-09-08T18:37:59+00:00","dateModified":"2021-09-08T22:45:06+00:00","mainEntityOfPage":{"@id":"http:\/\/autosdelpodio.com\/autos\/crecio-la-produccion-automotriz-en-agosto\/"},"wordCount":467,"commentCount":0,"publisher":{"@id":"http:\/\/autosdelpodio.com\/autos\/#organization"},"image":{"@id":"http:\/\/autosdelpodio.com\/autos\/crecio-la-produccion-automotriz-en-agosto\/#primaryimage"},"thumbnailUrl":"http:\/\/autosdelpodio.com\/autos\/wp-content\/uploads\/2021\/01\/Planta-Toyota-Zarate_H-e1631126195322.jpg","keywords":["ADEFA","Industria Automotriz","Producci\u00f3n","Republica Argentina"],"articleSection":["Destacado","\u00daltimas noticias"],"inLanguage":"es","potentialAction":[{"@type":"CommentAction","name":"Comment","target":["http:\/\/autosdelpodio.com\/autos\/crecio-la-produccion-automotriz-en-agosto\/#respond"]}]},{"@type":"WebPage","@id":"http:\/\/autosdelpodio.com\/autos\/crecio-la-produccion-automotriz-en-agosto\/","url":"http:\/\/autosdelpodio.com\/autos\/crecio-la-produccion-automotriz-en-agosto\/","name":"Autos del Podio | Creci\u00f3 la producci\u00f3n automotriz en agosto","isPartOf":{"@id":"http:\/\/autosdelpodio.com\/autos\/#website"},"primaryImageOfPage":{"@id":"http:\/\/autosdelpodio.com\/autos\/crecio-la-produccion-automotriz-en-agosto\/#primaryimage"},"image":{"@id":"http:\/\/autosdelpodio.com\/autos\/crecio-la-produccion-automotriz-en-agosto\/#primaryimage"},"thumbnailUrl":"http:\/\/autosdelpodio.com\/autos\/wp-content\/uploads\/2021\/01\/Planta-Toyota-Zarate_H-e1631126195322.jpg","datePublished":"2021-09-08T18:37:59+00:00","dateModified":"2021-09-08T22:45:06+00:00","description":"Autos del Podio Tanto los vol\u00famenes de producci\u00f3n como de exportaci\u00f3n ya superan los registros previos a la pandemia.","breadcrumb":{"@id":"http:\/\/autosdelpodio.com\/autos\/crecio-la-produccion-automotriz-en-agosto\/#breadcrumb"},"inLanguage":"es","potentialAction":[{"@type":"ReadAction","target":["http:\/\/autosdelpodio.com\/autos\/crecio-la-produccion-automotriz-en-agosto\/"]}]},{"@type":"ImageObject","inLanguage":"es","@id":"http:\/\/autosdelpodio.com\/autos\/crecio-la-produccion-automotriz-en-agosto\/#primaryimage","url":"http:\/\/autosdelpodio.com\/autos\/wp-content\/uploads\/2021\/01\/Planta-Toyota-Zarate_H-e1631126195322.jpg","contentUrl":"http:\/\/autosdelpodio.com\/autos\/wp-content\/uploads\/2021\/01\/Planta-Toyota-Zarate_H-e1631126195322.jpg","width":500,"height":250},{"@type":"BreadcrumbList","@id":"http:\/\/autosdelpodio.com\/autos\/crecio-la-produccion-automotriz-en-agosto\/#breadcrumb","itemListElement":[{"@type":"ListItem","position":1,"name":"Portada","item":"http:\/\/autosdelpodio.com\/autos\/"},{"@type":"ListItem","position":2,"name":"Creci\u00f3 la producci\u00f3n automotriz en agosto"}]},{"@type":"WebSite","@id":"http:\/\/autosdelpodio.com\/autos\/#website","url":"http:\/\/autosdelpodio.com\/autos\/","name":"Autos del Podio","description":"La sexta del deporte motor","publisher":{"@id":"http:\/\/autosdelpodio.com\/autos\/#organization"},"potentialAction":[{"@type":"SearchAction","target":{"@type":"EntryPoint","urlTemplate":"http:\/\/autosdelpodio.com\/autos\/?s={search_term_string}"},"query-input":{"@type":"PropertyValueSpecification","valueRequired":true,"valueName":"search_term_string"}}],"inLanguage":"es"},{"@type":"Organization","@id":"http:\/\/autosdelpodio.com\/autos\/#organization","name":"Autos del Podio","url":"http:\/\/autosdelpodio.com\/autos\/","logo":{"@type":"ImageObject","inLanguage":"es","@id":"http:\/\/autosdelpodio.com\/autos\/#\/schema\/logo\/image\/","url":"http:\/\/autosdelpodio.com\/autos\/wp-content\/uploads\/2020\/08\/Logo_AR.jpg","contentUrl":"http:\/\/autosdelpodio.com\/autos\/wp-content\/uploads\/2020\/08\/Logo_AR.jpg","width":1038,"height":1044,"caption":"Autos del Podio"},"image":{"@id":"http:\/\/autosdelpodio.com\/autos\/#\/schema\/logo\/image\/"},"sameAs":["https:\/\/www.facebook.com\/profile.php?id=100057192590976&amp;amp;amp;amp;amp;amp;amp;amp;amp;amp;amp;amp;amp;amp;amp;amp;amp;amp;ref=ts","https:\/\/x.com\/autosdelpodio","https:\/\/www.youtube.com\/user\/AutosdelPodio"]},{"@type":"Person","@id":"http:\/\/autosdelpodio.com\/autos\/#\/schema\/person\/993527a4d01c3acdd3d6bce3770bc942","name":"autosdelpodio","image":{"@type":"ImageObject","inLanguage":"es","@id":"http:\/\/autosdelpodio.com\/autos\/wp-content\/litespeed\/avatar\/aa8f65cd201a80f6b844f63278aa84af.jpg?ver=1777403005","url":"http:\/\/autosdelpodio.com\/autos\/wp-content\/litespeed\/avatar\/aa8f65cd201a80f6b844f63278aa84af.jpg?ver=1777403005","contentUrl":"http:\/\/autosdelpodio.com\/autos\/wp-content\/litespeed\/avatar\/aa8f65cd201a80f6b844f63278aa84af.jpg?ver=1777403005","caption":"autosdelpodio"}}]}},"views":1564,"_links":{"self":[{"href":"http:\/\/autosdelpodio.com\/autos\/wp-json\/wp\/v2\/posts\/4686","targetHints":{"allow":["GET"]}}],"collection":[{"href":"http:\/\/autosdelpodio.com\/autos\/wp-json\/wp\/v2\/posts"}],"about":[{"href":"http:\/\/autosdelpodio.com\/autos\/wp-json\/wp\/v2\/types\/post"}],"author":[{"embeddable":true,"href":"http:\/\/autosdelpodio.com\/autos\/wp-json\/wp\/v2\/users\/3"}],"replies":[{"embeddable":true,"href":"http:\/\/autosdelpodio.com\/autos\/wp-json\/wp\/v2\/comments?post=4686"}],"version-history":[{"count":2,"href":"http:\/\/autosdelpodio.com\/autos\/wp-json\/wp\/v2\/posts\/4686\/revisions"}],"predecessor-version":[{"id":4688,"href":"http:\/\/autosdelpodio.com\/autos\/wp-json\/wp\/v2\/posts\/4686\/revisions\/4688"}],"wp:featuredmedia":[{"embeddable":true,"href":"http:\/\/autosdelpodio.com\/autos\/wp-json\/wp\/v2\/media\/3794"}],"wp:attachment":[{"href":"http:\/\/autosdelpodio.com\/autos\/wp-json\/wp\/v2\/media?parent=4686"}],"wp:term":[{"taxonomy":"category","embeddable":true,"href":"http:\/\/autosdelpodio.com\/autos\/wp-json\/wp\/v2\/categories?post=4686"},{"taxonomy":"post_tag","embeddable":true,"href":"http:\/\/autosdelpodio.com\/autos\/wp-json\/wp\/v2\/tags?post=4686"}],"curies":[{"name":"wp","href":"https:\/\/api.w.org\/{rel}","templated":true}]}}