{"id":4720,"date":"2021-09-14T19:23:21","date_gmt":"2021-09-14T22:23:21","guid":{"rendered":"http:\/\/autosdelpodio.com\/autos\/?p=4720"},"modified":"2021-09-14T19:23:22","modified_gmt":"2021-09-14T22:23:22","slug":"scania-lanzo-su-bus-interurbano-k320-ib-4x2-a-gnc","status":"publish","type":"post","link":"http:\/\/autosdelpodio.com\/autos\/scania-lanzo-su-bus-interurbano-k320-ib-4x2-a-gnc\/","title":{"rendered":"Scania lanz\u00f3 su bus interurbano K320 IB 4&#215;2 a GNC"},"content":{"rendered":"\n<p>La firma de origen sueco lanz\u00f3 al mercado un nuevo bus impulsado a Gas adaptable a recorridos de corta, media y larga distancia.El costo operativo de estos veh\u00edculos, en comparaci\u00f3n a los di\u00e9sel, es un 30% menor, lo que garantiza una soluci\u00f3n sustentable y con el menor costo operativo posible.<br>Con una autonom\u00eda de 600 km aproximados con 215 m3 de GNC, el bus se alimenta de seis tanques ubicados en la parte delantera de la bodega de 150 litros, y puede realizar su carga en cualquier estaci\u00f3n de servicio del pa\u00eds que suministre gas. El motor, de 9,3 litros y 320 cv, es parte de la gama de motores de 5 cilindros Euro VI, caracterizados por ahorrar espacio y peso en la unidad, sin sacrificar su rendimiento. La carrocer\u00eda es de Saldivia, una empresa comprometida con el dise\u00f1o y la durabilidad de sus productos.<\/p>\n\n\n\n<p><em>\u201cEn Scania trabajamos en la eficiencia desde todas las perspectivas posibles, tanto en lo que refiere a costos operativos, como en las ventajas medioambientales, empleando los beneficios de la tecnolog\u00eda\u201d, expres\u00f3 Andr\u00e9s Leonard, CEO de <a href=\"http:\/\/autosdelpodio.com\/autos\/scania-argentina-la-primera-terminal-automotriz-que-salio-a-producir-en-tiempos-de-covid-19\/\" target=\"_blank\" rel=\"noreferrer noopener\">Scania Argentina<\/a>, y agreg\u00f3: \u201cEstamos convencidos de que el camino elegido es el \u00fanico que nos llevar\u00e1 hacia un sistema de transporte m\u00e1s sustentable y m\u00e1s eficiente\u201d.<\/em><br>Este tipo de \u00f3mnibus ya fue probado con exitosas experiencias en ciudades como Bogot\u00e1, Medell\u00edn, Madrid y Estocolmo. El principal beneficio radica en que el gas natural, aun siendo derivado del petr\u00f3leo, contamina hasta un 20% menos que el gasoil; a la vez que el biog\u00e1s es renovable y reduce en un 90% el nivel de emisiones contaminantes.<br>Jorge Vittar, gerente de Buses de Scania Argentina, detall\u00f3:<em> \u201cDebido al m\u00ednimo nivel de ruidos y vibraciones de este tipo de veh\u00edculos, estos modelos ofrecen mayor confort tanto para el conductor como para los pasajeros y habitantes de las grandes ciudades. Creemos que es en esas tres \u00e1reas en las que todo el sistema debe seguir avanzando: un mejor transporte p\u00fablico, la apuesta por la eficiencia energ\u00e9tica y un camino definido hacia los combustibles alternativos\u201d<\/em>.<\/p>\n","protected":false},"excerpt":{"rendered":"<p>La firma de origen sueco lanz\u00f3 al mercado un nuevo bus impulsado a Gas adaptable a recorridos de corta, media<\/p>\n","protected":false},"author":3,"featured_media":4721,"comment_status":"open","ping_status":"open","sticky":false,"template":"","format":"standard","meta":{"colormag_page_container_layout":"default_layout","colormag_page_sidebar_layout":"default_layout","footnotes":""},"categories":[6,16],"tags":[343,351,291,613,163],"class_list":["post-4720","post","type-post","status-publish","format-standard","has-post-thumbnail","hentry","category-newsflash","category-recta-principal","tag-buses","tag-gnc","tag-lanzamientos","tag-omnibus","tag-scania"],"yoast_head":"<!-- This site is optimized with the Yoast SEO plugin v27.5 - https:\/\/yoast.com\/product\/yoast-seo-wordpress\/ -->\n<title>Autos del Podio | Scania lanz\u00f3 su bus interurbano K320 IB 4x2 a GNC<\/title>\n<meta name=\"description\" content=\"Autos del Podio El veh\u00edculo tiene un rendimiento promedio de 600 kil\u00f3metros con 215 metros c\u00fabicos de GNC\" \/>\n<meta name=\"robots\" content=\"index, follow, max-snippet:-1, max-image-preview:large, max-video-preview:-1\" \/>\n<link rel=\"canonical\" href=\"http:\/\/autosdelpodio.com\/autos\/scania-lanzo-su-bus-interurbano-k320-ib-4x2-a-gnc\/\" \/>\n<meta property=\"og:locale\" content=\"es_ES\" \/>\n<meta property=\"og:type\" content=\"article\" \/>\n<meta property=\"og:title\" content=\"Autos del Podio | Scania lanz\u00f3 su bus interurbano K320 IB 4x2 a GNC\" \/>\n<meta property=\"og:description\" content=\"Autos del Podio El veh\u00edculo tiene un rendimiento promedio de 600 kil\u00f3metros con 215 metros c\u00fabicos de GNC\" \/>\n<meta property=\"og:url\" content=\"http:\/\/autosdelpodio.com\/autos\/scania-lanzo-su-bus-interurbano-k320-ib-4x2-a-gnc\/\" \/>\n<meta property=\"og:site_name\" content=\"Autos del Podio\" \/>\n<meta property=\"article:publisher\" content=\"https:\/\/www.facebook.com\/profile.php?id=100057192590976&amp;amp%3bamp%3bamp%3bamp%3bamp%3bamp%3bamp%3bamp%3bamp%3bamp%3bamp%3bamp%3bamp%3bamp%3bamp%3bamp%3bamp%3bamp%3bref=ts\" \/>\n<meta property=\"article:published_time\" content=\"2021-09-14T22:23:21+00:00\" \/>\n<meta property=\"article:modified_time\" content=\"2021-09-14T22:23:22+00:00\" \/>\n<meta property=\"og:image\" content=\"http:\/\/autosdelpodio.com\/autos\/wp-content\/uploads\/2021\/09\/Omnibus_GNG-e1631657892953.jpg\" \/>\n\t<meta property=\"og:image:width\" content=\"500\" \/>\n\t<meta property=\"og:image:height\" content=\"285\" \/>\n\t<meta property=\"og:image:type\" content=\"image\/jpeg\" \/>\n<meta name=\"author\" content=\"autosdelpodio\" \/>\n<meta name=\"twitter:card\" content=\"summary_large_image\" \/>\n<meta name=\"twitter:creator\" content=\"@autosdelpodio\" \/>\n<meta name=\"twitter:site\" content=\"@autosdelpodio\" \/>\n<meta name=\"twitter:label1\" content=\"Escrito por\" \/>\n\t<meta name=\"twitter:data1\" content=\"autosdelpodio\" \/>\n\t<meta name=\"twitter:label2\" content=\"Tiempo de lectura\" \/>\n\t<meta name=\"twitter:data2\" content=\"2 minutos\" \/>\n<script type=\"application\/ld+json\" class=\"yoast-schema-graph\">{\"@context\":\"https:\\\/\\\/schema.org\",\"@graph\":[{\"@type\":\"Article\",\"@id\":\"http:\\\/\\\/autosdelpodio.com\\\/autos\\\/scania-lanzo-su-bus-interurbano-k320-ib-4x2-a-gnc\\\/#article\",\"isPartOf\":{\"@id\":\"http:\\\/\\\/autosdelpodio.com\\\/autos\\\/scania-lanzo-su-bus-interurbano-k320-ib-4x2-a-gnc\\\/\"},\"author\":{\"name\":\"autosdelpodio\",\"@id\":\"http:\\\/\\\/autosdelpodio.com\\\/autos\\\/#\\\/schema\\\/person\\\/993527a4d01c3acdd3d6bce3770bc942\"},\"headline\":\"Scania lanz\u00f3 su bus interurbano K320 IB 4&#215;2 a GNC\",\"datePublished\":\"2021-09-14T22:23:21+00:00\",\"dateModified\":\"2021-09-14T22:23:22+00:00\",\"mainEntityOfPage\":{\"@id\":\"http:\\\/\\\/autosdelpodio.com\\\/autos\\\/scania-lanzo-su-bus-interurbano-k320-ib-4x2-a-gnc\\\/\"},\"wordCount\":362,\"commentCount\":0,\"publisher\":{\"@id\":\"http:\\\/\\\/autosdelpodio.com\\\/autos\\\/#organization\"},\"image\":{\"@id\":\"http:\\\/\\\/autosdelpodio.com\\\/autos\\\/scania-lanzo-su-bus-interurbano-k320-ib-4x2-a-gnc\\\/#primaryimage\"},\"thumbnailUrl\":\"http:\\\/\\\/autosdelpodio.com\\\/autos\\\/wp-content\\\/uploads\\\/2021\\\/09\\\/Omnibus_GNG-e1631657892953.jpg\",\"keywords\":[\"Buses\",\"GNC\",\"Lanzamientos\",\"Omnibus\",\"Scania\"],\"articleSection\":[\"Destacado\",\"Recta Principal\"],\"inLanguage\":\"es\",\"potentialAction\":[{\"@type\":\"CommentAction\",\"name\":\"Comment\",\"target\":[\"http:\\\/\\\/autosdelpodio.com\\\/autos\\\/scania-lanzo-su-bus-interurbano-k320-ib-4x2-a-gnc\\\/#respond\"]}]},{\"@type\":\"WebPage\",\"@id\":\"http:\\\/\\\/autosdelpodio.com\\\/autos\\\/scania-lanzo-su-bus-interurbano-k320-ib-4x2-a-gnc\\\/\",\"url\":\"http:\\\/\\\/autosdelpodio.com\\\/autos\\\/scania-lanzo-su-bus-interurbano-k320-ib-4x2-a-gnc\\\/\",\"name\":\"Autos del Podio | Scania lanz\u00f3 su bus interurbano K320 IB 4x2 a GNC\",\"isPartOf\":{\"@id\":\"http:\\\/\\\/autosdelpodio.com\\\/autos\\\/#website\"},\"primaryImageOfPage\":{\"@id\":\"http:\\\/\\\/autosdelpodio.com\\\/autos\\\/scania-lanzo-su-bus-interurbano-k320-ib-4x2-a-gnc\\\/#primaryimage\"},\"image\":{\"@id\":\"http:\\\/\\\/autosdelpodio.com\\\/autos\\\/scania-lanzo-su-bus-interurbano-k320-ib-4x2-a-gnc\\\/#primaryimage\"},\"thumbnailUrl\":\"http:\\\/\\\/autosdelpodio.com\\\/autos\\\/wp-content\\\/uploads\\\/2021\\\/09\\\/Omnibus_GNG-e1631657892953.jpg\",\"datePublished\":\"2021-09-14T22:23:21+00:00\",\"dateModified\":\"2021-09-14T22:23:22+00:00\",\"description\":\"Autos del Podio El veh\u00edculo tiene un rendimiento promedio de 600 kil\u00f3metros con 215 metros c\u00fabicos de GNC\",\"breadcrumb\":{\"@id\":\"http:\\\/\\\/autosdelpodio.com\\\/autos\\\/scania-lanzo-su-bus-interurbano-k320-ib-4x2-a-gnc\\\/#breadcrumb\"},\"inLanguage\":\"es\",\"potentialAction\":[{\"@type\":\"ReadAction\",\"target\":[\"http:\\\/\\\/autosdelpodio.com\\\/autos\\\/scania-lanzo-su-bus-interurbano-k320-ib-4x2-a-gnc\\\/\"]}]},{\"@type\":\"ImageObject\",\"inLanguage\":\"es\",\"@id\":\"http:\\\/\\\/autosdelpodio.com\\\/autos\\\/scania-lanzo-su-bus-interurbano-k320-ib-4x2-a-gnc\\\/#primaryimage\",\"url\":\"http:\\\/\\\/autosdelpodio.com\\\/autos\\\/wp-content\\\/uploads\\\/2021\\\/09\\\/Omnibus_GNG-e1631657892953.jpg\",\"contentUrl\":\"http:\\\/\\\/autosdelpodio.com\\\/autos\\\/wp-content\\\/uploads\\\/2021\\\/09\\\/Omnibus_GNG-e1631657892953.jpg\",\"width\":500,\"height\":285},{\"@type\":\"BreadcrumbList\",\"@id\":\"http:\\\/\\\/autosdelpodio.com\\\/autos\\\/scania-lanzo-su-bus-interurbano-k320-ib-4x2-a-gnc\\\/#breadcrumb\",\"itemListElement\":[{\"@type\":\"ListItem\",\"position\":1,\"name\":\"Portada\",\"item\":\"http:\\\/\\\/autosdelpodio.com\\\/autos\\\/\"},{\"@type\":\"ListItem\",\"position\":2,\"name\":\"Scania lanz\u00f3 su bus interurbano K320 IB 4&#215;2 a GNC\"}]},{\"@type\":\"WebSite\",\"@id\":\"http:\\\/\\\/autosdelpodio.com\\\/autos\\\/#website\",\"url\":\"http:\\\/\\\/autosdelpodio.com\\\/autos\\\/\",\"name\":\"Autos del Podio\",\"description\":\"La sexta del deporte motor\",\"publisher\":{\"@id\":\"http:\\\/\\\/autosdelpodio.com\\\/autos\\\/#organization\"},\"potentialAction\":[{\"@type\":\"SearchAction\",\"target\":{\"@type\":\"EntryPoint\",\"urlTemplate\":\"http:\\\/\\\/autosdelpodio.com\\\/autos\\\/?s={search_term_string}\"},\"query-input\":{\"@type\":\"PropertyValueSpecification\",\"valueRequired\":true,\"valueName\":\"search_term_string\"}}],\"inLanguage\":\"es\"},{\"@type\":\"Organization\",\"@id\":\"http:\\\/\\\/autosdelpodio.com\\\/autos\\\/#organization\",\"name\":\"Autos del Podio\",\"url\":\"http:\\\/\\\/autosdelpodio.com\\\/autos\\\/\",\"logo\":{\"@type\":\"ImageObject\",\"inLanguage\":\"es\",\"@id\":\"http:\\\/\\\/autosdelpodio.com\\\/autos\\\/#\\\/schema\\\/logo\\\/image\\\/\",\"url\":\"http:\\\/\\\/autosdelpodio.com\\\/autos\\\/wp-content\\\/uploads\\\/2020\\\/08\\\/Logo_AR.jpg\",\"contentUrl\":\"http:\\\/\\\/autosdelpodio.com\\\/autos\\\/wp-content\\\/uploads\\\/2020\\\/08\\\/Logo_AR.jpg\",\"width\":1038,\"height\":1044,\"caption\":\"Autos del Podio\"},\"image\":{\"@id\":\"http:\\\/\\\/autosdelpodio.com\\\/autos\\\/#\\\/schema\\\/logo\\\/image\\\/\"},\"sameAs\":[\"https:\\\/\\\/www.facebook.com\\\/profile.php?id=100057192590976&amp;amp;amp;amp;amp;amp;amp;amp;amp;amp;amp;amp;amp;amp;amp;amp;amp;amp;ref=ts\",\"https:\\\/\\\/x.com\\\/autosdelpodio\",\"https:\\\/\\\/www.youtube.com\\\/user\\\/AutosdelPodio\"]},{\"@type\":\"Person\",\"@id\":\"http:\\\/\\\/autosdelpodio.com\\\/autos\\\/#\\\/schema\\\/person\\\/993527a4d01c3acdd3d6bce3770bc942\",\"name\":\"autosdelpodio\",\"image\":{\"@type\":\"ImageObject\",\"inLanguage\":\"es\",\"@id\":\"http:\\\/\\\/autosdelpodio.com\\\/autos\\\/wp-content\\\/litespeed\\\/avatar\\\/aa8f65cd201a80f6b844f63278aa84af.jpg?ver=1777403005\",\"url\":\"http:\\\/\\\/autosdelpodio.com\\\/autos\\\/wp-content\\\/litespeed\\\/avatar\\\/aa8f65cd201a80f6b844f63278aa84af.jpg?ver=1777403005\",\"contentUrl\":\"http:\\\/\\\/autosdelpodio.com\\\/autos\\\/wp-content\\\/litespeed\\\/avatar\\\/aa8f65cd201a80f6b844f63278aa84af.jpg?ver=1777403005\",\"caption\":\"autosdelpodio\"}}]}<\/script>\n<!-- \/ Yoast SEO plugin. -->","yoast_head_json":{"title":"Autos del Podio | Scania lanz\u00f3 su bus interurbano K320 IB 4x2 a GNC","description":"Autos del Podio El veh\u00edculo tiene un rendimiento promedio de 600 kil\u00f3metros con 215 metros c\u00fabicos de GNC","robots":{"index":"index","follow":"follow","max-snippet":"max-snippet:-1","max-image-preview":"max-image-preview:large","max-video-preview":"max-video-preview:-1"},"canonical":"http:\/\/autosdelpodio.com\/autos\/scania-lanzo-su-bus-interurbano-k320-ib-4x2-a-gnc\/","og_locale":"es_ES","og_type":"article","og_title":"Autos del Podio | Scania lanz\u00f3 su bus interurbano K320 IB 4x2 a GNC","og_description":"Autos del Podio El veh\u00edculo tiene un rendimiento promedio de 600 kil\u00f3metros con 215 metros c\u00fabicos de GNC","og_url":"http:\/\/autosdelpodio.com\/autos\/scania-lanzo-su-bus-interurbano-k320-ib-4x2-a-gnc\/","og_site_name":"Autos del Podio","article_publisher":"https:\/\/www.facebook.com\/profile.php?id=100057192590976&amp%3bamp%3bamp%3bamp%3bamp%3bamp%3bamp%3bamp%3bamp%3bamp%3bamp%3bamp%3bamp%3bamp%3bamp%3bamp%3bamp%3bamp%3bref=ts","article_published_time":"2021-09-14T22:23:21+00:00","article_modified_time":"2021-09-14T22:23:22+00:00","og_image":[{"width":500,"height":285,"url":"http:\/\/autosdelpodio.com\/autos\/wp-content\/uploads\/2021\/09\/Omnibus_GNG-e1631657892953.jpg","type":"image\/jpeg"}],"author":"autosdelpodio","twitter_card":"summary_large_image","twitter_creator":"@autosdelpodio","twitter_site":"@autosdelpodio","twitter_misc":{"Escrito por":"autosdelpodio","Tiempo de lectura":"2 minutos"},"schema":{"@context":"https:\/\/schema.org","@graph":[{"@type":"Article","@id":"http:\/\/autosdelpodio.com\/autos\/scania-lanzo-su-bus-interurbano-k320-ib-4x2-a-gnc\/#article","isPartOf":{"@id":"http:\/\/autosdelpodio.com\/autos\/scania-lanzo-su-bus-interurbano-k320-ib-4x2-a-gnc\/"},"author":{"name":"autosdelpodio","@id":"http:\/\/autosdelpodio.com\/autos\/#\/schema\/person\/993527a4d01c3acdd3d6bce3770bc942"},"headline":"Scania lanz\u00f3 su bus interurbano K320 IB 4&#215;2 a GNC","datePublished":"2021-09-14T22:23:21+00:00","dateModified":"2021-09-14T22:23:22+00:00","mainEntityOfPage":{"@id":"http:\/\/autosdelpodio.com\/autos\/scania-lanzo-su-bus-interurbano-k320-ib-4x2-a-gnc\/"},"wordCount":362,"commentCount":0,"publisher":{"@id":"http:\/\/autosdelpodio.com\/autos\/#organization"},"image":{"@id":"http:\/\/autosdelpodio.com\/autos\/scania-lanzo-su-bus-interurbano-k320-ib-4x2-a-gnc\/#primaryimage"},"thumbnailUrl":"http:\/\/autosdelpodio.com\/autos\/wp-content\/uploads\/2021\/09\/Omnibus_GNG-e1631657892953.jpg","keywords":["Buses","GNC","Lanzamientos","Omnibus","Scania"],"articleSection":["Destacado","Recta Principal"],"inLanguage":"es","potentialAction":[{"@type":"CommentAction","name":"Comment","target":["http:\/\/autosdelpodio.com\/autos\/scania-lanzo-su-bus-interurbano-k320-ib-4x2-a-gnc\/#respond"]}]},{"@type":"WebPage","@id":"http:\/\/autosdelpodio.com\/autos\/scania-lanzo-su-bus-interurbano-k320-ib-4x2-a-gnc\/","url":"http:\/\/autosdelpodio.com\/autos\/scania-lanzo-su-bus-interurbano-k320-ib-4x2-a-gnc\/","name":"Autos del Podio | Scania lanz\u00f3 su bus interurbano K320 IB 4x2 a GNC","isPartOf":{"@id":"http:\/\/autosdelpodio.com\/autos\/#website"},"primaryImageOfPage":{"@id":"http:\/\/autosdelpodio.com\/autos\/scania-lanzo-su-bus-interurbano-k320-ib-4x2-a-gnc\/#primaryimage"},"image":{"@id":"http:\/\/autosdelpodio.com\/autos\/scania-lanzo-su-bus-interurbano-k320-ib-4x2-a-gnc\/#primaryimage"},"thumbnailUrl":"http:\/\/autosdelpodio.com\/autos\/wp-content\/uploads\/2021\/09\/Omnibus_GNG-e1631657892953.jpg","datePublished":"2021-09-14T22:23:21+00:00","dateModified":"2021-09-14T22:23:22+00:00","description":"Autos del Podio El veh\u00edculo tiene un rendimiento promedio de 600 kil\u00f3metros con 215 metros c\u00fabicos de GNC","breadcrumb":{"@id":"http:\/\/autosdelpodio.com\/autos\/scania-lanzo-su-bus-interurbano-k320-ib-4x2-a-gnc\/#breadcrumb"},"inLanguage":"es","potentialAction":[{"@type":"ReadAction","target":["http:\/\/autosdelpodio.com\/autos\/scania-lanzo-su-bus-interurbano-k320-ib-4x2-a-gnc\/"]}]},{"@type":"ImageObject","inLanguage":"es","@id":"http:\/\/autosdelpodio.com\/autos\/scania-lanzo-su-bus-interurbano-k320-ib-4x2-a-gnc\/#primaryimage","url":"http:\/\/autosdelpodio.com\/autos\/wp-content\/uploads\/2021\/09\/Omnibus_GNG-e1631657892953.jpg","contentUrl":"http:\/\/autosdelpodio.com\/autos\/wp-content\/uploads\/2021\/09\/Omnibus_GNG-e1631657892953.jpg","width":500,"height":285},{"@type":"BreadcrumbList","@id":"http:\/\/autosdelpodio.com\/autos\/scania-lanzo-su-bus-interurbano-k320-ib-4x2-a-gnc\/#breadcrumb","itemListElement":[{"@type":"ListItem","position":1,"name":"Portada","item":"http:\/\/autosdelpodio.com\/autos\/"},{"@type":"ListItem","position":2,"name":"Scania lanz\u00f3 su bus interurbano K320 IB 4&#215;2 a GNC"}]},{"@type":"WebSite","@id":"http:\/\/autosdelpodio.com\/autos\/#website","url":"http:\/\/autosdelpodio.com\/autos\/","name":"Autos del Podio","description":"La sexta del deporte motor","publisher":{"@id":"http:\/\/autosdelpodio.com\/autos\/#organization"},"potentialAction":[{"@type":"SearchAction","target":{"@type":"EntryPoint","urlTemplate":"http:\/\/autosdelpodio.com\/autos\/?s={search_term_string}"},"query-input":{"@type":"PropertyValueSpecification","valueRequired":true,"valueName":"search_term_string"}}],"inLanguage":"es"},{"@type":"Organization","@id":"http:\/\/autosdelpodio.com\/autos\/#organization","name":"Autos del Podio","url":"http:\/\/autosdelpodio.com\/autos\/","logo":{"@type":"ImageObject","inLanguage":"es","@id":"http:\/\/autosdelpodio.com\/autos\/#\/schema\/logo\/image\/","url":"http:\/\/autosdelpodio.com\/autos\/wp-content\/uploads\/2020\/08\/Logo_AR.jpg","contentUrl":"http:\/\/autosdelpodio.com\/autos\/wp-content\/uploads\/2020\/08\/Logo_AR.jpg","width":1038,"height":1044,"caption":"Autos del Podio"},"image":{"@id":"http:\/\/autosdelpodio.com\/autos\/#\/schema\/logo\/image\/"},"sameAs":["https:\/\/www.facebook.com\/profile.php?id=100057192590976&amp;amp;amp;amp;amp;amp;amp;amp;amp;amp;amp;amp;amp;amp;amp;amp;amp;amp;ref=ts","https:\/\/x.com\/autosdelpodio","https:\/\/www.youtube.com\/user\/AutosdelPodio"]},{"@type":"Person","@id":"http:\/\/autosdelpodio.com\/autos\/#\/schema\/person\/993527a4d01c3acdd3d6bce3770bc942","name":"autosdelpodio","image":{"@type":"ImageObject","inLanguage":"es","@id":"http:\/\/autosdelpodio.com\/autos\/wp-content\/litespeed\/avatar\/aa8f65cd201a80f6b844f63278aa84af.jpg?ver=1777403005","url":"http:\/\/autosdelpodio.com\/autos\/wp-content\/litespeed\/avatar\/aa8f65cd201a80f6b844f63278aa84af.jpg?ver=1777403005","contentUrl":"http:\/\/autosdelpodio.com\/autos\/wp-content\/litespeed\/avatar\/aa8f65cd201a80f6b844f63278aa84af.jpg?ver=1777403005","caption":"autosdelpodio"}}]}},"views":670,"_links":{"self":[{"href":"http:\/\/autosdelpodio.com\/autos\/wp-json\/wp\/v2\/posts\/4720","targetHints":{"allow":["GET"]}}],"collection":[{"href":"http:\/\/autosdelpodio.com\/autos\/wp-json\/wp\/v2\/posts"}],"about":[{"href":"http:\/\/autosdelpodio.com\/autos\/wp-json\/wp\/v2\/types\/post"}],"author":[{"embeddable":true,"href":"http:\/\/autosdelpodio.com\/autos\/wp-json\/wp\/v2\/users\/3"}],"replies":[{"embeddable":true,"href":"http:\/\/autosdelpodio.com\/autos\/wp-json\/wp\/v2\/comments?post=4720"}],"version-history":[{"count":1,"href":"http:\/\/autosdelpodio.com\/autos\/wp-json\/wp\/v2\/posts\/4720\/revisions"}],"predecessor-version":[{"id":4722,"href":"http:\/\/autosdelpodio.com\/autos\/wp-json\/wp\/v2\/posts\/4720\/revisions\/4722"}],"wp:featuredmedia":[{"embeddable":true,"href":"http:\/\/autosdelpodio.com\/autos\/wp-json\/wp\/v2\/media\/4721"}],"wp:attachment":[{"href":"http:\/\/autosdelpodio.com\/autos\/wp-json\/wp\/v2\/media?parent=4720"}],"wp:term":[{"taxonomy":"category","embeddable":true,"href":"http:\/\/autosdelpodio.com\/autos\/wp-json\/wp\/v2\/categories?post=4720"},{"taxonomy":"post_tag","embeddable":true,"href":"http:\/\/autosdelpodio.com\/autos\/wp-json\/wp\/v2\/tags?post=4720"}],"curies":[{"name":"wp","href":"https:\/\/api.w.org\/{rel}","templated":true}]}}