{"id":473,"date":"2012-08-06T00:08:21","date_gmt":"2012-08-06T00:08:21","guid":{"rendered":"http:\/\/autosdelpodio.com\/autos\/2012\/08\/06\/en-los-75-anos-del-tc-historico-1-2-3-4-de-chevrolet\/"},"modified":"2012-08-06T00:08:21","modified_gmt":"2012-08-06T00:08:21","slug":"en-los-75-anos-del-tc-historico-1-2-3-4-de-chevrolet","status":"publish","type":"post","link":"http:\/\/autosdelpodio.com\/autos\/en-los-75-anos-del-tc-historico-1-2-3-4-de-chevrolet\/","title":{"rendered":"En los 75 a\u00f1os del TC, hist\u00f3rico 1-2-3-4 de Chevrolet"},"content":{"rendered":"<p>\u00a0<\/p>\n<p style=\"text-align: justify;\">Sergio Alaux se llevo la final de Turismo Carretera en el Juan y Oscar Galvez de la Ciudad de Buenos Aires. Mat\u00edas Rossi, Guillermo Ortelli y Christian Ledesma escoltaron al ganador de la carrera de los 75 a\u00f1os de la categor\u00eda.<\/p>\n<p style=\"text-align: justify;\">\u00a0<\/p>\n<p>Del quinto al d\u00e9cimo, en buen espect\u00e1culo y alternando posiciones completaron los diez primeros Emiliano Spataro, Agust\u00edn Canapino (Chevrolet), Diego Aventin (Ford), Jonatan Castellano (Dodge), Leonel Pern\u00eda (Chevrolet) y Gabriel Ponce de Le\u00f3n (Ford).<\/p>\n<p>  <!--more-->  <\/p>\n<p>\u00a0<\/p>\n<p>A falta de una fecha para cerrar la fase regular que define a los 12 integrantes de la Copa de Oro que luchar\u00e1n por el titulo, Rossi, se asegur\u00f3 el primer lugar. Los otros seis pilotos que ya clasificaron a la Copa de Oro son N\u00e9stor Girolami (Torino), Ortelli, Ledesma, Ponce de Le\u00f3n, Jonatan Castellano (Dodge) y Alaux.<\/p>\n<p>\u00a0<\/p>\n<p style=\"text-align: justify;\">La pr\u00f3xima de la m\u00e1xima ser\u00e1 el 24, 25 y 26 de agosto en el circuito Autodromo Ciudad de Paran\u00e1.<\/p>\n<p>\u00a0<\/p>\n<p>\u00a0<\/p>\n<p>\u00a0<\/p>\n<p>1 \u00a026 \u00a0Alaux, Sergio \u00a0 \u00a0 \u00a0 \u00a0 \u00a041:51.850<\/p>\n<p>2 \u00a03 \u00a0 Rossi, Mat\u00edas \u00a0 \u00a0 \u00a0 \u00a0 \u00a041:52.045 0.195<\/p>\n<p>3 \u00a01 \u00a0 Ortelli, Guillermo \u00a0 \u00a0 41:52.385 0.535<\/p>\n<p>4 \u00a018 \u00a0Ledesma, Christian \u00a0 \u00a0 41:53.300 1.450<\/p>\n<p>5 \u00a014 \u00a0Spataro, Emiliano \u00a0 \u00a0 \u00a041:59.053 7.203<\/p>\n<p>6 \u00a024 \u00a0Canapino, Agust\u00edn \u00a0 \u00a0 \u00a042:07.460 15.610<\/p>\n<p>7 \u00a017 \u00a0Aventin, Diego \u00a0 \u00a0 \u00a0 \u00a0 42:08.416 16.566<\/p>\n<p>8 \u00a06 \u00a0 Castellano, Jonatan \u00a0 \u00a042:08.771 16.922<\/p>\n<p>9 \u00a012 \u00a0Pern\u00eda, Leonel \u00a0 \u00a0 \u00a0 \u00a0 42:09.831 17.981<\/p>\n<p>10 8 \u00a0 Ponce de Le\u00f3n, Gabriel 42:10.186 18.336<\/p>\n<p>11 7 \u00a0 Mart\u00ednez, Omar \u00a0 \u00a0 \u00a0 \u00a0 42:12.863 21.013<\/p>\n<p>12 11 \u00a0Altuna, Mariano \u00a0 \u00a0 \u00a0 \u00a042:14.670 22.820<\/p>\n<p>13 15 \u00a0Fontana, Norberto \u00a0 \u00a0 \u00a042:15.192 23.342<\/p>\n<p>14 43 \u00a0Campanera, Laureano \u00a0 \u00a042:20.020 28.170<\/p>\n<p>15 21 \u00a0Trucco, Juan Mart\u00edn \u00a0 \u00a042:20.254 28.404<\/p>\n<p>16 111 Silva, Juan Manuel \u00a0 \u00a0 42:20.394 28.544<\/p>\n<p>17 19 \u00a0Gianini, Juan Pablo \u00a0 \u00a042:24.369 32.519<\/p>\n<p>18 28 \u00a0Jalaf, Mat\u00edas \u00a0 \u00a0 \u00a0 \u00a0 \u00a042:24.935 33.085<\/p>\n<p>19 5 \u00a0 Giallombardo, Mauro \u00a0 \u00a042:25.219 33.369<\/p>\n<p>20 22 \u00a0De Benedictis, Juan B. 42:25.866 34.016<\/p>\n<p>21 47 \u00a0Mazzacane, Gast\u00f3n \u00a0 \u00a0 \u00a042:26.531 34.681<\/p>\n<p>22 27 \u00a0Juan, Maximiliano \u00a0 \u00a0 \u00a042:32.708 40.858<\/p>\n<p>23 32 \u00a0Urretavizcaya, Tom\u00e1s \u00a0 42:34.880 43.030<\/p>\n<p>24 2 \u00a0 Ugalde, Lionel \u00a0 \u00a0 \u00a0 \u00a0 42:36.083 44.233<\/p>\n<p>25 25 \u00a0Bonelli, Pr\u00f3spero \u00a0 \u00a0 \u00a042:37.867 46.017<\/p>\n<p>26 37 \u00a0Bosio, Ezequiel \u00a0 \u00a0 \u00a0 \u00a042:42.525 50.675<\/p>\n<p>27 30 \u00a0Ponte, Mart\u00edn \u00a0 \u00a0 \u00a0 \u00a0 \u00a042:43.322 51.472<\/p>\n<p>28 48 \u00a0Del Bo , Roberto \u00a0 \u00a0 \u00a0 42:47.927 56.077<\/p>\n<p>29 46 \u00a0Oubi\u00f1a, Adri\u00e1n \u00a0 \u00a0 \u00a0 \u00a0 42:48.608 56.758<\/p>\n<p>30 50 \u00a0De Carlo, Diego \u00a0 \u00a0 \u00a0 \u00a042:49.875 58.025<\/p>\n<p>31 20 \u00a0Girolami, N\u00e9stor \u00a0 \u00a0 \u00a0 43:00.375 1:08.525<\/p>\n<p>32 54 \u00a0Gil Bicella, Facundo \u00a0 43:16.902 1:25.052<\/p>\n<p>33 13 \u00a0Werner, Mariano \u00a0 \u00a0 \u00a0 \u00a042:21.774 &#8211;<\/p>\n<p>34 10 \u00a0Angelini, Juan Marcos \u00a035:37.933 &#8211;<\/p>\n<p>35 42 \u00a0Basso, Mart\u00edn \u00a0 \u00a0 \u00a0 \u00a0 \u00a043:02.067 &#8211;<\/p>\n<p>36 41 \u00a0Savino, Jos\u00e9 \u00a0 \u00a0 \u00a0 \u00a0 \u00a0 26:34.172 &#8211;<\/p>\n<p>37 34 \u00a0Verna, Rafael \u00a0 \u00a0 \u00a0 \u00a0 \u00a021:32.735 &#8211;<\/p>\n<p>38 38 \u00a0Di Palma, Lu\u00eds Jos\u00e9 H \u00a021:45.612 &#8211;<\/p>\n<p>39 31 \u00a0Okulovich, Carlos \u00a0 \u00a0 \u00a019:35.573 &#8211;<\/p>\n<p>40 51 \u00a0Mulet, Leandro \u00a0 \u00a0 \u00a0 \u00a0 19:49.504 &#8211;<\/p>\n<p>41 53 \u00a0Dose, Christian \u00a0 \u00a0 \u00a0 \u00a012:04.190 &#8211;<\/p>\n<p>42 49 \u00a0Candela , Enrique \u00a0 \u00a0 \u00a008:22.485 &#8211;<\/p>\n<p>43 85 \u00a0Risatti, Ricardo \u00a0 \u00a0 \u00a0 08:24.551 &#8211;<\/p>\n<p>44 52 \u00a0Sol\u00eds, Gustavo \u00a0 \u00a0 \u00a0 \u00a0 08:54.961 &#8211;<\/p>\n<p>\u00a0<\/p>\n","protected":false},"excerpt":{"rendered":"<p>\u00a0 Sergio Alaux se llevo la final de Turismo Carretera en el Juan y Oscar Galvez de la Ciudad de<\/p>\n","protected":false},"author":1,"featured_media":0,"comment_status":"open","ping_status":"open","sticky":false,"template":"","format":"standard","meta":{"colormag_page_container_layout":"default_layout","colormag_page_sidebar_layout":"default_layout","footnotes":""},"categories":[5],"tags":[],"class_list":["post-473","post","type-post","status-publish","format-standard","hentry","category-latest-news"],"yoast_head":"<!-- This site is optimized with the Yoast SEO plugin v27.5 - https:\/\/yoast.com\/product\/yoast-seo-wordpress\/ -->\n<title>Autos del Podio | En los 75 a\u00f1os del TC, hist\u00f3rico 1-2-3-4 de Chevrolet<\/title>\n<meta name=\"description\" content=\"Autos del Podio\" \/>\n<meta name=\"robots\" content=\"index, follow, max-snippet:-1, max-image-preview:large, max-video-preview:-1\" \/>\n<link rel=\"canonical\" href=\"http:\/\/autosdelpodio.com\/autos\/en-los-75-anos-del-tc-historico-1-2-3-4-de-chevrolet\/\" \/>\n<meta property=\"og:locale\" content=\"es_ES\" \/>\n<meta property=\"og:type\" content=\"article\" \/>\n<meta property=\"og:title\" content=\"Autos del Podio | En los 75 a\u00f1os del TC, hist\u00f3rico 1-2-3-4 de Chevrolet\" \/>\n<meta property=\"og:description\" content=\"Autos del Podio\" \/>\n<meta property=\"og:url\" content=\"http:\/\/autosdelpodio.com\/autos\/en-los-75-anos-del-tc-historico-1-2-3-4-de-chevrolet\/\" \/>\n<meta property=\"og:site_name\" content=\"Autos del Podio\" \/>\n<meta property=\"article:publisher\" content=\"https:\/\/www.facebook.com\/profile.php?id=100057192590976&amp;amp%3bamp%3bamp%3bamp%3bamp%3bamp%3bamp%3bamp%3bamp%3bamp%3bamp%3bamp%3bamp%3bamp%3bamp%3bamp%3bamp%3bamp%3bref=ts\" \/>\n<meta property=\"article:published_time\" content=\"2012-08-06T00:08:21+00:00\" \/>\n<meta name=\"author\" content=\"wi022230\" \/>\n<meta name=\"twitter:card\" content=\"summary_large_image\" \/>\n<meta name=\"twitter:creator\" content=\"@autosdelpodio\" \/>\n<meta name=\"twitter:site\" content=\"@autosdelpodio\" \/>\n<meta name=\"twitter:label1\" content=\"Escrito por\" \/>\n\t<meta name=\"twitter:data1\" content=\"wi022230\" \/>\n\t<meta name=\"twitter:label2\" content=\"Tiempo de lectura\" \/>\n\t<meta name=\"twitter:data2\" content=\"1 minuto\" \/>\n<script type=\"application\/ld+json\" class=\"yoast-schema-graph\">{\"@context\":\"https:\\\/\\\/schema.org\",\"@graph\":[{\"@type\":\"Article\",\"@id\":\"http:\\\/\\\/autosdelpodio.com\\\/autos\\\/en-los-75-anos-del-tc-historico-1-2-3-4-de-chevrolet\\\/#article\",\"isPartOf\":{\"@id\":\"http:\\\/\\\/autosdelpodio.com\\\/autos\\\/en-los-75-anos-del-tc-historico-1-2-3-4-de-chevrolet\\\/\"},\"author\":{\"name\":\"wi022230\",\"@id\":\"http:\\\/\\\/autosdelpodio.com\\\/autos\\\/#\\\/schema\\\/person\\\/e88353cabf768863fdf874e30120f3ba\"},\"headline\":\"En los 75 a\u00f1os del TC, hist\u00f3rico 1-2-3-4 de Chevrolet\",\"datePublished\":\"2012-08-06T00:08:21+00:00\",\"mainEntityOfPage\":{\"@id\":\"http:\\\/\\\/autosdelpodio.com\\\/autos\\\/en-los-75-anos-del-tc-historico-1-2-3-4-de-chevrolet\\\/\"},\"wordCount\":305,\"commentCount\":0,\"publisher\":{\"@id\":\"http:\\\/\\\/autosdelpodio.com\\\/autos\\\/#organization\"},\"articleSection\":[\"\u00daltimas noticias\"],\"inLanguage\":\"es\",\"potentialAction\":[{\"@type\":\"CommentAction\",\"name\":\"Comment\",\"target\":[\"http:\\\/\\\/autosdelpodio.com\\\/autos\\\/en-los-75-anos-del-tc-historico-1-2-3-4-de-chevrolet\\\/#respond\"]}]},{\"@type\":\"WebPage\",\"@id\":\"http:\\\/\\\/autosdelpodio.com\\\/autos\\\/en-los-75-anos-del-tc-historico-1-2-3-4-de-chevrolet\\\/\",\"url\":\"http:\\\/\\\/autosdelpodio.com\\\/autos\\\/en-los-75-anos-del-tc-historico-1-2-3-4-de-chevrolet\\\/\",\"name\":\"Autos del Podio | En los 75 a\u00f1os del TC, hist\u00f3rico 1-2-3-4 de Chevrolet\",\"isPartOf\":{\"@id\":\"http:\\\/\\\/autosdelpodio.com\\\/autos\\\/#website\"},\"datePublished\":\"2012-08-06T00:08:21+00:00\",\"description\":\"Autos del Podio\",\"breadcrumb\":{\"@id\":\"http:\\\/\\\/autosdelpodio.com\\\/autos\\\/en-los-75-anos-del-tc-historico-1-2-3-4-de-chevrolet\\\/#breadcrumb\"},\"inLanguage\":\"es\",\"potentialAction\":[{\"@type\":\"ReadAction\",\"target\":[\"http:\\\/\\\/autosdelpodio.com\\\/autos\\\/en-los-75-anos-del-tc-historico-1-2-3-4-de-chevrolet\\\/\"]}]},{\"@type\":\"BreadcrumbList\",\"@id\":\"http:\\\/\\\/autosdelpodio.com\\\/autos\\\/en-los-75-anos-del-tc-historico-1-2-3-4-de-chevrolet\\\/#breadcrumb\",\"itemListElement\":[{\"@type\":\"ListItem\",\"position\":1,\"name\":\"Portada\",\"item\":\"http:\\\/\\\/autosdelpodio.com\\\/autos\\\/\"},{\"@type\":\"ListItem\",\"position\":2,\"name\":\"En los 75 a\u00f1os del TC, hist\u00f3rico 1-2-3-4 de Chevrolet\"}]},{\"@type\":\"WebSite\",\"@id\":\"http:\\\/\\\/autosdelpodio.com\\\/autos\\\/#website\",\"url\":\"http:\\\/\\\/autosdelpodio.com\\\/autos\\\/\",\"name\":\"Autos del Podio\",\"description\":\"La sexta del deporte motor\",\"publisher\":{\"@id\":\"http:\\\/\\\/autosdelpodio.com\\\/autos\\\/#organization\"},\"potentialAction\":[{\"@type\":\"SearchAction\",\"target\":{\"@type\":\"EntryPoint\",\"urlTemplate\":\"http:\\\/\\\/autosdelpodio.com\\\/autos\\\/?s={search_term_string}\"},\"query-input\":{\"@type\":\"PropertyValueSpecification\",\"valueRequired\":true,\"valueName\":\"search_term_string\"}}],\"inLanguage\":\"es\"},{\"@type\":\"Organization\",\"@id\":\"http:\\\/\\\/autosdelpodio.com\\\/autos\\\/#organization\",\"name\":\"Autos del Podio\",\"url\":\"http:\\\/\\\/autosdelpodio.com\\\/autos\\\/\",\"logo\":{\"@type\":\"ImageObject\",\"inLanguage\":\"es\",\"@id\":\"http:\\\/\\\/autosdelpodio.com\\\/autos\\\/#\\\/schema\\\/logo\\\/image\\\/\",\"url\":\"http:\\\/\\\/autosdelpodio.com\\\/autos\\\/wp-content\\\/uploads\\\/2020\\\/08\\\/Logo_AR.jpg\",\"contentUrl\":\"http:\\\/\\\/autosdelpodio.com\\\/autos\\\/wp-content\\\/uploads\\\/2020\\\/08\\\/Logo_AR.jpg\",\"width\":1038,\"height\":1044,\"caption\":\"Autos del Podio\"},\"image\":{\"@id\":\"http:\\\/\\\/autosdelpodio.com\\\/autos\\\/#\\\/schema\\\/logo\\\/image\\\/\"},\"sameAs\":[\"https:\\\/\\\/www.facebook.com\\\/profile.php?id=100057192590976&amp;amp;amp;amp;amp;amp;amp;amp;amp;amp;amp;amp;amp;amp;amp;amp;amp;amp;ref=ts\",\"https:\\\/\\\/x.com\\\/autosdelpodio\",\"https:\\\/\\\/www.youtube.com\\\/user\\\/AutosdelPodio\"]},{\"@type\":\"Person\",\"@id\":\"http:\\\/\\\/autosdelpodio.com\\\/autos\\\/#\\\/schema\\\/person\\\/e88353cabf768863fdf874e30120f3ba\",\"name\":\"wi022230\",\"image\":{\"@type\":\"ImageObject\",\"inLanguage\":\"es\",\"@id\":\"http:\\\/\\\/autosdelpodio.com\\\/autos\\\/wp-content\\\/litespeed\\\/avatar\\\/453fc9bdbb11d766ba4c7f14d0bd0aa9.jpg?ver=1777404874\",\"url\":\"http:\\\/\\\/autosdelpodio.com\\\/autos\\\/wp-content\\\/litespeed\\\/avatar\\\/453fc9bdbb11d766ba4c7f14d0bd0aa9.jpg?ver=1777404874\",\"contentUrl\":\"http:\\\/\\\/autosdelpodio.com\\\/autos\\\/wp-content\\\/litespeed\\\/avatar\\\/453fc9bdbb11d766ba4c7f14d0bd0aa9.jpg?ver=1777404874\",\"caption\":\"wi022230\"}}]}<\/script>\n<!-- \/ Yoast SEO plugin. -->","yoast_head_json":{"title":"Autos del Podio | En los 75 a\u00f1os del TC, hist\u00f3rico 1-2-3-4 de Chevrolet","description":"Autos del Podio","robots":{"index":"index","follow":"follow","max-snippet":"max-snippet:-1","max-image-preview":"max-image-preview:large","max-video-preview":"max-video-preview:-1"},"canonical":"http:\/\/autosdelpodio.com\/autos\/en-los-75-anos-del-tc-historico-1-2-3-4-de-chevrolet\/","og_locale":"es_ES","og_type":"article","og_title":"Autos del Podio | En los 75 a\u00f1os del TC, hist\u00f3rico 1-2-3-4 de Chevrolet","og_description":"Autos del Podio","og_url":"http:\/\/autosdelpodio.com\/autos\/en-los-75-anos-del-tc-historico-1-2-3-4-de-chevrolet\/","og_site_name":"Autos del Podio","article_publisher":"https:\/\/www.facebook.com\/profile.php?id=100057192590976&amp%3bamp%3bamp%3bamp%3bamp%3bamp%3bamp%3bamp%3bamp%3bamp%3bamp%3bamp%3bamp%3bamp%3bamp%3bamp%3bamp%3bamp%3bref=ts","article_published_time":"2012-08-06T00:08:21+00:00","author":"wi022230","twitter_card":"summary_large_image","twitter_creator":"@autosdelpodio","twitter_site":"@autosdelpodio","twitter_misc":{"Escrito por":"wi022230","Tiempo de lectura":"1 minuto"},"schema":{"@context":"https:\/\/schema.org","@graph":[{"@type":"Article","@id":"http:\/\/autosdelpodio.com\/autos\/en-los-75-anos-del-tc-historico-1-2-3-4-de-chevrolet\/#article","isPartOf":{"@id":"http:\/\/autosdelpodio.com\/autos\/en-los-75-anos-del-tc-historico-1-2-3-4-de-chevrolet\/"},"author":{"name":"wi022230","@id":"http:\/\/autosdelpodio.com\/autos\/#\/schema\/person\/e88353cabf768863fdf874e30120f3ba"},"headline":"En los 75 a\u00f1os del TC, hist\u00f3rico 1-2-3-4 de Chevrolet","datePublished":"2012-08-06T00:08:21+00:00","mainEntityOfPage":{"@id":"http:\/\/autosdelpodio.com\/autos\/en-los-75-anos-del-tc-historico-1-2-3-4-de-chevrolet\/"},"wordCount":305,"commentCount":0,"publisher":{"@id":"http:\/\/autosdelpodio.com\/autos\/#organization"},"articleSection":["\u00daltimas noticias"],"inLanguage":"es","potentialAction":[{"@type":"CommentAction","name":"Comment","target":["http:\/\/autosdelpodio.com\/autos\/en-los-75-anos-del-tc-historico-1-2-3-4-de-chevrolet\/#respond"]}]},{"@type":"WebPage","@id":"http:\/\/autosdelpodio.com\/autos\/en-los-75-anos-del-tc-historico-1-2-3-4-de-chevrolet\/","url":"http:\/\/autosdelpodio.com\/autos\/en-los-75-anos-del-tc-historico-1-2-3-4-de-chevrolet\/","name":"Autos del Podio | En los 75 a\u00f1os del TC, hist\u00f3rico 1-2-3-4 de Chevrolet","isPartOf":{"@id":"http:\/\/autosdelpodio.com\/autos\/#website"},"datePublished":"2012-08-06T00:08:21+00:00","description":"Autos del Podio","breadcrumb":{"@id":"http:\/\/autosdelpodio.com\/autos\/en-los-75-anos-del-tc-historico-1-2-3-4-de-chevrolet\/#breadcrumb"},"inLanguage":"es","potentialAction":[{"@type":"ReadAction","target":["http:\/\/autosdelpodio.com\/autos\/en-los-75-anos-del-tc-historico-1-2-3-4-de-chevrolet\/"]}]},{"@type":"BreadcrumbList","@id":"http:\/\/autosdelpodio.com\/autos\/en-los-75-anos-del-tc-historico-1-2-3-4-de-chevrolet\/#breadcrumb","itemListElement":[{"@type":"ListItem","position":1,"name":"Portada","item":"http:\/\/autosdelpodio.com\/autos\/"},{"@type":"ListItem","position":2,"name":"En los 75 a\u00f1os del TC, hist\u00f3rico 1-2-3-4 de Chevrolet"}]},{"@type":"WebSite","@id":"http:\/\/autosdelpodio.com\/autos\/#website","url":"http:\/\/autosdelpodio.com\/autos\/","name":"Autos del Podio","description":"La sexta del deporte motor","publisher":{"@id":"http:\/\/autosdelpodio.com\/autos\/#organization"},"potentialAction":[{"@type":"SearchAction","target":{"@type":"EntryPoint","urlTemplate":"http:\/\/autosdelpodio.com\/autos\/?s={search_term_string}"},"query-input":{"@type":"PropertyValueSpecification","valueRequired":true,"valueName":"search_term_string"}}],"inLanguage":"es"},{"@type":"Organization","@id":"http:\/\/autosdelpodio.com\/autos\/#organization","name":"Autos del Podio","url":"http:\/\/autosdelpodio.com\/autos\/","logo":{"@type":"ImageObject","inLanguage":"es","@id":"http:\/\/autosdelpodio.com\/autos\/#\/schema\/logo\/image\/","url":"http:\/\/autosdelpodio.com\/autos\/wp-content\/uploads\/2020\/08\/Logo_AR.jpg","contentUrl":"http:\/\/autosdelpodio.com\/autos\/wp-content\/uploads\/2020\/08\/Logo_AR.jpg","width":1038,"height":1044,"caption":"Autos del Podio"},"image":{"@id":"http:\/\/autosdelpodio.com\/autos\/#\/schema\/logo\/image\/"},"sameAs":["https:\/\/www.facebook.com\/profile.php?id=100057192590976&amp;amp;amp;amp;amp;amp;amp;amp;amp;amp;amp;amp;amp;amp;amp;amp;amp;amp;ref=ts","https:\/\/x.com\/autosdelpodio","https:\/\/www.youtube.com\/user\/AutosdelPodio"]},{"@type":"Person","@id":"http:\/\/autosdelpodio.com\/autos\/#\/schema\/person\/e88353cabf768863fdf874e30120f3ba","name":"wi022230","image":{"@type":"ImageObject","inLanguage":"es","@id":"http:\/\/autosdelpodio.com\/autos\/wp-content\/litespeed\/avatar\/453fc9bdbb11d766ba4c7f14d0bd0aa9.jpg?ver=1777404874","url":"http:\/\/autosdelpodio.com\/autos\/wp-content\/litespeed\/avatar\/453fc9bdbb11d766ba4c7f14d0bd0aa9.jpg?ver=1777404874","contentUrl":"http:\/\/autosdelpodio.com\/autos\/wp-content\/litespeed\/avatar\/453fc9bdbb11d766ba4c7f14d0bd0aa9.jpg?ver=1777404874","caption":"wi022230"}}]}},"views":502,"_links":{"self":[{"href":"http:\/\/autosdelpodio.com\/autos\/wp-json\/wp\/v2\/posts\/473","targetHints":{"allow":["GET"]}}],"collection":[{"href":"http:\/\/autosdelpodio.com\/autos\/wp-json\/wp\/v2\/posts"}],"about":[{"href":"http:\/\/autosdelpodio.com\/autos\/wp-json\/wp\/v2\/types\/post"}],"author":[{"embeddable":true,"href":"http:\/\/autosdelpodio.com\/autos\/wp-json\/wp\/v2\/users\/1"}],"replies":[{"embeddable":true,"href":"http:\/\/autosdelpodio.com\/autos\/wp-json\/wp\/v2\/comments?post=473"}],"version-history":[{"count":0,"href":"http:\/\/autosdelpodio.com\/autos\/wp-json\/wp\/v2\/posts\/473\/revisions"}],"wp:attachment":[{"href":"http:\/\/autosdelpodio.com\/autos\/wp-json\/wp\/v2\/media?parent=473"}],"wp:term":[{"taxonomy":"category","embeddable":true,"href":"http:\/\/autosdelpodio.com\/autos\/wp-json\/wp\/v2\/categories?post=473"},{"taxonomy":"post_tag","embeddable":true,"href":"http:\/\/autosdelpodio.com\/autos\/wp-json\/wp\/v2\/tags?post=473"}],"curies":[{"name":"wp","href":"https:\/\/api.w.org\/{rel}","templated":true}]}}