{"id":4735,"date":"2021-09-19T23:10:48","date_gmt":"2021-09-20T02:10:48","guid":{"rendered":"http:\/\/autosdelpodio.com\/autos\/?p=4735"},"modified":"2021-09-19T23:10:49","modified_gmt":"2021-09-20T02:10:49","slug":"le-ratificaron-el-triunfo","status":"publish","type":"post","link":"http:\/\/autosdelpodio.com\/autos\/le-ratificaron-el-triunfo\/","title":{"rendered":"Le ratificaron el triunfo"},"content":{"rendered":"\n<p>Leonel Pernia gan\u00f3 la novena final del a\u00f1o de la Clase 3 del Turismo Nacional en Alta Gracia. Carlos Javier Merlo y Mariano Werner completaron el podio de una carrera que tuvo un cierre accidentado que posteriormente la CDA dej\u00f3 el clasificador tal cual culmin\u00f3 en pista.<br>Sin cambio en la punta, Julian Santero se mantiene con buen margen al tope con 254 puntos, seguido por Merlo con 218.<br>En la antesala del espect\u00e1culo de la clase mayor, la Clase 2 tuvo una final pol\u00e9mica y \u00e1spera que dej\u00f3 un saldo de 3 pilotos excluidos y otros 4 apercibidos en lo que fue victoria de Lucas Yerobi con un Fiesta Kinetic.<br>La pr\u00f3xima fecha se desarrollar\u00e1 el 17 de octubre en el Aut\u00f3dromo chubutense de Trelew.<\/p>\n\n\n\n<p><strong>Final Clase 3 del TN &#8211; Fecha 9<\/strong><br><em>1 12 LEONEL PERNIA FORD FOCUS 01:41.8<br>2 63 CARLOS JAVIER MERLO TOYOTA COROLLA 0.467<br>3 44 MARIANO WERNER VW VENTO 3.392<br>4 118 ANTONINO GARCIA FORD FOCUS 4.837<br>5 16 JONATAN CASTELLANO CHEVROLET CRUZE 5.239<br>6 137 JUAN JOSE GARRIZ C4 LOUNGE 5.987<br>7 14 FABRICIO PEZZINI TOYOTA COROLLA 9.201<br>8 56 GERMAN TODINO TOYOTA COROLLA 12.328<br>9 9 LEANDRO CARDUCCI FORD FOCUS 13.077<br>10 81 LUCAS CARABAJAL VW VENTO 13.453<br>11 4 MATIAS MU\u00d1OZ MARCHESI FORD FOCUS 14.299<br>12 11 JERONIMO TETI CHEVROLET CRUZE 14.969<br>13 69 MARTIN CHIALVO FORD FOCUS 19.287<br>14 68 JULIAN SANTERO TOYOTA COROLLA 19.912<br>15 66 ADRIAN PERCAZ FORD FOCUS 20.367<br>16 8 ALFONSO DOMENECH TOYOTA COROLLA 20.948<br>17 109 LUCAS VICINO CHEVROLET CRUZE 21.802<br>18 114 EVER FRANETOVICH FORD FOCUS 22.201<br>19 33 MATIAS MENVIELLE CHEVROLET CRUZE 22.605<br>20 155 GASTON IANSA TOYOTA COROLLA 27.256<br>21 7 LEONEL LARRAURI PEUGEOT 408 28.784<br>22 197 MARCOS QUIJADA TOYOTA COROLLA 29.175<br>23 121 NICOLAS POSCO FORD FOCUS 29.634<br>24 3 FACUNDO CHAPUR FORD FOCUS 4 Vueltas<br>25 21 FACUNDO CONTA FORD FOCUS 5 Vueltas<br>26 55 MANUEL MALLO CHEVROLET CRUZE 12 Vueltas<br>27 111 JOEL GASSMAN CHEVROLET CRUZE 12 Vueltas<br>28 41 MAURO SCHENONE CHEVROLET CRUZE 13 Vueltas<br>29 110 FABIAN YANNANTUONI FIAT TIPO 14 Vueltas<br>30 1 JOSE M. URCERA PEUGEOT 408 18 Vueltas<\/em><\/p>\n","protected":false},"excerpt":{"rendered":"<p>Leonel Pernia gan\u00f3 la novena final del a\u00f1o de la Clase 3 del Turismo Nacional en Alta Gracia. Carlos Javier<\/p>\n","protected":false},"author":3,"featured_media":1614,"comment_status":"open","ping_status":"open","sticky":false,"template":"","format":"standard","meta":{"colormag_page_container_layout":"default_layout","colormag_page_sidebar_layout":"default_layout","footnotes":""},"categories":[6,5],"tags":[379,512,515,78],"class_list":["post-4735","post","type-post","status-publish","format-standard","has-post-thumbnail","hentry","category-newsflash","category-latest-news","tag-autodromo-cabalen","tag-clase-3","tag-leonel-pernia","tag-turismo-nacional"],"yoast_head":"<!-- This site is optimized with the Yoast SEO plugin v27.5 - https:\/\/yoast.com\/product\/yoast-seo-wordpress\/ -->\n<title>Autos del Podio | Le ratificaron el triunfo<\/title>\n<meta name=\"description\" content=\"Autos del Podio Pernia se impuso con Ford Focus en la clase mayor del TN en el Cabalen\" \/>\n<meta name=\"robots\" content=\"index, follow, max-snippet:-1, max-image-preview:large, max-video-preview:-1\" \/>\n<link rel=\"canonical\" href=\"http:\/\/autosdelpodio.com\/autos\/le-ratificaron-el-triunfo\/\" \/>\n<meta property=\"og:locale\" content=\"es_ES\" \/>\n<meta property=\"og:type\" content=\"article\" \/>\n<meta property=\"og:title\" content=\"Autos del Podio | Le ratificaron el triunfo\" \/>\n<meta property=\"og:description\" content=\"Autos del Podio Pernia se impuso con Ford Focus en la clase mayor del TN en el Cabalen\" \/>\n<meta property=\"og:url\" content=\"http:\/\/autosdelpodio.com\/autos\/le-ratificaron-el-triunfo\/\" \/>\n<meta property=\"og:site_name\" content=\"Autos del Podio\" \/>\n<meta property=\"article:publisher\" content=\"https:\/\/www.facebook.com\/profile.php?id=100057192590976&amp;amp%3bamp%3bamp%3bamp%3bamp%3bamp%3bamp%3bamp%3bamp%3bamp%3bamp%3bamp%3bamp%3bamp%3bamp%3bamp%3bamp%3bamp%3bref=ts\" \/>\n<meta property=\"article:published_time\" content=\"2021-09-20T02:10:48+00:00\" \/>\n<meta property=\"article:modified_time\" content=\"2021-09-20T02:10:49+00:00\" \/>\n<meta property=\"og:image\" content=\"http:\/\/autosdelpodio.com\/autos\/wp-content\/uploads\/2020\/04\/Logo_Turismo_Nacional.jpg\" \/>\n\t<meta property=\"og:image:width\" content=\"420\" \/>\n\t<meta property=\"og:image:height\" content=\"192\" \/>\n\t<meta property=\"og:image:type\" content=\"image\/jpeg\" \/>\n<meta name=\"author\" content=\"autosdelpodio\" \/>\n<meta name=\"twitter:card\" content=\"summary_large_image\" \/>\n<meta name=\"twitter:creator\" content=\"@autosdelpodio\" \/>\n<meta name=\"twitter:site\" content=\"@autosdelpodio\" \/>\n<meta name=\"twitter:label1\" content=\"Escrito por\" \/>\n\t<meta name=\"twitter:data1\" content=\"autosdelpodio\" \/>\n\t<meta name=\"twitter:label2\" content=\"Tiempo de lectura\" \/>\n\t<meta name=\"twitter:data2\" content=\"2 minutos\" \/>\n<script type=\"application\/ld+json\" class=\"yoast-schema-graph\">{\"@context\":\"https:\\\/\\\/schema.org\",\"@graph\":[{\"@type\":\"Article\",\"@id\":\"http:\\\/\\\/autosdelpodio.com\\\/autos\\\/le-ratificaron-el-triunfo\\\/#article\",\"isPartOf\":{\"@id\":\"http:\\\/\\\/autosdelpodio.com\\\/autos\\\/le-ratificaron-el-triunfo\\\/\"},\"author\":{\"name\":\"autosdelpodio\",\"@id\":\"http:\\\/\\\/autosdelpodio.com\\\/autos\\\/#\\\/schema\\\/person\\\/993527a4d01c3acdd3d6bce3770bc942\"},\"headline\":\"Le ratificaron el triunfo\",\"datePublished\":\"2021-09-20T02:10:48+00:00\",\"dateModified\":\"2021-09-20T02:10:49+00:00\",\"mainEntityOfPage\":{\"@id\":\"http:\\\/\\\/autosdelpodio.com\\\/autos\\\/le-ratificaron-el-triunfo\\\/\"},\"wordCount\":264,\"commentCount\":0,\"publisher\":{\"@id\":\"http:\\\/\\\/autosdelpodio.com\\\/autos\\\/#organization\"},\"image\":{\"@id\":\"http:\\\/\\\/autosdelpodio.com\\\/autos\\\/le-ratificaron-el-triunfo\\\/#primaryimage\"},\"thumbnailUrl\":\"http:\\\/\\\/autosdelpodio.com\\\/autos\\\/wp-content\\\/uploads\\\/2020\\\/04\\\/Logo_Turismo_Nacional.jpg\",\"keywords\":[\"Autodromo Cabalen\",\"Clase 3\",\"Leonel Pernia\",\"Turismo Nacional\"],\"articleSection\":[\"Destacado\",\"\u00daltimas noticias\"],\"inLanguage\":\"es\",\"potentialAction\":[{\"@type\":\"CommentAction\",\"name\":\"Comment\",\"target\":[\"http:\\\/\\\/autosdelpodio.com\\\/autos\\\/le-ratificaron-el-triunfo\\\/#respond\"]}]},{\"@type\":\"WebPage\",\"@id\":\"http:\\\/\\\/autosdelpodio.com\\\/autos\\\/le-ratificaron-el-triunfo\\\/\",\"url\":\"http:\\\/\\\/autosdelpodio.com\\\/autos\\\/le-ratificaron-el-triunfo\\\/\",\"name\":\"Autos del Podio | Le ratificaron el triunfo\",\"isPartOf\":{\"@id\":\"http:\\\/\\\/autosdelpodio.com\\\/autos\\\/#website\"},\"primaryImageOfPage\":{\"@id\":\"http:\\\/\\\/autosdelpodio.com\\\/autos\\\/le-ratificaron-el-triunfo\\\/#primaryimage\"},\"image\":{\"@id\":\"http:\\\/\\\/autosdelpodio.com\\\/autos\\\/le-ratificaron-el-triunfo\\\/#primaryimage\"},\"thumbnailUrl\":\"http:\\\/\\\/autosdelpodio.com\\\/autos\\\/wp-content\\\/uploads\\\/2020\\\/04\\\/Logo_Turismo_Nacional.jpg\",\"datePublished\":\"2021-09-20T02:10:48+00:00\",\"dateModified\":\"2021-09-20T02:10:49+00:00\",\"description\":\"Autos del Podio Pernia se impuso con Ford Focus en la clase mayor del TN en el Cabalen\",\"breadcrumb\":{\"@id\":\"http:\\\/\\\/autosdelpodio.com\\\/autos\\\/le-ratificaron-el-triunfo\\\/#breadcrumb\"},\"inLanguage\":\"es\",\"potentialAction\":[{\"@type\":\"ReadAction\",\"target\":[\"http:\\\/\\\/autosdelpodio.com\\\/autos\\\/le-ratificaron-el-triunfo\\\/\"]}]},{\"@type\":\"ImageObject\",\"inLanguage\":\"es\",\"@id\":\"http:\\\/\\\/autosdelpodio.com\\\/autos\\\/le-ratificaron-el-triunfo\\\/#primaryimage\",\"url\":\"http:\\\/\\\/autosdelpodio.com\\\/autos\\\/wp-content\\\/uploads\\\/2020\\\/04\\\/Logo_Turismo_Nacional.jpg\",\"contentUrl\":\"http:\\\/\\\/autosdelpodio.com\\\/autos\\\/wp-content\\\/uploads\\\/2020\\\/04\\\/Logo_Turismo_Nacional.jpg\",\"width\":420,\"height\":192},{\"@type\":\"BreadcrumbList\",\"@id\":\"http:\\\/\\\/autosdelpodio.com\\\/autos\\\/le-ratificaron-el-triunfo\\\/#breadcrumb\",\"itemListElement\":[{\"@type\":\"ListItem\",\"position\":1,\"name\":\"Portada\",\"item\":\"http:\\\/\\\/autosdelpodio.com\\\/autos\\\/\"},{\"@type\":\"ListItem\",\"position\":2,\"name\":\"Le ratificaron el triunfo\"}]},{\"@type\":\"WebSite\",\"@id\":\"http:\\\/\\\/autosdelpodio.com\\\/autos\\\/#website\",\"url\":\"http:\\\/\\\/autosdelpodio.com\\\/autos\\\/\",\"name\":\"Autos del Podio\",\"description\":\"La sexta del deporte motor\",\"publisher\":{\"@id\":\"http:\\\/\\\/autosdelpodio.com\\\/autos\\\/#organization\"},\"potentialAction\":[{\"@type\":\"SearchAction\",\"target\":{\"@type\":\"EntryPoint\",\"urlTemplate\":\"http:\\\/\\\/autosdelpodio.com\\\/autos\\\/?s={search_term_string}\"},\"query-input\":{\"@type\":\"PropertyValueSpecification\",\"valueRequired\":true,\"valueName\":\"search_term_string\"}}],\"inLanguage\":\"es\"},{\"@type\":\"Organization\",\"@id\":\"http:\\\/\\\/autosdelpodio.com\\\/autos\\\/#organization\",\"name\":\"Autos del Podio\",\"url\":\"http:\\\/\\\/autosdelpodio.com\\\/autos\\\/\",\"logo\":{\"@type\":\"ImageObject\",\"inLanguage\":\"es\",\"@id\":\"http:\\\/\\\/autosdelpodio.com\\\/autos\\\/#\\\/schema\\\/logo\\\/image\\\/\",\"url\":\"http:\\\/\\\/autosdelpodio.com\\\/autos\\\/wp-content\\\/uploads\\\/2020\\\/08\\\/Logo_AR.jpg\",\"contentUrl\":\"http:\\\/\\\/autosdelpodio.com\\\/autos\\\/wp-content\\\/uploads\\\/2020\\\/08\\\/Logo_AR.jpg\",\"width\":1038,\"height\":1044,\"caption\":\"Autos del Podio\"},\"image\":{\"@id\":\"http:\\\/\\\/autosdelpodio.com\\\/autos\\\/#\\\/schema\\\/logo\\\/image\\\/\"},\"sameAs\":[\"https:\\\/\\\/www.facebook.com\\\/profile.php?id=100057192590976&amp;amp;amp;amp;amp;amp;amp;amp;amp;amp;amp;amp;amp;amp;amp;amp;amp;amp;ref=ts\",\"https:\\\/\\\/x.com\\\/autosdelpodio\",\"https:\\\/\\\/www.youtube.com\\\/user\\\/AutosdelPodio\"]},{\"@type\":\"Person\",\"@id\":\"http:\\\/\\\/autosdelpodio.com\\\/autos\\\/#\\\/schema\\\/person\\\/993527a4d01c3acdd3d6bce3770bc942\",\"name\":\"autosdelpodio\",\"image\":{\"@type\":\"ImageObject\",\"inLanguage\":\"es\",\"@id\":\"http:\\\/\\\/autosdelpodio.com\\\/autos\\\/wp-content\\\/litespeed\\\/avatar\\\/aa8f65cd201a80f6b844f63278aa84af.jpg?ver=1777403005\",\"url\":\"http:\\\/\\\/autosdelpodio.com\\\/autos\\\/wp-content\\\/litespeed\\\/avatar\\\/aa8f65cd201a80f6b844f63278aa84af.jpg?ver=1777403005\",\"contentUrl\":\"http:\\\/\\\/autosdelpodio.com\\\/autos\\\/wp-content\\\/litespeed\\\/avatar\\\/aa8f65cd201a80f6b844f63278aa84af.jpg?ver=1777403005\",\"caption\":\"autosdelpodio\"}}]}<\/script>\n<!-- \/ Yoast SEO plugin. -->","yoast_head_json":{"title":"Autos del Podio | Le ratificaron el triunfo","description":"Autos del Podio Pernia se impuso con Ford Focus en la clase mayor del TN en el Cabalen","robots":{"index":"index","follow":"follow","max-snippet":"max-snippet:-1","max-image-preview":"max-image-preview:large","max-video-preview":"max-video-preview:-1"},"canonical":"http:\/\/autosdelpodio.com\/autos\/le-ratificaron-el-triunfo\/","og_locale":"es_ES","og_type":"article","og_title":"Autos del Podio | Le ratificaron el triunfo","og_description":"Autos del Podio Pernia se impuso con Ford Focus en la clase mayor del TN en el Cabalen","og_url":"http:\/\/autosdelpodio.com\/autos\/le-ratificaron-el-triunfo\/","og_site_name":"Autos del Podio","article_publisher":"https:\/\/www.facebook.com\/profile.php?id=100057192590976&amp%3bamp%3bamp%3bamp%3bamp%3bamp%3bamp%3bamp%3bamp%3bamp%3bamp%3bamp%3bamp%3bamp%3bamp%3bamp%3bamp%3bamp%3bref=ts","article_published_time":"2021-09-20T02:10:48+00:00","article_modified_time":"2021-09-20T02:10:49+00:00","og_image":[{"width":420,"height":192,"url":"http:\/\/autosdelpodio.com\/autos\/wp-content\/uploads\/2020\/04\/Logo_Turismo_Nacional.jpg","type":"image\/jpeg"}],"author":"autosdelpodio","twitter_card":"summary_large_image","twitter_creator":"@autosdelpodio","twitter_site":"@autosdelpodio","twitter_misc":{"Escrito por":"autosdelpodio","Tiempo de lectura":"2 minutos"},"schema":{"@context":"https:\/\/schema.org","@graph":[{"@type":"Article","@id":"http:\/\/autosdelpodio.com\/autos\/le-ratificaron-el-triunfo\/#article","isPartOf":{"@id":"http:\/\/autosdelpodio.com\/autos\/le-ratificaron-el-triunfo\/"},"author":{"name":"autosdelpodio","@id":"http:\/\/autosdelpodio.com\/autos\/#\/schema\/person\/993527a4d01c3acdd3d6bce3770bc942"},"headline":"Le ratificaron el triunfo","datePublished":"2021-09-20T02:10:48+00:00","dateModified":"2021-09-20T02:10:49+00:00","mainEntityOfPage":{"@id":"http:\/\/autosdelpodio.com\/autos\/le-ratificaron-el-triunfo\/"},"wordCount":264,"commentCount":0,"publisher":{"@id":"http:\/\/autosdelpodio.com\/autos\/#organization"},"image":{"@id":"http:\/\/autosdelpodio.com\/autos\/le-ratificaron-el-triunfo\/#primaryimage"},"thumbnailUrl":"http:\/\/autosdelpodio.com\/autos\/wp-content\/uploads\/2020\/04\/Logo_Turismo_Nacional.jpg","keywords":["Autodromo Cabalen","Clase 3","Leonel Pernia","Turismo Nacional"],"articleSection":["Destacado","\u00daltimas noticias"],"inLanguage":"es","potentialAction":[{"@type":"CommentAction","name":"Comment","target":["http:\/\/autosdelpodio.com\/autos\/le-ratificaron-el-triunfo\/#respond"]}]},{"@type":"WebPage","@id":"http:\/\/autosdelpodio.com\/autos\/le-ratificaron-el-triunfo\/","url":"http:\/\/autosdelpodio.com\/autos\/le-ratificaron-el-triunfo\/","name":"Autos del Podio | Le ratificaron el triunfo","isPartOf":{"@id":"http:\/\/autosdelpodio.com\/autos\/#website"},"primaryImageOfPage":{"@id":"http:\/\/autosdelpodio.com\/autos\/le-ratificaron-el-triunfo\/#primaryimage"},"image":{"@id":"http:\/\/autosdelpodio.com\/autos\/le-ratificaron-el-triunfo\/#primaryimage"},"thumbnailUrl":"http:\/\/autosdelpodio.com\/autos\/wp-content\/uploads\/2020\/04\/Logo_Turismo_Nacional.jpg","datePublished":"2021-09-20T02:10:48+00:00","dateModified":"2021-09-20T02:10:49+00:00","description":"Autos del Podio Pernia se impuso con Ford Focus en la clase mayor del TN en el Cabalen","breadcrumb":{"@id":"http:\/\/autosdelpodio.com\/autos\/le-ratificaron-el-triunfo\/#breadcrumb"},"inLanguage":"es","potentialAction":[{"@type":"ReadAction","target":["http:\/\/autosdelpodio.com\/autos\/le-ratificaron-el-triunfo\/"]}]},{"@type":"ImageObject","inLanguage":"es","@id":"http:\/\/autosdelpodio.com\/autos\/le-ratificaron-el-triunfo\/#primaryimage","url":"http:\/\/autosdelpodio.com\/autos\/wp-content\/uploads\/2020\/04\/Logo_Turismo_Nacional.jpg","contentUrl":"http:\/\/autosdelpodio.com\/autos\/wp-content\/uploads\/2020\/04\/Logo_Turismo_Nacional.jpg","width":420,"height":192},{"@type":"BreadcrumbList","@id":"http:\/\/autosdelpodio.com\/autos\/le-ratificaron-el-triunfo\/#breadcrumb","itemListElement":[{"@type":"ListItem","position":1,"name":"Portada","item":"http:\/\/autosdelpodio.com\/autos\/"},{"@type":"ListItem","position":2,"name":"Le ratificaron el triunfo"}]},{"@type":"WebSite","@id":"http:\/\/autosdelpodio.com\/autos\/#website","url":"http:\/\/autosdelpodio.com\/autos\/","name":"Autos del Podio","description":"La sexta del deporte motor","publisher":{"@id":"http:\/\/autosdelpodio.com\/autos\/#organization"},"potentialAction":[{"@type":"SearchAction","target":{"@type":"EntryPoint","urlTemplate":"http:\/\/autosdelpodio.com\/autos\/?s={search_term_string}"},"query-input":{"@type":"PropertyValueSpecification","valueRequired":true,"valueName":"search_term_string"}}],"inLanguage":"es"},{"@type":"Organization","@id":"http:\/\/autosdelpodio.com\/autos\/#organization","name":"Autos del Podio","url":"http:\/\/autosdelpodio.com\/autos\/","logo":{"@type":"ImageObject","inLanguage":"es","@id":"http:\/\/autosdelpodio.com\/autos\/#\/schema\/logo\/image\/","url":"http:\/\/autosdelpodio.com\/autos\/wp-content\/uploads\/2020\/08\/Logo_AR.jpg","contentUrl":"http:\/\/autosdelpodio.com\/autos\/wp-content\/uploads\/2020\/08\/Logo_AR.jpg","width":1038,"height":1044,"caption":"Autos del Podio"},"image":{"@id":"http:\/\/autosdelpodio.com\/autos\/#\/schema\/logo\/image\/"},"sameAs":["https:\/\/www.facebook.com\/profile.php?id=100057192590976&amp;amp;amp;amp;amp;amp;amp;amp;amp;amp;amp;amp;amp;amp;amp;amp;amp;amp;ref=ts","https:\/\/x.com\/autosdelpodio","https:\/\/www.youtube.com\/user\/AutosdelPodio"]},{"@type":"Person","@id":"http:\/\/autosdelpodio.com\/autos\/#\/schema\/person\/993527a4d01c3acdd3d6bce3770bc942","name":"autosdelpodio","image":{"@type":"ImageObject","inLanguage":"es","@id":"http:\/\/autosdelpodio.com\/autos\/wp-content\/litespeed\/avatar\/aa8f65cd201a80f6b844f63278aa84af.jpg?ver=1777403005","url":"http:\/\/autosdelpodio.com\/autos\/wp-content\/litespeed\/avatar\/aa8f65cd201a80f6b844f63278aa84af.jpg?ver=1777403005","contentUrl":"http:\/\/autosdelpodio.com\/autos\/wp-content\/litespeed\/avatar\/aa8f65cd201a80f6b844f63278aa84af.jpg?ver=1777403005","caption":"autosdelpodio"}}]}},"views":455,"_links":{"self":[{"href":"http:\/\/autosdelpodio.com\/autos\/wp-json\/wp\/v2\/posts\/4735","targetHints":{"allow":["GET"]}}],"collection":[{"href":"http:\/\/autosdelpodio.com\/autos\/wp-json\/wp\/v2\/posts"}],"about":[{"href":"http:\/\/autosdelpodio.com\/autos\/wp-json\/wp\/v2\/types\/post"}],"author":[{"embeddable":true,"href":"http:\/\/autosdelpodio.com\/autos\/wp-json\/wp\/v2\/users\/3"}],"replies":[{"embeddable":true,"href":"http:\/\/autosdelpodio.com\/autos\/wp-json\/wp\/v2\/comments?post=4735"}],"version-history":[{"count":1,"href":"http:\/\/autosdelpodio.com\/autos\/wp-json\/wp\/v2\/posts\/4735\/revisions"}],"predecessor-version":[{"id":4736,"href":"http:\/\/autosdelpodio.com\/autos\/wp-json\/wp\/v2\/posts\/4735\/revisions\/4736"}],"wp:featuredmedia":[{"embeddable":true,"href":"http:\/\/autosdelpodio.com\/autos\/wp-json\/wp\/v2\/media\/1614"}],"wp:attachment":[{"href":"http:\/\/autosdelpodio.com\/autos\/wp-json\/wp\/v2\/media?parent=4735"}],"wp:term":[{"taxonomy":"category","embeddable":true,"href":"http:\/\/autosdelpodio.com\/autos\/wp-json\/wp\/v2\/categories?post=4735"},{"taxonomy":"post_tag","embeddable":true,"href":"http:\/\/autosdelpodio.com\/autos\/wp-json\/wp\/v2\/tags?post=4735"}],"curies":[{"name":"wp","href":"https:\/\/api.w.org\/{rel}","templated":true}]}}