{"id":4768,"date":"2021-09-27T21:56:34","date_gmt":"2021-09-28T00:56:34","guid":{"rendered":"http:\/\/autosdelpodio.com\/autos\/?p=4768"},"modified":"2021-09-27T22:06:39","modified_gmt":"2021-09-28T01:06:39","slug":"edicion-no32-de-las-mil-millas-sport","status":"publish","type":"post","link":"http:\/\/autosdelpodio.com\/autos\/edicion-no32-de-las-mil-millas-sport\/","title":{"rendered":"Edici\u00f3n n\u00ba32 de las Mil Millas Sport"},"content":{"rendered":"\n<p>La edici\u00f3n n\u00ba32 de las Mil Millas Sport puso primera. Se disputar\u00e1 en tres etapas atravesando las bellas localidades de Bariloche, Villa La Angostura, San Mart\u00edn de Los Andes, Jun\u00edn de Los Andes y El Bols\u00f3n, entre otras.<\/p>\n\n\n\n<p>Las inscripciones ya est\u00e1n abiertas. Todos los autos participantes deber\u00e1n poseer y presentar carnet FIVA.<\/p>\n\n\n\n<p>La prueba est\u00e1 organizada por el Club de Autom\u00f3viles Sport (CAS).<\/p>\n\n\n\n<p>Para informes e inscripci\u00f3n:<br><a href=\"http:\/\/www.1000millas.com.ar\/\" target=\"_blank\" rel=\"noreferrer noopener\">http:\/\/www.1000millas.com.ar\/<\/a><\/p>\n","protected":false},"excerpt":{"rendered":"<p>La edici\u00f3n n\u00ba32 de las Mil Millas Sport puso primera. Se disputar\u00e1 en tres etapas atravesando las bellas localidades de<\/p>\n","protected":false},"author":3,"featured_media":0,"comment_status":"open","ping_status":"open","sticky":false,"template":"","format":"standard","meta":{"colormag_page_container_layout":"default_layout","colormag_page_sidebar_layout":"default_layout","footnotes":""},"categories":[5],"tags":[361,569,35],"class_list":["post-4768","post","type-post","status-publish","format-standard","hentry","category-latest-news","tag-autos","tag-clubes","tag-republica-argentina"],"yoast_head":"<!-- This site is optimized with the Yoast SEO plugin v27.4 - https:\/\/yoast.com\/product\/yoast-seo-wordpress\/ -->\n<title>Autos del Podio | Edici\u00f3n n\u00ba32 de las Mil Millas Sport<\/title>\n<meta name=\"description\" content=\"Autos del Podio Del 24 al 28 de noviembre se diputar\u00e1 la edici\u00f3n n\u00ba32 de las Mil Millas Sport. La tradicional prueba se realizar\u00e1 en los pintorescos paisajes del sur argentino.\" \/>\n<meta name=\"robots\" content=\"index, follow, max-snippet:-1, max-image-preview:large, max-video-preview:-1\" \/>\n<link rel=\"canonical\" href=\"http:\/\/autosdelpodio.com\/autos\/edicion-no32-de-las-mil-millas-sport\/\" \/>\n<meta property=\"og:locale\" content=\"es_ES\" \/>\n<meta property=\"og:type\" content=\"article\" \/>\n<meta property=\"og:title\" content=\"Autos del Podio | Edici\u00f3n n\u00ba32 de las Mil Millas Sport\" \/>\n<meta property=\"og:description\" content=\"Autos del Podio Del 24 al 28 de noviembre se diputar\u00e1 la edici\u00f3n n\u00ba32 de las Mil Millas Sport. La tradicional prueba se realizar\u00e1 en los pintorescos paisajes del sur argentino.\" \/>\n<meta property=\"og:url\" content=\"http:\/\/autosdelpodio.com\/autos\/edicion-no32-de-las-mil-millas-sport\/\" \/>\n<meta property=\"og:site_name\" content=\"Autos del Podio\" \/>\n<meta property=\"article:publisher\" content=\"https:\/\/www.facebook.com\/profile.php?id=100057192590976&amp;amp%3bamp%3bamp%3bamp%3bamp%3bamp%3bamp%3bamp%3bamp%3bamp%3bamp%3bamp%3bamp%3bamp%3bamp%3bamp%3bamp%3bamp%3bref=ts\" \/>\n<meta property=\"article:published_time\" content=\"2021-09-28T00:56:34+00:00\" \/>\n<meta property=\"article:modified_time\" content=\"2021-09-28T01:06:39+00:00\" \/>\n<meta name=\"author\" content=\"autosdelpodio\" \/>\n<meta name=\"twitter:card\" content=\"summary_large_image\" \/>\n<meta name=\"twitter:creator\" content=\"@autosdelpodio\" \/>\n<meta name=\"twitter:site\" content=\"@autosdelpodio\" \/>\n<meta name=\"twitter:label1\" content=\"Escrito por\" \/>\n\t<meta name=\"twitter:data1\" content=\"autosdelpodio\" \/>\n\t<meta name=\"twitter:label2\" content=\"Tiempo de lectura\" \/>\n\t<meta name=\"twitter:data2\" content=\"1 minuto\" \/>\n<script type=\"application\/ld+json\" class=\"yoast-schema-graph\">{\"@context\":\"https:\\\/\\\/schema.org\",\"@graph\":[{\"@type\":\"Article\",\"@id\":\"http:\\\/\\\/autosdelpodio.com\\\/autos\\\/edicion-no32-de-las-mil-millas-sport\\\/#article\",\"isPartOf\":{\"@id\":\"http:\\\/\\\/autosdelpodio.com\\\/autos\\\/edicion-no32-de-las-mil-millas-sport\\\/\"},\"author\":{\"name\":\"autosdelpodio\",\"@id\":\"http:\\\/\\\/autosdelpodio.com\\\/autos\\\/#\\\/schema\\\/person\\\/993527a4d01c3acdd3d6bce3770bc942\"},\"headline\":\"Edici\u00f3n n\u00ba32 de las Mil Millas Sport\",\"datePublished\":\"2021-09-28T00:56:34+00:00\",\"dateModified\":\"2021-09-28T01:06:39+00:00\",\"mainEntityOfPage\":{\"@id\":\"http:\\\/\\\/autosdelpodio.com\\\/autos\\\/edicion-no32-de-las-mil-millas-sport\\\/\"},\"wordCount\":89,\"commentCount\":0,\"publisher\":{\"@id\":\"http:\\\/\\\/autosdelpodio.com\\\/autos\\\/#organization\"},\"keywords\":[\"Autos\",\"Clubes\",\"Republica Argentina\"],\"articleSection\":[\"\u00daltimas noticias\"],\"inLanguage\":\"es\",\"potentialAction\":[{\"@type\":\"CommentAction\",\"name\":\"Comment\",\"target\":[\"http:\\\/\\\/autosdelpodio.com\\\/autos\\\/edicion-no32-de-las-mil-millas-sport\\\/#respond\"]}]},{\"@type\":\"WebPage\",\"@id\":\"http:\\\/\\\/autosdelpodio.com\\\/autos\\\/edicion-no32-de-las-mil-millas-sport\\\/\",\"url\":\"http:\\\/\\\/autosdelpodio.com\\\/autos\\\/edicion-no32-de-las-mil-millas-sport\\\/\",\"name\":\"Autos del Podio | Edici\u00f3n n\u00ba32 de las Mil Millas Sport\",\"isPartOf\":{\"@id\":\"http:\\\/\\\/autosdelpodio.com\\\/autos\\\/#website\"},\"datePublished\":\"2021-09-28T00:56:34+00:00\",\"dateModified\":\"2021-09-28T01:06:39+00:00\",\"description\":\"Autos del Podio Del 24 al 28 de noviembre se diputar\u00e1 la edici\u00f3n n\u00ba32 de las Mil Millas Sport. La tradicional prueba se realizar\u00e1 en los pintorescos paisajes del sur argentino.\",\"breadcrumb\":{\"@id\":\"http:\\\/\\\/autosdelpodio.com\\\/autos\\\/edicion-no32-de-las-mil-millas-sport\\\/#breadcrumb\"},\"inLanguage\":\"es\",\"potentialAction\":[{\"@type\":\"ReadAction\",\"target\":[\"http:\\\/\\\/autosdelpodio.com\\\/autos\\\/edicion-no32-de-las-mil-millas-sport\\\/\"]}]},{\"@type\":\"BreadcrumbList\",\"@id\":\"http:\\\/\\\/autosdelpodio.com\\\/autos\\\/edicion-no32-de-las-mil-millas-sport\\\/#breadcrumb\",\"itemListElement\":[{\"@type\":\"ListItem\",\"position\":1,\"name\":\"Portada\",\"item\":\"http:\\\/\\\/autosdelpodio.com\\\/autos\\\/\"},{\"@type\":\"ListItem\",\"position\":2,\"name\":\"Edici\u00f3n n\u00ba32 de las Mil Millas Sport\"}]},{\"@type\":\"WebSite\",\"@id\":\"http:\\\/\\\/autosdelpodio.com\\\/autos\\\/#website\",\"url\":\"http:\\\/\\\/autosdelpodio.com\\\/autos\\\/\",\"name\":\"Autos del Podio\",\"description\":\"La sexta del deporte motor\",\"publisher\":{\"@id\":\"http:\\\/\\\/autosdelpodio.com\\\/autos\\\/#organization\"},\"potentialAction\":[{\"@type\":\"SearchAction\",\"target\":{\"@type\":\"EntryPoint\",\"urlTemplate\":\"http:\\\/\\\/autosdelpodio.com\\\/autos\\\/?s={search_term_string}\"},\"query-input\":{\"@type\":\"PropertyValueSpecification\",\"valueRequired\":true,\"valueName\":\"search_term_string\"}}],\"inLanguage\":\"es\"},{\"@type\":\"Organization\",\"@id\":\"http:\\\/\\\/autosdelpodio.com\\\/autos\\\/#organization\",\"name\":\"Autos del Podio\",\"url\":\"http:\\\/\\\/autosdelpodio.com\\\/autos\\\/\",\"logo\":{\"@type\":\"ImageObject\",\"inLanguage\":\"es\",\"@id\":\"http:\\\/\\\/autosdelpodio.com\\\/autos\\\/#\\\/schema\\\/logo\\\/image\\\/\",\"url\":\"http:\\\/\\\/autosdelpodio.com\\\/autos\\\/wp-content\\\/uploads\\\/2020\\\/08\\\/Logo_AR.jpg\",\"contentUrl\":\"http:\\\/\\\/autosdelpodio.com\\\/autos\\\/wp-content\\\/uploads\\\/2020\\\/08\\\/Logo_AR.jpg\",\"width\":1038,\"height\":1044,\"caption\":\"Autos del Podio\"},\"image\":{\"@id\":\"http:\\\/\\\/autosdelpodio.com\\\/autos\\\/#\\\/schema\\\/logo\\\/image\\\/\"},\"sameAs\":[\"https:\\\/\\\/www.facebook.com\\\/profile.php?id=100057192590976&amp;amp;amp;amp;amp;amp;amp;amp;amp;amp;amp;amp;amp;amp;amp;amp;amp;amp;ref=ts\",\"https:\\\/\\\/x.com\\\/autosdelpodio\",\"https:\\\/\\\/www.youtube.com\\\/user\\\/AutosdelPodio\"]},{\"@type\":\"Person\",\"@id\":\"http:\\\/\\\/autosdelpodio.com\\\/autos\\\/#\\\/schema\\\/person\\\/993527a4d01c3acdd3d6bce3770bc942\",\"name\":\"autosdelpodio\",\"image\":{\"@type\":\"ImageObject\",\"inLanguage\":\"es\",\"@id\":\"http:\\\/\\\/autosdelpodio.com\\\/autos\\\/wp-content\\\/litespeed\\\/avatar\\\/aa8f65cd201a80f6b844f63278aa84af.jpg?ver=1776798175\",\"url\":\"http:\\\/\\\/autosdelpodio.com\\\/autos\\\/wp-content\\\/litespeed\\\/avatar\\\/aa8f65cd201a80f6b844f63278aa84af.jpg?ver=1776798175\",\"contentUrl\":\"http:\\\/\\\/autosdelpodio.com\\\/autos\\\/wp-content\\\/litespeed\\\/avatar\\\/aa8f65cd201a80f6b844f63278aa84af.jpg?ver=1776798175\",\"caption\":\"autosdelpodio\"}}]}<\/script>\n<!-- \/ Yoast SEO plugin. -->","yoast_head_json":{"title":"Autos del Podio | Edici\u00f3n n\u00ba32 de las Mil Millas Sport","description":"Autos del Podio Del 24 al 28 de noviembre se diputar\u00e1 la edici\u00f3n n\u00ba32 de las Mil Millas Sport. La tradicional prueba se realizar\u00e1 en los pintorescos paisajes del sur argentino.","robots":{"index":"index","follow":"follow","max-snippet":"max-snippet:-1","max-image-preview":"max-image-preview:large","max-video-preview":"max-video-preview:-1"},"canonical":"http:\/\/autosdelpodio.com\/autos\/edicion-no32-de-las-mil-millas-sport\/","og_locale":"es_ES","og_type":"article","og_title":"Autos del Podio | Edici\u00f3n n\u00ba32 de las Mil Millas Sport","og_description":"Autos del Podio Del 24 al 28 de noviembre se diputar\u00e1 la edici\u00f3n n\u00ba32 de las Mil Millas Sport. La tradicional prueba se realizar\u00e1 en los pintorescos paisajes del sur argentino.","og_url":"http:\/\/autosdelpodio.com\/autos\/edicion-no32-de-las-mil-millas-sport\/","og_site_name":"Autos del Podio","article_publisher":"https:\/\/www.facebook.com\/profile.php?id=100057192590976&amp%3bamp%3bamp%3bamp%3bamp%3bamp%3bamp%3bamp%3bamp%3bamp%3bamp%3bamp%3bamp%3bamp%3bamp%3bamp%3bamp%3bamp%3bref=ts","article_published_time":"2021-09-28T00:56:34+00:00","article_modified_time":"2021-09-28T01:06:39+00:00","author":"autosdelpodio","twitter_card":"summary_large_image","twitter_creator":"@autosdelpodio","twitter_site":"@autosdelpodio","twitter_misc":{"Escrito por":"autosdelpodio","Tiempo de lectura":"1 minuto"},"schema":{"@context":"https:\/\/schema.org","@graph":[{"@type":"Article","@id":"http:\/\/autosdelpodio.com\/autos\/edicion-no32-de-las-mil-millas-sport\/#article","isPartOf":{"@id":"http:\/\/autosdelpodio.com\/autos\/edicion-no32-de-las-mil-millas-sport\/"},"author":{"name":"autosdelpodio","@id":"http:\/\/autosdelpodio.com\/autos\/#\/schema\/person\/993527a4d01c3acdd3d6bce3770bc942"},"headline":"Edici\u00f3n n\u00ba32 de las Mil Millas Sport","datePublished":"2021-09-28T00:56:34+00:00","dateModified":"2021-09-28T01:06:39+00:00","mainEntityOfPage":{"@id":"http:\/\/autosdelpodio.com\/autos\/edicion-no32-de-las-mil-millas-sport\/"},"wordCount":89,"commentCount":0,"publisher":{"@id":"http:\/\/autosdelpodio.com\/autos\/#organization"},"keywords":["Autos","Clubes","Republica Argentina"],"articleSection":["\u00daltimas noticias"],"inLanguage":"es","potentialAction":[{"@type":"CommentAction","name":"Comment","target":["http:\/\/autosdelpodio.com\/autos\/edicion-no32-de-las-mil-millas-sport\/#respond"]}]},{"@type":"WebPage","@id":"http:\/\/autosdelpodio.com\/autos\/edicion-no32-de-las-mil-millas-sport\/","url":"http:\/\/autosdelpodio.com\/autos\/edicion-no32-de-las-mil-millas-sport\/","name":"Autos del Podio | Edici\u00f3n n\u00ba32 de las Mil Millas Sport","isPartOf":{"@id":"http:\/\/autosdelpodio.com\/autos\/#website"},"datePublished":"2021-09-28T00:56:34+00:00","dateModified":"2021-09-28T01:06:39+00:00","description":"Autos del Podio Del 24 al 28 de noviembre se diputar\u00e1 la edici\u00f3n n\u00ba32 de las Mil Millas Sport. La tradicional prueba se realizar\u00e1 en los pintorescos paisajes del sur argentino.","breadcrumb":{"@id":"http:\/\/autosdelpodio.com\/autos\/edicion-no32-de-las-mil-millas-sport\/#breadcrumb"},"inLanguage":"es","potentialAction":[{"@type":"ReadAction","target":["http:\/\/autosdelpodio.com\/autos\/edicion-no32-de-las-mil-millas-sport\/"]}]},{"@type":"BreadcrumbList","@id":"http:\/\/autosdelpodio.com\/autos\/edicion-no32-de-las-mil-millas-sport\/#breadcrumb","itemListElement":[{"@type":"ListItem","position":1,"name":"Portada","item":"http:\/\/autosdelpodio.com\/autos\/"},{"@type":"ListItem","position":2,"name":"Edici\u00f3n n\u00ba32 de las Mil Millas Sport"}]},{"@type":"WebSite","@id":"http:\/\/autosdelpodio.com\/autos\/#website","url":"http:\/\/autosdelpodio.com\/autos\/","name":"Autos del Podio","description":"La sexta del deporte motor","publisher":{"@id":"http:\/\/autosdelpodio.com\/autos\/#organization"},"potentialAction":[{"@type":"SearchAction","target":{"@type":"EntryPoint","urlTemplate":"http:\/\/autosdelpodio.com\/autos\/?s={search_term_string}"},"query-input":{"@type":"PropertyValueSpecification","valueRequired":true,"valueName":"search_term_string"}}],"inLanguage":"es"},{"@type":"Organization","@id":"http:\/\/autosdelpodio.com\/autos\/#organization","name":"Autos del Podio","url":"http:\/\/autosdelpodio.com\/autos\/","logo":{"@type":"ImageObject","inLanguage":"es","@id":"http:\/\/autosdelpodio.com\/autos\/#\/schema\/logo\/image\/","url":"http:\/\/autosdelpodio.com\/autos\/wp-content\/uploads\/2020\/08\/Logo_AR.jpg","contentUrl":"http:\/\/autosdelpodio.com\/autos\/wp-content\/uploads\/2020\/08\/Logo_AR.jpg","width":1038,"height":1044,"caption":"Autos del Podio"},"image":{"@id":"http:\/\/autosdelpodio.com\/autos\/#\/schema\/logo\/image\/"},"sameAs":["https:\/\/www.facebook.com\/profile.php?id=100057192590976&amp;amp;amp;amp;amp;amp;amp;amp;amp;amp;amp;amp;amp;amp;amp;amp;amp;amp;ref=ts","https:\/\/x.com\/autosdelpodio","https:\/\/www.youtube.com\/user\/AutosdelPodio"]},{"@type":"Person","@id":"http:\/\/autosdelpodio.com\/autos\/#\/schema\/person\/993527a4d01c3acdd3d6bce3770bc942","name":"autosdelpodio","image":{"@type":"ImageObject","inLanguage":"es","@id":"http:\/\/autosdelpodio.com\/autos\/wp-content\/litespeed\/avatar\/aa8f65cd201a80f6b844f63278aa84af.jpg?ver=1776798175","url":"http:\/\/autosdelpodio.com\/autos\/wp-content\/litespeed\/avatar\/aa8f65cd201a80f6b844f63278aa84af.jpg?ver=1776798175","contentUrl":"http:\/\/autosdelpodio.com\/autos\/wp-content\/litespeed\/avatar\/aa8f65cd201a80f6b844f63278aa84af.jpg?ver=1776798175","caption":"autosdelpodio"}}]}},"views":637,"_links":{"self":[{"href":"http:\/\/autosdelpodio.com\/autos\/wp-json\/wp\/v2\/posts\/4768","targetHints":{"allow":["GET"]}}],"collection":[{"href":"http:\/\/autosdelpodio.com\/autos\/wp-json\/wp\/v2\/posts"}],"about":[{"href":"http:\/\/autosdelpodio.com\/autos\/wp-json\/wp\/v2\/types\/post"}],"author":[{"embeddable":true,"href":"http:\/\/autosdelpodio.com\/autos\/wp-json\/wp\/v2\/users\/3"}],"replies":[{"embeddable":true,"href":"http:\/\/autosdelpodio.com\/autos\/wp-json\/wp\/v2\/comments?post=4768"}],"version-history":[{"count":1,"href":"http:\/\/autosdelpodio.com\/autos\/wp-json\/wp\/v2\/posts\/4768\/revisions"}],"predecessor-version":[{"id":4769,"href":"http:\/\/autosdelpodio.com\/autos\/wp-json\/wp\/v2\/posts\/4768\/revisions\/4769"}],"wp:attachment":[{"href":"http:\/\/autosdelpodio.com\/autos\/wp-json\/wp\/v2\/media?parent=4768"}],"wp:term":[{"taxonomy":"category","embeddable":true,"href":"http:\/\/autosdelpodio.com\/autos\/wp-json\/wp\/v2\/categories?post=4768"},{"taxonomy":"post_tag","embeddable":true,"href":"http:\/\/autosdelpodio.com\/autos\/wp-json\/wp\/v2\/tags?post=4768"}],"curies":[{"name":"wp","href":"https:\/\/api.w.org\/{rel}","templated":true}]}}