{"id":4865,"date":"2021-10-24T13:10:54","date_gmt":"2021-10-24T16:10:54","guid":{"rendered":"http:\/\/autosdelpodio.com\/autos\/?p=4865"},"modified":"2021-10-24T19:12:57","modified_gmt":"2021-10-24T22:12:57","slug":"la-cuna-de-campeones-tuvo-su-fiesta-del-automovilismo","status":"publish","type":"post","link":"http:\/\/autosdelpodio.com\/autos\/la-cuna-de-campeones-tuvo-su-fiesta-del-automovilismo\/","title":{"rendered":"La Cuna de Campeones tuvo su Fiesta del Automovilismo"},"content":{"rendered":"\n<p>Durante los d\u00edas 23 y 24 de octubre en el Circuito Costanero de la localidad bonaerense de Arrecifes se desarroll\u00f3 la 12\u00b0 edici\u00f3n de dicho evento.<br>Ciudades fierreras en Argentina hay muchas, claro est\u00e1.Pero cuesta encontrar incluso antecedentes en el mundo de una cantera tan potable e inagotable de talentos.<br><a href=\"http:\/\/autosdelpodio.com\/autos\/angel-lo-valvo-el-primer-ganador-con-ford\/\" target=\"_blank\" rel=\"noreferrer noopener\">Angel Lo Valvo <\/a>(Primer campe\u00f3n de TC en 1939); <a href=\"http:\/\/autosdelpodio.com\/autos\/pepe-froilan-gonzalez\/\">Pepe Froilan Gonzalez<\/a> (Primer ganador con Ferrari en F1); Luis Di Palma y toda su descendencia de volantes; Norberto Fontana; <a href=\"http:\/\/autosdelpodio.com\/autos\/la-naranja-mecanica-argentina-en-primera-persona\/\" target=\"_blank\" rel=\"noreferrer noopener\">Carlos Pairetti<\/a> y Agustin Canapino por citar alguno de los ejemplos que dan cuenta de ello.Una lista tan escueta como injusta de tantos otros que estuvieron y seguir\u00e1n engrosando la nomina.<br><em><strong>\u00abQue en la mamadera nos pon\u00edan nafta en vez de leche\u00bb <\/strong><\/em>alguna vez tir\u00f3 el 4 veces campe\u00f3n de Turismo Carretera Canapino ante la pregunta aun sin respuesta del porque Arrecifes le di\u00f3 tantas victorias y campeonatos al automovilismo local e internacional.<br>Es por ello que Arrecifes merece tener en agenda permanente eventos fierreros.Y en esta edici\u00f3n 2021 la Cup\u00e9 Ford V8 con la que Lo Valvo, el Trueno Naranja de Il Matto Pairetti, el Dodge 1500 de TC2000 del Loco Di Palma (Foto) y su Torino campe\u00f3n de TC en 1971 fueron algunos de los ejemplares presentes de diferentes categor\u00edas y etapas hist\u00f3ricas.<\/p>\n\n\n\n<div class=\"wp-block-image\"><figure class=\"aligncenter size-large is-resized\"><img fetchpriority=\"high\" decoding=\"async\" src=\"http:\/\/autosdelpodio.com\/autos\/wp-content\/uploads\/2021\/10\/Dodge_1500_DiPalma-1024x768.jpg\" alt=\"\" class=\"wp-image-4867\" width=\"772\" height=\"578\" srcset=\"http:\/\/autosdelpodio.com\/autos\/wp-content\/uploads\/2021\/10\/Dodge_1500_DiPalma-1024x768.jpg 1024w, http:\/\/autosdelpodio.com\/autos\/wp-content\/uploads\/2021\/10\/Dodge_1500_DiPalma-300x225.jpg 300w, http:\/\/autosdelpodio.com\/autos\/wp-content\/uploads\/2021\/10\/Dodge_1500_DiPalma-768x576.jpg 768w, http:\/\/autosdelpodio.com\/autos\/wp-content\/uploads\/2021\/10\/Dodge_1500_DiPalma.jpg 1280w\" sizes=\"(max-width: 772px) 100vw, 772px\" \/><figcaption>El VW1500 con el que Luis Rub\u00e9n Di Palma fue campe\u00f3n del TC2000 en 1983 fue restaurado por completo<\/figcaption><\/figure><\/div>\n\n\n\n<p><br>Ademas de la muestra hubo actividad en pista con autos de todas las categor\u00edas zonales y nacionales girando y atracciones gratuitas para todas las edades y shows en vivo.<br>La m\u00fasica ten\u00eda que estar para reforzar la oferta cultural. Y como suele suceder el evento que cerrar\u00e1 la jornada de domingo ser\u00e1 con con la presencia del recital del reconocido grupo La Mosca en el escenario C\u00e1stulo Hortal.<\/p>\n\n\n\n<p><em>Fotos: <a href=\"https:\/\/www.campeones.com.ar\/\" target=\"_blank\" rel=\"noreferrer noopener\">Campeones Web<\/a><\/em><\/p>\n","protected":false},"excerpt":{"rendered":"<p>Durante los d\u00edas 23 y 24 de octubre en el Circuito Costanero de la localidad bonaerense de Arrecifes se desarroll\u00f3<\/p>\n","protected":false},"author":3,"featured_media":4866,"comment_status":"open","ping_status":"open","sticky":false,"template":"","format":"standard","meta":{"colormag_page_container_layout":"default_layout","colormag_page_sidebar_layout":"default_layout","footnotes":""},"categories":[6],"tags":[267,76,186,68,86],"class_list":["post-4865","post","type-post","status-publish","format-standard","has-post-thumbnail","hentry","category-newsflash","tag-arrecifes","tag-automovilismo","tag-buenos-aires","tag-exposiciones","tag-pilotos-y-categorias"],"yoast_head":"<!-- This site is optimized with the Yoast SEO plugin v27.4 - https:\/\/yoast.com\/product\/yoast-seo-wordpress\/ -->\n<title>Autos del Podio | La Cuna de Campeones tuvo su Fiesta del Automovilismo<\/title>\n<meta name=\"description\" content=\"Autos del Podio La situaci\u00f3n epidemiol\u00f3gica permiti\u00f3 la vuelta de la Fiesta Provincial del Automovilismo de manera presencial\" \/>\n<meta name=\"robots\" content=\"index, follow, max-snippet:-1, max-image-preview:large, max-video-preview:-1\" \/>\n<link rel=\"canonical\" href=\"https:\/\/autosdelpodio.com\/autos\/la-cuna-de-campeones-tuvo-su-fiesta-del-automovilismo\/\" \/>\n<meta property=\"og:locale\" content=\"es_ES\" \/>\n<meta property=\"og:type\" content=\"article\" \/>\n<meta property=\"og:title\" content=\"Autos del Podio | La Cuna de Campeones tuvo su Fiesta del Automovilismo\" \/>\n<meta property=\"og:description\" content=\"Autos del Podio La situaci\u00f3n epidemiol\u00f3gica permiti\u00f3 la vuelta de la Fiesta Provincial del Automovilismo de manera presencial\" \/>\n<meta property=\"og:url\" content=\"https:\/\/autosdelpodio.com\/autos\/la-cuna-de-campeones-tuvo-su-fiesta-del-automovilismo\/\" \/>\n<meta property=\"og:site_name\" content=\"Autos del Podio\" \/>\n<meta property=\"article:publisher\" content=\"https:\/\/www.facebook.com\/profile.php?id=100057192590976&amp;amp%3bamp%3bamp%3bamp%3bamp%3bamp%3bamp%3bamp%3bamp%3bamp%3bamp%3bamp%3bamp%3bamp%3bamp%3bamp%3bamp%3bamp%3bref=ts\" \/>\n<meta property=\"article:published_time\" content=\"2021-10-24T16:10:54+00:00\" \/>\n<meta property=\"article:modified_time\" content=\"2021-10-24T22:12:57+00:00\" \/>\n<meta property=\"og:image\" content=\"https:\/\/autosdelpodio.com\/autos\/wp-content\/uploads\/2021\/10\/Arrecifes_Fiesta_Autom2021-e1635091537908.jpg\" \/>\n\t<meta property=\"og:image:width\" content=\"500\" \/>\n\t<meta property=\"og:image:height\" content=\"375\" \/>\n\t<meta property=\"og:image:type\" content=\"image\/jpeg\" \/>\n<meta name=\"author\" content=\"autosdelpodio\" \/>\n<meta name=\"twitter:card\" content=\"summary_large_image\" \/>\n<meta name=\"twitter:creator\" content=\"@autosdelpodio\" \/>\n<meta name=\"twitter:site\" content=\"@autosdelpodio\" \/>\n<meta name=\"twitter:label1\" content=\"Escrito por\" \/>\n\t<meta name=\"twitter:data1\" content=\"autosdelpodio\" \/>\n\t<meta name=\"twitter:label2\" content=\"Tiempo de lectura\" \/>\n\t<meta name=\"twitter:data2\" content=\"2 minutos\" \/>\n<script type=\"application\/ld+json\" class=\"yoast-schema-graph\">{\"@context\":\"https:\\\/\\\/schema.org\",\"@graph\":[{\"@type\":\"Article\",\"@id\":\"https:\\\/\\\/autosdelpodio.com\\\/autos\\\/la-cuna-de-campeones-tuvo-su-fiesta-del-automovilismo\\\/#article\",\"isPartOf\":{\"@id\":\"https:\\\/\\\/autosdelpodio.com\\\/autos\\\/la-cuna-de-campeones-tuvo-su-fiesta-del-automovilismo\\\/\"},\"author\":{\"name\":\"autosdelpodio\",\"@id\":\"http:\\\/\\\/autosdelpodio.com\\\/autos\\\/#\\\/schema\\\/person\\\/993527a4d01c3acdd3d6bce3770bc942\"},\"headline\":\"La Cuna de Campeones tuvo su Fiesta del Automovilismo\",\"datePublished\":\"2021-10-24T16:10:54+00:00\",\"dateModified\":\"2021-10-24T22:12:57+00:00\",\"mainEntityOfPage\":{\"@id\":\"https:\\\/\\\/autosdelpodio.com\\\/autos\\\/la-cuna-de-campeones-tuvo-su-fiesta-del-automovilismo\\\/\"},\"wordCount\":323,\"commentCount\":0,\"publisher\":{\"@id\":\"http:\\\/\\\/autosdelpodio.com\\\/autos\\\/#organization\"},\"image\":{\"@id\":\"https:\\\/\\\/autosdelpodio.com\\\/autos\\\/la-cuna-de-campeones-tuvo-su-fiesta-del-automovilismo\\\/#primaryimage\"},\"thumbnailUrl\":\"http:\\\/\\\/autosdelpodio.com\\\/autos\\\/wp-content\\\/uploads\\\/2021\\\/10\\\/Arrecifes_Fiesta_Autom2021-e1635091537908.jpg\",\"keywords\":[\"Arrecifes\",\"Automovilismo\",\"Buenos Aires\",\"Exposiciones\",\"Pilotos y Categorias\"],\"articleSection\":[\"Destacado\"],\"inLanguage\":\"es\",\"potentialAction\":[{\"@type\":\"CommentAction\",\"name\":\"Comment\",\"target\":[\"https:\\\/\\\/autosdelpodio.com\\\/autos\\\/la-cuna-de-campeones-tuvo-su-fiesta-del-automovilismo\\\/#respond\"]}]},{\"@type\":\"WebPage\",\"@id\":\"https:\\\/\\\/autosdelpodio.com\\\/autos\\\/la-cuna-de-campeones-tuvo-su-fiesta-del-automovilismo\\\/\",\"url\":\"https:\\\/\\\/autosdelpodio.com\\\/autos\\\/la-cuna-de-campeones-tuvo-su-fiesta-del-automovilismo\\\/\",\"name\":\"Autos del Podio | La Cuna de Campeones tuvo su Fiesta del Automovilismo\",\"isPartOf\":{\"@id\":\"http:\\\/\\\/autosdelpodio.com\\\/autos\\\/#website\"},\"primaryImageOfPage\":{\"@id\":\"https:\\\/\\\/autosdelpodio.com\\\/autos\\\/la-cuna-de-campeones-tuvo-su-fiesta-del-automovilismo\\\/#primaryimage\"},\"image\":{\"@id\":\"https:\\\/\\\/autosdelpodio.com\\\/autos\\\/la-cuna-de-campeones-tuvo-su-fiesta-del-automovilismo\\\/#primaryimage\"},\"thumbnailUrl\":\"http:\\\/\\\/autosdelpodio.com\\\/autos\\\/wp-content\\\/uploads\\\/2021\\\/10\\\/Arrecifes_Fiesta_Autom2021-e1635091537908.jpg\",\"datePublished\":\"2021-10-24T16:10:54+00:00\",\"dateModified\":\"2021-10-24T22:12:57+00:00\",\"description\":\"Autos del Podio La situaci\u00f3n epidemiol\u00f3gica permiti\u00f3 la vuelta de la Fiesta Provincial del Automovilismo de manera presencial\",\"breadcrumb\":{\"@id\":\"https:\\\/\\\/autosdelpodio.com\\\/autos\\\/la-cuna-de-campeones-tuvo-su-fiesta-del-automovilismo\\\/#breadcrumb\"},\"inLanguage\":\"es\",\"potentialAction\":[{\"@type\":\"ReadAction\",\"target\":[\"https:\\\/\\\/autosdelpodio.com\\\/autos\\\/la-cuna-de-campeones-tuvo-su-fiesta-del-automovilismo\\\/\"]}]},{\"@type\":\"ImageObject\",\"inLanguage\":\"es\",\"@id\":\"https:\\\/\\\/autosdelpodio.com\\\/autos\\\/la-cuna-de-campeones-tuvo-su-fiesta-del-automovilismo\\\/#primaryimage\",\"url\":\"http:\\\/\\\/autosdelpodio.com\\\/autos\\\/wp-content\\\/uploads\\\/2021\\\/10\\\/Arrecifes_Fiesta_Autom2021-e1635091537908.jpg\",\"contentUrl\":\"http:\\\/\\\/autosdelpodio.com\\\/autos\\\/wp-content\\\/uploads\\\/2021\\\/10\\\/Arrecifes_Fiesta_Autom2021-e1635091537908.jpg\",\"width\":500,\"height\":375},{\"@type\":\"BreadcrumbList\",\"@id\":\"https:\\\/\\\/autosdelpodio.com\\\/autos\\\/la-cuna-de-campeones-tuvo-su-fiesta-del-automovilismo\\\/#breadcrumb\",\"itemListElement\":[{\"@type\":\"ListItem\",\"position\":1,\"name\":\"Portada\",\"item\":\"http:\\\/\\\/autosdelpodio.com\\\/autos\\\/\"},{\"@type\":\"ListItem\",\"position\":2,\"name\":\"La Cuna de Campeones tuvo su Fiesta del Automovilismo\"}]},{\"@type\":\"WebSite\",\"@id\":\"http:\\\/\\\/autosdelpodio.com\\\/autos\\\/#website\",\"url\":\"http:\\\/\\\/autosdelpodio.com\\\/autos\\\/\",\"name\":\"Autos del Podio\",\"description\":\"La sexta del deporte motor\",\"publisher\":{\"@id\":\"http:\\\/\\\/autosdelpodio.com\\\/autos\\\/#organization\"},\"potentialAction\":[{\"@type\":\"SearchAction\",\"target\":{\"@type\":\"EntryPoint\",\"urlTemplate\":\"http:\\\/\\\/autosdelpodio.com\\\/autos\\\/?s={search_term_string}\"},\"query-input\":{\"@type\":\"PropertyValueSpecification\",\"valueRequired\":true,\"valueName\":\"search_term_string\"}}],\"inLanguage\":\"es\"},{\"@type\":\"Organization\",\"@id\":\"http:\\\/\\\/autosdelpodio.com\\\/autos\\\/#organization\",\"name\":\"Autos del Podio\",\"url\":\"http:\\\/\\\/autosdelpodio.com\\\/autos\\\/\",\"logo\":{\"@type\":\"ImageObject\",\"inLanguage\":\"es\",\"@id\":\"http:\\\/\\\/autosdelpodio.com\\\/autos\\\/#\\\/schema\\\/logo\\\/image\\\/\",\"url\":\"http:\\\/\\\/autosdelpodio.com\\\/autos\\\/wp-content\\\/uploads\\\/2020\\\/08\\\/Logo_AR.jpg\",\"contentUrl\":\"http:\\\/\\\/autosdelpodio.com\\\/autos\\\/wp-content\\\/uploads\\\/2020\\\/08\\\/Logo_AR.jpg\",\"width\":1038,\"height\":1044,\"caption\":\"Autos del Podio\"},\"image\":{\"@id\":\"http:\\\/\\\/autosdelpodio.com\\\/autos\\\/#\\\/schema\\\/logo\\\/image\\\/\"},\"sameAs\":[\"https:\\\/\\\/www.facebook.com\\\/profile.php?id=100057192590976&amp;amp;amp;amp;amp;amp;amp;amp;amp;amp;amp;amp;amp;amp;amp;amp;amp;amp;ref=ts\",\"https:\\\/\\\/x.com\\\/autosdelpodio\",\"https:\\\/\\\/www.youtube.com\\\/user\\\/AutosdelPodio\"]},{\"@type\":\"Person\",\"@id\":\"http:\\\/\\\/autosdelpodio.com\\\/autos\\\/#\\\/schema\\\/person\\\/993527a4d01c3acdd3d6bce3770bc942\",\"name\":\"autosdelpodio\",\"image\":{\"@type\":\"ImageObject\",\"inLanguage\":\"es\",\"@id\":\"http:\\\/\\\/autosdelpodio.com\\\/autos\\\/wp-content\\\/litespeed\\\/avatar\\\/aa8f65cd201a80f6b844f63278aa84af.jpg?ver=1776798175\",\"url\":\"http:\\\/\\\/autosdelpodio.com\\\/autos\\\/wp-content\\\/litespeed\\\/avatar\\\/aa8f65cd201a80f6b844f63278aa84af.jpg?ver=1776798175\",\"contentUrl\":\"http:\\\/\\\/autosdelpodio.com\\\/autos\\\/wp-content\\\/litespeed\\\/avatar\\\/aa8f65cd201a80f6b844f63278aa84af.jpg?ver=1776798175\",\"caption\":\"autosdelpodio\"}}]}<\/script>\n<!-- \/ Yoast SEO plugin. -->","yoast_head_json":{"title":"Autos del Podio | La Cuna de Campeones tuvo su Fiesta del Automovilismo","description":"Autos del Podio La situaci\u00f3n epidemiol\u00f3gica permiti\u00f3 la vuelta de la Fiesta Provincial del Automovilismo de manera presencial","robots":{"index":"index","follow":"follow","max-snippet":"max-snippet:-1","max-image-preview":"max-image-preview:large","max-video-preview":"max-video-preview:-1"},"canonical":"https:\/\/autosdelpodio.com\/autos\/la-cuna-de-campeones-tuvo-su-fiesta-del-automovilismo\/","og_locale":"es_ES","og_type":"article","og_title":"Autos del Podio | La Cuna de Campeones tuvo su Fiesta del Automovilismo","og_description":"Autos del Podio La situaci\u00f3n epidemiol\u00f3gica permiti\u00f3 la vuelta de la Fiesta Provincial del Automovilismo de manera presencial","og_url":"https:\/\/autosdelpodio.com\/autos\/la-cuna-de-campeones-tuvo-su-fiesta-del-automovilismo\/","og_site_name":"Autos del Podio","article_publisher":"https:\/\/www.facebook.com\/profile.php?id=100057192590976&amp%3bamp%3bamp%3bamp%3bamp%3bamp%3bamp%3bamp%3bamp%3bamp%3bamp%3bamp%3bamp%3bamp%3bamp%3bamp%3bamp%3bamp%3bref=ts","article_published_time":"2021-10-24T16:10:54+00:00","article_modified_time":"2021-10-24T22:12:57+00:00","og_image":[{"width":500,"height":375,"url":"https:\/\/autosdelpodio.com\/autos\/wp-content\/uploads\/2021\/10\/Arrecifes_Fiesta_Autom2021-e1635091537908.jpg","type":"image\/jpeg"}],"author":"autosdelpodio","twitter_card":"summary_large_image","twitter_creator":"@autosdelpodio","twitter_site":"@autosdelpodio","twitter_misc":{"Escrito por":"autosdelpodio","Tiempo de lectura":"2 minutos"},"schema":{"@context":"https:\/\/schema.org","@graph":[{"@type":"Article","@id":"https:\/\/autosdelpodio.com\/autos\/la-cuna-de-campeones-tuvo-su-fiesta-del-automovilismo\/#article","isPartOf":{"@id":"https:\/\/autosdelpodio.com\/autos\/la-cuna-de-campeones-tuvo-su-fiesta-del-automovilismo\/"},"author":{"name":"autosdelpodio","@id":"http:\/\/autosdelpodio.com\/autos\/#\/schema\/person\/993527a4d01c3acdd3d6bce3770bc942"},"headline":"La Cuna de Campeones tuvo su Fiesta del Automovilismo","datePublished":"2021-10-24T16:10:54+00:00","dateModified":"2021-10-24T22:12:57+00:00","mainEntityOfPage":{"@id":"https:\/\/autosdelpodio.com\/autos\/la-cuna-de-campeones-tuvo-su-fiesta-del-automovilismo\/"},"wordCount":323,"commentCount":0,"publisher":{"@id":"http:\/\/autosdelpodio.com\/autos\/#organization"},"image":{"@id":"https:\/\/autosdelpodio.com\/autos\/la-cuna-de-campeones-tuvo-su-fiesta-del-automovilismo\/#primaryimage"},"thumbnailUrl":"http:\/\/autosdelpodio.com\/autos\/wp-content\/uploads\/2021\/10\/Arrecifes_Fiesta_Autom2021-e1635091537908.jpg","keywords":["Arrecifes","Automovilismo","Buenos Aires","Exposiciones","Pilotos y Categorias"],"articleSection":["Destacado"],"inLanguage":"es","potentialAction":[{"@type":"CommentAction","name":"Comment","target":["https:\/\/autosdelpodio.com\/autos\/la-cuna-de-campeones-tuvo-su-fiesta-del-automovilismo\/#respond"]}]},{"@type":"WebPage","@id":"https:\/\/autosdelpodio.com\/autos\/la-cuna-de-campeones-tuvo-su-fiesta-del-automovilismo\/","url":"https:\/\/autosdelpodio.com\/autos\/la-cuna-de-campeones-tuvo-su-fiesta-del-automovilismo\/","name":"Autos del Podio | La Cuna de Campeones tuvo su Fiesta del Automovilismo","isPartOf":{"@id":"http:\/\/autosdelpodio.com\/autos\/#website"},"primaryImageOfPage":{"@id":"https:\/\/autosdelpodio.com\/autos\/la-cuna-de-campeones-tuvo-su-fiesta-del-automovilismo\/#primaryimage"},"image":{"@id":"https:\/\/autosdelpodio.com\/autos\/la-cuna-de-campeones-tuvo-su-fiesta-del-automovilismo\/#primaryimage"},"thumbnailUrl":"http:\/\/autosdelpodio.com\/autos\/wp-content\/uploads\/2021\/10\/Arrecifes_Fiesta_Autom2021-e1635091537908.jpg","datePublished":"2021-10-24T16:10:54+00:00","dateModified":"2021-10-24T22:12:57+00:00","description":"Autos del Podio La situaci\u00f3n epidemiol\u00f3gica permiti\u00f3 la vuelta de la Fiesta Provincial del Automovilismo de manera presencial","breadcrumb":{"@id":"https:\/\/autosdelpodio.com\/autos\/la-cuna-de-campeones-tuvo-su-fiesta-del-automovilismo\/#breadcrumb"},"inLanguage":"es","potentialAction":[{"@type":"ReadAction","target":["https:\/\/autosdelpodio.com\/autos\/la-cuna-de-campeones-tuvo-su-fiesta-del-automovilismo\/"]}]},{"@type":"ImageObject","inLanguage":"es","@id":"https:\/\/autosdelpodio.com\/autos\/la-cuna-de-campeones-tuvo-su-fiesta-del-automovilismo\/#primaryimage","url":"http:\/\/autosdelpodio.com\/autos\/wp-content\/uploads\/2021\/10\/Arrecifes_Fiesta_Autom2021-e1635091537908.jpg","contentUrl":"http:\/\/autosdelpodio.com\/autos\/wp-content\/uploads\/2021\/10\/Arrecifes_Fiesta_Autom2021-e1635091537908.jpg","width":500,"height":375},{"@type":"BreadcrumbList","@id":"https:\/\/autosdelpodio.com\/autos\/la-cuna-de-campeones-tuvo-su-fiesta-del-automovilismo\/#breadcrumb","itemListElement":[{"@type":"ListItem","position":1,"name":"Portada","item":"http:\/\/autosdelpodio.com\/autos\/"},{"@type":"ListItem","position":2,"name":"La Cuna de Campeones tuvo su Fiesta del Automovilismo"}]},{"@type":"WebSite","@id":"http:\/\/autosdelpodio.com\/autos\/#website","url":"http:\/\/autosdelpodio.com\/autos\/","name":"Autos del Podio","description":"La sexta del deporte motor","publisher":{"@id":"http:\/\/autosdelpodio.com\/autos\/#organization"},"potentialAction":[{"@type":"SearchAction","target":{"@type":"EntryPoint","urlTemplate":"http:\/\/autosdelpodio.com\/autos\/?s={search_term_string}"},"query-input":{"@type":"PropertyValueSpecification","valueRequired":true,"valueName":"search_term_string"}}],"inLanguage":"es"},{"@type":"Organization","@id":"http:\/\/autosdelpodio.com\/autos\/#organization","name":"Autos del Podio","url":"http:\/\/autosdelpodio.com\/autos\/","logo":{"@type":"ImageObject","inLanguage":"es","@id":"http:\/\/autosdelpodio.com\/autos\/#\/schema\/logo\/image\/","url":"http:\/\/autosdelpodio.com\/autos\/wp-content\/uploads\/2020\/08\/Logo_AR.jpg","contentUrl":"http:\/\/autosdelpodio.com\/autos\/wp-content\/uploads\/2020\/08\/Logo_AR.jpg","width":1038,"height":1044,"caption":"Autos del Podio"},"image":{"@id":"http:\/\/autosdelpodio.com\/autos\/#\/schema\/logo\/image\/"},"sameAs":["https:\/\/www.facebook.com\/profile.php?id=100057192590976&amp;amp;amp;amp;amp;amp;amp;amp;amp;amp;amp;amp;amp;amp;amp;amp;amp;amp;ref=ts","https:\/\/x.com\/autosdelpodio","https:\/\/www.youtube.com\/user\/AutosdelPodio"]},{"@type":"Person","@id":"http:\/\/autosdelpodio.com\/autos\/#\/schema\/person\/993527a4d01c3acdd3d6bce3770bc942","name":"autosdelpodio","image":{"@type":"ImageObject","inLanguage":"es","@id":"http:\/\/autosdelpodio.com\/autos\/wp-content\/litespeed\/avatar\/aa8f65cd201a80f6b844f63278aa84af.jpg?ver=1776798175","url":"http:\/\/autosdelpodio.com\/autos\/wp-content\/litespeed\/avatar\/aa8f65cd201a80f6b844f63278aa84af.jpg?ver=1776798175","contentUrl":"http:\/\/autosdelpodio.com\/autos\/wp-content\/litespeed\/avatar\/aa8f65cd201a80f6b844f63278aa84af.jpg?ver=1776798175","caption":"autosdelpodio"}}]}},"views":748,"_links":{"self":[{"href":"http:\/\/autosdelpodio.com\/autos\/wp-json\/wp\/v2\/posts\/4865","targetHints":{"allow":["GET"]}}],"collection":[{"href":"http:\/\/autosdelpodio.com\/autos\/wp-json\/wp\/v2\/posts"}],"about":[{"href":"http:\/\/autosdelpodio.com\/autos\/wp-json\/wp\/v2\/types\/post"}],"author":[{"embeddable":true,"href":"http:\/\/autosdelpodio.com\/autos\/wp-json\/wp\/v2\/users\/3"}],"replies":[{"embeddable":true,"href":"http:\/\/autosdelpodio.com\/autos\/wp-json\/wp\/v2\/comments?post=4865"}],"version-history":[{"count":2,"href":"http:\/\/autosdelpodio.com\/autos\/wp-json\/wp\/v2\/posts\/4865\/revisions"}],"predecessor-version":[{"id":4877,"href":"http:\/\/autosdelpodio.com\/autos\/wp-json\/wp\/v2\/posts\/4865\/revisions\/4877"}],"wp:featuredmedia":[{"embeddable":true,"href":"http:\/\/autosdelpodio.com\/autos\/wp-json\/wp\/v2\/media\/4866"}],"wp:attachment":[{"href":"http:\/\/autosdelpodio.com\/autos\/wp-json\/wp\/v2\/media?parent=4865"}],"wp:term":[{"taxonomy":"category","embeddable":true,"href":"http:\/\/autosdelpodio.com\/autos\/wp-json\/wp\/v2\/categories?post=4865"},{"taxonomy":"post_tag","embeddable":true,"href":"http:\/\/autosdelpodio.com\/autos\/wp-json\/wp\/v2\/tags?post=4865"}],"curies":[{"name":"wp","href":"https:\/\/api.w.org\/{rel}","templated":true}]}}