{"id":492,"date":"2012-08-26T22:52:22","date_gmt":"2012-08-26T22:52:22","guid":{"rendered":"http:\/\/autosdelpodio.com\/autos\/2012\/08\/26\/un-regreso-que-hizo-historia\/"},"modified":"2012-08-26T22:52:22","modified_gmt":"2012-08-26T22:52:22","slug":"un-regreso-que-hizo-historia","status":"publish","type":"post","link":"http:\/\/autosdelpodio.com\/autos\/un-regreso-que-hizo-historia\/","title":{"rendered":"Un regreso que hizo historia"},"content":{"rendered":"<p>\u00a0<\/p>\n<p style=\"text-align: justify;\">Sin duda que esta la octava fecha del campeonato 2012 quedara en el historial de la categor\u00eda como \u201cEl D\u00eda en que Gano un Torino por primera vez en el TC Rioplatense\u201d.<\/p>\n<p style=\"text-align: justify;\">Con un gran marco de p\u00fablico que arribo al trazado capitalino para acompa\u00f1ar a La Mejor Categor\u00eda Zonal y un clima que escolto a la ocasi\u00f3n, se puso en marcha la octava final del a\u00f1o con un Fernando Cutini que mostr\u00f3 el camino sin dudar. La fila india tomo forma a fuerza de roces en los primeros metros y Grassa, Gonz\u00e1lez y Jack comenzaron a buscar la temprana superaci\u00f3n de Cutini. Pero esa batalla beneficiaba al l\u00edder y el la reyerta se generaba por el segundo lugar, mientras Prato comenzaba a mostrar los primeros destellos de contundencia al avanzar en la fila india.<\/p>\n<p>  <!--more-->  <\/p>\n<p><span style=\"text-align: justify;\">En la lucha por el segundo puesto, en el frenaje de la horquilla, Lucas Gonz\u00e1lez y Raul Grassa se enganchan y este ultimo monta su rueda delantera izquierda sobre la trasera derecha de Gonz\u00e1lez, volando para finalizar su carrera en el pasto con una rotula cortada. Jack avanzaba al tercer puesto, y percib\u00eda cada vez m\u00e1s grande en los espejos al Torino rojo. Y fue entonces que aprovechando al m\u00e1ximo las prestaciones de un chasis asistido por Paparazzo y un potente motor suministrado por Gabi Martinez, Lu\u00eds Prato dio cuenta de Jack, vueltas mas tarde hizo lo propio con Gonz\u00e1lez, quedando en duelo cerrado con el Campe\u00f3n Cutini.<\/span><\/p>\n<p style=\"text-align: justify;\">La horquilla de Buenos Aires fue testigo del primer sobrepaso de Prato a Cutini, pero el campe\u00f3n \u00a0se recupero en el ingreso de la recta principal, y ambas maquinas se disputaron el liderazgo en plena recta. Prato se jugo hasta el ultimo metro y estiro el frenaje, poniendo al Toro a comandar la acciones, con un Cutini que sin regalar nada trato por todos los medios de recuperar lo que era suyo dando un gran espect\u00e1culo \u00a0para el publico.<\/p>\n<p style=\"text-align: justify;\">La bandera a cuadros sentencio el final de la competencia al cabo de 20 giros, con Lu\u00eds Prato como absoluto merecedor del triunfo, hecho hist\u00f3rico en la categor\u00eda ya que despu\u00e9s de 164 finales en la historia de esta divisional, un Torino alcanzo su primer triunfo de la mano de un grande, segundo Fernando Cutini que se perfila como serio candidato a retener la corona y tercero de gran performance el representante de Necochea Lucas Gonz\u00e1lez.<\/p>\n<p>\u00a0<\/p>\n<p>FINAL &#8211; TC RIO PLATENSE<\/p>\n<p>BUENOS AIRES<\/p>\n<p>1 \u00a07 \u00a0 PRATO LUIS \u00a0 \u00a0 \u00a0 \u00a0 \u00a0 \u00a0 \u00a0 TORINO \u00a0 \u00a0 \u00a0 \u00a0 \u00a020 \u00a0 \u00a0 32;34,628<\/p>\n<p>2 \u00a01 \u00a0 CUTINI FERNANDO \u00a0 \u00a0 \u00a0 \u00a0 \u00a0CHEVROLET \u00a0 \u00a0 \u00a0 20 \u00a0 \u00a0 32;35,033 \u00a0 \u00a0 \u00a0 \u00a00,405<\/p>\n<p>3 \u00a0101 GONZALEZ LUCAS \u00a0 \u00a0 \u00a0 \u00a0 \u00a0 FORD \u00a0 \u00a0 \u00a0 \u00a0 \u00a0 \u00a020 \u00a0 \u00a0 32;40,399 \u00a0 \u00a0 \u00a0 \u00a05,771<\/p>\n<p>4 \u00a025 \u00a0VIDAL NICOLAS \u00a0 \u00a0 \u00a0 \u00a0 \u00a0 \u00a0FORD \u00a0 \u00a0 \u00a0 \u00a0 \u00a0 \u00a020 \u00a0 \u00a0 32;41,398 \u00a0 \u00a0 \u00a0 \u00a06,770<\/p>\n<p>5 \u00a079 \u00a0KOSTEK FABIAN \u00a0 \u00a0 \u00a0 \u00a0 \u00a0 \u00a0CHEVROLET \u00a0 \u00a0 \u00a0 20 \u00a0 \u00a0 32;42,381 \u00a0 \u00a0 \u00a0 \u00a07,753<\/p>\n<p>6 \u00a0104 JACK JAVIER \u00a0 \u00a0 \u00a0 \u00a0 \u00a0 \u00a0 \u00a0FORD \u00a0 \u00a0 \u00a0 \u00a0 \u00a0 \u00a020 \u00a0 \u00a0 32;53,522 \u00a0 \u00a0 \u00a0 18,894<\/p>\n<p>7 \u00a016 \u00a0CARBONI SERGIO \u00a0 \u00a0 \u00a0 \u00a0 \u00a0 FORD \u00a0 \u00a0 \u00a0 \u00a0 \u00a0 \u00a020 \u00a0 \u00a0 32;54,580 \u00a0 \u00a0 \u00a0 19,952<\/p>\n<p>8 \u00a035 \u00a0MEMMO LUCAS \u00a0 \u00a0 \u00a0 \u00a0 \u00a0 \u00a0 \u00a0DODGE \u00a0 \u00a0 \u00a0 \u00a0 \u00a0 20 \u00a0 \u00a0 32;55,054 \u00a0 \u00a0 \u00a0 20,426<\/p>\n<p>9 \u00a017 \u00a0GIL DANTE \u00a0 \u00a0 \u00a0 \u00a0 \u00a0 \u00a0 \u00a0 \u00a0CHEVROLET \u00a0 \u00a0 \u00a0 20 \u00a0 \u00a0 32;58,798 \u00a0 \u00a0 \u00a0 24,170<\/p>\n<p>10 6 \u00a0 TRIVILLIN MAURO \u00a0 \u00a0 \u00a0 \u00a0 \u00a0CHEVROLET \u00a0 \u00a0 \u00a0 20 \u00a0 \u00a0 32;59,158 \u00a0 \u00a0 \u00a0 24,530<\/p>\n<p>11 152 VILLANI FERNANDO \u00a0 \u00a0 \u00a0 \u00a0 CHEVROLET \u00a0 \u00a0 \u00a0 20 \u00a0 \u00a0 33;12,257 \u00a0 \u00a0 \u00a0 37,629<\/p>\n<p>12 15 \u00a0FEITO MAXIMILIANO \u00a0 \u00a0 \u00a0 \u00a0CHEVROLET \u00a0 \u00a0 \u00a0 20 \u00a0 \u00a0 33;12,673 \u00a0 \u00a0 \u00a0 38,045<\/p>\n<p>13 10 \u00a0ESQUIVEL JORGE \u00a0 \u00a0 \u00a0 \u00a0 \u00a0 CHEVROLET \u00a0 \u00a0 \u00a0 20 \u00a0 \u00a0 33;23,556 \u00a0 \u00a0 \u00a0 48,928<\/p>\n<p>14 22 \u00a0COSTALES DARIO \u00a0 \u00a0 \u00a0 \u00a0 \u00a0 FORD \u00a0 \u00a0 \u00a0 \u00a0 \u00a0 \u00a020 \u00a0 \u00a0 33;31,105 \u00a0 \u00a0 \u00a0 56,477<\/p>\n<p>15 19 \u00a0OVETTINI SILVIO \u00a0 \u00a0 \u00a0 \u00a0 \u00a0CHEVROLET \u00a0 \u00a0 \u00a0 20 \u00a0 \u00a0 33;53,270 \u00a0 \u00a0 1;18,642<\/p>\n<p>16 114 MENDOZA DARIO \u00a0 \u00a0 \u00a0 \u00a0 \u00a0 \u00a0FORD \u00a0 \u00a0 \u00a0 \u00a0 \u00a0 \u00a019 \u00a0 \u00a0 32;02,378 \u00a0 \u00a032;02,378<\/p>\n<p>17 72 \u00a0LEDE ALAN \u00a0 \u00a0 \u00a0 \u00a0 \u00a0 \u00a0 \u00a0 \u00a0CHEVROLET \u00a0 \u00a0 \u00a0 9 \u00a0 \u00a0 \u00a015;22,733 \u00a0 \u00a015;22,733<\/p>\n<p>18 66 \u00a0GIMENEZ HUGO \u00a0 \u00a0 \u00a0 \u00a0 \u00a0 \u00a0 CHEVROLET \u00a0 \u00a0 \u00a0 9 \u00a0 \u00a0 \u00a016;16,676 \u00a0 \u00a016;16,676<\/p>\n<p>19 4 \u00a0 SEOANE GASTON \u00a0 \u00a0 \u00a0 \u00a0 \u00a0 \u00a0FORD \u00a0 \u00a0 \u00a0 \u00a0 \u00a0 \u00a08 \u00a0 \u00a0 \u00a013;57,509 \u00a0 \u00a013;57,509<\/p>\n<p>20 62 \u00a0GRASSA RAUL \u00a0 \u00a0 \u00a0 \u00a0 \u00a0 \u00a0 \u00a0FAIRLANE \u00a0 \u00a0 \u00a0 \u00a08 \u00a0 \u00a0 \u00a018;26,672 \u00a0 \u00a018;26,672<\/p>\n<p>21 40 \u00a0COSTAS KEVIN \u00a0 \u00a0 \u00a0 \u00a0 \u00a0 \u00a0 DODGE \u00a0 \u00a0 \u00a0 \u00a0 \u00a0 4 \u00a0 \u00a0 \u00a0 6;22,262 \u00a0 \u00a0 6;22,262<\/p>\n<p>22 12 \u00a0SINAGRA CARLOS \u00a0 \u00a0 \u00a0 \u00a0 \u00a0 DODGE \u00a0 \u00a0 \u00a0 \u00a0 \u00a0 1 \u00a0 \u00a0 \u00a0 2;25,423 \u00a0 \u00a0 2;25,423<\/p>\n<p>23 48 \u00a0DALLONGARO ERNESTO \u00a0 \u00a0 \u00a0 CHEVROLET \u00a0 \u00a0 \u00a0 0 \u00a0 \u00a0 \u00a0 \u00a0 \u00a00,000 \u00a0 \u00a0 \u00a0 \u00a00,000<\/p>\n<p>24 11 \u00a0AYALA GUSTAVO \u00a0 \u00a0 \u00a0 \u00a0 \u00a0 \u00a0DODGE \u00a0 \u00a0 \u00a0 \u00a0 \u00a0 0 \u00a0 \u00a0 \u00a0 \u00a0 \u00a00,000 \u00a0 \u00a0 \u00a0 \u00a00,000<\/p>\n<p>25 100 GENTILE NICOLAS \u00a0 \u00a0 \u00a0 \u00a0 \u00a0DODGE \u00a0 \u00a0 \u00a0 \u00a0 \u00a0 0 \u00a0 \u00a0 \u00a0 \u00a0 \u00a00,000 \u00a0 \u00a0 \u00a0 \u00a00,000<\/p>\n<p>\u00a0<\/p>\n","protected":false},"excerpt":{"rendered":"<p>\u00a0 Sin duda que esta la octava fecha del campeonato 2012 quedara en el historial de la categor\u00eda como \u201cEl<\/p>\n","protected":false},"author":1,"featured_media":0,"comment_status":"open","ping_status":"open","sticky":false,"template":"","format":"standard","meta":{"colormag_page_container_layout":"default_layout","colormag_page_sidebar_layout":"default_layout","footnotes":""},"categories":[5],"tags":[],"class_list":["post-492","post","type-post","status-publish","format-standard","hentry","category-latest-news"],"yoast_head":"<!-- This site is optimized with the Yoast SEO plugin v27.5 - https:\/\/yoast.com\/product\/yoast-seo-wordpress\/ -->\n<title>Autos del Podio | Un regreso que hizo historia<\/title>\n<meta name=\"description\" content=\"Autos del Podio\" \/>\n<meta name=\"robots\" content=\"index, follow, max-snippet:-1, max-image-preview:large, max-video-preview:-1\" \/>\n<link rel=\"canonical\" href=\"http:\/\/autosdelpodio.com\/autos\/un-regreso-que-hizo-historia\/\" \/>\n<meta property=\"og:locale\" content=\"es_ES\" \/>\n<meta property=\"og:type\" content=\"article\" \/>\n<meta property=\"og:title\" content=\"Autos del Podio | Un regreso que hizo historia\" \/>\n<meta property=\"og:description\" content=\"Autos del Podio\" \/>\n<meta property=\"og:url\" content=\"http:\/\/autosdelpodio.com\/autos\/un-regreso-que-hizo-historia\/\" \/>\n<meta property=\"og:site_name\" content=\"Autos del Podio\" \/>\n<meta property=\"article:publisher\" content=\"https:\/\/www.facebook.com\/profile.php?id=100057192590976&amp;amp%3bamp%3bamp%3bamp%3bamp%3bamp%3bamp%3bamp%3bamp%3bamp%3bamp%3bamp%3bamp%3bamp%3bamp%3bamp%3bamp%3bamp%3bref=ts\" \/>\n<meta property=\"article:published_time\" content=\"2012-08-26T22:52:22+00:00\" \/>\n<meta name=\"author\" content=\"wi022230\" \/>\n<meta name=\"twitter:card\" content=\"summary_large_image\" \/>\n<meta name=\"twitter:creator\" content=\"@autosdelpodio\" \/>\n<meta name=\"twitter:site\" content=\"@autosdelpodio\" \/>\n<meta name=\"twitter:label1\" content=\"Escrito por\" \/>\n\t<meta name=\"twitter:data1\" content=\"wi022230\" \/>\n\t<meta name=\"twitter:label2\" content=\"Tiempo de lectura\" \/>\n\t<meta name=\"twitter:data2\" content=\"3 minutos\" \/>\n<script type=\"application\/ld+json\" class=\"yoast-schema-graph\">{\"@context\":\"https:\\\/\\\/schema.org\",\"@graph\":[{\"@type\":\"Article\",\"@id\":\"http:\\\/\\\/autosdelpodio.com\\\/autos\\\/un-regreso-que-hizo-historia\\\/#article\",\"isPartOf\":{\"@id\":\"http:\\\/\\\/autosdelpodio.com\\\/autos\\\/un-regreso-que-hizo-historia\\\/\"},\"author\":{\"name\":\"wi022230\",\"@id\":\"http:\\\/\\\/autosdelpodio.com\\\/autos\\\/#\\\/schema\\\/person\\\/e88353cabf768863fdf874e30120f3ba\"},\"headline\":\"Un regreso que hizo historia\",\"datePublished\":\"2012-08-26T22:52:22+00:00\",\"mainEntityOfPage\":{\"@id\":\"http:\\\/\\\/autosdelpodio.com\\\/autos\\\/un-regreso-que-hizo-historia\\\/\"},\"wordCount\":507,\"commentCount\":0,\"publisher\":{\"@id\":\"http:\\\/\\\/autosdelpodio.com\\\/autos\\\/#organization\"},\"articleSection\":[\"\u00daltimas noticias\"],\"inLanguage\":\"es\",\"potentialAction\":[{\"@type\":\"CommentAction\",\"name\":\"Comment\",\"target\":[\"http:\\\/\\\/autosdelpodio.com\\\/autos\\\/un-regreso-que-hizo-historia\\\/#respond\"]}]},{\"@type\":\"WebPage\",\"@id\":\"http:\\\/\\\/autosdelpodio.com\\\/autos\\\/un-regreso-que-hizo-historia\\\/\",\"url\":\"http:\\\/\\\/autosdelpodio.com\\\/autos\\\/un-regreso-que-hizo-historia\\\/\",\"name\":\"Autos del Podio | Un regreso que hizo historia\",\"isPartOf\":{\"@id\":\"http:\\\/\\\/autosdelpodio.com\\\/autos\\\/#website\"},\"datePublished\":\"2012-08-26T22:52:22+00:00\",\"description\":\"Autos del Podio\",\"breadcrumb\":{\"@id\":\"http:\\\/\\\/autosdelpodio.com\\\/autos\\\/un-regreso-que-hizo-historia\\\/#breadcrumb\"},\"inLanguage\":\"es\",\"potentialAction\":[{\"@type\":\"ReadAction\",\"target\":[\"http:\\\/\\\/autosdelpodio.com\\\/autos\\\/un-regreso-que-hizo-historia\\\/\"]}]},{\"@type\":\"BreadcrumbList\",\"@id\":\"http:\\\/\\\/autosdelpodio.com\\\/autos\\\/un-regreso-que-hizo-historia\\\/#breadcrumb\",\"itemListElement\":[{\"@type\":\"ListItem\",\"position\":1,\"name\":\"Portada\",\"item\":\"http:\\\/\\\/autosdelpodio.com\\\/autos\\\/\"},{\"@type\":\"ListItem\",\"position\":2,\"name\":\"Un regreso que hizo historia\"}]},{\"@type\":\"WebSite\",\"@id\":\"http:\\\/\\\/autosdelpodio.com\\\/autos\\\/#website\",\"url\":\"http:\\\/\\\/autosdelpodio.com\\\/autos\\\/\",\"name\":\"Autos del Podio\",\"description\":\"La sexta del deporte motor\",\"publisher\":{\"@id\":\"http:\\\/\\\/autosdelpodio.com\\\/autos\\\/#organization\"},\"potentialAction\":[{\"@type\":\"SearchAction\",\"target\":{\"@type\":\"EntryPoint\",\"urlTemplate\":\"http:\\\/\\\/autosdelpodio.com\\\/autos\\\/?s={search_term_string}\"},\"query-input\":{\"@type\":\"PropertyValueSpecification\",\"valueRequired\":true,\"valueName\":\"search_term_string\"}}],\"inLanguage\":\"es\"},{\"@type\":\"Organization\",\"@id\":\"http:\\\/\\\/autosdelpodio.com\\\/autos\\\/#organization\",\"name\":\"Autos del Podio\",\"url\":\"http:\\\/\\\/autosdelpodio.com\\\/autos\\\/\",\"logo\":{\"@type\":\"ImageObject\",\"inLanguage\":\"es\",\"@id\":\"http:\\\/\\\/autosdelpodio.com\\\/autos\\\/#\\\/schema\\\/logo\\\/image\\\/\",\"url\":\"http:\\\/\\\/autosdelpodio.com\\\/autos\\\/wp-content\\\/uploads\\\/2020\\\/08\\\/Logo_AR.jpg\",\"contentUrl\":\"http:\\\/\\\/autosdelpodio.com\\\/autos\\\/wp-content\\\/uploads\\\/2020\\\/08\\\/Logo_AR.jpg\",\"width\":1038,\"height\":1044,\"caption\":\"Autos del Podio\"},\"image\":{\"@id\":\"http:\\\/\\\/autosdelpodio.com\\\/autos\\\/#\\\/schema\\\/logo\\\/image\\\/\"},\"sameAs\":[\"https:\\\/\\\/www.facebook.com\\\/profile.php?id=100057192590976&amp;amp;amp;amp;amp;amp;amp;amp;amp;amp;amp;amp;amp;amp;amp;amp;amp;amp;ref=ts\",\"https:\\\/\\\/x.com\\\/autosdelpodio\",\"https:\\\/\\\/www.youtube.com\\\/user\\\/AutosdelPodio\"]},{\"@type\":\"Person\",\"@id\":\"http:\\\/\\\/autosdelpodio.com\\\/autos\\\/#\\\/schema\\\/person\\\/e88353cabf768863fdf874e30120f3ba\",\"name\":\"wi022230\",\"image\":{\"@type\":\"ImageObject\",\"inLanguage\":\"es\",\"@id\":\"http:\\\/\\\/autosdelpodio.com\\\/autos\\\/wp-content\\\/litespeed\\\/avatar\\\/453fc9bdbb11d766ba4c7f14d0bd0aa9.jpg?ver=1777404874\",\"url\":\"http:\\\/\\\/autosdelpodio.com\\\/autos\\\/wp-content\\\/litespeed\\\/avatar\\\/453fc9bdbb11d766ba4c7f14d0bd0aa9.jpg?ver=1777404874\",\"contentUrl\":\"http:\\\/\\\/autosdelpodio.com\\\/autos\\\/wp-content\\\/litespeed\\\/avatar\\\/453fc9bdbb11d766ba4c7f14d0bd0aa9.jpg?ver=1777404874\",\"caption\":\"wi022230\"}}]}<\/script>\n<!-- \/ Yoast SEO plugin. -->","yoast_head_json":{"title":"Autos del Podio | Un regreso que hizo historia","description":"Autos del Podio","robots":{"index":"index","follow":"follow","max-snippet":"max-snippet:-1","max-image-preview":"max-image-preview:large","max-video-preview":"max-video-preview:-1"},"canonical":"http:\/\/autosdelpodio.com\/autos\/un-regreso-que-hizo-historia\/","og_locale":"es_ES","og_type":"article","og_title":"Autos del Podio | Un regreso que hizo historia","og_description":"Autos del Podio","og_url":"http:\/\/autosdelpodio.com\/autos\/un-regreso-que-hizo-historia\/","og_site_name":"Autos del Podio","article_publisher":"https:\/\/www.facebook.com\/profile.php?id=100057192590976&amp%3bamp%3bamp%3bamp%3bamp%3bamp%3bamp%3bamp%3bamp%3bamp%3bamp%3bamp%3bamp%3bamp%3bamp%3bamp%3bamp%3bamp%3bref=ts","article_published_time":"2012-08-26T22:52:22+00:00","author":"wi022230","twitter_card":"summary_large_image","twitter_creator":"@autosdelpodio","twitter_site":"@autosdelpodio","twitter_misc":{"Escrito por":"wi022230","Tiempo de lectura":"3 minutos"},"schema":{"@context":"https:\/\/schema.org","@graph":[{"@type":"Article","@id":"http:\/\/autosdelpodio.com\/autos\/un-regreso-que-hizo-historia\/#article","isPartOf":{"@id":"http:\/\/autosdelpodio.com\/autos\/un-regreso-que-hizo-historia\/"},"author":{"name":"wi022230","@id":"http:\/\/autosdelpodio.com\/autos\/#\/schema\/person\/e88353cabf768863fdf874e30120f3ba"},"headline":"Un regreso que hizo historia","datePublished":"2012-08-26T22:52:22+00:00","mainEntityOfPage":{"@id":"http:\/\/autosdelpodio.com\/autos\/un-regreso-que-hizo-historia\/"},"wordCount":507,"commentCount":0,"publisher":{"@id":"http:\/\/autosdelpodio.com\/autos\/#organization"},"articleSection":["\u00daltimas noticias"],"inLanguage":"es","potentialAction":[{"@type":"CommentAction","name":"Comment","target":["http:\/\/autosdelpodio.com\/autos\/un-regreso-que-hizo-historia\/#respond"]}]},{"@type":"WebPage","@id":"http:\/\/autosdelpodio.com\/autos\/un-regreso-que-hizo-historia\/","url":"http:\/\/autosdelpodio.com\/autos\/un-regreso-que-hizo-historia\/","name":"Autos del Podio | Un regreso que hizo historia","isPartOf":{"@id":"http:\/\/autosdelpodio.com\/autos\/#website"},"datePublished":"2012-08-26T22:52:22+00:00","description":"Autos del Podio","breadcrumb":{"@id":"http:\/\/autosdelpodio.com\/autos\/un-regreso-que-hizo-historia\/#breadcrumb"},"inLanguage":"es","potentialAction":[{"@type":"ReadAction","target":["http:\/\/autosdelpodio.com\/autos\/un-regreso-que-hizo-historia\/"]}]},{"@type":"BreadcrumbList","@id":"http:\/\/autosdelpodio.com\/autos\/un-regreso-que-hizo-historia\/#breadcrumb","itemListElement":[{"@type":"ListItem","position":1,"name":"Portada","item":"http:\/\/autosdelpodio.com\/autos\/"},{"@type":"ListItem","position":2,"name":"Un regreso que hizo historia"}]},{"@type":"WebSite","@id":"http:\/\/autosdelpodio.com\/autos\/#website","url":"http:\/\/autosdelpodio.com\/autos\/","name":"Autos del Podio","description":"La sexta del deporte motor","publisher":{"@id":"http:\/\/autosdelpodio.com\/autos\/#organization"},"potentialAction":[{"@type":"SearchAction","target":{"@type":"EntryPoint","urlTemplate":"http:\/\/autosdelpodio.com\/autos\/?s={search_term_string}"},"query-input":{"@type":"PropertyValueSpecification","valueRequired":true,"valueName":"search_term_string"}}],"inLanguage":"es"},{"@type":"Organization","@id":"http:\/\/autosdelpodio.com\/autos\/#organization","name":"Autos del Podio","url":"http:\/\/autosdelpodio.com\/autos\/","logo":{"@type":"ImageObject","inLanguage":"es","@id":"http:\/\/autosdelpodio.com\/autos\/#\/schema\/logo\/image\/","url":"http:\/\/autosdelpodio.com\/autos\/wp-content\/uploads\/2020\/08\/Logo_AR.jpg","contentUrl":"http:\/\/autosdelpodio.com\/autos\/wp-content\/uploads\/2020\/08\/Logo_AR.jpg","width":1038,"height":1044,"caption":"Autos del Podio"},"image":{"@id":"http:\/\/autosdelpodio.com\/autos\/#\/schema\/logo\/image\/"},"sameAs":["https:\/\/www.facebook.com\/profile.php?id=100057192590976&amp;amp;amp;amp;amp;amp;amp;amp;amp;amp;amp;amp;amp;amp;amp;amp;amp;amp;ref=ts","https:\/\/x.com\/autosdelpodio","https:\/\/www.youtube.com\/user\/AutosdelPodio"]},{"@type":"Person","@id":"http:\/\/autosdelpodio.com\/autos\/#\/schema\/person\/e88353cabf768863fdf874e30120f3ba","name":"wi022230","image":{"@type":"ImageObject","inLanguage":"es","@id":"http:\/\/autosdelpodio.com\/autos\/wp-content\/litespeed\/avatar\/453fc9bdbb11d766ba4c7f14d0bd0aa9.jpg?ver=1777404874","url":"http:\/\/autosdelpodio.com\/autos\/wp-content\/litespeed\/avatar\/453fc9bdbb11d766ba4c7f14d0bd0aa9.jpg?ver=1777404874","contentUrl":"http:\/\/autosdelpodio.com\/autos\/wp-content\/litespeed\/avatar\/453fc9bdbb11d766ba4c7f14d0bd0aa9.jpg?ver=1777404874","caption":"wi022230"}}]}},"views":682,"_links":{"self":[{"href":"http:\/\/autosdelpodio.com\/autos\/wp-json\/wp\/v2\/posts\/492","targetHints":{"allow":["GET"]}}],"collection":[{"href":"http:\/\/autosdelpodio.com\/autos\/wp-json\/wp\/v2\/posts"}],"about":[{"href":"http:\/\/autosdelpodio.com\/autos\/wp-json\/wp\/v2\/types\/post"}],"author":[{"embeddable":true,"href":"http:\/\/autosdelpodio.com\/autos\/wp-json\/wp\/v2\/users\/1"}],"replies":[{"embeddable":true,"href":"http:\/\/autosdelpodio.com\/autos\/wp-json\/wp\/v2\/comments?post=492"}],"version-history":[{"count":0,"href":"http:\/\/autosdelpodio.com\/autos\/wp-json\/wp\/v2\/posts\/492\/revisions"}],"wp:attachment":[{"href":"http:\/\/autosdelpodio.com\/autos\/wp-json\/wp\/v2\/media?parent=492"}],"wp:term":[{"taxonomy":"category","embeddable":true,"href":"http:\/\/autosdelpodio.com\/autos\/wp-json\/wp\/v2\/categories?post=492"},{"taxonomy":"post_tag","embeddable":true,"href":"http:\/\/autosdelpodio.com\/autos\/wp-json\/wp\/v2\/tags?post=492"}],"curies":[{"name":"wp","href":"https:\/\/api.w.org\/{rel}","templated":true}]}}