{"id":4920,"date":"2021-11-02T22:24:00","date_gmt":"2021-11-03T01:24:00","guid":{"rendered":"http:\/\/autosdelpodio.com\/autos\/?p=4920"},"modified":"2021-11-02T22:28:25","modified_gmt":"2021-11-03T01:28:25","slug":"tributo-a-fangio","status":"publish","type":"post","link":"http:\/\/autosdelpodio.com\/autos\/tributo-a-fangio\/","title":{"rendered":"Tributo a Fangio"},"content":{"rendered":"\n<p>El tributo a Fangio es un homenaje al mito de la F\u00f3rmula 1 a 70 a\u00f1os de ganar en la m\u00e1xima categor\u00eda del automovilismo mundial. El evento significar\u00e1 el traslado de los restos de Juan Manuel Fangio al mausoleo construido especialmente en el museo que lleva su nombre.<\/p>\n\n\n\n<h5 class=\"wp-block-heading\">Cronograma de actividades<\/h5>\n\n\n\n<p><strong>Martes 9 de noviembre &nbsp;<\/strong><\/p>\n\n\n\n<p>19:00 h: Conferencia de prensa (nacional e internacional) de Jackie Stewart y c\u00f3ctel en el Hotel Provincial de Mar del Plata.<\/p>\n\n\n\n<p><strong>Mi\u00e9rcoles 10 de noviembre &nbsp;<\/strong><\/p>\n\n\n\n<p>10:30 h: Caravana desde el cementerio hasta el Museo Fangio pasando por puntos estrat\u00e9gicos de Balcarce.<\/p>\n\n\n\n<p>11:30 h: Ceremonia de recepci\u00f3n de los restos y ubicaci\u00f3n en el Mausoleo del Museo Fangio. Transmisi\u00f3n en exteriores.<\/p>\n\n\n\n<p>12:30 h: Desfile y exhibici\u00f3n de los veh\u00edculos de Fangio y clubes de autos.<\/p>\n\n\n\n<p>13:30 h: Almuerzo privado para 400 invitados especiales.<\/p>\n\n\n\n<p>Para mayor informaci\u00f3n y adquirir entradas consultar la web:<br><a href=\"https:\/\/www.tributoafangio.com.ar\/\" target=\"_blank\" rel=\"noreferrer noopener\">https:\/\/www.tributoafangio.com.ar\/<\/a><\/p>\n","protected":false},"excerpt":{"rendered":"<p>El tributo a Fangio es un homenaje al mito de la F\u00f3rmula 1 a 70 a\u00f1os de ganar en la<\/p>\n","protected":false},"author":3,"featured_media":4921,"comment_status":"open","ping_status":"open","sticky":false,"template":"","format":"standard","meta":{"colormag_page_container_layout":"default_layout","colormag_page_sidebar_layout":"default_layout","footnotes":""},"categories":[6,16],"tags":[158,157,628,398,629],"class_list":["post-4920","post","type-post","status-publish","format-standard","has-post-thumbnail","hentry","category-newsflash","category-recta-principal","tag-balcarce","tag-juan-manuel-fangio","tag-mar-del-plata","tag-museo-fangio","tag-tributo"],"yoast_head":"<!-- This site is optimized with the Yoast SEO plugin v27.5 - https:\/\/yoast.com\/product\/yoast-seo-wordpress\/ -->\n<title>Autos del Podio | Tributo a Fangio<\/title>\n<meta name=\"description\" content=\"Autos del Podio Entre el 9 y 10 de noviembre se realizar\u00e1 en Mar del Plata y Balcarce un homenaje a Juan Manuel Fangio. Participar\u00e1n, entre otros, Jackie Stewart y Horacio Pagani.\" \/>\n<meta name=\"robots\" content=\"index, follow, max-snippet:-1, max-image-preview:large, max-video-preview:-1\" \/>\n<link rel=\"canonical\" href=\"http:\/\/autosdelpodio.com\/autos\/tributo-a-fangio\/\" \/>\n<meta property=\"og:locale\" content=\"es_ES\" \/>\n<meta property=\"og:type\" content=\"article\" \/>\n<meta property=\"og:title\" content=\"Autos del Podio | Tributo a Fangio\" \/>\n<meta property=\"og:description\" content=\"Autos del Podio Entre el 9 y 10 de noviembre se realizar\u00e1 en Mar del Plata y Balcarce un homenaje a Juan Manuel Fangio. Participar\u00e1n, entre otros, Jackie Stewart y Horacio Pagani.\" \/>\n<meta property=\"og:url\" content=\"http:\/\/autosdelpodio.com\/autos\/tributo-a-fangio\/\" \/>\n<meta property=\"og:site_name\" content=\"Autos del Podio\" \/>\n<meta property=\"article:publisher\" content=\"https:\/\/www.facebook.com\/profile.php?id=100057192590976&amp;amp%3bamp%3bamp%3bamp%3bamp%3bamp%3bamp%3bamp%3bamp%3bamp%3bamp%3bamp%3bamp%3bamp%3bamp%3bamp%3bamp%3bamp%3bref=ts\" \/>\n<meta property=\"article:published_time\" content=\"2021-11-03T01:24:00+00:00\" \/>\n<meta property=\"article:modified_time\" content=\"2021-11-03T01:28:25+00:00\" \/>\n<meta property=\"og:image\" content=\"http:\/\/autosdelpodio.com\/autos\/wp-content\/uploads\/2021\/11\/Fachada_Museo_Fangio-e1635902609377.jpg\" \/>\n\t<meta property=\"og:image:width\" content=\"500\" \/>\n\t<meta property=\"og:image:height\" content=\"322\" \/>\n\t<meta property=\"og:image:type\" content=\"image\/jpeg\" \/>\n<meta name=\"author\" content=\"autosdelpodio\" \/>\n<meta name=\"twitter:card\" content=\"summary_large_image\" \/>\n<meta name=\"twitter:creator\" content=\"@autosdelpodio\" \/>\n<meta name=\"twitter:site\" content=\"@autosdelpodio\" \/>\n<meta name=\"twitter:label1\" content=\"Escrito por\" \/>\n\t<meta name=\"twitter:data1\" content=\"autosdelpodio\" \/>\n\t<meta name=\"twitter:label2\" content=\"Tiempo de lectura\" \/>\n\t<meta name=\"twitter:data2\" content=\"1 minuto\" \/>\n<script type=\"application\/ld+json\" class=\"yoast-schema-graph\">{\"@context\":\"https:\\\/\\\/schema.org\",\"@graph\":[{\"@type\":\"Article\",\"@id\":\"http:\\\/\\\/autosdelpodio.com\\\/autos\\\/tributo-a-fangio\\\/#article\",\"isPartOf\":{\"@id\":\"http:\\\/\\\/autosdelpodio.com\\\/autos\\\/tributo-a-fangio\\\/\"},\"author\":{\"name\":\"autosdelpodio\",\"@id\":\"http:\\\/\\\/autosdelpodio.com\\\/autos\\\/#\\\/schema\\\/person\\\/993527a4d01c3acdd3d6bce3770bc942\"},\"headline\":\"Tributo a Fangio\",\"datePublished\":\"2021-11-03T01:24:00+00:00\",\"dateModified\":\"2021-11-03T01:28:25+00:00\",\"mainEntityOfPage\":{\"@id\":\"http:\\\/\\\/autosdelpodio.com\\\/autos\\\/tributo-a-fangio\\\/\"},\"wordCount\":159,\"commentCount\":0,\"publisher\":{\"@id\":\"http:\\\/\\\/autosdelpodio.com\\\/autos\\\/#organization\"},\"image\":{\"@id\":\"http:\\\/\\\/autosdelpodio.com\\\/autos\\\/tributo-a-fangio\\\/#primaryimage\"},\"thumbnailUrl\":\"http:\\\/\\\/autosdelpodio.com\\\/autos\\\/wp-content\\\/uploads\\\/2021\\\/11\\\/Fachada_Museo_Fangio-e1635902609377.jpg\",\"keywords\":[\"Balcarce\",\"Juan Manuel Fangio\",\"Mar del Plata\",\"Museo Fangio\",\"Tributo\"],\"articleSection\":[\"Destacado\",\"Recta Principal\"],\"inLanguage\":\"es\",\"potentialAction\":[{\"@type\":\"CommentAction\",\"name\":\"Comment\",\"target\":[\"http:\\\/\\\/autosdelpodio.com\\\/autos\\\/tributo-a-fangio\\\/#respond\"]}]},{\"@type\":\"WebPage\",\"@id\":\"http:\\\/\\\/autosdelpodio.com\\\/autos\\\/tributo-a-fangio\\\/\",\"url\":\"http:\\\/\\\/autosdelpodio.com\\\/autos\\\/tributo-a-fangio\\\/\",\"name\":\"Autos del Podio | Tributo a Fangio\",\"isPartOf\":{\"@id\":\"http:\\\/\\\/autosdelpodio.com\\\/autos\\\/#website\"},\"primaryImageOfPage\":{\"@id\":\"http:\\\/\\\/autosdelpodio.com\\\/autos\\\/tributo-a-fangio\\\/#primaryimage\"},\"image\":{\"@id\":\"http:\\\/\\\/autosdelpodio.com\\\/autos\\\/tributo-a-fangio\\\/#primaryimage\"},\"thumbnailUrl\":\"http:\\\/\\\/autosdelpodio.com\\\/autos\\\/wp-content\\\/uploads\\\/2021\\\/11\\\/Fachada_Museo_Fangio-e1635902609377.jpg\",\"datePublished\":\"2021-11-03T01:24:00+00:00\",\"dateModified\":\"2021-11-03T01:28:25+00:00\",\"description\":\"Autos del Podio Entre el 9 y 10 de noviembre se realizar\u00e1 en Mar del Plata y Balcarce un homenaje a Juan Manuel Fangio. Participar\u00e1n, entre otros, Jackie Stewart y Horacio Pagani.\",\"breadcrumb\":{\"@id\":\"http:\\\/\\\/autosdelpodio.com\\\/autos\\\/tributo-a-fangio\\\/#breadcrumb\"},\"inLanguage\":\"es\",\"potentialAction\":[{\"@type\":\"ReadAction\",\"target\":[\"http:\\\/\\\/autosdelpodio.com\\\/autos\\\/tributo-a-fangio\\\/\"]}]},{\"@type\":\"ImageObject\",\"inLanguage\":\"es\",\"@id\":\"http:\\\/\\\/autosdelpodio.com\\\/autos\\\/tributo-a-fangio\\\/#primaryimage\",\"url\":\"http:\\\/\\\/autosdelpodio.com\\\/autos\\\/wp-content\\\/uploads\\\/2021\\\/11\\\/Fachada_Museo_Fangio-e1635902609377.jpg\",\"contentUrl\":\"http:\\\/\\\/autosdelpodio.com\\\/autos\\\/wp-content\\\/uploads\\\/2021\\\/11\\\/Fachada_Museo_Fangio-e1635902609377.jpg\",\"width\":500,\"height\":322},{\"@type\":\"BreadcrumbList\",\"@id\":\"http:\\\/\\\/autosdelpodio.com\\\/autos\\\/tributo-a-fangio\\\/#breadcrumb\",\"itemListElement\":[{\"@type\":\"ListItem\",\"position\":1,\"name\":\"Portada\",\"item\":\"http:\\\/\\\/autosdelpodio.com\\\/autos\\\/\"},{\"@type\":\"ListItem\",\"position\":2,\"name\":\"Tributo a Fangio\"}]},{\"@type\":\"WebSite\",\"@id\":\"http:\\\/\\\/autosdelpodio.com\\\/autos\\\/#website\",\"url\":\"http:\\\/\\\/autosdelpodio.com\\\/autos\\\/\",\"name\":\"Autos del Podio\",\"description\":\"La sexta del deporte motor\",\"publisher\":{\"@id\":\"http:\\\/\\\/autosdelpodio.com\\\/autos\\\/#organization\"},\"potentialAction\":[{\"@type\":\"SearchAction\",\"target\":{\"@type\":\"EntryPoint\",\"urlTemplate\":\"http:\\\/\\\/autosdelpodio.com\\\/autos\\\/?s={search_term_string}\"},\"query-input\":{\"@type\":\"PropertyValueSpecification\",\"valueRequired\":true,\"valueName\":\"search_term_string\"}}],\"inLanguage\":\"es\"},{\"@type\":\"Organization\",\"@id\":\"http:\\\/\\\/autosdelpodio.com\\\/autos\\\/#organization\",\"name\":\"Autos del Podio\",\"url\":\"http:\\\/\\\/autosdelpodio.com\\\/autos\\\/\",\"logo\":{\"@type\":\"ImageObject\",\"inLanguage\":\"es\",\"@id\":\"http:\\\/\\\/autosdelpodio.com\\\/autos\\\/#\\\/schema\\\/logo\\\/image\\\/\",\"url\":\"http:\\\/\\\/autosdelpodio.com\\\/autos\\\/wp-content\\\/uploads\\\/2020\\\/08\\\/Logo_AR.jpg\",\"contentUrl\":\"http:\\\/\\\/autosdelpodio.com\\\/autos\\\/wp-content\\\/uploads\\\/2020\\\/08\\\/Logo_AR.jpg\",\"width\":1038,\"height\":1044,\"caption\":\"Autos del Podio\"},\"image\":{\"@id\":\"http:\\\/\\\/autosdelpodio.com\\\/autos\\\/#\\\/schema\\\/logo\\\/image\\\/\"},\"sameAs\":[\"https:\\\/\\\/www.facebook.com\\\/profile.php?id=100057192590976&amp;amp;amp;amp;amp;amp;amp;amp;amp;amp;amp;amp;amp;amp;amp;amp;amp;amp;ref=ts\",\"https:\\\/\\\/x.com\\\/autosdelpodio\",\"https:\\\/\\\/www.youtube.com\\\/user\\\/AutosdelPodio\"]},{\"@type\":\"Person\",\"@id\":\"http:\\\/\\\/autosdelpodio.com\\\/autos\\\/#\\\/schema\\\/person\\\/993527a4d01c3acdd3d6bce3770bc942\",\"name\":\"autosdelpodio\",\"image\":{\"@type\":\"ImageObject\",\"inLanguage\":\"es\",\"@id\":\"http:\\\/\\\/autosdelpodio.com\\\/autos\\\/wp-content\\\/litespeed\\\/avatar\\\/aa8f65cd201a80f6b844f63278aa84af.jpg?ver=1777403005\",\"url\":\"http:\\\/\\\/autosdelpodio.com\\\/autos\\\/wp-content\\\/litespeed\\\/avatar\\\/aa8f65cd201a80f6b844f63278aa84af.jpg?ver=1777403005\",\"contentUrl\":\"http:\\\/\\\/autosdelpodio.com\\\/autos\\\/wp-content\\\/litespeed\\\/avatar\\\/aa8f65cd201a80f6b844f63278aa84af.jpg?ver=1777403005\",\"caption\":\"autosdelpodio\"}}]}<\/script>\n<!-- \/ Yoast SEO plugin. -->","yoast_head_json":{"title":"Autos del Podio | Tributo a Fangio","description":"Autos del Podio Entre el 9 y 10 de noviembre se realizar\u00e1 en Mar del Plata y Balcarce un homenaje a Juan Manuel Fangio. Participar\u00e1n, entre otros, Jackie Stewart y Horacio Pagani.","robots":{"index":"index","follow":"follow","max-snippet":"max-snippet:-1","max-image-preview":"max-image-preview:large","max-video-preview":"max-video-preview:-1"},"canonical":"http:\/\/autosdelpodio.com\/autos\/tributo-a-fangio\/","og_locale":"es_ES","og_type":"article","og_title":"Autos del Podio | Tributo a Fangio","og_description":"Autos del Podio Entre el 9 y 10 de noviembre se realizar\u00e1 en Mar del Plata y Balcarce un homenaje a Juan Manuel Fangio. Participar\u00e1n, entre otros, Jackie Stewart y Horacio Pagani.","og_url":"http:\/\/autosdelpodio.com\/autos\/tributo-a-fangio\/","og_site_name":"Autos del Podio","article_publisher":"https:\/\/www.facebook.com\/profile.php?id=100057192590976&amp%3bamp%3bamp%3bamp%3bamp%3bamp%3bamp%3bamp%3bamp%3bamp%3bamp%3bamp%3bamp%3bamp%3bamp%3bamp%3bamp%3bamp%3bref=ts","article_published_time":"2021-11-03T01:24:00+00:00","article_modified_time":"2021-11-03T01:28:25+00:00","og_image":[{"width":500,"height":322,"url":"http:\/\/autosdelpodio.com\/autos\/wp-content\/uploads\/2021\/11\/Fachada_Museo_Fangio-e1635902609377.jpg","type":"image\/jpeg"}],"author":"autosdelpodio","twitter_card":"summary_large_image","twitter_creator":"@autosdelpodio","twitter_site":"@autosdelpodio","twitter_misc":{"Escrito por":"autosdelpodio","Tiempo de lectura":"1 minuto"},"schema":{"@context":"https:\/\/schema.org","@graph":[{"@type":"Article","@id":"http:\/\/autosdelpodio.com\/autos\/tributo-a-fangio\/#article","isPartOf":{"@id":"http:\/\/autosdelpodio.com\/autos\/tributo-a-fangio\/"},"author":{"name":"autosdelpodio","@id":"http:\/\/autosdelpodio.com\/autos\/#\/schema\/person\/993527a4d01c3acdd3d6bce3770bc942"},"headline":"Tributo a Fangio","datePublished":"2021-11-03T01:24:00+00:00","dateModified":"2021-11-03T01:28:25+00:00","mainEntityOfPage":{"@id":"http:\/\/autosdelpodio.com\/autos\/tributo-a-fangio\/"},"wordCount":159,"commentCount":0,"publisher":{"@id":"http:\/\/autosdelpodio.com\/autos\/#organization"},"image":{"@id":"http:\/\/autosdelpodio.com\/autos\/tributo-a-fangio\/#primaryimage"},"thumbnailUrl":"http:\/\/autosdelpodio.com\/autos\/wp-content\/uploads\/2021\/11\/Fachada_Museo_Fangio-e1635902609377.jpg","keywords":["Balcarce","Juan Manuel Fangio","Mar del Plata","Museo Fangio","Tributo"],"articleSection":["Destacado","Recta Principal"],"inLanguage":"es","potentialAction":[{"@type":"CommentAction","name":"Comment","target":["http:\/\/autosdelpodio.com\/autos\/tributo-a-fangio\/#respond"]}]},{"@type":"WebPage","@id":"http:\/\/autosdelpodio.com\/autos\/tributo-a-fangio\/","url":"http:\/\/autosdelpodio.com\/autos\/tributo-a-fangio\/","name":"Autos del Podio | Tributo a Fangio","isPartOf":{"@id":"http:\/\/autosdelpodio.com\/autos\/#website"},"primaryImageOfPage":{"@id":"http:\/\/autosdelpodio.com\/autos\/tributo-a-fangio\/#primaryimage"},"image":{"@id":"http:\/\/autosdelpodio.com\/autos\/tributo-a-fangio\/#primaryimage"},"thumbnailUrl":"http:\/\/autosdelpodio.com\/autos\/wp-content\/uploads\/2021\/11\/Fachada_Museo_Fangio-e1635902609377.jpg","datePublished":"2021-11-03T01:24:00+00:00","dateModified":"2021-11-03T01:28:25+00:00","description":"Autos del Podio Entre el 9 y 10 de noviembre se realizar\u00e1 en Mar del Plata y Balcarce un homenaje a Juan Manuel Fangio. Participar\u00e1n, entre otros, Jackie Stewart y Horacio Pagani.","breadcrumb":{"@id":"http:\/\/autosdelpodio.com\/autos\/tributo-a-fangio\/#breadcrumb"},"inLanguage":"es","potentialAction":[{"@type":"ReadAction","target":["http:\/\/autosdelpodio.com\/autos\/tributo-a-fangio\/"]}]},{"@type":"ImageObject","inLanguage":"es","@id":"http:\/\/autosdelpodio.com\/autos\/tributo-a-fangio\/#primaryimage","url":"http:\/\/autosdelpodio.com\/autos\/wp-content\/uploads\/2021\/11\/Fachada_Museo_Fangio-e1635902609377.jpg","contentUrl":"http:\/\/autosdelpodio.com\/autos\/wp-content\/uploads\/2021\/11\/Fachada_Museo_Fangio-e1635902609377.jpg","width":500,"height":322},{"@type":"BreadcrumbList","@id":"http:\/\/autosdelpodio.com\/autos\/tributo-a-fangio\/#breadcrumb","itemListElement":[{"@type":"ListItem","position":1,"name":"Portada","item":"http:\/\/autosdelpodio.com\/autos\/"},{"@type":"ListItem","position":2,"name":"Tributo a Fangio"}]},{"@type":"WebSite","@id":"http:\/\/autosdelpodio.com\/autos\/#website","url":"http:\/\/autosdelpodio.com\/autos\/","name":"Autos del Podio","description":"La sexta del deporte motor","publisher":{"@id":"http:\/\/autosdelpodio.com\/autos\/#organization"},"potentialAction":[{"@type":"SearchAction","target":{"@type":"EntryPoint","urlTemplate":"http:\/\/autosdelpodio.com\/autos\/?s={search_term_string}"},"query-input":{"@type":"PropertyValueSpecification","valueRequired":true,"valueName":"search_term_string"}}],"inLanguage":"es"},{"@type":"Organization","@id":"http:\/\/autosdelpodio.com\/autos\/#organization","name":"Autos del Podio","url":"http:\/\/autosdelpodio.com\/autos\/","logo":{"@type":"ImageObject","inLanguage":"es","@id":"http:\/\/autosdelpodio.com\/autos\/#\/schema\/logo\/image\/","url":"http:\/\/autosdelpodio.com\/autos\/wp-content\/uploads\/2020\/08\/Logo_AR.jpg","contentUrl":"http:\/\/autosdelpodio.com\/autos\/wp-content\/uploads\/2020\/08\/Logo_AR.jpg","width":1038,"height":1044,"caption":"Autos del Podio"},"image":{"@id":"http:\/\/autosdelpodio.com\/autos\/#\/schema\/logo\/image\/"},"sameAs":["https:\/\/www.facebook.com\/profile.php?id=100057192590976&amp;amp;amp;amp;amp;amp;amp;amp;amp;amp;amp;amp;amp;amp;amp;amp;amp;amp;ref=ts","https:\/\/x.com\/autosdelpodio","https:\/\/www.youtube.com\/user\/AutosdelPodio"]},{"@type":"Person","@id":"http:\/\/autosdelpodio.com\/autos\/#\/schema\/person\/993527a4d01c3acdd3d6bce3770bc942","name":"autosdelpodio","image":{"@type":"ImageObject","inLanguage":"es","@id":"http:\/\/autosdelpodio.com\/autos\/wp-content\/litespeed\/avatar\/aa8f65cd201a80f6b844f63278aa84af.jpg?ver=1777403005","url":"http:\/\/autosdelpodio.com\/autos\/wp-content\/litespeed\/avatar\/aa8f65cd201a80f6b844f63278aa84af.jpg?ver=1777403005","contentUrl":"http:\/\/autosdelpodio.com\/autos\/wp-content\/litespeed\/avatar\/aa8f65cd201a80f6b844f63278aa84af.jpg?ver=1777403005","caption":"autosdelpodio"}}]}},"views":623,"_links":{"self":[{"href":"http:\/\/autosdelpodio.com\/autos\/wp-json\/wp\/v2\/posts\/4920","targetHints":{"allow":["GET"]}}],"collection":[{"href":"http:\/\/autosdelpodio.com\/autos\/wp-json\/wp\/v2\/posts"}],"about":[{"href":"http:\/\/autosdelpodio.com\/autos\/wp-json\/wp\/v2\/types\/post"}],"author":[{"embeddable":true,"href":"http:\/\/autosdelpodio.com\/autos\/wp-json\/wp\/v2\/users\/3"}],"replies":[{"embeddable":true,"href":"http:\/\/autosdelpodio.com\/autos\/wp-json\/wp\/v2\/comments?post=4920"}],"version-history":[{"count":1,"href":"http:\/\/autosdelpodio.com\/autos\/wp-json\/wp\/v2\/posts\/4920\/revisions"}],"predecessor-version":[{"id":4922,"href":"http:\/\/autosdelpodio.com\/autos\/wp-json\/wp\/v2\/posts\/4920\/revisions\/4922"}],"wp:featuredmedia":[{"embeddable":true,"href":"http:\/\/autosdelpodio.com\/autos\/wp-json\/wp\/v2\/media\/4921"}],"wp:attachment":[{"href":"http:\/\/autosdelpodio.com\/autos\/wp-json\/wp\/v2\/media?parent=4920"}],"wp:term":[{"taxonomy":"category","embeddable":true,"href":"http:\/\/autosdelpodio.com\/autos\/wp-json\/wp\/v2\/categories?post=4920"},{"taxonomy":"post_tag","embeddable":true,"href":"http:\/\/autosdelpodio.com\/autos\/wp-json\/wp\/v2\/tags?post=4920"}],"curies":[{"name":"wp","href":"https:\/\/api.w.org\/{rel}","templated":true}]}}