{"id":4936,"date":"2021-11-07T15:21:56","date_gmt":"2021-11-07T18:21:56","guid":{"rendered":"http:\/\/autosdelpodio.com\/autos\/?p=4936"},"modified":"2021-11-07T15:29:57","modified_gmt":"2021-11-07T18:29:57","slug":"estadia-con-pension-completa-en-viedma","status":"publish","type":"post","link":"http:\/\/autosdelpodio.com\/autos\/estadia-con-pension-completa-en-viedma\/","title":{"rendered":"Estad\u00eda con pensi\u00f3n completa en Viedma"},"content":{"rendered":"\n<p>Mariano Werner, que ven\u00eda de ganar en TC la semana anterior, se qued\u00f3 con la final de las TC Pick Up que visitaron por primera vez la provincia de Rio Negro junto al TC Mouras y el TCPM.<br>El segundo triunfo en la temporada para <a href=\"http:\/\/autosdelpodio.com\/autos\/nadie-pudo-detener-al-campeon\/\" target=\"_blank\" rel=\"noreferrer noopener\">Werner<\/a>, trabajosos por cierto ya que tuvo que resistir los embates constantes del bicampe\u00f3n Juan Pablo Gianini los puso al frente de la Copa de Oro a falta del GP Coronaci\u00f3n que se disputar\u00e1 en El Villicum de San Juan el 28 de este mes.<br>Previo a ello hubo acci\u00f3n en primer turno para el TC Pista Mouras y posteriormente el TCM con triunfo de principio a fin en ambos casos de Franco Deambrosi (Ford) y Lucas Valle (Dodge) respectivamente.<\/p>\n\n\n\n<p><strong>Final TC Pick Up<\/strong><\/p>\n\n\n\n<p><em>1\u00b0 3 WERNER, MARIANO Toyota 15 23:56.608<br>2\u00b0 1 GIANINI, JUAN PABLO Ford 15 23:57.033 0.425<br>3\u00b0 122 JAKOS, ANDR\u00c9S Toyota 15 24:00.042 3.434<br>4\u00b0 6 MART\u00cdNEZ, OMAR Ford 15 24:02.945 6.337<br>5\u00b0 10 P\u00c9REZ, FEDERICO Ford 15 24:04.772 8.164<br>6\u00b0 27 ROSSI, GAST\u00d3N Fiat 15 24:05.356 8.748<br>7\u00b0 13 VENTRICELLI , LUCIANO Ford 15 24:11.821 15.213<br>8\u00b0 77 CARINELLI, AUGUSTO Toyota 15 24:12.263 15.655<br>9\u00b0 2 RODR\u00cdGUEZ, MAT\u00cdAS Toyota 15 24:12.625 16.017<br>10\u00b0 11 PEZZUCCHI, NICOL\u00c1S Nissan 15 24:17.870 21.262<br>11\u00b0 83 JALAF, MAT\u00cdAS Toyota 15 24:20.827 24.219<br>12\u00b0 121 DE BENEDICTIS, FRANCO Ford 15 24:21.425 24.817<br>13\u00b0 113 BOERO, PEDRO Toyota 15 24:22.364 25.756<br>14\u00b0 33 MISERDA, AYRTON Toyota 15 24:33.051 36.443<br>15\u00b0 223 V\u00c1ZQUEZ, MART\u00cdN Toyota 15 24:43.608 47.000<br>16\u00b0 18 FERRANDO, MARIO Toyota 15 24:49.982 53.374<br>17\u00b0 86 RISATTI, RICARDO Toyota 15 25:02.591 1:05.983<br>18\u00b0 112 SELVA , MAURICIO Toyota 15 25:12.439 1:15.831<br>19\u00b0 66 JACK, JAVIER Fiat 15 25:18.748 1:22.140<\/em><br>20\u00b0 115 DE CARLO, DIEGO Volkswagen 15 25:37.855 1:41.247<br>21\u00b0 171 GARBELINO, JUAN Ford 12 20:00.377 3 VTAS<br>22\u00b0 54 OCHOA, HUGO Chevrolet 10 18:37.738 5 VTAS<br>23\u00b0 79 CHAPUR, FACUNDO Nissan 8 12:46.740 7 VTAS<br>24\u00b0 64 MORILLO, FRANCO Fiat 7 24:28.987 8 VTAS<br>25\u00b0 4 MAZZACANE, GAST\u00d3N Volkswagen 5 08:20.045 10 VTAS<br>26\u00b0 14 DOSE, CHRISTIAN Chevrolet 4 07:36.475 11 VTAS<br>27\u00b0 81 CARABAJAL, LUCAS Nissan 2 03:21.015 13 VTAS<\/p>\n\n\n\n<p>EXCLUIDO: NRO 69 (MION) POR TOQUE AL NRO 81 (CARABAJAL)<br>APERCIBIDO: NRO 4 (MAZZACANE) POR MANIOBRA PELIGROSA AL NRO 14 (DOSE)<br>APERCIBIDO: NRO 115 (DE CARLO) POR MANIOBRA PELIGROSA AL NRO 33 (MISERDA)<\/p>\n","protected":false},"excerpt":{"rendered":"<p>Mariano Werner, que ven\u00eda de ganar en TC la semana anterior, se qued\u00f3 con la final de las TC Pick<\/p>\n","protected":false},"author":3,"featured_media":0,"comment_status":"open","ping_status":"open","sticky":false,"template":"","format":"standard","meta":{"colormag_page_container_layout":"default_layout","colormag_page_sidebar_layout":"default_layout","footnotes":""},"categories":[2,5],"tags":[590,322,145,323,591],"class_list":["post-4936","post","type-post","status-publish","format-standard","hentry","category-news","category-latest-news","tag-rio-negro","tag-tc-mouras","tag-tc-pick-up","tag-tcpm","tag-viedma"],"yoast_head":"<!-- This site is optimized with the Yoast SEO plugin v27.4 - https:\/\/yoast.com\/product\/yoast-seo-wordpress\/ -->\n<title>Autos del Podio | Estad\u00eda con pensi\u00f3n completa en Viedma<\/title>\n<meta name=\"description\" content=\"Autos del Podio Segundo triunfo en 2021 y cuarto en su historial para Werner en las TC Pick Up\" \/>\n<meta name=\"robots\" content=\"index, follow, max-snippet:-1, max-image-preview:large, max-video-preview:-1\" \/>\n<link rel=\"canonical\" href=\"http:\/\/autosdelpodio.com\/autos\/estadia-con-pension-completa-en-viedma\/\" \/>\n<meta property=\"og:locale\" content=\"es_ES\" \/>\n<meta property=\"og:type\" content=\"article\" \/>\n<meta property=\"og:title\" content=\"Autos del Podio | Estad\u00eda con pensi\u00f3n completa en Viedma\" \/>\n<meta property=\"og:description\" content=\"Autos del Podio Segundo triunfo en 2021 y cuarto en su historial para Werner en las TC Pick Up\" \/>\n<meta property=\"og:url\" content=\"http:\/\/autosdelpodio.com\/autos\/estadia-con-pension-completa-en-viedma\/\" \/>\n<meta property=\"og:site_name\" content=\"Autos del Podio\" \/>\n<meta property=\"article:publisher\" content=\"https:\/\/www.facebook.com\/profile.php?id=100057192590976&amp;amp%3bamp%3bamp%3bamp%3bamp%3bamp%3bamp%3bamp%3bamp%3bamp%3bamp%3bamp%3bamp%3bamp%3bamp%3bamp%3bamp%3bamp%3bref=ts\" \/>\n<meta property=\"article:published_time\" content=\"2021-11-07T18:21:56+00:00\" \/>\n<meta property=\"article:modified_time\" content=\"2021-11-07T18:29:57+00:00\" \/>\n<meta name=\"author\" content=\"autosdelpodio\" \/>\n<meta name=\"twitter:card\" content=\"summary_large_image\" \/>\n<meta name=\"twitter:creator\" content=\"@autosdelpodio\" \/>\n<meta name=\"twitter:site\" content=\"@autosdelpodio\" \/>\n<meta name=\"twitter:label1\" content=\"Escrito por\" \/>\n\t<meta name=\"twitter:data1\" content=\"autosdelpodio\" \/>\n\t<meta name=\"twitter:label2\" content=\"Tiempo de lectura\" \/>\n\t<meta name=\"twitter:data2\" content=\"2 minutos\" \/>\n<script type=\"application\/ld+json\" class=\"yoast-schema-graph\">{\"@context\":\"https:\\\/\\\/schema.org\",\"@graph\":[{\"@type\":\"Article\",\"@id\":\"http:\\\/\\\/autosdelpodio.com\\\/autos\\\/estadia-con-pension-completa-en-viedma\\\/#article\",\"isPartOf\":{\"@id\":\"http:\\\/\\\/autosdelpodio.com\\\/autos\\\/estadia-con-pension-completa-en-viedma\\\/\"},\"author\":{\"name\":\"autosdelpodio\",\"@id\":\"http:\\\/\\\/autosdelpodio.com\\\/autos\\\/#\\\/schema\\\/person\\\/993527a4d01c3acdd3d6bce3770bc942\"},\"headline\":\"Estad\u00eda con pensi\u00f3n completa en Viedma\",\"datePublished\":\"2021-11-07T18:21:56+00:00\",\"dateModified\":\"2021-11-07T18:29:57+00:00\",\"mainEntityOfPage\":{\"@id\":\"http:\\\/\\\/autosdelpodio.com\\\/autos\\\/estadia-con-pension-completa-en-viedma\\\/\"},\"wordCount\":269,\"commentCount\":0,\"publisher\":{\"@id\":\"http:\\\/\\\/autosdelpodio.com\\\/autos\\\/#organization\"},\"keywords\":[\"Rio Negro\",\"TC Mouras\",\"TC Pick Up\",\"TCPM\",\"Viedma\"],\"articleSection\":[\"Noticias\",\"\u00daltimas noticias\"],\"inLanguage\":\"es\",\"potentialAction\":[{\"@type\":\"CommentAction\",\"name\":\"Comment\",\"target\":[\"http:\\\/\\\/autosdelpodio.com\\\/autos\\\/estadia-con-pension-completa-en-viedma\\\/#respond\"]}]},{\"@type\":\"WebPage\",\"@id\":\"http:\\\/\\\/autosdelpodio.com\\\/autos\\\/estadia-con-pension-completa-en-viedma\\\/\",\"url\":\"http:\\\/\\\/autosdelpodio.com\\\/autos\\\/estadia-con-pension-completa-en-viedma\\\/\",\"name\":\"Autos del Podio | Estad\u00eda con pensi\u00f3n completa en Viedma\",\"isPartOf\":{\"@id\":\"http:\\\/\\\/autosdelpodio.com\\\/autos\\\/#website\"},\"datePublished\":\"2021-11-07T18:21:56+00:00\",\"dateModified\":\"2021-11-07T18:29:57+00:00\",\"description\":\"Autos del Podio Segundo triunfo en 2021 y cuarto en su historial para Werner en las TC Pick Up\",\"breadcrumb\":{\"@id\":\"http:\\\/\\\/autosdelpodio.com\\\/autos\\\/estadia-con-pension-completa-en-viedma\\\/#breadcrumb\"},\"inLanguage\":\"es\",\"potentialAction\":[{\"@type\":\"ReadAction\",\"target\":[\"http:\\\/\\\/autosdelpodio.com\\\/autos\\\/estadia-con-pension-completa-en-viedma\\\/\"]}]},{\"@type\":\"BreadcrumbList\",\"@id\":\"http:\\\/\\\/autosdelpodio.com\\\/autos\\\/estadia-con-pension-completa-en-viedma\\\/#breadcrumb\",\"itemListElement\":[{\"@type\":\"ListItem\",\"position\":1,\"name\":\"Portada\",\"item\":\"http:\\\/\\\/autosdelpodio.com\\\/autos\\\/\"},{\"@type\":\"ListItem\",\"position\":2,\"name\":\"Estad\u00eda con pensi\u00f3n completa en Viedma\"}]},{\"@type\":\"WebSite\",\"@id\":\"http:\\\/\\\/autosdelpodio.com\\\/autos\\\/#website\",\"url\":\"http:\\\/\\\/autosdelpodio.com\\\/autos\\\/\",\"name\":\"Autos del Podio\",\"description\":\"La sexta del deporte motor\",\"publisher\":{\"@id\":\"http:\\\/\\\/autosdelpodio.com\\\/autos\\\/#organization\"},\"potentialAction\":[{\"@type\":\"SearchAction\",\"target\":{\"@type\":\"EntryPoint\",\"urlTemplate\":\"http:\\\/\\\/autosdelpodio.com\\\/autos\\\/?s={search_term_string}\"},\"query-input\":{\"@type\":\"PropertyValueSpecification\",\"valueRequired\":true,\"valueName\":\"search_term_string\"}}],\"inLanguage\":\"es\"},{\"@type\":\"Organization\",\"@id\":\"http:\\\/\\\/autosdelpodio.com\\\/autos\\\/#organization\",\"name\":\"Autos del Podio\",\"url\":\"http:\\\/\\\/autosdelpodio.com\\\/autos\\\/\",\"logo\":{\"@type\":\"ImageObject\",\"inLanguage\":\"es\",\"@id\":\"http:\\\/\\\/autosdelpodio.com\\\/autos\\\/#\\\/schema\\\/logo\\\/image\\\/\",\"url\":\"http:\\\/\\\/autosdelpodio.com\\\/autos\\\/wp-content\\\/uploads\\\/2020\\\/08\\\/Logo_AR.jpg\",\"contentUrl\":\"http:\\\/\\\/autosdelpodio.com\\\/autos\\\/wp-content\\\/uploads\\\/2020\\\/08\\\/Logo_AR.jpg\",\"width\":1038,\"height\":1044,\"caption\":\"Autos del Podio\"},\"image\":{\"@id\":\"http:\\\/\\\/autosdelpodio.com\\\/autos\\\/#\\\/schema\\\/logo\\\/image\\\/\"},\"sameAs\":[\"https:\\\/\\\/www.facebook.com\\\/profile.php?id=100057192590976&amp;amp;amp;amp;amp;amp;amp;amp;amp;amp;amp;amp;amp;amp;amp;amp;amp;amp;ref=ts\",\"https:\\\/\\\/x.com\\\/autosdelpodio\",\"https:\\\/\\\/www.youtube.com\\\/user\\\/AutosdelPodio\"]},{\"@type\":\"Person\",\"@id\":\"http:\\\/\\\/autosdelpodio.com\\\/autos\\\/#\\\/schema\\\/person\\\/993527a4d01c3acdd3d6bce3770bc942\",\"name\":\"autosdelpodio\",\"image\":{\"@type\":\"ImageObject\",\"inLanguage\":\"es\",\"@id\":\"http:\\\/\\\/autosdelpodio.com\\\/autos\\\/wp-content\\\/litespeed\\\/avatar\\\/aa8f65cd201a80f6b844f63278aa84af.jpg?ver=1776798175\",\"url\":\"http:\\\/\\\/autosdelpodio.com\\\/autos\\\/wp-content\\\/litespeed\\\/avatar\\\/aa8f65cd201a80f6b844f63278aa84af.jpg?ver=1776798175\",\"contentUrl\":\"http:\\\/\\\/autosdelpodio.com\\\/autos\\\/wp-content\\\/litespeed\\\/avatar\\\/aa8f65cd201a80f6b844f63278aa84af.jpg?ver=1776798175\",\"caption\":\"autosdelpodio\"}}]}<\/script>\n<!-- \/ Yoast SEO plugin. -->","yoast_head_json":{"title":"Autos del Podio | Estad\u00eda con pensi\u00f3n completa en Viedma","description":"Autos del Podio Segundo triunfo en 2021 y cuarto en su historial para Werner en las TC Pick Up","robots":{"index":"index","follow":"follow","max-snippet":"max-snippet:-1","max-image-preview":"max-image-preview:large","max-video-preview":"max-video-preview:-1"},"canonical":"http:\/\/autosdelpodio.com\/autos\/estadia-con-pension-completa-en-viedma\/","og_locale":"es_ES","og_type":"article","og_title":"Autos del Podio | Estad\u00eda con pensi\u00f3n completa en Viedma","og_description":"Autos del Podio Segundo triunfo en 2021 y cuarto en su historial para Werner en las TC Pick Up","og_url":"http:\/\/autosdelpodio.com\/autos\/estadia-con-pension-completa-en-viedma\/","og_site_name":"Autos del Podio","article_publisher":"https:\/\/www.facebook.com\/profile.php?id=100057192590976&amp%3bamp%3bamp%3bamp%3bamp%3bamp%3bamp%3bamp%3bamp%3bamp%3bamp%3bamp%3bamp%3bamp%3bamp%3bamp%3bamp%3bamp%3bref=ts","article_published_time":"2021-11-07T18:21:56+00:00","article_modified_time":"2021-11-07T18:29:57+00:00","author":"autosdelpodio","twitter_card":"summary_large_image","twitter_creator":"@autosdelpodio","twitter_site":"@autosdelpodio","twitter_misc":{"Escrito por":"autosdelpodio","Tiempo de lectura":"2 minutos"},"schema":{"@context":"https:\/\/schema.org","@graph":[{"@type":"Article","@id":"http:\/\/autosdelpodio.com\/autos\/estadia-con-pension-completa-en-viedma\/#article","isPartOf":{"@id":"http:\/\/autosdelpodio.com\/autos\/estadia-con-pension-completa-en-viedma\/"},"author":{"name":"autosdelpodio","@id":"http:\/\/autosdelpodio.com\/autos\/#\/schema\/person\/993527a4d01c3acdd3d6bce3770bc942"},"headline":"Estad\u00eda con pensi\u00f3n completa en Viedma","datePublished":"2021-11-07T18:21:56+00:00","dateModified":"2021-11-07T18:29:57+00:00","mainEntityOfPage":{"@id":"http:\/\/autosdelpodio.com\/autos\/estadia-con-pension-completa-en-viedma\/"},"wordCount":269,"commentCount":0,"publisher":{"@id":"http:\/\/autosdelpodio.com\/autos\/#organization"},"keywords":["Rio Negro","TC Mouras","TC Pick Up","TCPM","Viedma"],"articleSection":["Noticias","\u00daltimas noticias"],"inLanguage":"es","potentialAction":[{"@type":"CommentAction","name":"Comment","target":["http:\/\/autosdelpodio.com\/autos\/estadia-con-pension-completa-en-viedma\/#respond"]}]},{"@type":"WebPage","@id":"http:\/\/autosdelpodio.com\/autos\/estadia-con-pension-completa-en-viedma\/","url":"http:\/\/autosdelpodio.com\/autos\/estadia-con-pension-completa-en-viedma\/","name":"Autos del Podio | Estad\u00eda con pensi\u00f3n completa en Viedma","isPartOf":{"@id":"http:\/\/autosdelpodio.com\/autos\/#website"},"datePublished":"2021-11-07T18:21:56+00:00","dateModified":"2021-11-07T18:29:57+00:00","description":"Autos del Podio Segundo triunfo en 2021 y cuarto en su historial para Werner en las TC Pick Up","breadcrumb":{"@id":"http:\/\/autosdelpodio.com\/autos\/estadia-con-pension-completa-en-viedma\/#breadcrumb"},"inLanguage":"es","potentialAction":[{"@type":"ReadAction","target":["http:\/\/autosdelpodio.com\/autos\/estadia-con-pension-completa-en-viedma\/"]}]},{"@type":"BreadcrumbList","@id":"http:\/\/autosdelpodio.com\/autos\/estadia-con-pension-completa-en-viedma\/#breadcrumb","itemListElement":[{"@type":"ListItem","position":1,"name":"Portada","item":"http:\/\/autosdelpodio.com\/autos\/"},{"@type":"ListItem","position":2,"name":"Estad\u00eda con pensi\u00f3n completa en Viedma"}]},{"@type":"WebSite","@id":"http:\/\/autosdelpodio.com\/autos\/#website","url":"http:\/\/autosdelpodio.com\/autos\/","name":"Autos del Podio","description":"La sexta del deporte motor","publisher":{"@id":"http:\/\/autosdelpodio.com\/autos\/#organization"},"potentialAction":[{"@type":"SearchAction","target":{"@type":"EntryPoint","urlTemplate":"http:\/\/autosdelpodio.com\/autos\/?s={search_term_string}"},"query-input":{"@type":"PropertyValueSpecification","valueRequired":true,"valueName":"search_term_string"}}],"inLanguage":"es"},{"@type":"Organization","@id":"http:\/\/autosdelpodio.com\/autos\/#organization","name":"Autos del Podio","url":"http:\/\/autosdelpodio.com\/autos\/","logo":{"@type":"ImageObject","inLanguage":"es","@id":"http:\/\/autosdelpodio.com\/autos\/#\/schema\/logo\/image\/","url":"http:\/\/autosdelpodio.com\/autos\/wp-content\/uploads\/2020\/08\/Logo_AR.jpg","contentUrl":"http:\/\/autosdelpodio.com\/autos\/wp-content\/uploads\/2020\/08\/Logo_AR.jpg","width":1038,"height":1044,"caption":"Autos del Podio"},"image":{"@id":"http:\/\/autosdelpodio.com\/autos\/#\/schema\/logo\/image\/"},"sameAs":["https:\/\/www.facebook.com\/profile.php?id=100057192590976&amp;amp;amp;amp;amp;amp;amp;amp;amp;amp;amp;amp;amp;amp;amp;amp;amp;amp;ref=ts","https:\/\/x.com\/autosdelpodio","https:\/\/www.youtube.com\/user\/AutosdelPodio"]},{"@type":"Person","@id":"http:\/\/autosdelpodio.com\/autos\/#\/schema\/person\/993527a4d01c3acdd3d6bce3770bc942","name":"autosdelpodio","image":{"@type":"ImageObject","inLanguage":"es","@id":"http:\/\/autosdelpodio.com\/autos\/wp-content\/litespeed\/avatar\/aa8f65cd201a80f6b844f63278aa84af.jpg?ver=1776798175","url":"http:\/\/autosdelpodio.com\/autos\/wp-content\/litespeed\/avatar\/aa8f65cd201a80f6b844f63278aa84af.jpg?ver=1776798175","contentUrl":"http:\/\/autosdelpodio.com\/autos\/wp-content\/litespeed\/avatar\/aa8f65cd201a80f6b844f63278aa84af.jpg?ver=1776798175","caption":"autosdelpodio"}}]}},"views":377,"_links":{"self":[{"href":"http:\/\/autosdelpodio.com\/autos\/wp-json\/wp\/v2\/posts\/4936","targetHints":{"allow":["GET"]}}],"collection":[{"href":"http:\/\/autosdelpodio.com\/autos\/wp-json\/wp\/v2\/posts"}],"about":[{"href":"http:\/\/autosdelpodio.com\/autos\/wp-json\/wp\/v2\/types\/post"}],"author":[{"embeddable":true,"href":"http:\/\/autosdelpodio.com\/autos\/wp-json\/wp\/v2\/users\/3"}],"replies":[{"embeddable":true,"href":"http:\/\/autosdelpodio.com\/autos\/wp-json\/wp\/v2\/comments?post=4936"}],"version-history":[{"count":3,"href":"http:\/\/autosdelpodio.com\/autos\/wp-json\/wp\/v2\/posts\/4936\/revisions"}],"predecessor-version":[{"id":4939,"href":"http:\/\/autosdelpodio.com\/autos\/wp-json\/wp\/v2\/posts\/4936\/revisions\/4939"}],"wp:attachment":[{"href":"http:\/\/autosdelpodio.com\/autos\/wp-json\/wp\/v2\/media?parent=4936"}],"wp:term":[{"taxonomy":"category","embeddable":true,"href":"http:\/\/autosdelpodio.com\/autos\/wp-json\/wp\/v2\/categories?post=4936"},{"taxonomy":"post_tag","embeddable":true,"href":"http:\/\/autosdelpodio.com\/autos\/wp-json\/wp\/v2\/tags?post=4936"}],"curies":[{"name":"wp","href":"https:\/\/api.w.org\/{rel}","templated":true}]}}