{"id":504,"date":"2012-09-02T23:05:01","date_gmt":"2012-09-02T23:05:01","guid":{"rendered":"http:\/\/autosdelpodio.com\/autos\/2012\/09\/02\/a-lo-guapo-fue-triunfo-de-norberto-fontana-en-el-trv6\/"},"modified":"2012-09-02T23:05:01","modified_gmt":"2012-09-02T23:05:01","slug":"a-lo-guapo-fue-triunfo-de-norberto-fontana-en-el-trv6","status":"publish","type":"post","link":"http:\/\/autosdelpodio.com\/autos\/a-lo-guapo-fue-triunfo-de-norberto-fontana-en-el-trv6\/","title":{"rendered":"A lo guapo, fue triunfo de Norberto Fontana en el TRV6"},"content":{"rendered":"<p>\u00a0<\/p>\n<p style=\"text-align: justify;\">Norberto Fontana se qued\u00f3 con la victoria en la competencia del TRV6 disputada en el aut\u00f3dromo \u201cJuan Manuel Fangio\u201d de Rosario por la octava fecha del a\u00f1o y segunda de la Etapa Invierno. . Al piloto del Mitsubishi Lancer \u00a0lo escoltaron los pilotos del Sportteam \u00a0Facundo Ardusso y Agust\u00edn Canapino, ambos con Mercedes.<\/p>\n<p style=\"text-align: justify;\">En el relanzamiento de la carrera que solo tuvo un Pace Fontana capitalizo con oficio la situaci\u00f3n para superar \u00a0a Ardusso cuando faltaban pocas \u00a0vueltas para terminar.<\/p>\n<p>  <!--more-->  <\/p>\n<p>\u00a0<\/p>\n<p style=\"text-align: justify;\">No obstante, Ardusso lidera la Etapa Invierno con 49 unidades, seguido por Emiliano Spataro (VW Passat) con 38 y \u00a0Mat\u00edas Rossi (Ford Mondeo) con 36. La \u00faltima competencia de la secci\u00f3n invernal ser\u00e1 el pr\u00f3ximo 23 de septiembre en el aut\u00f3dromo de Bueno Aires.<\/p>\n<p style=\"text-align: justify;\">La pr\u00f3xima fecha, la ultima de esta mini etapa, ser\u00e1 el 23 de septiembre en el Oscar y Juan Galvez de la Ciudad de Buenos Aires.<\/p>\n<p style=\"text-align: justify;\">\u00a0<\/p>\n<p>Final a 39 vueltas:<\/p>\n<p>\u00a0<\/p>\n<p>1 FONTANA NORBERTO (LANCER) 41;31,915<\/p>\n<p>2 ARDUSSO FACUNDO (MERCEDES) 41;32,958<\/p>\n<p>3 CANAPINO AGUSTIN (MERCEDES) 41;42,965<\/p>\n<p>4 SPATARO EMILIANO (PASSAT) 41;49,922<\/p>\n<p>5 LOPEZ JOSE MARIA (PASSAT) 41;53,264<\/p>\n<p>6 ALVAREZ JUAN CRUZ (PASSAT) 41;53,533<\/p>\n<p>7 MORGENSTERN RAFAEL (LANCER GT) 41;54,195<\/p>\n<p>8 VAZQUEZ MARCOS (LANCER GT) 42;03,509<\/p>\n<p>9 ROSSI MATIAS (MONDEO) 42;10,692<\/p>\n<p>10 SILVA JUAN MANUEL (MERCEDES) 42;35,437<\/p>\n<p>11 TADEI GUSTAVO (CRUZE) 42;08,096<\/p>\n<p>12 PACHO ARIEL (MERCEDES) 42;15,846<\/p>\n<p>13 SMITH BRIAN (MONDEO) 42;17,698<\/p>\n<p>14 DI PALMA MARCOS (PASSAT) 38;56,125<\/p>\n<p>15 SALAVERRIA GERARDO (MONDEO) 42;23,092<\/p>\n<p>16 ACEBAL MARIANO (MONDEO) 35;10,887<\/p>\n<p>17 RODRIGUEZ MATIAS (PASSAT) 32;36,957<\/p>\n<p>18 COTIGNOLA NICOLAS (MONDEO) 31;45,518<\/p>\n<p>19 MARTINEZ OMAR (MERCEDES) 27;51,781<\/p>\n<p>20 GONZALEZ ALEJANDRO (MERCEDES) 25;35,164<\/p>\n<p>21 AGRELO MARCELO (CRUZE) 12;30,791<\/p>\n<p>22 VENTANA SANTIAGO (MONDEO) 12;15,429<\/p>\n<p>23 PERABO IVO (MERCEDES) 7;15,757<\/p>\n<p>\u00a0<\/p>\n","protected":false},"excerpt":{"rendered":"<p>\u00a0 Norberto Fontana se qued\u00f3 con la victoria en la competencia del TRV6 disputada en el aut\u00f3dromo \u201cJuan Manuel Fangio\u201d<\/p>\n","protected":false},"author":1,"featured_media":0,"comment_status":"open","ping_status":"open","sticky":false,"template":"","format":"standard","meta":{"colormag_page_container_layout":"default_layout","colormag_page_sidebar_layout":"default_layout","footnotes":""},"categories":[5],"tags":[],"class_list":["post-504","post","type-post","status-publish","format-standard","hentry","category-latest-news"],"yoast_head":"<!-- This site is optimized with the Yoast SEO plugin v27.4 - https:\/\/yoast.com\/product\/yoast-seo-wordpress\/ -->\n<title>Autos del Podio | A lo guapo, fue triunfo de Norberto Fontana en el TRV6<\/title>\n<meta name=\"description\" content=\"Autos del Podio\" \/>\n<meta name=\"robots\" content=\"index, follow, max-snippet:-1, max-image-preview:large, max-video-preview:-1\" \/>\n<link rel=\"canonical\" href=\"http:\/\/autosdelpodio.com\/autos\/a-lo-guapo-fue-triunfo-de-norberto-fontana-en-el-trv6\/\" \/>\n<meta property=\"og:locale\" content=\"es_ES\" \/>\n<meta property=\"og:type\" content=\"article\" \/>\n<meta property=\"og:title\" content=\"Autos del Podio | A lo guapo, fue triunfo de Norberto Fontana en el TRV6\" \/>\n<meta property=\"og:description\" content=\"Autos del Podio\" \/>\n<meta property=\"og:url\" content=\"http:\/\/autosdelpodio.com\/autos\/a-lo-guapo-fue-triunfo-de-norberto-fontana-en-el-trv6\/\" \/>\n<meta property=\"og:site_name\" content=\"Autos del Podio\" \/>\n<meta property=\"article:publisher\" content=\"https:\/\/www.facebook.com\/profile.php?id=100057192590976&amp;amp%3bamp%3bamp%3bamp%3bamp%3bamp%3bamp%3bamp%3bamp%3bamp%3bamp%3bamp%3bamp%3bamp%3bamp%3bamp%3bamp%3bamp%3bref=ts\" \/>\n<meta property=\"article:published_time\" content=\"2012-09-02T23:05:01+00:00\" \/>\n<meta name=\"author\" content=\"wi022230\" \/>\n<meta name=\"twitter:card\" content=\"summary_large_image\" \/>\n<meta name=\"twitter:creator\" content=\"@autosdelpodio\" \/>\n<meta name=\"twitter:site\" content=\"@autosdelpodio\" \/>\n<meta name=\"twitter:label1\" content=\"Escrito por\" \/>\n\t<meta name=\"twitter:data1\" content=\"wi022230\" \/>\n\t<meta name=\"twitter:label2\" content=\"Tiempo de lectura\" \/>\n\t<meta name=\"twitter:data2\" content=\"1 minuto\" \/>\n<script type=\"application\/ld+json\" class=\"yoast-schema-graph\">{\"@context\":\"https:\\\/\\\/schema.org\",\"@graph\":[{\"@type\":\"Article\",\"@id\":\"http:\\\/\\\/autosdelpodio.com\\\/autos\\\/a-lo-guapo-fue-triunfo-de-norberto-fontana-en-el-trv6\\\/#article\",\"isPartOf\":{\"@id\":\"http:\\\/\\\/autosdelpodio.com\\\/autos\\\/a-lo-guapo-fue-triunfo-de-norberto-fontana-en-el-trv6\\\/\"},\"author\":{\"name\":\"wi022230\",\"@id\":\"http:\\\/\\\/autosdelpodio.com\\\/autos\\\/#\\\/schema\\\/person\\\/e88353cabf768863fdf874e30120f3ba\"},\"headline\":\"A lo guapo, fue triunfo de Norberto Fontana en el TRV6\",\"datePublished\":\"2012-09-02T23:05:01+00:00\",\"mainEntityOfPage\":{\"@id\":\"http:\\\/\\\/autosdelpodio.com\\\/autos\\\/a-lo-guapo-fue-triunfo-de-norberto-fontana-en-el-trv6\\\/\"},\"wordCount\":242,\"commentCount\":0,\"publisher\":{\"@id\":\"http:\\\/\\\/autosdelpodio.com\\\/autos\\\/#organization\"},\"articleSection\":[\"\u00daltimas noticias\"],\"inLanguage\":\"es\",\"potentialAction\":[{\"@type\":\"CommentAction\",\"name\":\"Comment\",\"target\":[\"http:\\\/\\\/autosdelpodio.com\\\/autos\\\/a-lo-guapo-fue-triunfo-de-norberto-fontana-en-el-trv6\\\/#respond\"]}]},{\"@type\":\"WebPage\",\"@id\":\"http:\\\/\\\/autosdelpodio.com\\\/autos\\\/a-lo-guapo-fue-triunfo-de-norberto-fontana-en-el-trv6\\\/\",\"url\":\"http:\\\/\\\/autosdelpodio.com\\\/autos\\\/a-lo-guapo-fue-triunfo-de-norberto-fontana-en-el-trv6\\\/\",\"name\":\"Autos del Podio | A lo guapo, fue triunfo de Norberto Fontana en el TRV6\",\"isPartOf\":{\"@id\":\"http:\\\/\\\/autosdelpodio.com\\\/autos\\\/#website\"},\"datePublished\":\"2012-09-02T23:05:01+00:00\",\"description\":\"Autos del Podio\",\"breadcrumb\":{\"@id\":\"http:\\\/\\\/autosdelpodio.com\\\/autos\\\/a-lo-guapo-fue-triunfo-de-norberto-fontana-en-el-trv6\\\/#breadcrumb\"},\"inLanguage\":\"es\",\"potentialAction\":[{\"@type\":\"ReadAction\",\"target\":[\"http:\\\/\\\/autosdelpodio.com\\\/autos\\\/a-lo-guapo-fue-triunfo-de-norberto-fontana-en-el-trv6\\\/\"]}]},{\"@type\":\"BreadcrumbList\",\"@id\":\"http:\\\/\\\/autosdelpodio.com\\\/autos\\\/a-lo-guapo-fue-triunfo-de-norberto-fontana-en-el-trv6\\\/#breadcrumb\",\"itemListElement\":[{\"@type\":\"ListItem\",\"position\":1,\"name\":\"Portada\",\"item\":\"http:\\\/\\\/autosdelpodio.com\\\/autos\\\/\"},{\"@type\":\"ListItem\",\"position\":2,\"name\":\"A lo guapo, fue triunfo de Norberto Fontana en el TRV6\"}]},{\"@type\":\"WebSite\",\"@id\":\"http:\\\/\\\/autosdelpodio.com\\\/autos\\\/#website\",\"url\":\"http:\\\/\\\/autosdelpodio.com\\\/autos\\\/\",\"name\":\"Autos del Podio\",\"description\":\"La sexta del deporte motor\",\"publisher\":{\"@id\":\"http:\\\/\\\/autosdelpodio.com\\\/autos\\\/#organization\"},\"potentialAction\":[{\"@type\":\"SearchAction\",\"target\":{\"@type\":\"EntryPoint\",\"urlTemplate\":\"http:\\\/\\\/autosdelpodio.com\\\/autos\\\/?s={search_term_string}\"},\"query-input\":{\"@type\":\"PropertyValueSpecification\",\"valueRequired\":true,\"valueName\":\"search_term_string\"}}],\"inLanguage\":\"es\"},{\"@type\":\"Organization\",\"@id\":\"http:\\\/\\\/autosdelpodio.com\\\/autos\\\/#organization\",\"name\":\"Autos del Podio\",\"url\":\"http:\\\/\\\/autosdelpodio.com\\\/autos\\\/\",\"logo\":{\"@type\":\"ImageObject\",\"inLanguage\":\"es\",\"@id\":\"http:\\\/\\\/autosdelpodio.com\\\/autos\\\/#\\\/schema\\\/logo\\\/image\\\/\",\"url\":\"http:\\\/\\\/autosdelpodio.com\\\/autos\\\/wp-content\\\/uploads\\\/2020\\\/08\\\/Logo_AR.jpg\",\"contentUrl\":\"http:\\\/\\\/autosdelpodio.com\\\/autos\\\/wp-content\\\/uploads\\\/2020\\\/08\\\/Logo_AR.jpg\",\"width\":1038,\"height\":1044,\"caption\":\"Autos del Podio\"},\"image\":{\"@id\":\"http:\\\/\\\/autosdelpodio.com\\\/autos\\\/#\\\/schema\\\/logo\\\/image\\\/\"},\"sameAs\":[\"https:\\\/\\\/www.facebook.com\\\/profile.php?id=100057192590976&amp;amp;amp;amp;amp;amp;amp;amp;amp;amp;amp;amp;amp;amp;amp;amp;amp;amp;ref=ts\",\"https:\\\/\\\/x.com\\\/autosdelpodio\",\"https:\\\/\\\/www.youtube.com\\\/user\\\/AutosdelPodio\"]},{\"@type\":\"Person\",\"@id\":\"http:\\\/\\\/autosdelpodio.com\\\/autos\\\/#\\\/schema\\\/person\\\/e88353cabf768863fdf874e30120f3ba\",\"name\":\"wi022230\",\"image\":{\"@type\":\"ImageObject\",\"inLanguage\":\"es\",\"@id\":\"http:\\\/\\\/autosdelpodio.com\\\/autos\\\/wp-content\\\/litespeed\\\/avatar\\\/453fc9bdbb11d766ba4c7f14d0bd0aa9.jpg?ver=1776800006\",\"url\":\"http:\\\/\\\/autosdelpodio.com\\\/autos\\\/wp-content\\\/litespeed\\\/avatar\\\/453fc9bdbb11d766ba4c7f14d0bd0aa9.jpg?ver=1776800006\",\"contentUrl\":\"http:\\\/\\\/autosdelpodio.com\\\/autos\\\/wp-content\\\/litespeed\\\/avatar\\\/453fc9bdbb11d766ba4c7f14d0bd0aa9.jpg?ver=1776800006\",\"caption\":\"wi022230\"}}]}<\/script>\n<!-- \/ Yoast SEO plugin. -->","yoast_head_json":{"title":"Autos del Podio | A lo guapo, fue triunfo de Norberto Fontana en el TRV6","description":"Autos del Podio","robots":{"index":"index","follow":"follow","max-snippet":"max-snippet:-1","max-image-preview":"max-image-preview:large","max-video-preview":"max-video-preview:-1"},"canonical":"http:\/\/autosdelpodio.com\/autos\/a-lo-guapo-fue-triunfo-de-norberto-fontana-en-el-trv6\/","og_locale":"es_ES","og_type":"article","og_title":"Autos del Podio | A lo guapo, fue triunfo de Norberto Fontana en el TRV6","og_description":"Autos del Podio","og_url":"http:\/\/autosdelpodio.com\/autos\/a-lo-guapo-fue-triunfo-de-norberto-fontana-en-el-trv6\/","og_site_name":"Autos del Podio","article_publisher":"https:\/\/www.facebook.com\/profile.php?id=100057192590976&amp%3bamp%3bamp%3bamp%3bamp%3bamp%3bamp%3bamp%3bamp%3bamp%3bamp%3bamp%3bamp%3bamp%3bamp%3bamp%3bamp%3bamp%3bref=ts","article_published_time":"2012-09-02T23:05:01+00:00","author":"wi022230","twitter_card":"summary_large_image","twitter_creator":"@autosdelpodio","twitter_site":"@autosdelpodio","twitter_misc":{"Escrito por":"wi022230","Tiempo de lectura":"1 minuto"},"schema":{"@context":"https:\/\/schema.org","@graph":[{"@type":"Article","@id":"http:\/\/autosdelpodio.com\/autos\/a-lo-guapo-fue-triunfo-de-norberto-fontana-en-el-trv6\/#article","isPartOf":{"@id":"http:\/\/autosdelpodio.com\/autos\/a-lo-guapo-fue-triunfo-de-norberto-fontana-en-el-trv6\/"},"author":{"name":"wi022230","@id":"http:\/\/autosdelpodio.com\/autos\/#\/schema\/person\/e88353cabf768863fdf874e30120f3ba"},"headline":"A lo guapo, fue triunfo de Norberto Fontana en el TRV6","datePublished":"2012-09-02T23:05:01+00:00","mainEntityOfPage":{"@id":"http:\/\/autosdelpodio.com\/autos\/a-lo-guapo-fue-triunfo-de-norberto-fontana-en-el-trv6\/"},"wordCount":242,"commentCount":0,"publisher":{"@id":"http:\/\/autosdelpodio.com\/autos\/#organization"},"articleSection":["\u00daltimas noticias"],"inLanguage":"es","potentialAction":[{"@type":"CommentAction","name":"Comment","target":["http:\/\/autosdelpodio.com\/autos\/a-lo-guapo-fue-triunfo-de-norberto-fontana-en-el-trv6\/#respond"]}]},{"@type":"WebPage","@id":"http:\/\/autosdelpodio.com\/autos\/a-lo-guapo-fue-triunfo-de-norberto-fontana-en-el-trv6\/","url":"http:\/\/autosdelpodio.com\/autos\/a-lo-guapo-fue-triunfo-de-norberto-fontana-en-el-trv6\/","name":"Autos del Podio | A lo guapo, fue triunfo de Norberto Fontana en el TRV6","isPartOf":{"@id":"http:\/\/autosdelpodio.com\/autos\/#website"},"datePublished":"2012-09-02T23:05:01+00:00","description":"Autos del Podio","breadcrumb":{"@id":"http:\/\/autosdelpodio.com\/autos\/a-lo-guapo-fue-triunfo-de-norberto-fontana-en-el-trv6\/#breadcrumb"},"inLanguage":"es","potentialAction":[{"@type":"ReadAction","target":["http:\/\/autosdelpodio.com\/autos\/a-lo-guapo-fue-triunfo-de-norberto-fontana-en-el-trv6\/"]}]},{"@type":"BreadcrumbList","@id":"http:\/\/autosdelpodio.com\/autos\/a-lo-guapo-fue-triunfo-de-norberto-fontana-en-el-trv6\/#breadcrumb","itemListElement":[{"@type":"ListItem","position":1,"name":"Portada","item":"http:\/\/autosdelpodio.com\/autos\/"},{"@type":"ListItem","position":2,"name":"A lo guapo, fue triunfo de Norberto Fontana en el TRV6"}]},{"@type":"WebSite","@id":"http:\/\/autosdelpodio.com\/autos\/#website","url":"http:\/\/autosdelpodio.com\/autos\/","name":"Autos del Podio","description":"La sexta del deporte motor","publisher":{"@id":"http:\/\/autosdelpodio.com\/autos\/#organization"},"potentialAction":[{"@type":"SearchAction","target":{"@type":"EntryPoint","urlTemplate":"http:\/\/autosdelpodio.com\/autos\/?s={search_term_string}"},"query-input":{"@type":"PropertyValueSpecification","valueRequired":true,"valueName":"search_term_string"}}],"inLanguage":"es"},{"@type":"Organization","@id":"http:\/\/autosdelpodio.com\/autos\/#organization","name":"Autos del Podio","url":"http:\/\/autosdelpodio.com\/autos\/","logo":{"@type":"ImageObject","inLanguage":"es","@id":"http:\/\/autosdelpodio.com\/autos\/#\/schema\/logo\/image\/","url":"http:\/\/autosdelpodio.com\/autos\/wp-content\/uploads\/2020\/08\/Logo_AR.jpg","contentUrl":"http:\/\/autosdelpodio.com\/autos\/wp-content\/uploads\/2020\/08\/Logo_AR.jpg","width":1038,"height":1044,"caption":"Autos del Podio"},"image":{"@id":"http:\/\/autosdelpodio.com\/autos\/#\/schema\/logo\/image\/"},"sameAs":["https:\/\/www.facebook.com\/profile.php?id=100057192590976&amp;amp;amp;amp;amp;amp;amp;amp;amp;amp;amp;amp;amp;amp;amp;amp;amp;amp;ref=ts","https:\/\/x.com\/autosdelpodio","https:\/\/www.youtube.com\/user\/AutosdelPodio"]},{"@type":"Person","@id":"http:\/\/autosdelpodio.com\/autos\/#\/schema\/person\/e88353cabf768863fdf874e30120f3ba","name":"wi022230","image":{"@type":"ImageObject","inLanguage":"es","@id":"http:\/\/autosdelpodio.com\/autos\/wp-content\/litespeed\/avatar\/453fc9bdbb11d766ba4c7f14d0bd0aa9.jpg?ver=1776800006","url":"http:\/\/autosdelpodio.com\/autos\/wp-content\/litespeed\/avatar\/453fc9bdbb11d766ba4c7f14d0bd0aa9.jpg?ver=1776800006","contentUrl":"http:\/\/autosdelpodio.com\/autos\/wp-content\/litespeed\/avatar\/453fc9bdbb11d766ba4c7f14d0bd0aa9.jpg?ver=1776800006","caption":"wi022230"}}]}},"views":437,"_links":{"self":[{"href":"http:\/\/autosdelpodio.com\/autos\/wp-json\/wp\/v2\/posts\/504","targetHints":{"allow":["GET"]}}],"collection":[{"href":"http:\/\/autosdelpodio.com\/autos\/wp-json\/wp\/v2\/posts"}],"about":[{"href":"http:\/\/autosdelpodio.com\/autos\/wp-json\/wp\/v2\/types\/post"}],"author":[{"embeddable":true,"href":"http:\/\/autosdelpodio.com\/autos\/wp-json\/wp\/v2\/users\/1"}],"replies":[{"embeddable":true,"href":"http:\/\/autosdelpodio.com\/autos\/wp-json\/wp\/v2\/comments?post=504"}],"version-history":[{"count":0,"href":"http:\/\/autosdelpodio.com\/autos\/wp-json\/wp\/v2\/posts\/504\/revisions"}],"wp:attachment":[{"href":"http:\/\/autosdelpodio.com\/autos\/wp-json\/wp\/v2\/media?parent=504"}],"wp:term":[{"taxonomy":"category","embeddable":true,"href":"http:\/\/autosdelpodio.com\/autos\/wp-json\/wp\/v2\/categories?post=504"},{"taxonomy":"post_tag","embeddable":true,"href":"http:\/\/autosdelpodio.com\/autos\/wp-json\/wp\/v2\/tags?post=504"}],"curies":[{"name":"wp","href":"https:\/\/api.w.org\/{rel}","templated":true}]}}