{"id":505,"date":"2012-09-03T00:47:00","date_gmt":"2012-09-03T00:47:00","guid":{"rendered":"http:\/\/autosdelpodio.com\/autos\/2012\/09\/03\/sebastian-gomezel-primero-en-reptir-en-la-c3-del-tn\/"},"modified":"2012-09-03T00:47:00","modified_gmt":"2012-09-03T00:47:00","slug":"sebastian-gomezel-primero-en-reptir-en-la-c3-del-tn","status":"publish","type":"post","link":"http:\/\/autosdelpodio.com\/autos\/sebastian-gomezel-primero-en-reptir-en-la-c3-del-tn\/","title":{"rendered":"Sebasti\u00e1n G\u00f3mez,el primero en reptir en la C3 del TN"},"content":{"rendered":"<p>\u00a0<\/p>\n<p style=\"text-align: justify;\">Al igual que en la primera fecha, Sebasti\u00e1n G\u00f3mez (Chevrolet Astra) repiti\u00f3 victoria en el mismo escenario, \u00a0el Roberto Mouras platense donde fue el protagonista excluyente a lo largo del fin de semana al sumar todos los puntos en disputa que otorga la Clase 3 del Turismo Nacional.<\/p>\n<p style=\"text-align: justify;\">En tanto que Ezequiel Bosio con Peugeot 308 y Guillermo Ortelli (Renault Fluence) completaron el podio.<\/p>\n<p>  <!--more-->  <\/p>\n<p>\u00a0<\/p>\n<p style=\"text-align: justify;\">Disputadas 8 fechas, el Tato Bosio lidera el campeonato con 155 puntos, seguido de cerca \u00a0por Emmanuel Moriatis (Ford Focus) con 147 y Ortelli con 123 unidades.<\/p>\n<p style=\"text-align: justify;\">\u00a0<\/p>\n<p style=\"text-align: justify;\">La pr\u00f3xima fecha ser\u00e1 en Alta Gracia, C\u00f3rdoba el 23 de septiembre.<\/p>\n<p>\u00a0<\/p>\n<p>1 \u00a05 \u00a0GOMEZ SEBASTIAN \u00a0 \u00a0 \u00a0 \u00a0 \u00a0 ASTRA \u00a0 \u00a0 \u00a0 \u00a035;17,121<\/p>\n<p>2 \u00a015 \u00a0BOSIO EZEQUIEL \u00a0 \u00a0 \u00a0 \u00a0 \u00a0 PEUGEOT 308 \u00a035;22,556 5,435<\/p>\n<p>3 \u00a075 \u00a0ORTELLI GUILLERMO \u00a0 \u00a0 \u00a0 \u00a0FLUENCE \u00a0 \u00a0 \u00a035;23,131 6,010<\/p>\n<p>4 \u00a02 \u00a0 MORIATIS EMANUEL \u00a0 \u00a0 \u00a0 \u00a0 FOCUS 5P \u00a0 \u00a0 35;26,260 9,139<\/p>\n<p>5 \u00a038 \u00a0PISANDELLI PEDRO \u00a0 \u00a0 \u00a0 \u00a0 FOCUS 5P \u00a0 \u00a0 35;27,152 10,031<\/p>\n<p>6 \u00a01 \u00a0 YANNANTUONI FABIAN \u00a0 \u00a0 \u00a0 PEUGEOT 308 \u00a035;27,282 10,161<\/p>\n<p>7 \u00a04 \u00a0 OKULOVICH CARLOS \u00a0 \u00a0 \u00a0 \u00a0 FLUENCE \u00a0 \u00a0 \u00a035;30,576 13,455<\/p>\n<p>8 \u00a06 \u00a0 BUGLIOTTI MARCELO \u00a0 \u00a0 \u00a0 \u00a0FOCUS 5P \u00a0 \u00a0 35;31,802 14,681<\/p>\n<p>9 \u00a059 \u00a0MICHIELETTO ARIEL \u00a0 \u00a0 \u00a0 \u00a0LANCER \u00a0 \u00a0 \u00a0 35;31,995 14,874<\/p>\n<p>10 42 \u00a0GONZALEZ MARCELO \u00a0 \u00a0 \u00a0 \u00a0 PEUGEOT 307 \u00a035;32,183 15,062<\/p>\n<p>11 31 \u00a0PISANDELLI FABIAN \u00a0 \u00a0 \u00a0 \u00a0CRUZE \u00a0 \u00a0 \u00a0 \u00a035;39,580 22,459<\/p>\n<p>12 3 \u00a0 ZUGHELLA GABRIEL \u00a0 \u00a0 \u00a0 \u00a0 BORA \u00a0 \u00a0 \u00a0 \u00a0 35;41,459 24,338<\/p>\n<p>13 7 \u00a0 PIUMETTO PABLO \u00a0 \u00a0 \u00a0 \u00a0 \u00a0 FOCUS 5P \u00a0 \u00a0 35;42,594 25,473<\/p>\n<p>14 16 \u00a0MUNGI DIEGO \u00a0 \u00a0 \u00a0 \u00a0 \u00a0 \u00a0 \u00a0FLUENCE \u00a0 \u00a0 \u00a035;44,563 27,442<\/p>\n<p>15 25 \u00a0OTERO PABLO \u00a0 \u00a0 \u00a0 \u00a0 \u00a0 \u00a0 \u00a0MEGANE II \u00a0 \u00a035;48,395 31,274<\/p>\n<p>16 17 \u00a0FLAMARIQUE JULIAN \u00a0 \u00a0 \u00a0 \u00a0CITROEN C4 \u00a0 35;50,437 33,316<\/p>\n<p>17 40 \u00a0VIANA CLAUDIO \u00a0 \u00a0 \u00a0 \u00a0 \u00a0 \u00a0FOCUS \u00a0 \u00a0 \u00a0 \u00a035;54,458 37,337<\/p>\n<p>18 101 BOSIO BRUNO \u00a0 \u00a0 \u00a0 \u00a0 \u00a0 \u00a0 \u00a0FOCUS \u00a0 \u00a0 \u00a0 \u00a035;55,677 38,556<\/p>\n<p>19 18 \u00a0CARDUCCI LEANDRO \u00a0 \u00a0 \u00a0 \u00a0 PEUGEOT 307 \u00a035;56,310 39,189<\/p>\n<p>20 23 \u00a0CHIRIANO ADRIAN \u00a0 \u00a0 \u00a0 \u00a0 \u00a0FLUENCE \u00a0 \u00a0 \u00a035;56,895 39,774<\/p>\n<p>21 73 \u00a0URCERA MANUEL \u00a0 \u00a0 \u00a0 \u00a0 \u00a0 \u00a0CITROEN C4 \u00a0 35;56,901 39,780<\/p>\n<p>22 54 \u00a0STAMBUL DANIEL \u00a0 \u00a0 \u00a0 \u00a0 \u00a0 NEW CIVIC \u00a0 \u00a035;57,340 40,219<\/p>\n<p>23 77 \u00a0CRUSITTA GASTON \u00a0 \u00a0 \u00a0 \u00a0 \u00a0LEON \u00a0 \u00a0 \u00a0 \u00a0 35;57,747 40,626<\/p>\n<p>24 116 DAMICO ANDRES \u00a0 \u00a0 \u00a0 \u00a0 \u00a0 \u00a0FOCUS \u00a0 \u00a0 \u00a0 \u00a036;03,526 46,405<\/p>\n<p>25 10 \u00a0ALBERTENGO GUILLERMO \u00a0 \u00a0 NEW CIVIC \u00a0 \u00a036;05,083 47,962<\/p>\n<p>26 70 \u00a0GIALLOMBARDO MAURO \u00a0 \u00a0 \u00a0 FOCUS \u00a0 \u00a0 \u00a0 \u00a036;08,743 51,622<\/p>\n<p>27 8 \u00a0 CHAR IGNACIO \u00a0 \u00a0 \u00a0 \u00a0 \u00a0 \u00a0 LEON \u00a0 \u00a0 \u00a0 \u00a0 36;16,392 59,271<\/p>\n<p>28 66 \u00a0COSCIA FRANCO \u00a0 \u00a0 \u00a0 \u00a0 \u00a0 \u00a0ASTRA \u00a0 \u00a0 \u00a0 \u00a036;25,140 1;08,019<\/p>\n<p>29 76 \u00a0KOHLER CLAUDIO \u00a0 \u00a0 \u00a0 \u00a0 \u00a0 ASTRA \u00a0 \u00a0 \u00a0 \u00a034;06,406<\/p>\n<p>30 27 \u00a0LUNA ROBERTO \u00a0 \u00a0 \u00a0 \u00a0 \u00a0 \u00a0 ASTRA \u00a0 \u00a0 \u00a0 \u00a031;48,093<\/p>\n<p>31 19 \u00a0ESTIVILL LUIS \u00a0 \u00a0 \u00a0 \u00a0 \u00a0 \u00a0LANCER \u00a0 \u00a0 \u00a0 31;52,563<\/p>\n<p>32 111 TUERO ESTEBAN \u00a0 \u00a0 \u00a0 \u00a0 \u00a0 \u00a0CITROEN C4 \u00a0 32;16,246<\/p>\n<p>33 9 \u00a0 DI PALMA JOSE LUIS \u00a0 \u00a0 \u00a0 LINEA \u00a0 \u00a0 \u00a0 \u00a030;31,060<\/p>\n<p>34 14 \u00a0PIPKIN JUAN \u00a0 \u00a0 \u00a0 \u00a0 \u00a0 \u00a0 \u00a0CRUZE \u00a0 \u00a0 \u00a0 \u00a021;36,322<\/p>\n<p>35 20 \u00a0MUNOZ MARCHESI MATIAS \u00a0 \u00a0ASTRA \u00a0 \u00a0 \u00a0 \u00a016;28,749<\/p>\n<p>36 30 \u00a0BEITIA CRISPIN \u00a0 \u00a0 \u00a0 \u00a0 \u00a0 SEAT \u00a0 \u00a0 \u00a0 \u00a0 14;58,447<\/p>\n<p>37 13 \u00a0PEZZINI FABRICIO \u00a0 \u00a0 \u00a0 \u00a0 ASTRA \u00a0 \u00a0 \u00a0 \u00a010;31,489<\/p>\n<p>38 21 \u00a0VIEL BUGLIOTTI FRANCISCO LEON \u00a0 \u00a0 \u00a0 \u00a0 \u00a05;24,556<\/p>\n<p>39 46 \u00a0LORENZATI ESEQUIEL \u00a0 \u00a0 \u00a0 CITROEN C4 \u00a0 \u00a05;26,580<\/p>\n<p>40 32 \u00a0SATURNI IVAN \u00a0 \u00a0 \u00a0 \u00a0 \u00a0 \u00a0 FOCUS \u00a0 \u00a0 \u00a0 \u00a0 3;31,956<\/p>\n<p>41 39 \u00a0DAGUANO GUILLERMO \u00a0 \u00a0 \u00a0 \u00a0A.ROMEO 147 \u00a0 2;11,195<\/p>\n<p>\u00a0<\/p>\n","protected":false},"excerpt":{"rendered":"<p>\u00a0 Al igual que en la primera fecha, Sebasti\u00e1n G\u00f3mez (Chevrolet Astra) repiti\u00f3 victoria en el mismo escenario, \u00a0el Roberto<\/p>\n","protected":false},"author":1,"featured_media":0,"comment_status":"open","ping_status":"open","sticky":false,"template":"","format":"standard","meta":{"colormag_page_container_layout":"default_layout","colormag_page_sidebar_layout":"default_layout","footnotes":""},"categories":[5],"tags":[],"class_list":["post-505","post","type-post","status-publish","format-standard","hentry","category-latest-news"],"yoast_head":"<!-- This site is optimized with the Yoast SEO plugin v27.4 - https:\/\/yoast.com\/product\/yoast-seo-wordpress\/ -->\n<title>Autos del Podio | Sebasti\u00e1n G\u00f3mez,el primero en reptir en la C3 del TN<\/title>\n<meta name=\"description\" content=\"Autos del Podio\" \/>\n<meta name=\"robots\" content=\"index, follow, max-snippet:-1, max-image-preview:large, max-video-preview:-1\" \/>\n<link rel=\"canonical\" href=\"http:\/\/autosdelpodio.com\/autos\/sebastian-gomezel-primero-en-reptir-en-la-c3-del-tn\/\" \/>\n<meta property=\"og:locale\" content=\"es_ES\" \/>\n<meta property=\"og:type\" content=\"article\" \/>\n<meta property=\"og:title\" content=\"Autos del Podio | Sebasti\u00e1n G\u00f3mez,el primero en reptir en la C3 del TN\" \/>\n<meta property=\"og:description\" content=\"Autos del Podio\" \/>\n<meta property=\"og:url\" content=\"http:\/\/autosdelpodio.com\/autos\/sebastian-gomezel-primero-en-reptir-en-la-c3-del-tn\/\" \/>\n<meta property=\"og:site_name\" content=\"Autos del Podio\" \/>\n<meta property=\"article:publisher\" content=\"https:\/\/www.facebook.com\/profile.php?id=100057192590976&amp;amp%3bamp%3bamp%3bamp%3bamp%3bamp%3bamp%3bamp%3bamp%3bamp%3bamp%3bamp%3bamp%3bamp%3bamp%3bamp%3bamp%3bamp%3bref=ts\" \/>\n<meta property=\"article:published_time\" content=\"2012-09-03T00:47:00+00:00\" \/>\n<meta name=\"author\" content=\"wi022230\" \/>\n<meta name=\"twitter:card\" content=\"summary_large_image\" \/>\n<meta name=\"twitter:creator\" content=\"@autosdelpodio\" \/>\n<meta name=\"twitter:site\" content=\"@autosdelpodio\" \/>\n<meta name=\"twitter:label1\" content=\"Escrito por\" \/>\n\t<meta name=\"twitter:data1\" content=\"wi022230\" \/>\n\t<meta name=\"twitter:label2\" content=\"Tiempo de lectura\" \/>\n\t<meta name=\"twitter:data2\" content=\"1 minuto\" \/>\n<script type=\"application\/ld+json\" class=\"yoast-schema-graph\">{\"@context\":\"https:\\\/\\\/schema.org\",\"@graph\":[{\"@type\":\"Article\",\"@id\":\"http:\\\/\\\/autosdelpodio.com\\\/autos\\\/sebastian-gomezel-primero-en-reptir-en-la-c3-del-tn\\\/#article\",\"isPartOf\":{\"@id\":\"http:\\\/\\\/autosdelpodio.com\\\/autos\\\/sebastian-gomezel-primero-en-reptir-en-la-c3-del-tn\\\/\"},\"author\":{\"name\":\"wi022230\",\"@id\":\"http:\\\/\\\/autosdelpodio.com\\\/autos\\\/#\\\/schema\\\/person\\\/e88353cabf768863fdf874e30120f3ba\"},\"headline\":\"Sebasti\u00e1n G\u00f3mez,el primero en reptir en la C3 del TN\",\"datePublished\":\"2012-09-03T00:47:00+00:00\",\"mainEntityOfPage\":{\"@id\":\"http:\\\/\\\/autosdelpodio.com\\\/autos\\\/sebastian-gomezel-primero-en-reptir-en-la-c3-del-tn\\\/\"},\"wordCount\":252,\"commentCount\":0,\"publisher\":{\"@id\":\"http:\\\/\\\/autosdelpodio.com\\\/autos\\\/#organization\"},\"articleSection\":[\"\u00daltimas noticias\"],\"inLanguage\":\"es\",\"potentialAction\":[{\"@type\":\"CommentAction\",\"name\":\"Comment\",\"target\":[\"http:\\\/\\\/autosdelpodio.com\\\/autos\\\/sebastian-gomezel-primero-en-reptir-en-la-c3-del-tn\\\/#respond\"]}]},{\"@type\":\"WebPage\",\"@id\":\"http:\\\/\\\/autosdelpodio.com\\\/autos\\\/sebastian-gomezel-primero-en-reptir-en-la-c3-del-tn\\\/\",\"url\":\"http:\\\/\\\/autosdelpodio.com\\\/autos\\\/sebastian-gomezel-primero-en-reptir-en-la-c3-del-tn\\\/\",\"name\":\"Autos del Podio | Sebasti\u00e1n G\u00f3mez,el primero en reptir en la C3 del TN\",\"isPartOf\":{\"@id\":\"http:\\\/\\\/autosdelpodio.com\\\/autos\\\/#website\"},\"datePublished\":\"2012-09-03T00:47:00+00:00\",\"description\":\"Autos del Podio\",\"breadcrumb\":{\"@id\":\"http:\\\/\\\/autosdelpodio.com\\\/autos\\\/sebastian-gomezel-primero-en-reptir-en-la-c3-del-tn\\\/#breadcrumb\"},\"inLanguage\":\"es\",\"potentialAction\":[{\"@type\":\"ReadAction\",\"target\":[\"http:\\\/\\\/autosdelpodio.com\\\/autos\\\/sebastian-gomezel-primero-en-reptir-en-la-c3-del-tn\\\/\"]}]},{\"@type\":\"BreadcrumbList\",\"@id\":\"http:\\\/\\\/autosdelpodio.com\\\/autos\\\/sebastian-gomezel-primero-en-reptir-en-la-c3-del-tn\\\/#breadcrumb\",\"itemListElement\":[{\"@type\":\"ListItem\",\"position\":1,\"name\":\"Portada\",\"item\":\"http:\\\/\\\/autosdelpodio.com\\\/autos\\\/\"},{\"@type\":\"ListItem\",\"position\":2,\"name\":\"Sebasti\u00e1n G\u00f3mez,el primero en reptir en la C3 del TN\"}]},{\"@type\":\"WebSite\",\"@id\":\"http:\\\/\\\/autosdelpodio.com\\\/autos\\\/#website\",\"url\":\"http:\\\/\\\/autosdelpodio.com\\\/autos\\\/\",\"name\":\"Autos del Podio\",\"description\":\"La sexta del deporte motor\",\"publisher\":{\"@id\":\"http:\\\/\\\/autosdelpodio.com\\\/autos\\\/#organization\"},\"potentialAction\":[{\"@type\":\"SearchAction\",\"target\":{\"@type\":\"EntryPoint\",\"urlTemplate\":\"http:\\\/\\\/autosdelpodio.com\\\/autos\\\/?s={search_term_string}\"},\"query-input\":{\"@type\":\"PropertyValueSpecification\",\"valueRequired\":true,\"valueName\":\"search_term_string\"}}],\"inLanguage\":\"es\"},{\"@type\":\"Organization\",\"@id\":\"http:\\\/\\\/autosdelpodio.com\\\/autos\\\/#organization\",\"name\":\"Autos del Podio\",\"url\":\"http:\\\/\\\/autosdelpodio.com\\\/autos\\\/\",\"logo\":{\"@type\":\"ImageObject\",\"inLanguage\":\"es\",\"@id\":\"http:\\\/\\\/autosdelpodio.com\\\/autos\\\/#\\\/schema\\\/logo\\\/image\\\/\",\"url\":\"http:\\\/\\\/autosdelpodio.com\\\/autos\\\/wp-content\\\/uploads\\\/2020\\\/08\\\/Logo_AR.jpg\",\"contentUrl\":\"http:\\\/\\\/autosdelpodio.com\\\/autos\\\/wp-content\\\/uploads\\\/2020\\\/08\\\/Logo_AR.jpg\",\"width\":1038,\"height\":1044,\"caption\":\"Autos del Podio\"},\"image\":{\"@id\":\"http:\\\/\\\/autosdelpodio.com\\\/autos\\\/#\\\/schema\\\/logo\\\/image\\\/\"},\"sameAs\":[\"https:\\\/\\\/www.facebook.com\\\/profile.php?id=100057192590976&amp;amp;amp;amp;amp;amp;amp;amp;amp;amp;amp;amp;amp;amp;amp;amp;amp;amp;ref=ts\",\"https:\\\/\\\/x.com\\\/autosdelpodio\",\"https:\\\/\\\/www.youtube.com\\\/user\\\/AutosdelPodio\"]},{\"@type\":\"Person\",\"@id\":\"http:\\\/\\\/autosdelpodio.com\\\/autos\\\/#\\\/schema\\\/person\\\/e88353cabf768863fdf874e30120f3ba\",\"name\":\"wi022230\",\"image\":{\"@type\":\"ImageObject\",\"inLanguage\":\"es\",\"@id\":\"http:\\\/\\\/autosdelpodio.com\\\/autos\\\/wp-content\\\/litespeed\\\/avatar\\\/453fc9bdbb11d766ba4c7f14d0bd0aa9.jpg?ver=1776800006\",\"url\":\"http:\\\/\\\/autosdelpodio.com\\\/autos\\\/wp-content\\\/litespeed\\\/avatar\\\/453fc9bdbb11d766ba4c7f14d0bd0aa9.jpg?ver=1776800006\",\"contentUrl\":\"http:\\\/\\\/autosdelpodio.com\\\/autos\\\/wp-content\\\/litespeed\\\/avatar\\\/453fc9bdbb11d766ba4c7f14d0bd0aa9.jpg?ver=1776800006\",\"caption\":\"wi022230\"}}]}<\/script>\n<!-- \/ Yoast SEO plugin. -->","yoast_head_json":{"title":"Autos del Podio | Sebasti\u00e1n G\u00f3mez,el primero en reptir en la C3 del TN","description":"Autos del Podio","robots":{"index":"index","follow":"follow","max-snippet":"max-snippet:-1","max-image-preview":"max-image-preview:large","max-video-preview":"max-video-preview:-1"},"canonical":"http:\/\/autosdelpodio.com\/autos\/sebastian-gomezel-primero-en-reptir-en-la-c3-del-tn\/","og_locale":"es_ES","og_type":"article","og_title":"Autos del Podio | Sebasti\u00e1n G\u00f3mez,el primero en reptir en la C3 del TN","og_description":"Autos del Podio","og_url":"http:\/\/autosdelpodio.com\/autos\/sebastian-gomezel-primero-en-reptir-en-la-c3-del-tn\/","og_site_name":"Autos del Podio","article_publisher":"https:\/\/www.facebook.com\/profile.php?id=100057192590976&amp%3bamp%3bamp%3bamp%3bamp%3bamp%3bamp%3bamp%3bamp%3bamp%3bamp%3bamp%3bamp%3bamp%3bamp%3bamp%3bamp%3bamp%3bref=ts","article_published_time":"2012-09-03T00:47:00+00:00","author":"wi022230","twitter_card":"summary_large_image","twitter_creator":"@autosdelpodio","twitter_site":"@autosdelpodio","twitter_misc":{"Escrito por":"wi022230","Tiempo de lectura":"1 minuto"},"schema":{"@context":"https:\/\/schema.org","@graph":[{"@type":"Article","@id":"http:\/\/autosdelpodio.com\/autos\/sebastian-gomezel-primero-en-reptir-en-la-c3-del-tn\/#article","isPartOf":{"@id":"http:\/\/autosdelpodio.com\/autos\/sebastian-gomezel-primero-en-reptir-en-la-c3-del-tn\/"},"author":{"name":"wi022230","@id":"http:\/\/autosdelpodio.com\/autos\/#\/schema\/person\/e88353cabf768863fdf874e30120f3ba"},"headline":"Sebasti\u00e1n G\u00f3mez,el primero en reptir en la C3 del TN","datePublished":"2012-09-03T00:47:00+00:00","mainEntityOfPage":{"@id":"http:\/\/autosdelpodio.com\/autos\/sebastian-gomezel-primero-en-reptir-en-la-c3-del-tn\/"},"wordCount":252,"commentCount":0,"publisher":{"@id":"http:\/\/autosdelpodio.com\/autos\/#organization"},"articleSection":["\u00daltimas noticias"],"inLanguage":"es","potentialAction":[{"@type":"CommentAction","name":"Comment","target":["http:\/\/autosdelpodio.com\/autos\/sebastian-gomezel-primero-en-reptir-en-la-c3-del-tn\/#respond"]}]},{"@type":"WebPage","@id":"http:\/\/autosdelpodio.com\/autos\/sebastian-gomezel-primero-en-reptir-en-la-c3-del-tn\/","url":"http:\/\/autosdelpodio.com\/autos\/sebastian-gomezel-primero-en-reptir-en-la-c3-del-tn\/","name":"Autos del Podio | Sebasti\u00e1n G\u00f3mez,el primero en reptir en la C3 del TN","isPartOf":{"@id":"http:\/\/autosdelpodio.com\/autos\/#website"},"datePublished":"2012-09-03T00:47:00+00:00","description":"Autos del Podio","breadcrumb":{"@id":"http:\/\/autosdelpodio.com\/autos\/sebastian-gomezel-primero-en-reptir-en-la-c3-del-tn\/#breadcrumb"},"inLanguage":"es","potentialAction":[{"@type":"ReadAction","target":["http:\/\/autosdelpodio.com\/autos\/sebastian-gomezel-primero-en-reptir-en-la-c3-del-tn\/"]}]},{"@type":"BreadcrumbList","@id":"http:\/\/autosdelpodio.com\/autos\/sebastian-gomezel-primero-en-reptir-en-la-c3-del-tn\/#breadcrumb","itemListElement":[{"@type":"ListItem","position":1,"name":"Portada","item":"http:\/\/autosdelpodio.com\/autos\/"},{"@type":"ListItem","position":2,"name":"Sebasti\u00e1n G\u00f3mez,el primero en reptir en la C3 del TN"}]},{"@type":"WebSite","@id":"http:\/\/autosdelpodio.com\/autos\/#website","url":"http:\/\/autosdelpodio.com\/autos\/","name":"Autos del Podio","description":"La sexta del deporte motor","publisher":{"@id":"http:\/\/autosdelpodio.com\/autos\/#organization"},"potentialAction":[{"@type":"SearchAction","target":{"@type":"EntryPoint","urlTemplate":"http:\/\/autosdelpodio.com\/autos\/?s={search_term_string}"},"query-input":{"@type":"PropertyValueSpecification","valueRequired":true,"valueName":"search_term_string"}}],"inLanguage":"es"},{"@type":"Organization","@id":"http:\/\/autosdelpodio.com\/autos\/#organization","name":"Autos del Podio","url":"http:\/\/autosdelpodio.com\/autos\/","logo":{"@type":"ImageObject","inLanguage":"es","@id":"http:\/\/autosdelpodio.com\/autos\/#\/schema\/logo\/image\/","url":"http:\/\/autosdelpodio.com\/autos\/wp-content\/uploads\/2020\/08\/Logo_AR.jpg","contentUrl":"http:\/\/autosdelpodio.com\/autos\/wp-content\/uploads\/2020\/08\/Logo_AR.jpg","width":1038,"height":1044,"caption":"Autos del Podio"},"image":{"@id":"http:\/\/autosdelpodio.com\/autos\/#\/schema\/logo\/image\/"},"sameAs":["https:\/\/www.facebook.com\/profile.php?id=100057192590976&amp;amp;amp;amp;amp;amp;amp;amp;amp;amp;amp;amp;amp;amp;amp;amp;amp;amp;ref=ts","https:\/\/x.com\/autosdelpodio","https:\/\/www.youtube.com\/user\/AutosdelPodio"]},{"@type":"Person","@id":"http:\/\/autosdelpodio.com\/autos\/#\/schema\/person\/e88353cabf768863fdf874e30120f3ba","name":"wi022230","image":{"@type":"ImageObject","inLanguage":"es","@id":"http:\/\/autosdelpodio.com\/autos\/wp-content\/litespeed\/avatar\/453fc9bdbb11d766ba4c7f14d0bd0aa9.jpg?ver=1776800006","url":"http:\/\/autosdelpodio.com\/autos\/wp-content\/litespeed\/avatar\/453fc9bdbb11d766ba4c7f14d0bd0aa9.jpg?ver=1776800006","contentUrl":"http:\/\/autosdelpodio.com\/autos\/wp-content\/litespeed\/avatar\/453fc9bdbb11d766ba4c7f14d0bd0aa9.jpg?ver=1776800006","caption":"wi022230"}}]}},"views":611,"_links":{"self":[{"href":"http:\/\/autosdelpodio.com\/autos\/wp-json\/wp\/v2\/posts\/505","targetHints":{"allow":["GET"]}}],"collection":[{"href":"http:\/\/autosdelpodio.com\/autos\/wp-json\/wp\/v2\/posts"}],"about":[{"href":"http:\/\/autosdelpodio.com\/autos\/wp-json\/wp\/v2\/types\/post"}],"author":[{"embeddable":true,"href":"http:\/\/autosdelpodio.com\/autos\/wp-json\/wp\/v2\/users\/1"}],"replies":[{"embeddable":true,"href":"http:\/\/autosdelpodio.com\/autos\/wp-json\/wp\/v2\/comments?post=505"}],"version-history":[{"count":0,"href":"http:\/\/autosdelpodio.com\/autos\/wp-json\/wp\/v2\/posts\/505\/revisions"}],"wp:attachment":[{"href":"http:\/\/autosdelpodio.com\/autos\/wp-json\/wp\/v2\/media?parent=505"}],"wp:term":[{"taxonomy":"category","embeddable":true,"href":"http:\/\/autosdelpodio.com\/autos\/wp-json\/wp\/v2\/categories?post=505"},{"taxonomy":"post_tag","embeddable":true,"href":"http:\/\/autosdelpodio.com\/autos\/wp-json\/wp\/v2\/tags?post=505"}],"curies":[{"name":"wp","href":"https:\/\/api.w.org\/{rel}","templated":true}]}}