{"id":5088,"date":"2021-11-28T12:29:10","date_gmt":"2021-11-28T15:29:10","guid":{"rendered":"http:\/\/autosdelpodio.com\/autos\/?p=5088"},"modified":"2021-11-28T12:59:12","modified_gmt":"2021-11-28T15:59:12","slug":"fin-de-temporada-para-los-argentinos-y-bicampeonato-para-el-frances","status":"publish","type":"post","link":"http:\/\/autosdelpodio.com\/autos\/fin-de-temporada-para-los-argentinos-y-bicampeonato-para-el-frances\/","title":{"rendered":"Fin de temporada para los argentinos y bicampeonato para el franc\u00e9s"},"content":{"rendered":"\n<p>A <a href=\"http:\/\/autosdelpodio.com\/autos\/triunfo-en-el-cierre-de-temporada\/\" target=\"_blank\" rel=\"noreferrer noopener\">Yann Ehrlacher<\/a> le alcanz\u00f3 su sexto puesto en la carrera inicial para retener la corona del WTCR que puso punto final a su 2021 en Rusia.Complicada jornada para Esteban Guerrieri y Nestor Girolami.<br>En la primera competencia el triunfo fue para el espa\u00f1ol Mike Azcona (Cupra) y abandono para Esteban Guerrieri que llegaba con chances mas matem\u00e1ticas que concretas para pelear el torneo.Por su parte Nestor Girolami pudo avanzar hasta el und\u00e9cimo lugar a pesar de lo mojada y complicada que estaba la pista en el circuito de Sochi.<br>Ya en la segunda carrera que solo quedar\u00e1 para la estad\u00edstica con triunfo del brit\u00e1nico Robert Huff (Cupra). Para dicho compromiso no fue de la partida el piloto de Mataderos debido a que no pudo recuperarse su Honda Civic. En tanto que su compa\u00f1ero de escuadra, el de Isla Verde culmin\u00f3 s\u00e9ptimo bajo una intensa lluvia que persisti\u00f3 a lo largo de toda la jornada.<br>Habr\u00e1 que esperar hasta el 2022, cuando entre el 9 y 10 de Abril en la Rep\u00fablica Checa todo vuelva a empezar.<\/p>\n","protected":false},"excerpt":{"rendered":"<p>A Yann Ehrlacher le alcanz\u00f3 su sexto puesto en la carrera inicial para retener la corona del WTCR que puso<\/p>\n","protected":false},"author":3,"featured_media":2129,"comment_status":"open","ping_status":"open","sticky":false,"template":"","format":"standard","meta":{"colormag_page_container_layout":"default_layout","colormag_page_sidebar_layout":"default_layout","footnotes":""},"categories":[16,5],"tags":[372,385,641,229,640],"class_list":["post-5088","post","type-post","status-publish","format-standard","has-post-thumbnail","hentry","category-recta-principal","category-latest-news","tag-esteban-guerrieri","tag-nestor-girolami","tag-sochi","tag-wtcr","tag-yann-ehrlacher"],"yoast_head":"<!-- This site is optimized with the Yoast SEO plugin v27.4 - https:\/\/yoast.com\/product\/yoast-seo-wordpress\/ -->\n<title>Autos del Podio | Fin de temporada para los argentinos y bicampeonato para el franc\u00e9s<\/title>\n<meta name=\"description\" content=\"Autos del Podio Yann Ehrlacher obtuvo su segundo t\u00edtulo consecutivo en el WTCR\" \/>\n<meta name=\"robots\" content=\"index, follow, max-snippet:-1, max-image-preview:large, max-video-preview:-1\" \/>\n<link rel=\"canonical\" href=\"http:\/\/autosdelpodio.com\/autos\/fin-de-temporada-para-los-argentinos-y-bicampeonato-para-el-frances\/\" \/>\n<meta property=\"og:locale\" content=\"es_ES\" \/>\n<meta property=\"og:type\" content=\"article\" \/>\n<meta property=\"og:title\" content=\"Autos del Podio | Fin de temporada para los argentinos y bicampeonato para el franc\u00e9s\" \/>\n<meta property=\"og:description\" content=\"Autos del Podio Yann Ehrlacher obtuvo su segundo t\u00edtulo consecutivo en el WTCR\" \/>\n<meta property=\"og:url\" content=\"http:\/\/autosdelpodio.com\/autos\/fin-de-temporada-para-los-argentinos-y-bicampeonato-para-el-frances\/\" \/>\n<meta property=\"og:site_name\" content=\"Autos del Podio\" \/>\n<meta property=\"article:publisher\" content=\"https:\/\/www.facebook.com\/profile.php?id=100057192590976&amp;amp%3bamp%3bamp%3bamp%3bamp%3bamp%3bamp%3bamp%3bamp%3bamp%3bamp%3bamp%3bamp%3bamp%3bamp%3bamp%3bamp%3bamp%3bref=ts\" \/>\n<meta property=\"article:published_time\" content=\"2021-11-28T15:29:10+00:00\" \/>\n<meta property=\"article:modified_time\" content=\"2021-11-28T15:59:12+00:00\" \/>\n<meta property=\"og:image\" content=\"http:\/\/autosdelpodio.com\/autos\/wp-content\/uploads\/2020\/05\/WTCR_Logo-e1656283576557.jpg\" \/>\n\t<meta property=\"og:image:width\" content=\"500\" \/>\n\t<meta property=\"og:image:height\" content=\"317\" \/>\n\t<meta property=\"og:image:type\" content=\"image\/jpeg\" \/>\n<meta name=\"author\" content=\"autosdelpodio\" \/>\n<meta name=\"twitter:card\" content=\"summary_large_image\" \/>\n<meta name=\"twitter:creator\" content=\"@autosdelpodio\" \/>\n<meta name=\"twitter:site\" content=\"@autosdelpodio\" \/>\n<meta name=\"twitter:label1\" content=\"Escrito por\" \/>\n\t<meta name=\"twitter:data1\" content=\"autosdelpodio\" \/>\n\t<meta name=\"twitter:label2\" content=\"Tiempo de lectura\" \/>\n\t<meta name=\"twitter:data2\" content=\"1 minuto\" \/>\n<script type=\"application\/ld+json\" class=\"yoast-schema-graph\">{\"@context\":\"https:\\\/\\\/schema.org\",\"@graph\":[{\"@type\":\"Article\",\"@id\":\"http:\\\/\\\/autosdelpodio.com\\\/autos\\\/fin-de-temporada-para-los-argentinos-y-bicampeonato-para-el-frances\\\/#article\",\"isPartOf\":{\"@id\":\"http:\\\/\\\/autosdelpodio.com\\\/autos\\\/fin-de-temporada-para-los-argentinos-y-bicampeonato-para-el-frances\\\/\"},\"author\":{\"name\":\"autosdelpodio\",\"@id\":\"http:\\\/\\\/autosdelpodio.com\\\/autos\\\/#\\\/schema\\\/person\\\/993527a4d01c3acdd3d6bce3770bc942\"},\"headline\":\"Fin de temporada para los argentinos y bicampeonato para el franc\u00e9s\",\"datePublished\":\"2021-11-28T15:29:10+00:00\",\"dateModified\":\"2021-11-28T15:59:12+00:00\",\"mainEntityOfPage\":{\"@id\":\"http:\\\/\\\/autosdelpodio.com\\\/autos\\\/fin-de-temporada-para-los-argentinos-y-bicampeonato-para-el-frances\\\/\"},\"wordCount\":195,\"commentCount\":1,\"publisher\":{\"@id\":\"http:\\\/\\\/autosdelpodio.com\\\/autos\\\/#organization\"},\"image\":{\"@id\":\"http:\\\/\\\/autosdelpodio.com\\\/autos\\\/fin-de-temporada-para-los-argentinos-y-bicampeonato-para-el-frances\\\/#primaryimage\"},\"thumbnailUrl\":\"http:\\\/\\\/autosdelpodio.com\\\/autos\\\/wp-content\\\/uploads\\\/2020\\\/05\\\/WTCR_Logo-e1656283576557.jpg\",\"keywords\":[\"Esteban Guerrieri\",\"Nestor Girolami\",\"Sochi\",\"WTCR\",\"Yann Ehrlacher\"],\"articleSection\":[\"Recta Principal\",\"\u00daltimas noticias\"],\"inLanguage\":\"es\",\"potentialAction\":[{\"@type\":\"CommentAction\",\"name\":\"Comment\",\"target\":[\"http:\\\/\\\/autosdelpodio.com\\\/autos\\\/fin-de-temporada-para-los-argentinos-y-bicampeonato-para-el-frances\\\/#respond\"]}]},{\"@type\":\"WebPage\",\"@id\":\"http:\\\/\\\/autosdelpodio.com\\\/autos\\\/fin-de-temporada-para-los-argentinos-y-bicampeonato-para-el-frances\\\/\",\"url\":\"http:\\\/\\\/autosdelpodio.com\\\/autos\\\/fin-de-temporada-para-los-argentinos-y-bicampeonato-para-el-frances\\\/\",\"name\":\"Autos del Podio | Fin de temporada para los argentinos y bicampeonato para el franc\u00e9s\",\"isPartOf\":{\"@id\":\"http:\\\/\\\/autosdelpodio.com\\\/autos\\\/#website\"},\"primaryImageOfPage\":{\"@id\":\"http:\\\/\\\/autosdelpodio.com\\\/autos\\\/fin-de-temporada-para-los-argentinos-y-bicampeonato-para-el-frances\\\/#primaryimage\"},\"image\":{\"@id\":\"http:\\\/\\\/autosdelpodio.com\\\/autos\\\/fin-de-temporada-para-los-argentinos-y-bicampeonato-para-el-frances\\\/#primaryimage\"},\"thumbnailUrl\":\"http:\\\/\\\/autosdelpodio.com\\\/autos\\\/wp-content\\\/uploads\\\/2020\\\/05\\\/WTCR_Logo-e1656283576557.jpg\",\"datePublished\":\"2021-11-28T15:29:10+00:00\",\"dateModified\":\"2021-11-28T15:59:12+00:00\",\"description\":\"Autos del Podio Yann Ehrlacher obtuvo su segundo t\u00edtulo consecutivo en el WTCR\",\"breadcrumb\":{\"@id\":\"http:\\\/\\\/autosdelpodio.com\\\/autos\\\/fin-de-temporada-para-los-argentinos-y-bicampeonato-para-el-frances\\\/#breadcrumb\"},\"inLanguage\":\"es\",\"potentialAction\":[{\"@type\":\"ReadAction\",\"target\":[\"http:\\\/\\\/autosdelpodio.com\\\/autos\\\/fin-de-temporada-para-los-argentinos-y-bicampeonato-para-el-frances\\\/\"]}]},{\"@type\":\"ImageObject\",\"inLanguage\":\"es\",\"@id\":\"http:\\\/\\\/autosdelpodio.com\\\/autos\\\/fin-de-temporada-para-los-argentinos-y-bicampeonato-para-el-frances\\\/#primaryimage\",\"url\":\"http:\\\/\\\/autosdelpodio.com\\\/autos\\\/wp-content\\\/uploads\\\/2020\\\/05\\\/WTCR_Logo-e1656283576557.jpg\",\"contentUrl\":\"http:\\\/\\\/autosdelpodio.com\\\/autos\\\/wp-content\\\/uploads\\\/2020\\\/05\\\/WTCR_Logo-e1656283576557.jpg\",\"width\":500,\"height\":317},{\"@type\":\"BreadcrumbList\",\"@id\":\"http:\\\/\\\/autosdelpodio.com\\\/autos\\\/fin-de-temporada-para-los-argentinos-y-bicampeonato-para-el-frances\\\/#breadcrumb\",\"itemListElement\":[{\"@type\":\"ListItem\",\"position\":1,\"name\":\"Portada\",\"item\":\"http:\\\/\\\/autosdelpodio.com\\\/autos\\\/\"},{\"@type\":\"ListItem\",\"position\":2,\"name\":\"Fin de temporada para los argentinos y bicampeonato para el franc\u00e9s\"}]},{\"@type\":\"WebSite\",\"@id\":\"http:\\\/\\\/autosdelpodio.com\\\/autos\\\/#website\",\"url\":\"http:\\\/\\\/autosdelpodio.com\\\/autos\\\/\",\"name\":\"Autos del Podio\",\"description\":\"La sexta del deporte motor\",\"publisher\":{\"@id\":\"http:\\\/\\\/autosdelpodio.com\\\/autos\\\/#organization\"},\"potentialAction\":[{\"@type\":\"SearchAction\",\"target\":{\"@type\":\"EntryPoint\",\"urlTemplate\":\"http:\\\/\\\/autosdelpodio.com\\\/autos\\\/?s={search_term_string}\"},\"query-input\":{\"@type\":\"PropertyValueSpecification\",\"valueRequired\":true,\"valueName\":\"search_term_string\"}}],\"inLanguage\":\"es\"},{\"@type\":\"Organization\",\"@id\":\"http:\\\/\\\/autosdelpodio.com\\\/autos\\\/#organization\",\"name\":\"Autos del Podio\",\"url\":\"http:\\\/\\\/autosdelpodio.com\\\/autos\\\/\",\"logo\":{\"@type\":\"ImageObject\",\"inLanguage\":\"es\",\"@id\":\"http:\\\/\\\/autosdelpodio.com\\\/autos\\\/#\\\/schema\\\/logo\\\/image\\\/\",\"url\":\"http:\\\/\\\/autosdelpodio.com\\\/autos\\\/wp-content\\\/uploads\\\/2020\\\/08\\\/Logo_AR.jpg\",\"contentUrl\":\"http:\\\/\\\/autosdelpodio.com\\\/autos\\\/wp-content\\\/uploads\\\/2020\\\/08\\\/Logo_AR.jpg\",\"width\":1038,\"height\":1044,\"caption\":\"Autos del Podio\"},\"image\":{\"@id\":\"http:\\\/\\\/autosdelpodio.com\\\/autos\\\/#\\\/schema\\\/logo\\\/image\\\/\"},\"sameAs\":[\"https:\\\/\\\/www.facebook.com\\\/profile.php?id=100057192590976&amp;amp;amp;amp;amp;amp;amp;amp;amp;amp;amp;amp;amp;amp;amp;amp;amp;amp;ref=ts\",\"https:\\\/\\\/x.com\\\/autosdelpodio\",\"https:\\\/\\\/www.youtube.com\\\/user\\\/AutosdelPodio\"]},{\"@type\":\"Person\",\"@id\":\"http:\\\/\\\/autosdelpodio.com\\\/autos\\\/#\\\/schema\\\/person\\\/993527a4d01c3acdd3d6bce3770bc942\",\"name\":\"autosdelpodio\",\"image\":{\"@type\":\"ImageObject\",\"inLanguage\":\"es\",\"@id\":\"http:\\\/\\\/autosdelpodio.com\\\/autos\\\/wp-content\\\/litespeed\\\/avatar\\\/aa8f65cd201a80f6b844f63278aa84af.jpg?ver=1776798175\",\"url\":\"http:\\\/\\\/autosdelpodio.com\\\/autos\\\/wp-content\\\/litespeed\\\/avatar\\\/aa8f65cd201a80f6b844f63278aa84af.jpg?ver=1776798175\",\"contentUrl\":\"http:\\\/\\\/autosdelpodio.com\\\/autos\\\/wp-content\\\/litespeed\\\/avatar\\\/aa8f65cd201a80f6b844f63278aa84af.jpg?ver=1776798175\",\"caption\":\"autosdelpodio\"}}]}<\/script>\n<!-- \/ Yoast SEO plugin. -->","yoast_head_json":{"title":"Autos del Podio | Fin de temporada para los argentinos y bicampeonato para el franc\u00e9s","description":"Autos del Podio Yann Ehrlacher obtuvo su segundo t\u00edtulo consecutivo en el WTCR","robots":{"index":"index","follow":"follow","max-snippet":"max-snippet:-1","max-image-preview":"max-image-preview:large","max-video-preview":"max-video-preview:-1"},"canonical":"http:\/\/autosdelpodio.com\/autos\/fin-de-temporada-para-los-argentinos-y-bicampeonato-para-el-frances\/","og_locale":"es_ES","og_type":"article","og_title":"Autos del Podio | Fin de temporada para los argentinos y bicampeonato para el franc\u00e9s","og_description":"Autos del Podio Yann Ehrlacher obtuvo su segundo t\u00edtulo consecutivo en el WTCR","og_url":"http:\/\/autosdelpodio.com\/autos\/fin-de-temporada-para-los-argentinos-y-bicampeonato-para-el-frances\/","og_site_name":"Autos del Podio","article_publisher":"https:\/\/www.facebook.com\/profile.php?id=100057192590976&amp%3bamp%3bamp%3bamp%3bamp%3bamp%3bamp%3bamp%3bamp%3bamp%3bamp%3bamp%3bamp%3bamp%3bamp%3bamp%3bamp%3bamp%3bref=ts","article_published_time":"2021-11-28T15:29:10+00:00","article_modified_time":"2021-11-28T15:59:12+00:00","og_image":[{"width":500,"height":317,"url":"http:\/\/autosdelpodio.com\/autos\/wp-content\/uploads\/2020\/05\/WTCR_Logo-e1656283576557.jpg","type":"image\/jpeg"}],"author":"autosdelpodio","twitter_card":"summary_large_image","twitter_creator":"@autosdelpodio","twitter_site":"@autosdelpodio","twitter_misc":{"Escrito por":"autosdelpodio","Tiempo de lectura":"1 minuto"},"schema":{"@context":"https:\/\/schema.org","@graph":[{"@type":"Article","@id":"http:\/\/autosdelpodio.com\/autos\/fin-de-temporada-para-los-argentinos-y-bicampeonato-para-el-frances\/#article","isPartOf":{"@id":"http:\/\/autosdelpodio.com\/autos\/fin-de-temporada-para-los-argentinos-y-bicampeonato-para-el-frances\/"},"author":{"name":"autosdelpodio","@id":"http:\/\/autosdelpodio.com\/autos\/#\/schema\/person\/993527a4d01c3acdd3d6bce3770bc942"},"headline":"Fin de temporada para los argentinos y bicampeonato para el franc\u00e9s","datePublished":"2021-11-28T15:29:10+00:00","dateModified":"2021-11-28T15:59:12+00:00","mainEntityOfPage":{"@id":"http:\/\/autosdelpodio.com\/autos\/fin-de-temporada-para-los-argentinos-y-bicampeonato-para-el-frances\/"},"wordCount":195,"commentCount":1,"publisher":{"@id":"http:\/\/autosdelpodio.com\/autos\/#organization"},"image":{"@id":"http:\/\/autosdelpodio.com\/autos\/fin-de-temporada-para-los-argentinos-y-bicampeonato-para-el-frances\/#primaryimage"},"thumbnailUrl":"http:\/\/autosdelpodio.com\/autos\/wp-content\/uploads\/2020\/05\/WTCR_Logo-e1656283576557.jpg","keywords":["Esteban Guerrieri","Nestor Girolami","Sochi","WTCR","Yann Ehrlacher"],"articleSection":["Recta Principal","\u00daltimas noticias"],"inLanguage":"es","potentialAction":[{"@type":"CommentAction","name":"Comment","target":["http:\/\/autosdelpodio.com\/autos\/fin-de-temporada-para-los-argentinos-y-bicampeonato-para-el-frances\/#respond"]}]},{"@type":"WebPage","@id":"http:\/\/autosdelpodio.com\/autos\/fin-de-temporada-para-los-argentinos-y-bicampeonato-para-el-frances\/","url":"http:\/\/autosdelpodio.com\/autos\/fin-de-temporada-para-los-argentinos-y-bicampeonato-para-el-frances\/","name":"Autos del Podio | Fin de temporada para los argentinos y bicampeonato para el franc\u00e9s","isPartOf":{"@id":"http:\/\/autosdelpodio.com\/autos\/#website"},"primaryImageOfPage":{"@id":"http:\/\/autosdelpodio.com\/autos\/fin-de-temporada-para-los-argentinos-y-bicampeonato-para-el-frances\/#primaryimage"},"image":{"@id":"http:\/\/autosdelpodio.com\/autos\/fin-de-temporada-para-los-argentinos-y-bicampeonato-para-el-frances\/#primaryimage"},"thumbnailUrl":"http:\/\/autosdelpodio.com\/autos\/wp-content\/uploads\/2020\/05\/WTCR_Logo-e1656283576557.jpg","datePublished":"2021-11-28T15:29:10+00:00","dateModified":"2021-11-28T15:59:12+00:00","description":"Autos del Podio Yann Ehrlacher obtuvo su segundo t\u00edtulo consecutivo en el WTCR","breadcrumb":{"@id":"http:\/\/autosdelpodio.com\/autos\/fin-de-temporada-para-los-argentinos-y-bicampeonato-para-el-frances\/#breadcrumb"},"inLanguage":"es","potentialAction":[{"@type":"ReadAction","target":["http:\/\/autosdelpodio.com\/autos\/fin-de-temporada-para-los-argentinos-y-bicampeonato-para-el-frances\/"]}]},{"@type":"ImageObject","inLanguage":"es","@id":"http:\/\/autosdelpodio.com\/autos\/fin-de-temporada-para-los-argentinos-y-bicampeonato-para-el-frances\/#primaryimage","url":"http:\/\/autosdelpodio.com\/autos\/wp-content\/uploads\/2020\/05\/WTCR_Logo-e1656283576557.jpg","contentUrl":"http:\/\/autosdelpodio.com\/autos\/wp-content\/uploads\/2020\/05\/WTCR_Logo-e1656283576557.jpg","width":500,"height":317},{"@type":"BreadcrumbList","@id":"http:\/\/autosdelpodio.com\/autos\/fin-de-temporada-para-los-argentinos-y-bicampeonato-para-el-frances\/#breadcrumb","itemListElement":[{"@type":"ListItem","position":1,"name":"Portada","item":"http:\/\/autosdelpodio.com\/autos\/"},{"@type":"ListItem","position":2,"name":"Fin de temporada para los argentinos y bicampeonato para el franc\u00e9s"}]},{"@type":"WebSite","@id":"http:\/\/autosdelpodio.com\/autos\/#website","url":"http:\/\/autosdelpodio.com\/autos\/","name":"Autos del Podio","description":"La sexta del deporte motor","publisher":{"@id":"http:\/\/autosdelpodio.com\/autos\/#organization"},"potentialAction":[{"@type":"SearchAction","target":{"@type":"EntryPoint","urlTemplate":"http:\/\/autosdelpodio.com\/autos\/?s={search_term_string}"},"query-input":{"@type":"PropertyValueSpecification","valueRequired":true,"valueName":"search_term_string"}}],"inLanguage":"es"},{"@type":"Organization","@id":"http:\/\/autosdelpodio.com\/autos\/#organization","name":"Autos del Podio","url":"http:\/\/autosdelpodio.com\/autos\/","logo":{"@type":"ImageObject","inLanguage":"es","@id":"http:\/\/autosdelpodio.com\/autos\/#\/schema\/logo\/image\/","url":"http:\/\/autosdelpodio.com\/autos\/wp-content\/uploads\/2020\/08\/Logo_AR.jpg","contentUrl":"http:\/\/autosdelpodio.com\/autos\/wp-content\/uploads\/2020\/08\/Logo_AR.jpg","width":1038,"height":1044,"caption":"Autos del Podio"},"image":{"@id":"http:\/\/autosdelpodio.com\/autos\/#\/schema\/logo\/image\/"},"sameAs":["https:\/\/www.facebook.com\/profile.php?id=100057192590976&amp;amp;amp;amp;amp;amp;amp;amp;amp;amp;amp;amp;amp;amp;amp;amp;amp;amp;ref=ts","https:\/\/x.com\/autosdelpodio","https:\/\/www.youtube.com\/user\/AutosdelPodio"]},{"@type":"Person","@id":"http:\/\/autosdelpodio.com\/autos\/#\/schema\/person\/993527a4d01c3acdd3d6bce3770bc942","name":"autosdelpodio","image":{"@type":"ImageObject","inLanguage":"es","@id":"http:\/\/autosdelpodio.com\/autos\/wp-content\/litespeed\/avatar\/aa8f65cd201a80f6b844f63278aa84af.jpg?ver=1776798175","url":"http:\/\/autosdelpodio.com\/autos\/wp-content\/litespeed\/avatar\/aa8f65cd201a80f6b844f63278aa84af.jpg?ver=1776798175","contentUrl":"http:\/\/autosdelpodio.com\/autos\/wp-content\/litespeed\/avatar\/aa8f65cd201a80f6b844f63278aa84af.jpg?ver=1776798175","caption":"autosdelpodio"}}]}},"views":669,"_links":{"self":[{"href":"http:\/\/autosdelpodio.com\/autos\/wp-json\/wp\/v2\/posts\/5088","targetHints":{"allow":["GET"]}}],"collection":[{"href":"http:\/\/autosdelpodio.com\/autos\/wp-json\/wp\/v2\/posts"}],"about":[{"href":"http:\/\/autosdelpodio.com\/autos\/wp-json\/wp\/v2\/types\/post"}],"author":[{"embeddable":true,"href":"http:\/\/autosdelpodio.com\/autos\/wp-json\/wp\/v2\/users\/3"}],"replies":[{"embeddable":true,"href":"http:\/\/autosdelpodio.com\/autos\/wp-json\/wp\/v2\/comments?post=5088"}],"version-history":[{"count":3,"href":"http:\/\/autosdelpodio.com\/autos\/wp-json\/wp\/v2\/posts\/5088\/revisions"}],"predecessor-version":[{"id":5093,"href":"http:\/\/autosdelpodio.com\/autos\/wp-json\/wp\/v2\/posts\/5088\/revisions\/5093"}],"wp:featuredmedia":[{"embeddable":true,"href":"http:\/\/autosdelpodio.com\/autos\/wp-json\/wp\/v2\/media\/2129"}],"wp:attachment":[{"href":"http:\/\/autosdelpodio.com\/autos\/wp-json\/wp\/v2\/media?parent=5088"}],"wp:term":[{"taxonomy":"category","embeddable":true,"href":"http:\/\/autosdelpodio.com\/autos\/wp-json\/wp\/v2\/categories?post=5088"},{"taxonomy":"post_tag","embeddable":true,"href":"http:\/\/autosdelpodio.com\/autos\/wp-json\/wp\/v2\/tags?post=5088"}],"curies":[{"name":"wp","href":"https:\/\/api.w.org\/{rel}","templated":true}]}}