{"id":5147,"date":"2021-12-05T21:20:06","date_gmt":"2021-12-06T00:20:06","guid":{"rendered":"http:\/\/autosdelpodio.com\/autos\/?p=5147"},"modified":"2021-12-05T21:42:05","modified_gmt":"2021-12-06T00:42:05","slug":"mariano-werner-retuvo-la-corona-del-tc","status":"publish","type":"post","link":"http:\/\/autosdelpodio.com\/autos\/mariano-werner-retuvo-la-corona-del-tc\/","title":{"rendered":"Mariano Werner retuvo la corona del TC"},"content":{"rendered":"\n<p>El entrerriano \u00eddolo y referente de Ford lleg\u00f3 noveno en la ultima final del a\u00f1o que gan\u00f3 de forma primeriza German Todino. Mauricio Lambiris, de loable actuaci\u00f3n necesitaba la victoria que estuvo cerca, lleg\u00f3 segundo y Juan Pablo Gianini tercero.<br>El golpe de escena de la definici\u00f3n se di\u00f3 en el octavo giro cuando se produjo un toque entre primero y segundo. A Todino se le da\u00f1\u00f3 la trompa y al puntero Lambiris la parte trasera del Ford que le hizo perder rendimiento.<br>La maniobra que qued\u00f3 bajo investigaci\u00f3n inicialmente no recibi\u00f3 sanci\u00f3n alguna por lo tanto el clasificador final no sufri\u00f3 modificaciones sustanciales.<br>En consecuencia <a href=\"http:\/\/autosdelpodio.com\/autos\/de-marianito-a-mariano\/\" target=\"_blank\" rel=\"noreferrer noopener\">Werner<\/a> esta vez de la mano del Gur\u00ed Martinez Competici\u00f3n se afirma en la tabla de los grandes campeones del Turismo Carretera producto de un 2021 en el que cosech\u00f3 4 victorias, 6 podios y 4 Pole Positions.<\/p>\n\n\n\n<p><strong>Final TC a 20 Vueltas \u2013 Fecha 15<\/strong><\/p>\n\n\n\n<p><em>1\u00b0 56 TODINO, GERM\u00c1N Torino 20 37:14.616<br>2\u00b0 11 LAMBIRIS, MAURICIO Ford 20 37:16.843 2.227<br>3\u00b0 51 GIANINI, JUAN PABLO Ford 20 37:17.297 2.681<br>4\u00b0 95 LANDA, MARCOS Torino 20 37:17.693 3.077<br>5\u00b0 127 AGRELO, MARCELO Torino 20 37:18.049 3.433<br>6\u00b0 83 ARDUSSO, FACUNDO Chevrolet 20 37:18.558 3.942<br>7\u00b0 86 CANAPINO, AGUST\u00cdN Chevrolet 20 37:18.880 4.264<br>8\u00b0 25 DI PALMA, LUIS JOS\u00c9 Ford 20 37:19.652 5.036<br>9\u00b0 1 WERNER, MARIANO Ford 20 37:21.099 6.483<br>10\u00b0 116 RUGGIERO, ALAN Ford 20 37:22.710 8.094<br>11\u00b0 20 PERN\u00cdA, LEONEL Torino 20 37:23.689 9.073<br>12\u00b0 8 CASTELLANO, JONATAN Dodge 20 37:23.927 9.311<br>13\u00b0 91 ORTELLI, GUILLERMO Chevrolet 20 37:25.914 11.298<br>14\u00b0 2 BENVENUTI, JUAN CRUZ Torino 20 37:26.153 11.537<br>15\u00b0 26 SPATARO, EMILIANO Torino 20 37:26.893 12.277<br>16\u00b0 16 OLMEDO (EM), JEREM\u00cdAS Ford 20 37:27.672 13.056<br>17\u00b0 129 TROSSET, NICOL\u00c1S Ford 20 37:28.162 13.546<br>18\u00b0 36 COSTANZO, PABLO Torino 20 37:30.235 15.619<br>19\u00b0 21 TRUCCO, JUAN MART\u00cdN Dodge 20 37:30.526 15.910<br>20\u00b0 28 FONTANA, NORBERTO Chevrolet 20 37:32.245 17.629<br>21\u00b0 68 SANTERO, JULI\u00c1N Ford 20 37:33.304 18.688<br>22\u00b0 122 JAKOS, ANDR\u00c9S Dodge 20 37:34.287 19.671<br>23\u00b0 7 MAZZACANE, GAST\u00d3N Chevrolet 20 37:35.244 20.628<br>24\u00b0 3 URCERA, JOS\u00c9 MANUEL Chevrolet 20 37:35.837 21.221<br>25\u00b0 88 PONTE, MART\u00cdN Chevrolet 20 37:37.060 22.444<br>26\u00b0 5 LEDESMA, CHRISTIAN Chevrolet 20 37:37.784 23.168<br>27\u00b0 34 EBARL\u00cdN, JUAN JOS\u00c9 Chevrolet 20 37:38.158 23.542<br>28\u00b0 22 BONELLI, NICOL\u00c1S Ford 20 37:41.481 26.865<br>29\u00b0 79 NOLESI, MATH\u00cdAS Ford 20 37:43.462 28.846<br>30\u00b0 31 PONCE DE LE\u00d3N, GABRIEL Ford 20 37:45.698 31.082<br>31\u00b0 177 LONDERO, AYRTON Ford 20 38:29.917 1:15.301<br>32\u00b0 77 CIANTINI, DIEGO Dodge 20 38:34.039 1:19.423<br>33\u00b0 157 DE BENEDICTIS, JUAN B. Ford 20 38:41.958 1:27.342<br>34\u00b0 29 CATAL\u00c1N MAGNI, JUAN T. Ford 19 35:36.139 1 VTA<br>35\u00b0 6 GINI, ESTEBAN Torino 19 37:35.599 1 VTA<br>36\u00b0 133 AGUIRRE, VALENT\u00cdN Ford 18 33:46.431 2 VTAS<br>37\u00b0 75 ALAUX, SERGIO Chevrolet 15 28:57.549 5 VTAS<br>38\u00b0 114 FERRANTE, GAST\u00d3N Torino 9 17:00.683 11 VTAS<br>Scroll<\/em><\/p>\n","protected":false},"excerpt":{"rendered":"<p>El entrerriano \u00eddolo y referente de Ford lleg\u00f3 noveno en la ultima final del a\u00f1o que gan\u00f3 de forma primeriza<\/p>\n","protected":false},"author":3,"featured_media":34,"comment_status":"open","ping_status":"open","sticky":false,"template":"","format":"standard","meta":{"colormag_page_container_layout":"default_layout","colormag_page_sidebar_layout":"default_layout","footnotes":""},"categories":[6,5],"tags":[143,316,83,384,314,39],"class_list":["post-5147","post","type-post","status-publish","format-standard","has-post-thumbnail","hentry","category-newsflash","category-latest-news","tag-actc","tag-el-villicum","tag-ford","tag-mariano-werner","tag-san-juan","tag-turismo-carretera"],"yoast_head":"<!-- This site is optimized with the Yoast SEO plugin v27.5 - https:\/\/yoast.com\/product\/yoast-seo-wordpress\/ -->\n<title>Autos del Podio | Mariano Werner retuvo la corona del TC<\/title>\n<meta name=\"description\" content=\"Autos del Podio Mariano Werner es el nuevo campe\u00f3n del Turismo Carretera\" \/>\n<meta name=\"robots\" content=\"index, follow, max-snippet:-1, max-image-preview:large, max-video-preview:-1\" \/>\n<link rel=\"canonical\" href=\"http:\/\/autosdelpodio.com\/autos\/mariano-werner-retuvo-la-corona-del-tc\/\" \/>\n<meta property=\"og:locale\" content=\"es_ES\" \/>\n<meta property=\"og:type\" content=\"article\" \/>\n<meta property=\"og:title\" content=\"Autos del Podio | Mariano Werner retuvo la corona del TC\" \/>\n<meta property=\"og:description\" content=\"Autos del Podio Mariano Werner es el nuevo campe\u00f3n del Turismo Carretera\" \/>\n<meta property=\"og:url\" content=\"http:\/\/autosdelpodio.com\/autos\/mariano-werner-retuvo-la-corona-del-tc\/\" \/>\n<meta property=\"og:site_name\" content=\"Autos del Podio\" \/>\n<meta property=\"article:publisher\" content=\"https:\/\/www.facebook.com\/profile.php?id=100057192590976&amp;amp%3bamp%3bamp%3bamp%3bamp%3bamp%3bamp%3bamp%3bamp%3bamp%3bamp%3bamp%3bamp%3bamp%3bamp%3bamp%3bamp%3bamp%3bref=ts\" \/>\n<meta property=\"article:published_time\" content=\"2021-12-06T00:20:06+00:00\" \/>\n<meta property=\"article:modified_time\" content=\"2021-12-06T00:42:05+00:00\" \/>\n<meta property=\"og:image\" content=\"http:\/\/autosdelpodio.com\/autos\/wp-content\/uploads\/2010\/10\/fordnota.jpg\" \/>\n\t<meta property=\"og:image:width\" content=\"500\" \/>\n\t<meta property=\"og:image:height\" content=\"250\" \/>\n\t<meta property=\"og:image:type\" content=\"image\/jpeg\" \/>\n<meta name=\"author\" content=\"autosdelpodio\" \/>\n<meta name=\"twitter:card\" content=\"summary_large_image\" \/>\n<meta name=\"twitter:creator\" content=\"@autosdelpodio\" \/>\n<meta name=\"twitter:site\" content=\"@autosdelpodio\" \/>\n<meta name=\"twitter:label1\" content=\"Escrito por\" \/>\n\t<meta name=\"twitter:data1\" content=\"autosdelpodio\" \/>\n\t<meta name=\"twitter:label2\" content=\"Tiempo de lectura\" \/>\n\t<meta name=\"twitter:data2\" content=\"3 minutos\" \/>\n<script type=\"application\/ld+json\" class=\"yoast-schema-graph\">{\"@context\":\"https:\\\/\\\/schema.org\",\"@graph\":[{\"@type\":\"Article\",\"@id\":\"http:\\\/\\\/autosdelpodio.com\\\/autos\\\/mariano-werner-retuvo-la-corona-del-tc\\\/#article\",\"isPartOf\":{\"@id\":\"http:\\\/\\\/autosdelpodio.com\\\/autos\\\/mariano-werner-retuvo-la-corona-del-tc\\\/\"},\"author\":{\"name\":\"autosdelpodio\",\"@id\":\"http:\\\/\\\/autosdelpodio.com\\\/autos\\\/#\\\/schema\\\/person\\\/993527a4d01c3acdd3d6bce3770bc942\"},\"headline\":\"Mariano Werner retuvo la corona del TC\",\"datePublished\":\"2021-12-06T00:20:06+00:00\",\"dateModified\":\"2021-12-06T00:42:05+00:00\",\"mainEntityOfPage\":{\"@id\":\"http:\\\/\\\/autosdelpodio.com\\\/autos\\\/mariano-werner-retuvo-la-corona-del-tc\\\/\"},\"wordCount\":308,\"commentCount\":1,\"publisher\":{\"@id\":\"http:\\\/\\\/autosdelpodio.com\\\/autos\\\/#organization\"},\"image\":{\"@id\":\"http:\\\/\\\/autosdelpodio.com\\\/autos\\\/mariano-werner-retuvo-la-corona-del-tc\\\/#primaryimage\"},\"thumbnailUrl\":\"http:\\\/\\\/autosdelpodio.com\\\/autos\\\/wp-content\\\/uploads\\\/2010\\\/10\\\/fordnota.jpg\",\"keywords\":[\"ACTC\",\"El Villicum\",\"Ford\",\"Mariano Werner\",\"San Juan\",\"Turismo Carretera\"],\"articleSection\":[\"Destacado\",\"\u00daltimas noticias\"],\"inLanguage\":\"es\",\"potentialAction\":[{\"@type\":\"CommentAction\",\"name\":\"Comment\",\"target\":[\"http:\\\/\\\/autosdelpodio.com\\\/autos\\\/mariano-werner-retuvo-la-corona-del-tc\\\/#respond\"]}]},{\"@type\":\"WebPage\",\"@id\":\"http:\\\/\\\/autosdelpodio.com\\\/autos\\\/mariano-werner-retuvo-la-corona-del-tc\\\/\",\"url\":\"http:\\\/\\\/autosdelpodio.com\\\/autos\\\/mariano-werner-retuvo-la-corona-del-tc\\\/\",\"name\":\"Autos del Podio | Mariano Werner retuvo la corona del TC\",\"isPartOf\":{\"@id\":\"http:\\\/\\\/autosdelpodio.com\\\/autos\\\/#website\"},\"primaryImageOfPage\":{\"@id\":\"http:\\\/\\\/autosdelpodio.com\\\/autos\\\/mariano-werner-retuvo-la-corona-del-tc\\\/#primaryimage\"},\"image\":{\"@id\":\"http:\\\/\\\/autosdelpodio.com\\\/autos\\\/mariano-werner-retuvo-la-corona-del-tc\\\/#primaryimage\"},\"thumbnailUrl\":\"http:\\\/\\\/autosdelpodio.com\\\/autos\\\/wp-content\\\/uploads\\\/2010\\\/10\\\/fordnota.jpg\",\"datePublished\":\"2021-12-06T00:20:06+00:00\",\"dateModified\":\"2021-12-06T00:42:05+00:00\",\"description\":\"Autos del Podio Mariano Werner es el nuevo campe\u00f3n del Turismo Carretera\",\"breadcrumb\":{\"@id\":\"http:\\\/\\\/autosdelpodio.com\\\/autos\\\/mariano-werner-retuvo-la-corona-del-tc\\\/#breadcrumb\"},\"inLanguage\":\"es\",\"potentialAction\":[{\"@type\":\"ReadAction\",\"target\":[\"http:\\\/\\\/autosdelpodio.com\\\/autos\\\/mariano-werner-retuvo-la-corona-del-tc\\\/\"]}]},{\"@type\":\"ImageObject\",\"inLanguage\":\"es\",\"@id\":\"http:\\\/\\\/autosdelpodio.com\\\/autos\\\/mariano-werner-retuvo-la-corona-del-tc\\\/#primaryimage\",\"url\":\"http:\\\/\\\/autosdelpodio.com\\\/autos\\\/wp-content\\\/uploads\\\/2010\\\/10\\\/fordnota.jpg\",\"contentUrl\":\"http:\\\/\\\/autosdelpodio.com\\\/autos\\\/wp-content\\\/uploads\\\/2010\\\/10\\\/fordnota.jpg\",\"width\":500,\"height\":250},{\"@type\":\"BreadcrumbList\",\"@id\":\"http:\\\/\\\/autosdelpodio.com\\\/autos\\\/mariano-werner-retuvo-la-corona-del-tc\\\/#breadcrumb\",\"itemListElement\":[{\"@type\":\"ListItem\",\"position\":1,\"name\":\"Portada\",\"item\":\"http:\\\/\\\/autosdelpodio.com\\\/autos\\\/\"},{\"@type\":\"ListItem\",\"position\":2,\"name\":\"Mariano Werner retuvo la corona del TC\"}]},{\"@type\":\"WebSite\",\"@id\":\"http:\\\/\\\/autosdelpodio.com\\\/autos\\\/#website\",\"url\":\"http:\\\/\\\/autosdelpodio.com\\\/autos\\\/\",\"name\":\"Autos del Podio\",\"description\":\"La sexta del deporte motor\",\"publisher\":{\"@id\":\"http:\\\/\\\/autosdelpodio.com\\\/autos\\\/#organization\"},\"potentialAction\":[{\"@type\":\"SearchAction\",\"target\":{\"@type\":\"EntryPoint\",\"urlTemplate\":\"http:\\\/\\\/autosdelpodio.com\\\/autos\\\/?s={search_term_string}\"},\"query-input\":{\"@type\":\"PropertyValueSpecification\",\"valueRequired\":true,\"valueName\":\"search_term_string\"}}],\"inLanguage\":\"es\"},{\"@type\":\"Organization\",\"@id\":\"http:\\\/\\\/autosdelpodio.com\\\/autos\\\/#organization\",\"name\":\"Autos del Podio\",\"url\":\"http:\\\/\\\/autosdelpodio.com\\\/autos\\\/\",\"logo\":{\"@type\":\"ImageObject\",\"inLanguage\":\"es\",\"@id\":\"http:\\\/\\\/autosdelpodio.com\\\/autos\\\/#\\\/schema\\\/logo\\\/image\\\/\",\"url\":\"http:\\\/\\\/autosdelpodio.com\\\/autos\\\/wp-content\\\/uploads\\\/2020\\\/08\\\/Logo_AR.jpg\",\"contentUrl\":\"http:\\\/\\\/autosdelpodio.com\\\/autos\\\/wp-content\\\/uploads\\\/2020\\\/08\\\/Logo_AR.jpg\",\"width\":1038,\"height\":1044,\"caption\":\"Autos del Podio\"},\"image\":{\"@id\":\"http:\\\/\\\/autosdelpodio.com\\\/autos\\\/#\\\/schema\\\/logo\\\/image\\\/\"},\"sameAs\":[\"https:\\\/\\\/www.facebook.com\\\/profile.php?id=100057192590976&amp;amp;amp;amp;amp;amp;amp;amp;amp;amp;amp;amp;amp;amp;amp;amp;amp;amp;ref=ts\",\"https:\\\/\\\/x.com\\\/autosdelpodio\",\"https:\\\/\\\/www.youtube.com\\\/user\\\/AutosdelPodio\"]},{\"@type\":\"Person\",\"@id\":\"http:\\\/\\\/autosdelpodio.com\\\/autos\\\/#\\\/schema\\\/person\\\/993527a4d01c3acdd3d6bce3770bc942\",\"name\":\"autosdelpodio\",\"image\":{\"@type\":\"ImageObject\",\"inLanguage\":\"es\",\"@id\":\"http:\\\/\\\/autosdelpodio.com\\\/autos\\\/wp-content\\\/litespeed\\\/avatar\\\/aa8f65cd201a80f6b844f63278aa84af.jpg?ver=1776798175\",\"url\":\"http:\\\/\\\/autosdelpodio.com\\\/autos\\\/wp-content\\\/litespeed\\\/avatar\\\/aa8f65cd201a80f6b844f63278aa84af.jpg?ver=1776798175\",\"contentUrl\":\"http:\\\/\\\/autosdelpodio.com\\\/autos\\\/wp-content\\\/litespeed\\\/avatar\\\/aa8f65cd201a80f6b844f63278aa84af.jpg?ver=1776798175\",\"caption\":\"autosdelpodio\"}}]}<\/script>\n<!-- \/ Yoast SEO plugin. -->","yoast_head_json":{"title":"Autos del Podio | Mariano Werner retuvo la corona del TC","description":"Autos del Podio Mariano Werner es el nuevo campe\u00f3n del Turismo Carretera","robots":{"index":"index","follow":"follow","max-snippet":"max-snippet:-1","max-image-preview":"max-image-preview:large","max-video-preview":"max-video-preview:-1"},"canonical":"http:\/\/autosdelpodio.com\/autos\/mariano-werner-retuvo-la-corona-del-tc\/","og_locale":"es_ES","og_type":"article","og_title":"Autos del Podio | Mariano Werner retuvo la corona del TC","og_description":"Autos del Podio Mariano Werner es el nuevo campe\u00f3n del Turismo Carretera","og_url":"http:\/\/autosdelpodio.com\/autos\/mariano-werner-retuvo-la-corona-del-tc\/","og_site_name":"Autos del Podio","article_publisher":"https:\/\/www.facebook.com\/profile.php?id=100057192590976&amp%3bamp%3bamp%3bamp%3bamp%3bamp%3bamp%3bamp%3bamp%3bamp%3bamp%3bamp%3bamp%3bamp%3bamp%3bamp%3bamp%3bamp%3bref=ts","article_published_time":"2021-12-06T00:20:06+00:00","article_modified_time":"2021-12-06T00:42:05+00:00","og_image":[{"width":500,"height":250,"url":"http:\/\/autosdelpodio.com\/autos\/wp-content\/uploads\/2010\/10\/fordnota.jpg","type":"image\/jpeg"}],"author":"autosdelpodio","twitter_card":"summary_large_image","twitter_creator":"@autosdelpodio","twitter_site":"@autosdelpodio","twitter_misc":{"Escrito por":"autosdelpodio","Tiempo de lectura":"3 minutos"},"schema":{"@context":"https:\/\/schema.org","@graph":[{"@type":"Article","@id":"http:\/\/autosdelpodio.com\/autos\/mariano-werner-retuvo-la-corona-del-tc\/#article","isPartOf":{"@id":"http:\/\/autosdelpodio.com\/autos\/mariano-werner-retuvo-la-corona-del-tc\/"},"author":{"name":"autosdelpodio","@id":"http:\/\/autosdelpodio.com\/autos\/#\/schema\/person\/993527a4d01c3acdd3d6bce3770bc942"},"headline":"Mariano Werner retuvo la corona del TC","datePublished":"2021-12-06T00:20:06+00:00","dateModified":"2021-12-06T00:42:05+00:00","mainEntityOfPage":{"@id":"http:\/\/autosdelpodio.com\/autos\/mariano-werner-retuvo-la-corona-del-tc\/"},"wordCount":308,"commentCount":1,"publisher":{"@id":"http:\/\/autosdelpodio.com\/autos\/#organization"},"image":{"@id":"http:\/\/autosdelpodio.com\/autos\/mariano-werner-retuvo-la-corona-del-tc\/#primaryimage"},"thumbnailUrl":"http:\/\/autosdelpodio.com\/autos\/wp-content\/uploads\/2010\/10\/fordnota.jpg","keywords":["ACTC","El Villicum","Ford","Mariano Werner","San Juan","Turismo Carretera"],"articleSection":["Destacado","\u00daltimas noticias"],"inLanguage":"es","potentialAction":[{"@type":"CommentAction","name":"Comment","target":["http:\/\/autosdelpodio.com\/autos\/mariano-werner-retuvo-la-corona-del-tc\/#respond"]}]},{"@type":"WebPage","@id":"http:\/\/autosdelpodio.com\/autos\/mariano-werner-retuvo-la-corona-del-tc\/","url":"http:\/\/autosdelpodio.com\/autos\/mariano-werner-retuvo-la-corona-del-tc\/","name":"Autos del Podio | Mariano Werner retuvo la corona del TC","isPartOf":{"@id":"http:\/\/autosdelpodio.com\/autos\/#website"},"primaryImageOfPage":{"@id":"http:\/\/autosdelpodio.com\/autos\/mariano-werner-retuvo-la-corona-del-tc\/#primaryimage"},"image":{"@id":"http:\/\/autosdelpodio.com\/autos\/mariano-werner-retuvo-la-corona-del-tc\/#primaryimage"},"thumbnailUrl":"http:\/\/autosdelpodio.com\/autos\/wp-content\/uploads\/2010\/10\/fordnota.jpg","datePublished":"2021-12-06T00:20:06+00:00","dateModified":"2021-12-06T00:42:05+00:00","description":"Autos del Podio Mariano Werner es el nuevo campe\u00f3n del Turismo Carretera","breadcrumb":{"@id":"http:\/\/autosdelpodio.com\/autos\/mariano-werner-retuvo-la-corona-del-tc\/#breadcrumb"},"inLanguage":"es","potentialAction":[{"@type":"ReadAction","target":["http:\/\/autosdelpodio.com\/autos\/mariano-werner-retuvo-la-corona-del-tc\/"]}]},{"@type":"ImageObject","inLanguage":"es","@id":"http:\/\/autosdelpodio.com\/autos\/mariano-werner-retuvo-la-corona-del-tc\/#primaryimage","url":"http:\/\/autosdelpodio.com\/autos\/wp-content\/uploads\/2010\/10\/fordnota.jpg","contentUrl":"http:\/\/autosdelpodio.com\/autos\/wp-content\/uploads\/2010\/10\/fordnota.jpg","width":500,"height":250},{"@type":"BreadcrumbList","@id":"http:\/\/autosdelpodio.com\/autos\/mariano-werner-retuvo-la-corona-del-tc\/#breadcrumb","itemListElement":[{"@type":"ListItem","position":1,"name":"Portada","item":"http:\/\/autosdelpodio.com\/autos\/"},{"@type":"ListItem","position":2,"name":"Mariano Werner retuvo la corona del TC"}]},{"@type":"WebSite","@id":"http:\/\/autosdelpodio.com\/autos\/#website","url":"http:\/\/autosdelpodio.com\/autos\/","name":"Autos del Podio","description":"La sexta del deporte motor","publisher":{"@id":"http:\/\/autosdelpodio.com\/autos\/#organization"},"potentialAction":[{"@type":"SearchAction","target":{"@type":"EntryPoint","urlTemplate":"http:\/\/autosdelpodio.com\/autos\/?s={search_term_string}"},"query-input":{"@type":"PropertyValueSpecification","valueRequired":true,"valueName":"search_term_string"}}],"inLanguage":"es"},{"@type":"Organization","@id":"http:\/\/autosdelpodio.com\/autos\/#organization","name":"Autos del Podio","url":"http:\/\/autosdelpodio.com\/autos\/","logo":{"@type":"ImageObject","inLanguage":"es","@id":"http:\/\/autosdelpodio.com\/autos\/#\/schema\/logo\/image\/","url":"http:\/\/autosdelpodio.com\/autos\/wp-content\/uploads\/2020\/08\/Logo_AR.jpg","contentUrl":"http:\/\/autosdelpodio.com\/autos\/wp-content\/uploads\/2020\/08\/Logo_AR.jpg","width":1038,"height":1044,"caption":"Autos del Podio"},"image":{"@id":"http:\/\/autosdelpodio.com\/autos\/#\/schema\/logo\/image\/"},"sameAs":["https:\/\/www.facebook.com\/profile.php?id=100057192590976&amp;amp;amp;amp;amp;amp;amp;amp;amp;amp;amp;amp;amp;amp;amp;amp;amp;amp;ref=ts","https:\/\/x.com\/autosdelpodio","https:\/\/www.youtube.com\/user\/AutosdelPodio"]},{"@type":"Person","@id":"http:\/\/autosdelpodio.com\/autos\/#\/schema\/person\/993527a4d01c3acdd3d6bce3770bc942","name":"autosdelpodio","image":{"@type":"ImageObject","inLanguage":"es","@id":"http:\/\/autosdelpodio.com\/autos\/wp-content\/litespeed\/avatar\/aa8f65cd201a80f6b844f63278aa84af.jpg?ver=1776798175","url":"http:\/\/autosdelpodio.com\/autos\/wp-content\/litespeed\/avatar\/aa8f65cd201a80f6b844f63278aa84af.jpg?ver=1776798175","contentUrl":"http:\/\/autosdelpodio.com\/autos\/wp-content\/litespeed\/avatar\/aa8f65cd201a80f6b844f63278aa84af.jpg?ver=1776798175","caption":"autosdelpodio"}}]}},"views":457,"_links":{"self":[{"href":"http:\/\/autosdelpodio.com\/autos\/wp-json\/wp\/v2\/posts\/5147","targetHints":{"allow":["GET"]}}],"collection":[{"href":"http:\/\/autosdelpodio.com\/autos\/wp-json\/wp\/v2\/posts"}],"about":[{"href":"http:\/\/autosdelpodio.com\/autos\/wp-json\/wp\/v2\/types\/post"}],"author":[{"embeddable":true,"href":"http:\/\/autosdelpodio.com\/autos\/wp-json\/wp\/v2\/users\/3"}],"replies":[{"embeddable":true,"href":"http:\/\/autosdelpodio.com\/autos\/wp-json\/wp\/v2\/comments?post=5147"}],"version-history":[{"count":4,"href":"http:\/\/autosdelpodio.com\/autos\/wp-json\/wp\/v2\/posts\/5147\/revisions"}],"predecessor-version":[{"id":5152,"href":"http:\/\/autosdelpodio.com\/autos\/wp-json\/wp\/v2\/posts\/5147\/revisions\/5152"}],"wp:featuredmedia":[{"embeddable":true,"href":"http:\/\/autosdelpodio.com\/autos\/wp-json\/wp\/v2\/media\/34"}],"wp:attachment":[{"href":"http:\/\/autosdelpodio.com\/autos\/wp-json\/wp\/v2\/media?parent=5147"}],"wp:term":[{"taxonomy":"category","embeddable":true,"href":"http:\/\/autosdelpodio.com\/autos\/wp-json\/wp\/v2\/categories?post=5147"},{"taxonomy":"post_tag","embeddable":true,"href":"http:\/\/autosdelpodio.com\/autos\/wp-json\/wp\/v2\/tags?post=5147"}],"curies":[{"name":"wp","href":"https:\/\/api.w.org\/{rel}","templated":true}]}}