{"id":5185,"date":"2021-12-12T20:48:44","date_gmt":"2021-12-12T23:48:44","guid":{"rendered":"http:\/\/autosdelpodio.com\/autos\/?p=5185"},"modified":"2021-12-13T08:04:25","modified_gmt":"2021-12-13T11:04:25","slug":"un-nuevo-apellido-escribe-la-historia-grande-de-la-f1","status":"publish","type":"post","link":"http:\/\/autosdelpodio.com\/autos\/un-nuevo-apellido-escribe-la-historia-grande-de-la-f1\/","title":{"rendered":"Un nuevo apellido escribe la historia grande de la F1"},"content":{"rendered":"\n<p>Max Verstappen cort\u00f3 la hegemon\u00eda de titulos de Lewis Hamilton fruto de su triunfo en una apretada definici\u00f3n en el cierre de temporada de la M\u00e1xima en Abu Dahbi.<br>De modo tal que se convirti\u00f3 en el primer piloto oriundo de Holanda en lograrlo y el n\u00famero 34 de la historia de la m\u00e1xima categor\u00eda.En tanto que el brit\u00e1nico qued\u00f3 hasta el momento con los 7 t\u00edtulos, igualado con <a href=\"http:\/\/autosdelpodio.com\/autos\/empardo-a-schumi\/\" target=\"_blank\" rel=\"noreferrer noopener\">Michael Schumacher<\/a> .<\/p>\n\n\n\n<p>Habr\u00e1 que esperar hasta el 2022, cuando el 28 de Marzo arranque el mundial con el Gran Premio de Bahrein<\/p>\n\n\n\n<p><strong>Final F1 a 58 Vueltas \u2013 GP de Abu Dhabi<\/strong><\/p>\n\n\n\n<p><em>1 Max Verstappen Red Bull 58 1:30\u201917.345<br>2 Lewis Hamilton Mercedes 58 1:30\u201919.601 2.256<br>3 Carlos Sainz Ferrari 58 1:30\u201922.518 5.173<br>4 Yuki Tsunoda AlphaTauri 58 1:30\u201923.037 5.692<br>5 Pierre Gasly AlphaTauri 58 1:30\u201923.876 6.531<br>6 Valtteri Bottas Mercedes 58 1:30\u201924.808 7.463<br>7 Lando Norris McLaren 58 1:31\u201916.545 59.200<br>8 Fernando Alonso Alpine 58 1:31\u201919.053 1\u201901.708<br>9 Esteban Ocon Alpine 58 1:31\u201921.371 1\u201904.026<br>10 Charles Leclerc Ferrari 58 1:31\u201923.402 1\u201906.057<br>11 Sebastian Vettel Aston Martin 58 1:31\u201924.872 1\u201907.527<br>12 Daniel Ricciardo McLaren 57<br>13 Lance Stroll Aston Martin 57<br>14 Mick Schumacher Haas 57<br>15 Sergio P\u00e9rez Red Bull 55<br>Nicholas Latifi Williams 50<br>Antonio Giovinazzi Alfa Romeo 33<br>George Russell Williams 26<br>Kimi R\u00e4ikk\u00f6nen Alfa Romeo 25<br>Nikita Mazepin Haas 0<\/em><\/p>\n","protected":false},"excerpt":{"rendered":"<p>Max Verstappen cort\u00f3 la hegemon\u00eda de titulos de Lewis Hamilton fruto de su triunfo en una apretada definici\u00f3n en el<\/p>\n","protected":false},"author":3,"featured_media":1751,"comment_status":"open","ping_status":"open","sticky":false,"template":"","format":"standard","meta":{"colormag_page_container_layout":"default_layout","colormag_page_sidebar_layout":"default_layout","footnotes":""},"categories":[6,5],"tags":[148,75,506,310,311],"class_list":["post-5185","post","type-post","status-publish","format-standard","has-post-thumbnail","hentry","category-newsflash","category-latest-news","tag-fia","tag-formula-1","tag-gp-abu-dhabi","tag-max-verstappen","tag-red-bull"],"yoast_head":"<!-- This site is optimized with the Yoast SEO plugin v27.5 - https:\/\/yoast.com\/product\/yoast-seo-wordpress\/ -->\n<title>Autos del Podio | Un nuevo apellido escribe la historia grande de la F1<\/title>\n<meta name=\"description\" content=\"Autos del Podio La gan\u00f3 en la ultima vuelta tras el ingreso del AS\" \/>\n<meta name=\"robots\" content=\"index, follow, max-snippet:-1, max-image-preview:large, max-video-preview:-1\" \/>\n<link rel=\"canonical\" href=\"http:\/\/autosdelpodio.com\/autos\/un-nuevo-apellido-escribe-la-historia-grande-de-la-f1\/\" \/>\n<meta property=\"og:locale\" content=\"es_ES\" \/>\n<meta property=\"og:type\" content=\"article\" \/>\n<meta property=\"og:title\" content=\"Autos del Podio | Un nuevo apellido escribe la historia grande de la F1\" \/>\n<meta property=\"og:description\" content=\"Autos del Podio La gan\u00f3 en la ultima vuelta tras el ingreso del AS\" \/>\n<meta property=\"og:url\" content=\"http:\/\/autosdelpodio.com\/autos\/un-nuevo-apellido-escribe-la-historia-grande-de-la-f1\/\" \/>\n<meta property=\"og:site_name\" content=\"Autos del Podio\" \/>\n<meta property=\"article:publisher\" content=\"https:\/\/www.facebook.com\/profile.php?id=100057192590976&amp;amp%3bamp%3bamp%3bamp%3bamp%3bamp%3bamp%3bamp%3bamp%3bamp%3bamp%3bamp%3bamp%3bamp%3bamp%3bamp%3bamp%3bamp%3bref=ts\" \/>\n<meta property=\"article:published_time\" content=\"2021-12-12T23:48:44+00:00\" \/>\n<meta property=\"article:modified_time\" content=\"2021-12-13T11:04:25+00:00\" \/>\n<meta property=\"og:image\" content=\"http:\/\/autosdelpodio.com\/autos\/wp-content\/uploads\/2020\/04\/Logo_F1_-e1621029352226.jpg\" \/>\n\t<meta property=\"og:image:width\" content=\"500\" \/>\n\t<meta property=\"og:image:height\" content=\"278\" \/>\n\t<meta property=\"og:image:type\" content=\"image\/jpeg\" \/>\n<meta name=\"author\" content=\"autosdelpodio\" \/>\n<meta name=\"twitter:card\" content=\"summary_large_image\" \/>\n<meta name=\"twitter:creator\" content=\"@autosdelpodio\" \/>\n<meta name=\"twitter:site\" content=\"@autosdelpodio\" \/>\n<meta name=\"twitter:label1\" content=\"Escrito por\" \/>\n\t<meta name=\"twitter:data1\" content=\"autosdelpodio\" \/>\n\t<meta name=\"twitter:label2\" content=\"Tiempo de lectura\" \/>\n\t<meta name=\"twitter:data2\" content=\"1 minuto\" \/>\n<script type=\"application\/ld+json\" class=\"yoast-schema-graph\">{\"@context\":\"https:\\\/\\\/schema.org\",\"@graph\":[{\"@type\":\"Article\",\"@id\":\"http:\\\/\\\/autosdelpodio.com\\\/autos\\\/un-nuevo-apellido-escribe-la-historia-grande-de-la-f1\\\/#article\",\"isPartOf\":{\"@id\":\"http:\\\/\\\/autosdelpodio.com\\\/autos\\\/un-nuevo-apellido-escribe-la-historia-grande-de-la-f1\\\/\"},\"author\":{\"name\":\"autosdelpodio\",\"@id\":\"http:\\\/\\\/autosdelpodio.com\\\/autos\\\/#\\\/schema\\\/person\\\/993527a4d01c3acdd3d6bce3770bc942\"},\"headline\":\"Un nuevo apellido escribe la historia grande de la F1\",\"datePublished\":\"2021-12-12T23:48:44+00:00\",\"dateModified\":\"2021-12-13T11:04:25+00:00\",\"mainEntityOfPage\":{\"@id\":\"http:\\\/\\\/autosdelpodio.com\\\/autos\\\/un-nuevo-apellido-escribe-la-historia-grande-de-la-f1\\\/\"},\"wordCount\":183,\"commentCount\":0,\"publisher\":{\"@id\":\"http:\\\/\\\/autosdelpodio.com\\\/autos\\\/#organization\"},\"image\":{\"@id\":\"http:\\\/\\\/autosdelpodio.com\\\/autos\\\/un-nuevo-apellido-escribe-la-historia-grande-de-la-f1\\\/#primaryimage\"},\"thumbnailUrl\":\"http:\\\/\\\/autosdelpodio.com\\\/autos\\\/wp-content\\\/uploads\\\/2020\\\/04\\\/Logo_F1_-e1621029352226.jpg\",\"keywords\":[\"FIA\",\"Formula 1\",\"GP Abu Dhabi\",\"Max Verstappen\",\"Red Bull\"],\"articleSection\":[\"Destacado\",\"\u00daltimas noticias\"],\"inLanguage\":\"es\",\"potentialAction\":[{\"@type\":\"CommentAction\",\"name\":\"Comment\",\"target\":[\"http:\\\/\\\/autosdelpodio.com\\\/autos\\\/un-nuevo-apellido-escribe-la-historia-grande-de-la-f1\\\/#respond\"]}]},{\"@type\":\"WebPage\",\"@id\":\"http:\\\/\\\/autosdelpodio.com\\\/autos\\\/un-nuevo-apellido-escribe-la-historia-grande-de-la-f1\\\/\",\"url\":\"http:\\\/\\\/autosdelpodio.com\\\/autos\\\/un-nuevo-apellido-escribe-la-historia-grande-de-la-f1\\\/\",\"name\":\"Autos del Podio | Un nuevo apellido escribe la historia grande de la F1\",\"isPartOf\":{\"@id\":\"http:\\\/\\\/autosdelpodio.com\\\/autos\\\/#website\"},\"primaryImageOfPage\":{\"@id\":\"http:\\\/\\\/autosdelpodio.com\\\/autos\\\/un-nuevo-apellido-escribe-la-historia-grande-de-la-f1\\\/#primaryimage\"},\"image\":{\"@id\":\"http:\\\/\\\/autosdelpodio.com\\\/autos\\\/un-nuevo-apellido-escribe-la-historia-grande-de-la-f1\\\/#primaryimage\"},\"thumbnailUrl\":\"http:\\\/\\\/autosdelpodio.com\\\/autos\\\/wp-content\\\/uploads\\\/2020\\\/04\\\/Logo_F1_-e1621029352226.jpg\",\"datePublished\":\"2021-12-12T23:48:44+00:00\",\"dateModified\":\"2021-12-13T11:04:25+00:00\",\"description\":\"Autos del Podio La gan\u00f3 en la ultima vuelta tras el ingreso del AS\",\"breadcrumb\":{\"@id\":\"http:\\\/\\\/autosdelpodio.com\\\/autos\\\/un-nuevo-apellido-escribe-la-historia-grande-de-la-f1\\\/#breadcrumb\"},\"inLanguage\":\"es\",\"potentialAction\":[{\"@type\":\"ReadAction\",\"target\":[\"http:\\\/\\\/autosdelpodio.com\\\/autos\\\/un-nuevo-apellido-escribe-la-historia-grande-de-la-f1\\\/\"]}]},{\"@type\":\"ImageObject\",\"inLanguage\":\"es\",\"@id\":\"http:\\\/\\\/autosdelpodio.com\\\/autos\\\/un-nuevo-apellido-escribe-la-historia-grande-de-la-f1\\\/#primaryimage\",\"url\":\"http:\\\/\\\/autosdelpodio.com\\\/autos\\\/wp-content\\\/uploads\\\/2020\\\/04\\\/Logo_F1_-e1621029352226.jpg\",\"contentUrl\":\"http:\\\/\\\/autosdelpodio.com\\\/autos\\\/wp-content\\\/uploads\\\/2020\\\/04\\\/Logo_F1_-e1621029352226.jpg\",\"width\":500,\"height\":278},{\"@type\":\"BreadcrumbList\",\"@id\":\"http:\\\/\\\/autosdelpodio.com\\\/autos\\\/un-nuevo-apellido-escribe-la-historia-grande-de-la-f1\\\/#breadcrumb\",\"itemListElement\":[{\"@type\":\"ListItem\",\"position\":1,\"name\":\"Portada\",\"item\":\"http:\\\/\\\/autosdelpodio.com\\\/autos\\\/\"},{\"@type\":\"ListItem\",\"position\":2,\"name\":\"Un nuevo apellido escribe la historia grande de la F1\"}]},{\"@type\":\"WebSite\",\"@id\":\"http:\\\/\\\/autosdelpodio.com\\\/autos\\\/#website\",\"url\":\"http:\\\/\\\/autosdelpodio.com\\\/autos\\\/\",\"name\":\"Autos del Podio\",\"description\":\"La sexta del deporte motor\",\"publisher\":{\"@id\":\"http:\\\/\\\/autosdelpodio.com\\\/autos\\\/#organization\"},\"potentialAction\":[{\"@type\":\"SearchAction\",\"target\":{\"@type\":\"EntryPoint\",\"urlTemplate\":\"http:\\\/\\\/autosdelpodio.com\\\/autos\\\/?s={search_term_string}\"},\"query-input\":{\"@type\":\"PropertyValueSpecification\",\"valueRequired\":true,\"valueName\":\"search_term_string\"}}],\"inLanguage\":\"es\"},{\"@type\":\"Organization\",\"@id\":\"http:\\\/\\\/autosdelpodio.com\\\/autos\\\/#organization\",\"name\":\"Autos del Podio\",\"url\":\"http:\\\/\\\/autosdelpodio.com\\\/autos\\\/\",\"logo\":{\"@type\":\"ImageObject\",\"inLanguage\":\"es\",\"@id\":\"http:\\\/\\\/autosdelpodio.com\\\/autos\\\/#\\\/schema\\\/logo\\\/image\\\/\",\"url\":\"http:\\\/\\\/autosdelpodio.com\\\/autos\\\/wp-content\\\/uploads\\\/2020\\\/08\\\/Logo_AR.jpg\",\"contentUrl\":\"http:\\\/\\\/autosdelpodio.com\\\/autos\\\/wp-content\\\/uploads\\\/2020\\\/08\\\/Logo_AR.jpg\",\"width\":1038,\"height\":1044,\"caption\":\"Autos del Podio\"},\"image\":{\"@id\":\"http:\\\/\\\/autosdelpodio.com\\\/autos\\\/#\\\/schema\\\/logo\\\/image\\\/\"},\"sameAs\":[\"https:\\\/\\\/www.facebook.com\\\/profile.php?id=100057192590976&amp;amp;amp;amp;amp;amp;amp;amp;amp;amp;amp;amp;amp;amp;amp;amp;amp;amp;ref=ts\",\"https:\\\/\\\/x.com\\\/autosdelpodio\",\"https:\\\/\\\/www.youtube.com\\\/user\\\/AutosdelPodio\"]},{\"@type\":\"Person\",\"@id\":\"http:\\\/\\\/autosdelpodio.com\\\/autos\\\/#\\\/schema\\\/person\\\/993527a4d01c3acdd3d6bce3770bc942\",\"name\":\"autosdelpodio\",\"image\":{\"@type\":\"ImageObject\",\"inLanguage\":\"es\",\"@id\":\"http:\\\/\\\/autosdelpodio.com\\\/autos\\\/wp-content\\\/litespeed\\\/avatar\\\/aa8f65cd201a80f6b844f63278aa84af.jpg?ver=1777403005\",\"url\":\"http:\\\/\\\/autosdelpodio.com\\\/autos\\\/wp-content\\\/litespeed\\\/avatar\\\/aa8f65cd201a80f6b844f63278aa84af.jpg?ver=1777403005\",\"contentUrl\":\"http:\\\/\\\/autosdelpodio.com\\\/autos\\\/wp-content\\\/litespeed\\\/avatar\\\/aa8f65cd201a80f6b844f63278aa84af.jpg?ver=1777403005\",\"caption\":\"autosdelpodio\"}}]}<\/script>\n<!-- \/ Yoast SEO plugin. -->","yoast_head_json":{"title":"Autos del Podio | Un nuevo apellido escribe la historia grande de la F1","description":"Autos del Podio La gan\u00f3 en la ultima vuelta tras el ingreso del AS","robots":{"index":"index","follow":"follow","max-snippet":"max-snippet:-1","max-image-preview":"max-image-preview:large","max-video-preview":"max-video-preview:-1"},"canonical":"http:\/\/autosdelpodio.com\/autos\/un-nuevo-apellido-escribe-la-historia-grande-de-la-f1\/","og_locale":"es_ES","og_type":"article","og_title":"Autos del Podio | Un nuevo apellido escribe la historia grande de la F1","og_description":"Autos del Podio La gan\u00f3 en la ultima vuelta tras el ingreso del AS","og_url":"http:\/\/autosdelpodio.com\/autos\/un-nuevo-apellido-escribe-la-historia-grande-de-la-f1\/","og_site_name":"Autos del Podio","article_publisher":"https:\/\/www.facebook.com\/profile.php?id=100057192590976&amp%3bamp%3bamp%3bamp%3bamp%3bamp%3bamp%3bamp%3bamp%3bamp%3bamp%3bamp%3bamp%3bamp%3bamp%3bamp%3bamp%3bamp%3bref=ts","article_published_time":"2021-12-12T23:48:44+00:00","article_modified_time":"2021-12-13T11:04:25+00:00","og_image":[{"width":500,"height":278,"url":"http:\/\/autosdelpodio.com\/autos\/wp-content\/uploads\/2020\/04\/Logo_F1_-e1621029352226.jpg","type":"image\/jpeg"}],"author":"autosdelpodio","twitter_card":"summary_large_image","twitter_creator":"@autosdelpodio","twitter_site":"@autosdelpodio","twitter_misc":{"Escrito por":"autosdelpodio","Tiempo de lectura":"1 minuto"},"schema":{"@context":"https:\/\/schema.org","@graph":[{"@type":"Article","@id":"http:\/\/autosdelpodio.com\/autos\/un-nuevo-apellido-escribe-la-historia-grande-de-la-f1\/#article","isPartOf":{"@id":"http:\/\/autosdelpodio.com\/autos\/un-nuevo-apellido-escribe-la-historia-grande-de-la-f1\/"},"author":{"name":"autosdelpodio","@id":"http:\/\/autosdelpodio.com\/autos\/#\/schema\/person\/993527a4d01c3acdd3d6bce3770bc942"},"headline":"Un nuevo apellido escribe la historia grande de la F1","datePublished":"2021-12-12T23:48:44+00:00","dateModified":"2021-12-13T11:04:25+00:00","mainEntityOfPage":{"@id":"http:\/\/autosdelpodio.com\/autos\/un-nuevo-apellido-escribe-la-historia-grande-de-la-f1\/"},"wordCount":183,"commentCount":0,"publisher":{"@id":"http:\/\/autosdelpodio.com\/autos\/#organization"},"image":{"@id":"http:\/\/autosdelpodio.com\/autos\/un-nuevo-apellido-escribe-la-historia-grande-de-la-f1\/#primaryimage"},"thumbnailUrl":"http:\/\/autosdelpodio.com\/autos\/wp-content\/uploads\/2020\/04\/Logo_F1_-e1621029352226.jpg","keywords":["FIA","Formula 1","GP Abu Dhabi","Max Verstappen","Red Bull"],"articleSection":["Destacado","\u00daltimas noticias"],"inLanguage":"es","potentialAction":[{"@type":"CommentAction","name":"Comment","target":["http:\/\/autosdelpodio.com\/autos\/un-nuevo-apellido-escribe-la-historia-grande-de-la-f1\/#respond"]}]},{"@type":"WebPage","@id":"http:\/\/autosdelpodio.com\/autos\/un-nuevo-apellido-escribe-la-historia-grande-de-la-f1\/","url":"http:\/\/autosdelpodio.com\/autos\/un-nuevo-apellido-escribe-la-historia-grande-de-la-f1\/","name":"Autos del Podio | Un nuevo apellido escribe la historia grande de la F1","isPartOf":{"@id":"http:\/\/autosdelpodio.com\/autos\/#website"},"primaryImageOfPage":{"@id":"http:\/\/autosdelpodio.com\/autos\/un-nuevo-apellido-escribe-la-historia-grande-de-la-f1\/#primaryimage"},"image":{"@id":"http:\/\/autosdelpodio.com\/autos\/un-nuevo-apellido-escribe-la-historia-grande-de-la-f1\/#primaryimage"},"thumbnailUrl":"http:\/\/autosdelpodio.com\/autos\/wp-content\/uploads\/2020\/04\/Logo_F1_-e1621029352226.jpg","datePublished":"2021-12-12T23:48:44+00:00","dateModified":"2021-12-13T11:04:25+00:00","description":"Autos del Podio La gan\u00f3 en la ultima vuelta tras el ingreso del AS","breadcrumb":{"@id":"http:\/\/autosdelpodio.com\/autos\/un-nuevo-apellido-escribe-la-historia-grande-de-la-f1\/#breadcrumb"},"inLanguage":"es","potentialAction":[{"@type":"ReadAction","target":["http:\/\/autosdelpodio.com\/autos\/un-nuevo-apellido-escribe-la-historia-grande-de-la-f1\/"]}]},{"@type":"ImageObject","inLanguage":"es","@id":"http:\/\/autosdelpodio.com\/autos\/un-nuevo-apellido-escribe-la-historia-grande-de-la-f1\/#primaryimage","url":"http:\/\/autosdelpodio.com\/autos\/wp-content\/uploads\/2020\/04\/Logo_F1_-e1621029352226.jpg","contentUrl":"http:\/\/autosdelpodio.com\/autos\/wp-content\/uploads\/2020\/04\/Logo_F1_-e1621029352226.jpg","width":500,"height":278},{"@type":"BreadcrumbList","@id":"http:\/\/autosdelpodio.com\/autos\/un-nuevo-apellido-escribe-la-historia-grande-de-la-f1\/#breadcrumb","itemListElement":[{"@type":"ListItem","position":1,"name":"Portada","item":"http:\/\/autosdelpodio.com\/autos\/"},{"@type":"ListItem","position":2,"name":"Un nuevo apellido escribe la historia grande de la F1"}]},{"@type":"WebSite","@id":"http:\/\/autosdelpodio.com\/autos\/#website","url":"http:\/\/autosdelpodio.com\/autos\/","name":"Autos del Podio","description":"La sexta del deporte motor","publisher":{"@id":"http:\/\/autosdelpodio.com\/autos\/#organization"},"potentialAction":[{"@type":"SearchAction","target":{"@type":"EntryPoint","urlTemplate":"http:\/\/autosdelpodio.com\/autos\/?s={search_term_string}"},"query-input":{"@type":"PropertyValueSpecification","valueRequired":true,"valueName":"search_term_string"}}],"inLanguage":"es"},{"@type":"Organization","@id":"http:\/\/autosdelpodio.com\/autos\/#organization","name":"Autos del Podio","url":"http:\/\/autosdelpodio.com\/autos\/","logo":{"@type":"ImageObject","inLanguage":"es","@id":"http:\/\/autosdelpodio.com\/autos\/#\/schema\/logo\/image\/","url":"http:\/\/autosdelpodio.com\/autos\/wp-content\/uploads\/2020\/08\/Logo_AR.jpg","contentUrl":"http:\/\/autosdelpodio.com\/autos\/wp-content\/uploads\/2020\/08\/Logo_AR.jpg","width":1038,"height":1044,"caption":"Autos del Podio"},"image":{"@id":"http:\/\/autosdelpodio.com\/autos\/#\/schema\/logo\/image\/"},"sameAs":["https:\/\/www.facebook.com\/profile.php?id=100057192590976&amp;amp;amp;amp;amp;amp;amp;amp;amp;amp;amp;amp;amp;amp;amp;amp;amp;amp;ref=ts","https:\/\/x.com\/autosdelpodio","https:\/\/www.youtube.com\/user\/AutosdelPodio"]},{"@type":"Person","@id":"http:\/\/autosdelpodio.com\/autos\/#\/schema\/person\/993527a4d01c3acdd3d6bce3770bc942","name":"autosdelpodio","image":{"@type":"ImageObject","inLanguage":"es","@id":"http:\/\/autosdelpodio.com\/autos\/wp-content\/litespeed\/avatar\/aa8f65cd201a80f6b844f63278aa84af.jpg?ver=1777403005","url":"http:\/\/autosdelpodio.com\/autos\/wp-content\/litespeed\/avatar\/aa8f65cd201a80f6b844f63278aa84af.jpg?ver=1777403005","contentUrl":"http:\/\/autosdelpodio.com\/autos\/wp-content\/litespeed\/avatar\/aa8f65cd201a80f6b844f63278aa84af.jpg?ver=1777403005","caption":"autosdelpodio"}}]}},"views":397,"_links":{"self":[{"href":"http:\/\/autosdelpodio.com\/autos\/wp-json\/wp\/v2\/posts\/5185","targetHints":{"allow":["GET"]}}],"collection":[{"href":"http:\/\/autosdelpodio.com\/autos\/wp-json\/wp\/v2\/posts"}],"about":[{"href":"http:\/\/autosdelpodio.com\/autos\/wp-json\/wp\/v2\/types\/post"}],"author":[{"embeddable":true,"href":"http:\/\/autosdelpodio.com\/autos\/wp-json\/wp\/v2\/users\/3"}],"replies":[{"embeddable":true,"href":"http:\/\/autosdelpodio.com\/autos\/wp-json\/wp\/v2\/comments?post=5185"}],"version-history":[{"count":3,"href":"http:\/\/autosdelpodio.com\/autos\/wp-json\/wp\/v2\/posts\/5185\/revisions"}],"predecessor-version":[{"id":5188,"href":"http:\/\/autosdelpodio.com\/autos\/wp-json\/wp\/v2\/posts\/5185\/revisions\/5188"}],"wp:featuredmedia":[{"embeddable":true,"href":"http:\/\/autosdelpodio.com\/autos\/wp-json\/wp\/v2\/media\/1751"}],"wp:attachment":[{"href":"http:\/\/autosdelpodio.com\/autos\/wp-json\/wp\/v2\/media?parent=5185"}],"wp:term":[{"taxonomy":"category","embeddable":true,"href":"http:\/\/autosdelpodio.com\/autos\/wp-json\/wp\/v2\/categories?post=5185"},{"taxonomy":"post_tag","embeddable":true,"href":"http:\/\/autosdelpodio.com\/autos\/wp-json\/wp\/v2\/tags?post=5185"}],"curies":[{"name":"wp","href":"https:\/\/api.w.org\/{rel}","templated":true}]}}