{"id":5289,"date":"2022-01-02T14:10:00","date_gmt":"2022-01-02T17:10:00","guid":{"rendered":"http:\/\/autosdelpodio.com\/autos\/?p=5289"},"modified":"2022-01-06T10:44:54","modified_gmt":"2022-01-06T13:44:54","slug":"ventas-anuales-en-argentina-durante-el-2021","status":"publish","type":"post","link":"http:\/\/autosdelpodio.com\/autos\/ventas-anuales-en-argentina-durante-el-2021\/","title":{"rendered":"Ventas anuales en  Argentina  durante el  2021"},"content":{"rendered":"\n<p>Durante el a\u00f1o 2021, en el pa\u00eds se han vendido un total de 381.777 veh\u00edculos, un 11.5% mas respecto al 2020.En tanto que Toyota fue marca que m\u00e1s unidades patent\u00f3 y el modelo Fiat Cronos mantuvo el liderazgo entre los autos y la camioneta Toyota Hilux entre en su rubro.<br><\/p>\n\n\n\n<p><strong>Top 10 de marcas<\/strong><\/p>\n\n\n\n<p>1 Toyota 73471 Unidades<br><em>2 Volkswagen 56581<br>3 Fiat 50360<br>4 Renault 35321<br>5 Ford 29326<br>6 Chevrolet 27267<br>7 Peugeot 27180<br>8 Nissan 15722<br>9 Citroen 12429<\/em><\/p>\n\n\n\n<p><strong>Top 10 de autos<\/strong><\/p>\n\n\n\n<p><em>1 Toyota 73471 Unidades<br>2 Volkswagen 56581<br>3 Fiat 50360<br>4 Renault 35321<br>5 Ford 29326<br>6 Chevrolet 27267<br>7 Peugeot 27180<br>8 Nissan 15722<br>9 Citroen 12429<br>10 Jeep 11284<\/em><\/p>\n","protected":false},"excerpt":{"rendered":"<p>Durante el a\u00f1o 2021, en el pa\u00eds se han vendido un total de 381.777 veh\u00edculos, un 11.5% mas respecto al<\/p>\n","protected":false},"author":3,"featured_media":4406,"comment_status":"open","ping_status":"open","sticky":false,"template":"","format":"standard","meta":{"colormag_page_container_layout":"default_layout","colormag_page_sidebar_layout":"default_layout","footnotes":""},"categories":[16,5],"tags":[377,34,208,35,33],"class_list":["post-5289","post","type-post","status-publish","format-standard","has-post-thumbnail","hentry","category-recta-principal","category-latest-news","tag-okm","tag-patentamientos","tag-produccion","tag-republica-argentina","tag-venta-de-autos"],"yoast_head":"<!-- This site is optimized with the Yoast SEO plugin v27.5 - https:\/\/yoast.com\/product\/yoast-seo-wordpress\/ -->\n<title>Autos del Podio | Ventas anuales en Argentina durante el 2021<\/title>\n<meta name=\"description\" content=\"Autos del Podio El Fiat Cronos fue el auto mas vendido en 2021\" \/>\n<meta name=\"robots\" content=\"index, follow, max-snippet:-1, max-image-preview:large, max-video-preview:-1\" \/>\n<link rel=\"canonical\" href=\"http:\/\/autosdelpodio.com\/autos\/ventas-anuales-en-argentina-durante-el-2021\/\" \/>\n<meta property=\"og:locale\" content=\"es_ES\" \/>\n<meta property=\"og:type\" content=\"article\" \/>\n<meta property=\"og:title\" content=\"Autos del Podio | Ventas anuales en Argentina durante el 2021\" \/>\n<meta property=\"og:description\" content=\"Autos del Podio El Fiat Cronos fue el auto mas vendido en 2021\" \/>\n<meta property=\"og:url\" content=\"http:\/\/autosdelpodio.com\/autos\/ventas-anuales-en-argentina-durante-el-2021\/\" \/>\n<meta property=\"og:site_name\" content=\"Autos del Podio\" \/>\n<meta property=\"article:publisher\" content=\"https:\/\/www.facebook.com\/profile.php?id=100057192590976&amp;amp%3bamp%3bamp%3bamp%3bamp%3bamp%3bamp%3bamp%3bamp%3bamp%3bamp%3bamp%3bamp%3bamp%3bamp%3bamp%3bamp%3bamp%3bref=ts\" \/>\n<meta property=\"article:published_time\" content=\"2022-01-02T17:10:00+00:00\" \/>\n<meta property=\"article:modified_time\" content=\"2022-01-06T13:44:54+00:00\" \/>\n<meta property=\"og:image\" content=\"http:\/\/autosdelpodio.com\/autos\/wp-content\/uploads\/2021\/07\/Patente_Mercosur_Arg-e1625172248186.jpg\" \/>\n\t<meta property=\"og:image:width\" content=\"500\" \/>\n\t<meta property=\"og:image:height\" content=\"207\" \/>\n\t<meta property=\"og:image:type\" content=\"image\/jpeg\" \/>\n<meta name=\"author\" content=\"autosdelpodio\" \/>\n<meta name=\"twitter:card\" content=\"summary_large_image\" \/>\n<meta name=\"twitter:creator\" content=\"@autosdelpodio\" \/>\n<meta name=\"twitter:site\" content=\"@autosdelpodio\" \/>\n<meta name=\"twitter:label1\" content=\"Escrito por\" \/>\n\t<meta name=\"twitter:data1\" content=\"autosdelpodio\" \/>\n\t<meta name=\"twitter:label2\" content=\"Tiempo de lectura\" \/>\n\t<meta name=\"twitter:data2\" content=\"1 minuto\" \/>\n<script type=\"application\/ld+json\" class=\"yoast-schema-graph\">{\"@context\":\"https:\\\/\\\/schema.org\",\"@graph\":[{\"@type\":\"Article\",\"@id\":\"http:\\\/\\\/autosdelpodio.com\\\/autos\\\/ventas-anuales-en-argentina-durante-el-2021\\\/#article\",\"isPartOf\":{\"@id\":\"http:\\\/\\\/autosdelpodio.com\\\/autos\\\/ventas-anuales-en-argentina-durante-el-2021\\\/\"},\"author\":{\"name\":\"autosdelpodio\",\"@id\":\"http:\\\/\\\/autosdelpodio.com\\\/autos\\\/#\\\/schema\\\/person\\\/993527a4d01c3acdd3d6bce3770bc942\"},\"headline\":\"Ventas anuales en Argentina durante el 2021\",\"datePublished\":\"2022-01-02T17:10:00+00:00\",\"dateModified\":\"2022-01-06T13:44:54+00:00\",\"mainEntityOfPage\":{\"@id\":\"http:\\\/\\\/autosdelpodio.com\\\/autos\\\/ventas-anuales-en-argentina-durante-el-2021\\\/\"},\"wordCount\":84,\"commentCount\":1,\"publisher\":{\"@id\":\"http:\\\/\\\/autosdelpodio.com\\\/autos\\\/#organization\"},\"image\":{\"@id\":\"http:\\\/\\\/autosdelpodio.com\\\/autos\\\/ventas-anuales-en-argentina-durante-el-2021\\\/#primaryimage\"},\"thumbnailUrl\":\"http:\\\/\\\/autosdelpodio.com\\\/autos\\\/wp-content\\\/uploads\\\/2021\\\/07\\\/Patente_Mercosur_Arg-e1625172248186.jpg\",\"keywords\":[\"Okm\",\"Patentamientos\",\"Producci\u00f3n\",\"Republica Argentina\",\"Venta de autos\"],\"articleSection\":[\"Recta Principal\",\"\u00daltimas noticias\"],\"inLanguage\":\"es\",\"potentialAction\":[{\"@type\":\"CommentAction\",\"name\":\"Comment\",\"target\":[\"http:\\\/\\\/autosdelpodio.com\\\/autos\\\/ventas-anuales-en-argentina-durante-el-2021\\\/#respond\"]}]},{\"@type\":\"WebPage\",\"@id\":\"http:\\\/\\\/autosdelpodio.com\\\/autos\\\/ventas-anuales-en-argentina-durante-el-2021\\\/\",\"url\":\"http:\\\/\\\/autosdelpodio.com\\\/autos\\\/ventas-anuales-en-argentina-durante-el-2021\\\/\",\"name\":\"Autos del Podio | Ventas anuales en Argentina durante el 2021\",\"isPartOf\":{\"@id\":\"http:\\\/\\\/autosdelpodio.com\\\/autos\\\/#website\"},\"primaryImageOfPage\":{\"@id\":\"http:\\\/\\\/autosdelpodio.com\\\/autos\\\/ventas-anuales-en-argentina-durante-el-2021\\\/#primaryimage\"},\"image\":{\"@id\":\"http:\\\/\\\/autosdelpodio.com\\\/autos\\\/ventas-anuales-en-argentina-durante-el-2021\\\/#primaryimage\"},\"thumbnailUrl\":\"http:\\\/\\\/autosdelpodio.com\\\/autos\\\/wp-content\\\/uploads\\\/2021\\\/07\\\/Patente_Mercosur_Arg-e1625172248186.jpg\",\"datePublished\":\"2022-01-02T17:10:00+00:00\",\"dateModified\":\"2022-01-06T13:44:54+00:00\",\"description\":\"Autos del Podio El Fiat Cronos fue el auto mas vendido en 2021\",\"breadcrumb\":{\"@id\":\"http:\\\/\\\/autosdelpodio.com\\\/autos\\\/ventas-anuales-en-argentina-durante-el-2021\\\/#breadcrumb\"},\"inLanguage\":\"es\",\"potentialAction\":[{\"@type\":\"ReadAction\",\"target\":[\"http:\\\/\\\/autosdelpodio.com\\\/autos\\\/ventas-anuales-en-argentina-durante-el-2021\\\/\"]}]},{\"@type\":\"ImageObject\",\"inLanguage\":\"es\",\"@id\":\"http:\\\/\\\/autosdelpodio.com\\\/autos\\\/ventas-anuales-en-argentina-durante-el-2021\\\/#primaryimage\",\"url\":\"http:\\\/\\\/autosdelpodio.com\\\/autos\\\/wp-content\\\/uploads\\\/2021\\\/07\\\/Patente_Mercosur_Arg-e1625172248186.jpg\",\"contentUrl\":\"http:\\\/\\\/autosdelpodio.com\\\/autos\\\/wp-content\\\/uploads\\\/2021\\\/07\\\/Patente_Mercosur_Arg-e1625172248186.jpg\",\"width\":500,\"height\":207},{\"@type\":\"BreadcrumbList\",\"@id\":\"http:\\\/\\\/autosdelpodio.com\\\/autos\\\/ventas-anuales-en-argentina-durante-el-2021\\\/#breadcrumb\",\"itemListElement\":[{\"@type\":\"ListItem\",\"position\":1,\"name\":\"Portada\",\"item\":\"http:\\\/\\\/autosdelpodio.com\\\/autos\\\/\"},{\"@type\":\"ListItem\",\"position\":2,\"name\":\"Ventas anuales en Argentina durante el 2021\"}]},{\"@type\":\"WebSite\",\"@id\":\"http:\\\/\\\/autosdelpodio.com\\\/autos\\\/#website\",\"url\":\"http:\\\/\\\/autosdelpodio.com\\\/autos\\\/\",\"name\":\"Autos del Podio\",\"description\":\"La sexta del deporte motor\",\"publisher\":{\"@id\":\"http:\\\/\\\/autosdelpodio.com\\\/autos\\\/#organization\"},\"potentialAction\":[{\"@type\":\"SearchAction\",\"target\":{\"@type\":\"EntryPoint\",\"urlTemplate\":\"http:\\\/\\\/autosdelpodio.com\\\/autos\\\/?s={search_term_string}\"},\"query-input\":{\"@type\":\"PropertyValueSpecification\",\"valueRequired\":true,\"valueName\":\"search_term_string\"}}],\"inLanguage\":\"es\"},{\"@type\":\"Organization\",\"@id\":\"http:\\\/\\\/autosdelpodio.com\\\/autos\\\/#organization\",\"name\":\"Autos del Podio\",\"url\":\"http:\\\/\\\/autosdelpodio.com\\\/autos\\\/\",\"logo\":{\"@type\":\"ImageObject\",\"inLanguage\":\"es\",\"@id\":\"http:\\\/\\\/autosdelpodio.com\\\/autos\\\/#\\\/schema\\\/logo\\\/image\\\/\",\"url\":\"http:\\\/\\\/autosdelpodio.com\\\/autos\\\/wp-content\\\/uploads\\\/2020\\\/08\\\/Logo_AR.jpg\",\"contentUrl\":\"http:\\\/\\\/autosdelpodio.com\\\/autos\\\/wp-content\\\/uploads\\\/2020\\\/08\\\/Logo_AR.jpg\",\"width\":1038,\"height\":1044,\"caption\":\"Autos del Podio\"},\"image\":{\"@id\":\"http:\\\/\\\/autosdelpodio.com\\\/autos\\\/#\\\/schema\\\/logo\\\/image\\\/\"},\"sameAs\":[\"https:\\\/\\\/www.facebook.com\\\/profile.php?id=100057192590976&amp;amp;amp;amp;amp;amp;amp;amp;amp;amp;amp;amp;amp;amp;amp;amp;amp;amp;ref=ts\",\"https:\\\/\\\/x.com\\\/autosdelpodio\",\"https:\\\/\\\/www.youtube.com\\\/user\\\/AutosdelPodio\"]},{\"@type\":\"Person\",\"@id\":\"http:\\\/\\\/autosdelpodio.com\\\/autos\\\/#\\\/schema\\\/person\\\/993527a4d01c3acdd3d6bce3770bc942\",\"name\":\"autosdelpodio\",\"image\":{\"@type\":\"ImageObject\",\"inLanguage\":\"es\",\"@id\":\"http:\\\/\\\/autosdelpodio.com\\\/autos\\\/wp-content\\\/litespeed\\\/avatar\\\/aa8f65cd201a80f6b844f63278aa84af.jpg?ver=1777403005\",\"url\":\"http:\\\/\\\/autosdelpodio.com\\\/autos\\\/wp-content\\\/litespeed\\\/avatar\\\/aa8f65cd201a80f6b844f63278aa84af.jpg?ver=1777403005\",\"contentUrl\":\"http:\\\/\\\/autosdelpodio.com\\\/autos\\\/wp-content\\\/litespeed\\\/avatar\\\/aa8f65cd201a80f6b844f63278aa84af.jpg?ver=1777403005\",\"caption\":\"autosdelpodio\"}}]}<\/script>\n<!-- \/ Yoast SEO plugin. -->","yoast_head_json":{"title":"Autos del Podio | Ventas anuales en Argentina durante el 2021","description":"Autos del Podio El Fiat Cronos fue el auto mas vendido en 2021","robots":{"index":"index","follow":"follow","max-snippet":"max-snippet:-1","max-image-preview":"max-image-preview:large","max-video-preview":"max-video-preview:-1"},"canonical":"http:\/\/autosdelpodio.com\/autos\/ventas-anuales-en-argentina-durante-el-2021\/","og_locale":"es_ES","og_type":"article","og_title":"Autos del Podio | Ventas anuales en Argentina durante el 2021","og_description":"Autos del Podio El Fiat Cronos fue el auto mas vendido en 2021","og_url":"http:\/\/autosdelpodio.com\/autos\/ventas-anuales-en-argentina-durante-el-2021\/","og_site_name":"Autos del Podio","article_publisher":"https:\/\/www.facebook.com\/profile.php?id=100057192590976&amp%3bamp%3bamp%3bamp%3bamp%3bamp%3bamp%3bamp%3bamp%3bamp%3bamp%3bamp%3bamp%3bamp%3bamp%3bamp%3bamp%3bamp%3bref=ts","article_published_time":"2022-01-02T17:10:00+00:00","article_modified_time":"2022-01-06T13:44:54+00:00","og_image":[{"width":500,"height":207,"url":"http:\/\/autosdelpodio.com\/autos\/wp-content\/uploads\/2021\/07\/Patente_Mercosur_Arg-e1625172248186.jpg","type":"image\/jpeg"}],"author":"autosdelpodio","twitter_card":"summary_large_image","twitter_creator":"@autosdelpodio","twitter_site":"@autosdelpodio","twitter_misc":{"Escrito por":"autosdelpodio","Tiempo de lectura":"1 minuto"},"schema":{"@context":"https:\/\/schema.org","@graph":[{"@type":"Article","@id":"http:\/\/autosdelpodio.com\/autos\/ventas-anuales-en-argentina-durante-el-2021\/#article","isPartOf":{"@id":"http:\/\/autosdelpodio.com\/autos\/ventas-anuales-en-argentina-durante-el-2021\/"},"author":{"name":"autosdelpodio","@id":"http:\/\/autosdelpodio.com\/autos\/#\/schema\/person\/993527a4d01c3acdd3d6bce3770bc942"},"headline":"Ventas anuales en Argentina durante el 2021","datePublished":"2022-01-02T17:10:00+00:00","dateModified":"2022-01-06T13:44:54+00:00","mainEntityOfPage":{"@id":"http:\/\/autosdelpodio.com\/autos\/ventas-anuales-en-argentina-durante-el-2021\/"},"wordCount":84,"commentCount":1,"publisher":{"@id":"http:\/\/autosdelpodio.com\/autos\/#organization"},"image":{"@id":"http:\/\/autosdelpodio.com\/autos\/ventas-anuales-en-argentina-durante-el-2021\/#primaryimage"},"thumbnailUrl":"http:\/\/autosdelpodio.com\/autos\/wp-content\/uploads\/2021\/07\/Patente_Mercosur_Arg-e1625172248186.jpg","keywords":["Okm","Patentamientos","Producci\u00f3n","Republica Argentina","Venta de autos"],"articleSection":["Recta Principal","\u00daltimas noticias"],"inLanguage":"es","potentialAction":[{"@type":"CommentAction","name":"Comment","target":["http:\/\/autosdelpodio.com\/autos\/ventas-anuales-en-argentina-durante-el-2021\/#respond"]}]},{"@type":"WebPage","@id":"http:\/\/autosdelpodio.com\/autos\/ventas-anuales-en-argentina-durante-el-2021\/","url":"http:\/\/autosdelpodio.com\/autos\/ventas-anuales-en-argentina-durante-el-2021\/","name":"Autos del Podio | Ventas anuales en Argentina durante el 2021","isPartOf":{"@id":"http:\/\/autosdelpodio.com\/autos\/#website"},"primaryImageOfPage":{"@id":"http:\/\/autosdelpodio.com\/autos\/ventas-anuales-en-argentina-durante-el-2021\/#primaryimage"},"image":{"@id":"http:\/\/autosdelpodio.com\/autos\/ventas-anuales-en-argentina-durante-el-2021\/#primaryimage"},"thumbnailUrl":"http:\/\/autosdelpodio.com\/autos\/wp-content\/uploads\/2021\/07\/Patente_Mercosur_Arg-e1625172248186.jpg","datePublished":"2022-01-02T17:10:00+00:00","dateModified":"2022-01-06T13:44:54+00:00","description":"Autos del Podio El Fiat Cronos fue el auto mas vendido en 2021","breadcrumb":{"@id":"http:\/\/autosdelpodio.com\/autos\/ventas-anuales-en-argentina-durante-el-2021\/#breadcrumb"},"inLanguage":"es","potentialAction":[{"@type":"ReadAction","target":["http:\/\/autosdelpodio.com\/autos\/ventas-anuales-en-argentina-durante-el-2021\/"]}]},{"@type":"ImageObject","inLanguage":"es","@id":"http:\/\/autosdelpodio.com\/autos\/ventas-anuales-en-argentina-durante-el-2021\/#primaryimage","url":"http:\/\/autosdelpodio.com\/autos\/wp-content\/uploads\/2021\/07\/Patente_Mercosur_Arg-e1625172248186.jpg","contentUrl":"http:\/\/autosdelpodio.com\/autos\/wp-content\/uploads\/2021\/07\/Patente_Mercosur_Arg-e1625172248186.jpg","width":500,"height":207},{"@type":"BreadcrumbList","@id":"http:\/\/autosdelpodio.com\/autos\/ventas-anuales-en-argentina-durante-el-2021\/#breadcrumb","itemListElement":[{"@type":"ListItem","position":1,"name":"Portada","item":"http:\/\/autosdelpodio.com\/autos\/"},{"@type":"ListItem","position":2,"name":"Ventas anuales en Argentina durante el 2021"}]},{"@type":"WebSite","@id":"http:\/\/autosdelpodio.com\/autos\/#website","url":"http:\/\/autosdelpodio.com\/autos\/","name":"Autos del Podio","description":"La sexta del deporte motor","publisher":{"@id":"http:\/\/autosdelpodio.com\/autos\/#organization"},"potentialAction":[{"@type":"SearchAction","target":{"@type":"EntryPoint","urlTemplate":"http:\/\/autosdelpodio.com\/autos\/?s={search_term_string}"},"query-input":{"@type":"PropertyValueSpecification","valueRequired":true,"valueName":"search_term_string"}}],"inLanguage":"es"},{"@type":"Organization","@id":"http:\/\/autosdelpodio.com\/autos\/#organization","name":"Autos del Podio","url":"http:\/\/autosdelpodio.com\/autos\/","logo":{"@type":"ImageObject","inLanguage":"es","@id":"http:\/\/autosdelpodio.com\/autos\/#\/schema\/logo\/image\/","url":"http:\/\/autosdelpodio.com\/autos\/wp-content\/uploads\/2020\/08\/Logo_AR.jpg","contentUrl":"http:\/\/autosdelpodio.com\/autos\/wp-content\/uploads\/2020\/08\/Logo_AR.jpg","width":1038,"height":1044,"caption":"Autos del Podio"},"image":{"@id":"http:\/\/autosdelpodio.com\/autos\/#\/schema\/logo\/image\/"},"sameAs":["https:\/\/www.facebook.com\/profile.php?id=100057192590976&amp;amp;amp;amp;amp;amp;amp;amp;amp;amp;amp;amp;amp;amp;amp;amp;amp;amp;ref=ts","https:\/\/x.com\/autosdelpodio","https:\/\/www.youtube.com\/user\/AutosdelPodio"]},{"@type":"Person","@id":"http:\/\/autosdelpodio.com\/autos\/#\/schema\/person\/993527a4d01c3acdd3d6bce3770bc942","name":"autosdelpodio","image":{"@type":"ImageObject","inLanguage":"es","@id":"http:\/\/autosdelpodio.com\/autos\/wp-content\/litespeed\/avatar\/aa8f65cd201a80f6b844f63278aa84af.jpg?ver=1777403005","url":"http:\/\/autosdelpodio.com\/autos\/wp-content\/litespeed\/avatar\/aa8f65cd201a80f6b844f63278aa84af.jpg?ver=1777403005","contentUrl":"http:\/\/autosdelpodio.com\/autos\/wp-content\/litespeed\/avatar\/aa8f65cd201a80f6b844f63278aa84af.jpg?ver=1777403005","caption":"autosdelpodio"}}]}},"views":639,"_links":{"self":[{"href":"http:\/\/autosdelpodio.com\/autos\/wp-json\/wp\/v2\/posts\/5289","targetHints":{"allow":["GET"]}}],"collection":[{"href":"http:\/\/autosdelpodio.com\/autos\/wp-json\/wp\/v2\/posts"}],"about":[{"href":"http:\/\/autosdelpodio.com\/autos\/wp-json\/wp\/v2\/types\/post"}],"author":[{"embeddable":true,"href":"http:\/\/autosdelpodio.com\/autos\/wp-json\/wp\/v2\/users\/3"}],"replies":[{"embeddable":true,"href":"http:\/\/autosdelpodio.com\/autos\/wp-json\/wp\/v2\/comments?post=5289"}],"version-history":[{"count":2,"href":"http:\/\/autosdelpodio.com\/autos\/wp-json\/wp\/v2\/posts\/5289\/revisions"}],"predecessor-version":[{"id":5299,"href":"http:\/\/autosdelpodio.com\/autos\/wp-json\/wp\/v2\/posts\/5289\/revisions\/5299"}],"wp:featuredmedia":[{"embeddable":true,"href":"http:\/\/autosdelpodio.com\/autos\/wp-json\/wp\/v2\/media\/4406"}],"wp:attachment":[{"href":"http:\/\/autosdelpodio.com\/autos\/wp-json\/wp\/v2\/media?parent=5289"}],"wp:term":[{"taxonomy":"category","embeddable":true,"href":"http:\/\/autosdelpodio.com\/autos\/wp-json\/wp\/v2\/categories?post=5289"},{"taxonomy":"post_tag","embeddable":true,"href":"http:\/\/autosdelpodio.com\/autos\/wp-json\/wp\/v2\/tags?post=5289"}],"curies":[{"name":"wp","href":"https:\/\/api.w.org\/{rel}","templated":true}]}}