{"id":537,"date":"2012-10-03T23:59:37","date_gmt":"2012-10-03T23:59:37","guid":{"rendered":"http:\/\/autosdelpodio.com\/autos\/2012\/10\/03\/la-vision-de-los-hechos-de-guillermo-daguanno\/"},"modified":"2012-10-03T23:59:37","modified_gmt":"2012-10-03T23:59:37","slug":"la-vision-de-los-hechos-de-guillermo-daguanno","status":"publish","type":"post","link":"http:\/\/autosdelpodio.com\/autos\/la-vision-de-los-hechos-de-guillermo-daguanno\/","title":{"rendered":"La visi\u00f2n de los hechos de Guillermo D&#8217;Aguanno"},"content":{"rendered":"<p>\u00a0<\/p>\n<p>Notificado por la suspensi\u00f3n de su licencia deportiva por parte de la ACTC, el piloto de TC Pista, Guillermo D&#8217;Aguanno public\u00f3 en Facebook los motivos del por qu\u00e9 de esta situaci\u00f3n.<\/p>\n<p>Recordemos que el d\u00eda 2 de Octubre La Comisi\u00f3n Asesora y Fiscalizadora de la ACTC emiti\u00f3 un comunicado informando entre otras medidas Disponer el retiro de licencia deportiva del piloto de la categor\u00eda TC Pista, Guillermo D\u2019Aguanno, atento a su in conducta respecto a las responsabilidades emergentes de su participaci\u00f3n dentro de la actividad que desarrolla esta Asociaci\u00f3n Corredores Turismo Carretera.<\/p>\n<p>Aqu\u00ed citada en forma textual las palabras del piloto:<\/p>\n<p>  <!--more-->  <\/p>\n<p>\u00a0<\/p>\n<p>\u00a0<\/p>\n<p>\u00a0<\/p>\n<p>Paso a contarles&#8230;<\/p>\n<p>\u00a0<\/p>\n<p>El a\u00f1o pasado en la carrera de La Plata previa a la carrera de Balcarce, tengo un accidente en el curvon al cortarse 3 esparragos de la rueda trasera izquierda, la misma sale despedida a casi 200km\/h pega en el talud y salta el alambrado, al caer lamentablemente le quiebra las 2 piernas a un pibe de 16 a\u00f1os llamado Mauricio Gaston Vera, quien no recibi\u00f3 la atenci\u00f3n m\u00e9dica inme<\/p>\n<p>diata tuvo que esperar que terminara la carrera tirado en la tierra con las 2 piernas rotas porque no hab\u00eda ambulancia&#8230;la gente de la ACTC nunca se acerco a brindar su ayuda, yo si. Fui a verlo al hospital, me mantuve en contacto todo este tiempo para saber como estaba, fui a la primer conciliaci\u00f3n con la ACTC aunque no hab\u00eda sido demandado por ellos y hasta invite a el y toda su familia a los Boxes en la carrera de Bs.As.<\/p>\n<p>\u00a0<\/p>\n<p>A los pocos dias del accidente La CAF me cita a declarar por lo sucedido y me responsabiliza por el accidente, dandome 2 fechas de SUSPENSION PROVISORIA, \u00abhasta tanto encontrar al verdadero CULPABLE\u00bb de esta desgracia. Yo lleve las FACTURAS donde demuestro que la EMPRESA que fabrico los portamasas, habia hecho el SERVICE previo a la carrera asegurando que los portamasas estaban en PERFECTO ESTADO.<\/p>\n<p>\u00a0<\/p>\n<p>Resulta que ahora la familia Vera y su abogado piden 500.000 pesos de resarcimiento econ\u00f3mico, de los cuales 250.000 est\u00e1n cubiertos por R\u00edo Uruguay Seguros en la entrada al aut\u00f3dromo. Pero los otros 250.000 los tendr\u00eda que poner la ACTC y ellos NO PUEDEN AFRONTAR EL GASTO SOLOS (si si leyeron bien).<\/p>\n<p>Por eso me citaron de manera urgente y me \u00abapretaron\u00bb para que yo haga un aporte econ\u00f3mico ignorando las pruebas que lleve en su momento desligando mi responsabilidad y lo m\u00e1s curioso, ignorando que YO NO FUI DEMANDADO por la familia.<\/p>\n<p>\u00a0<\/p>\n<p>Yo por supuesto me negu\u00e9, alegando que no podr\u00eda seguir corriendo si tengo que entregarles el dinero, cosa que no les import\u00f3. Me pidieron que me retirara amablemente e ir\u00f3nicamente el Sr. \u00c1lvarez (Presidente de la CAF) me dijo: SUERTE&#8230;<\/p>\n<p>\u00a0<\/p>\n<p>1 hora m\u00e1s tarde me llega un Mail de la ACTC diciendo:<\/p>\n<p>\u00a0<\/p>\n<p>SR. GUILLERMO D\u00b4AGUANNO<\/p>\n<p>PRESENTE<\/p>\n<p>\u00a0<\/p>\n<p>Disponer el retiro de licencia deportiva del piloto de la categor\u00eda TC Pista, Guillermo D\u2019Aguanno, atento a su inconducta respecto a las responsabilidades emergentes de su participaci\u00f3n dentro de la actividad que desarrolla esta Asociaci\u00f3n Corredores Turismo Carretera.<\/p>\n<p>Disponiendose en consecuencia la baja de la inscripci\u00f3n para la competencia de la categor\u00eda TCP a desarrollarse en el Autodromo Rosendo Hernandez de la Ciudad de San Luis el pr\u00f3ximo 7\/10\/2012.<\/p>\n<p>\u00a0<\/p>\n<p>As\u00ed concluye esta injusticia que quedar\u00e1 seguramente impune como tantas otras&#8230;<\/p>\n<p>\u00a0<\/p>\n<p>Guille<\/p>\n<p>\u00a0<\/p>\n","protected":false},"excerpt":{"rendered":"<p>\u00a0 Notificado por la suspensi\u00f3n de su licencia deportiva por parte de la ACTC, el piloto de TC Pista, Guillermo<\/p>\n","protected":false},"author":1,"featured_media":0,"comment_status":"open","ping_status":"open","sticky":false,"template":"","format":"standard","meta":{"colormag_page_container_layout":"default_layout","colormag_page_sidebar_layout":"default_layout","footnotes":""},"categories":[5],"tags":[],"class_list":["post-537","post","type-post","status-publish","format-standard","hentry","category-latest-news"],"yoast_head":"<!-- This site is optimized with the Yoast SEO plugin v27.4 - https:\/\/yoast.com\/product\/yoast-seo-wordpress\/ -->\n<title>Autos del Podio | La visi\u00f2n de los hechos de Guillermo D&#039;Aguanno<\/title>\n<meta name=\"description\" content=\"Autos del Podio\" \/>\n<meta name=\"robots\" content=\"index, follow, max-snippet:-1, max-image-preview:large, max-video-preview:-1\" \/>\n<link rel=\"canonical\" href=\"http:\/\/autosdelpodio.com\/autos\/la-vision-de-los-hechos-de-guillermo-daguanno\/\" \/>\n<meta property=\"og:locale\" content=\"es_ES\" \/>\n<meta property=\"og:type\" content=\"article\" \/>\n<meta property=\"og:title\" content=\"Autos del Podio | La visi\u00f2n de los hechos de Guillermo D&#039;Aguanno\" \/>\n<meta property=\"og:description\" content=\"Autos del Podio\" \/>\n<meta property=\"og:url\" content=\"http:\/\/autosdelpodio.com\/autos\/la-vision-de-los-hechos-de-guillermo-daguanno\/\" \/>\n<meta property=\"og:site_name\" content=\"Autos del Podio\" \/>\n<meta property=\"article:publisher\" content=\"https:\/\/www.facebook.com\/profile.php?id=100057192590976&amp;amp%3bamp%3bamp%3bamp%3bamp%3bamp%3bamp%3bamp%3bamp%3bamp%3bamp%3bamp%3bamp%3bamp%3bamp%3bamp%3bamp%3bamp%3bref=ts\" \/>\n<meta property=\"article:published_time\" content=\"2012-10-03T23:59:37+00:00\" \/>\n<meta name=\"author\" content=\"wi022230\" \/>\n<meta name=\"twitter:card\" content=\"summary_large_image\" \/>\n<meta name=\"twitter:creator\" content=\"@autosdelpodio\" \/>\n<meta name=\"twitter:site\" content=\"@autosdelpodio\" \/>\n<meta name=\"twitter:label1\" content=\"Escrito por\" \/>\n\t<meta name=\"twitter:data1\" content=\"wi022230\" \/>\n\t<meta name=\"twitter:label2\" content=\"Tiempo de lectura\" \/>\n\t<meta name=\"twitter:data2\" content=\"3 minutos\" \/>\n<script type=\"application\/ld+json\" class=\"yoast-schema-graph\">{\"@context\":\"https:\\\/\\\/schema.org\",\"@graph\":[{\"@type\":\"Article\",\"@id\":\"http:\\\/\\\/autosdelpodio.com\\\/autos\\\/la-vision-de-los-hechos-de-guillermo-daguanno\\\/#article\",\"isPartOf\":{\"@id\":\"http:\\\/\\\/autosdelpodio.com\\\/autos\\\/la-vision-de-los-hechos-de-guillermo-daguanno\\\/\"},\"author\":{\"name\":\"wi022230\",\"@id\":\"http:\\\/\\\/autosdelpodio.com\\\/autos\\\/#\\\/schema\\\/person\\\/e88353cabf768863fdf874e30120f3ba\"},\"headline\":\"La visi\u00f2n de los hechos de Guillermo D&#8217;Aguanno\",\"datePublished\":\"2012-10-03T23:59:37+00:00\",\"mainEntityOfPage\":{\"@id\":\"http:\\\/\\\/autosdelpodio.com\\\/autos\\\/la-vision-de-los-hechos-de-guillermo-daguanno\\\/\"},\"wordCount\":585,\"commentCount\":0,\"publisher\":{\"@id\":\"http:\\\/\\\/autosdelpodio.com\\\/autos\\\/#organization\"},\"articleSection\":[\"\u00daltimas noticias\"],\"inLanguage\":\"es\",\"potentialAction\":[{\"@type\":\"CommentAction\",\"name\":\"Comment\",\"target\":[\"http:\\\/\\\/autosdelpodio.com\\\/autos\\\/la-vision-de-los-hechos-de-guillermo-daguanno\\\/#respond\"]}]},{\"@type\":\"WebPage\",\"@id\":\"http:\\\/\\\/autosdelpodio.com\\\/autos\\\/la-vision-de-los-hechos-de-guillermo-daguanno\\\/\",\"url\":\"http:\\\/\\\/autosdelpodio.com\\\/autos\\\/la-vision-de-los-hechos-de-guillermo-daguanno\\\/\",\"name\":\"Autos del Podio | La visi\u00f2n de los hechos de Guillermo D'Aguanno\",\"isPartOf\":{\"@id\":\"http:\\\/\\\/autosdelpodio.com\\\/autos\\\/#website\"},\"datePublished\":\"2012-10-03T23:59:37+00:00\",\"description\":\"Autos del Podio\",\"breadcrumb\":{\"@id\":\"http:\\\/\\\/autosdelpodio.com\\\/autos\\\/la-vision-de-los-hechos-de-guillermo-daguanno\\\/#breadcrumb\"},\"inLanguage\":\"es\",\"potentialAction\":[{\"@type\":\"ReadAction\",\"target\":[\"http:\\\/\\\/autosdelpodio.com\\\/autos\\\/la-vision-de-los-hechos-de-guillermo-daguanno\\\/\"]}]},{\"@type\":\"BreadcrumbList\",\"@id\":\"http:\\\/\\\/autosdelpodio.com\\\/autos\\\/la-vision-de-los-hechos-de-guillermo-daguanno\\\/#breadcrumb\",\"itemListElement\":[{\"@type\":\"ListItem\",\"position\":1,\"name\":\"Portada\",\"item\":\"http:\\\/\\\/autosdelpodio.com\\\/autos\\\/\"},{\"@type\":\"ListItem\",\"position\":2,\"name\":\"La visi\u00f2n de los hechos de Guillermo D&#8217;Aguanno\"}]},{\"@type\":\"WebSite\",\"@id\":\"http:\\\/\\\/autosdelpodio.com\\\/autos\\\/#website\",\"url\":\"http:\\\/\\\/autosdelpodio.com\\\/autos\\\/\",\"name\":\"Autos del Podio\",\"description\":\"La sexta del deporte motor\",\"publisher\":{\"@id\":\"http:\\\/\\\/autosdelpodio.com\\\/autos\\\/#organization\"},\"potentialAction\":[{\"@type\":\"SearchAction\",\"target\":{\"@type\":\"EntryPoint\",\"urlTemplate\":\"http:\\\/\\\/autosdelpodio.com\\\/autos\\\/?s={search_term_string}\"},\"query-input\":{\"@type\":\"PropertyValueSpecification\",\"valueRequired\":true,\"valueName\":\"search_term_string\"}}],\"inLanguage\":\"es\"},{\"@type\":\"Organization\",\"@id\":\"http:\\\/\\\/autosdelpodio.com\\\/autos\\\/#organization\",\"name\":\"Autos del Podio\",\"url\":\"http:\\\/\\\/autosdelpodio.com\\\/autos\\\/\",\"logo\":{\"@type\":\"ImageObject\",\"inLanguage\":\"es\",\"@id\":\"http:\\\/\\\/autosdelpodio.com\\\/autos\\\/#\\\/schema\\\/logo\\\/image\\\/\",\"url\":\"http:\\\/\\\/autosdelpodio.com\\\/autos\\\/wp-content\\\/uploads\\\/2020\\\/08\\\/Logo_AR.jpg\",\"contentUrl\":\"http:\\\/\\\/autosdelpodio.com\\\/autos\\\/wp-content\\\/uploads\\\/2020\\\/08\\\/Logo_AR.jpg\",\"width\":1038,\"height\":1044,\"caption\":\"Autos del Podio\"},\"image\":{\"@id\":\"http:\\\/\\\/autosdelpodio.com\\\/autos\\\/#\\\/schema\\\/logo\\\/image\\\/\"},\"sameAs\":[\"https:\\\/\\\/www.facebook.com\\\/profile.php?id=100057192590976&amp;amp;amp;amp;amp;amp;amp;amp;amp;amp;amp;amp;amp;amp;amp;amp;amp;amp;ref=ts\",\"https:\\\/\\\/x.com\\\/autosdelpodio\",\"https:\\\/\\\/www.youtube.com\\\/user\\\/AutosdelPodio\"]},{\"@type\":\"Person\",\"@id\":\"http:\\\/\\\/autosdelpodio.com\\\/autos\\\/#\\\/schema\\\/person\\\/e88353cabf768863fdf874e30120f3ba\",\"name\":\"wi022230\",\"image\":{\"@type\":\"ImageObject\",\"inLanguage\":\"es\",\"@id\":\"http:\\\/\\\/autosdelpodio.com\\\/autos\\\/wp-content\\\/litespeed\\\/avatar\\\/453fc9bdbb11d766ba4c7f14d0bd0aa9.jpg?ver=1776800006\",\"url\":\"http:\\\/\\\/autosdelpodio.com\\\/autos\\\/wp-content\\\/litespeed\\\/avatar\\\/453fc9bdbb11d766ba4c7f14d0bd0aa9.jpg?ver=1776800006\",\"contentUrl\":\"http:\\\/\\\/autosdelpodio.com\\\/autos\\\/wp-content\\\/litespeed\\\/avatar\\\/453fc9bdbb11d766ba4c7f14d0bd0aa9.jpg?ver=1776800006\",\"caption\":\"wi022230\"}}]}<\/script>\n<!-- \/ Yoast SEO plugin. -->","yoast_head_json":{"title":"Autos del Podio | La visi\u00f2n de los hechos de Guillermo D'Aguanno","description":"Autos del Podio","robots":{"index":"index","follow":"follow","max-snippet":"max-snippet:-1","max-image-preview":"max-image-preview:large","max-video-preview":"max-video-preview:-1"},"canonical":"http:\/\/autosdelpodio.com\/autos\/la-vision-de-los-hechos-de-guillermo-daguanno\/","og_locale":"es_ES","og_type":"article","og_title":"Autos del Podio | La visi\u00f2n de los hechos de Guillermo D'Aguanno","og_description":"Autos del Podio","og_url":"http:\/\/autosdelpodio.com\/autos\/la-vision-de-los-hechos-de-guillermo-daguanno\/","og_site_name":"Autos del Podio","article_publisher":"https:\/\/www.facebook.com\/profile.php?id=100057192590976&amp%3bamp%3bamp%3bamp%3bamp%3bamp%3bamp%3bamp%3bamp%3bamp%3bamp%3bamp%3bamp%3bamp%3bamp%3bamp%3bamp%3bamp%3bref=ts","article_published_time":"2012-10-03T23:59:37+00:00","author":"wi022230","twitter_card":"summary_large_image","twitter_creator":"@autosdelpodio","twitter_site":"@autosdelpodio","twitter_misc":{"Escrito por":"wi022230","Tiempo de lectura":"3 minutos"},"schema":{"@context":"https:\/\/schema.org","@graph":[{"@type":"Article","@id":"http:\/\/autosdelpodio.com\/autos\/la-vision-de-los-hechos-de-guillermo-daguanno\/#article","isPartOf":{"@id":"http:\/\/autosdelpodio.com\/autos\/la-vision-de-los-hechos-de-guillermo-daguanno\/"},"author":{"name":"wi022230","@id":"http:\/\/autosdelpodio.com\/autos\/#\/schema\/person\/e88353cabf768863fdf874e30120f3ba"},"headline":"La visi\u00f2n de los hechos de Guillermo D&#8217;Aguanno","datePublished":"2012-10-03T23:59:37+00:00","mainEntityOfPage":{"@id":"http:\/\/autosdelpodio.com\/autos\/la-vision-de-los-hechos-de-guillermo-daguanno\/"},"wordCount":585,"commentCount":0,"publisher":{"@id":"http:\/\/autosdelpodio.com\/autos\/#organization"},"articleSection":["\u00daltimas noticias"],"inLanguage":"es","potentialAction":[{"@type":"CommentAction","name":"Comment","target":["http:\/\/autosdelpodio.com\/autos\/la-vision-de-los-hechos-de-guillermo-daguanno\/#respond"]}]},{"@type":"WebPage","@id":"http:\/\/autosdelpodio.com\/autos\/la-vision-de-los-hechos-de-guillermo-daguanno\/","url":"http:\/\/autosdelpodio.com\/autos\/la-vision-de-los-hechos-de-guillermo-daguanno\/","name":"Autos del Podio | La visi\u00f2n de los hechos de Guillermo D'Aguanno","isPartOf":{"@id":"http:\/\/autosdelpodio.com\/autos\/#website"},"datePublished":"2012-10-03T23:59:37+00:00","description":"Autos del Podio","breadcrumb":{"@id":"http:\/\/autosdelpodio.com\/autos\/la-vision-de-los-hechos-de-guillermo-daguanno\/#breadcrumb"},"inLanguage":"es","potentialAction":[{"@type":"ReadAction","target":["http:\/\/autosdelpodio.com\/autos\/la-vision-de-los-hechos-de-guillermo-daguanno\/"]}]},{"@type":"BreadcrumbList","@id":"http:\/\/autosdelpodio.com\/autos\/la-vision-de-los-hechos-de-guillermo-daguanno\/#breadcrumb","itemListElement":[{"@type":"ListItem","position":1,"name":"Portada","item":"http:\/\/autosdelpodio.com\/autos\/"},{"@type":"ListItem","position":2,"name":"La visi\u00f2n de los hechos de Guillermo D&#8217;Aguanno"}]},{"@type":"WebSite","@id":"http:\/\/autosdelpodio.com\/autos\/#website","url":"http:\/\/autosdelpodio.com\/autos\/","name":"Autos del Podio","description":"La sexta del deporte motor","publisher":{"@id":"http:\/\/autosdelpodio.com\/autos\/#organization"},"potentialAction":[{"@type":"SearchAction","target":{"@type":"EntryPoint","urlTemplate":"http:\/\/autosdelpodio.com\/autos\/?s={search_term_string}"},"query-input":{"@type":"PropertyValueSpecification","valueRequired":true,"valueName":"search_term_string"}}],"inLanguage":"es"},{"@type":"Organization","@id":"http:\/\/autosdelpodio.com\/autos\/#organization","name":"Autos del Podio","url":"http:\/\/autosdelpodio.com\/autos\/","logo":{"@type":"ImageObject","inLanguage":"es","@id":"http:\/\/autosdelpodio.com\/autos\/#\/schema\/logo\/image\/","url":"http:\/\/autosdelpodio.com\/autos\/wp-content\/uploads\/2020\/08\/Logo_AR.jpg","contentUrl":"http:\/\/autosdelpodio.com\/autos\/wp-content\/uploads\/2020\/08\/Logo_AR.jpg","width":1038,"height":1044,"caption":"Autos del Podio"},"image":{"@id":"http:\/\/autosdelpodio.com\/autos\/#\/schema\/logo\/image\/"},"sameAs":["https:\/\/www.facebook.com\/profile.php?id=100057192590976&amp;amp;amp;amp;amp;amp;amp;amp;amp;amp;amp;amp;amp;amp;amp;amp;amp;amp;ref=ts","https:\/\/x.com\/autosdelpodio","https:\/\/www.youtube.com\/user\/AutosdelPodio"]},{"@type":"Person","@id":"http:\/\/autosdelpodio.com\/autos\/#\/schema\/person\/e88353cabf768863fdf874e30120f3ba","name":"wi022230","image":{"@type":"ImageObject","inLanguage":"es","@id":"http:\/\/autosdelpodio.com\/autos\/wp-content\/litespeed\/avatar\/453fc9bdbb11d766ba4c7f14d0bd0aa9.jpg?ver=1776800006","url":"http:\/\/autosdelpodio.com\/autos\/wp-content\/litespeed\/avatar\/453fc9bdbb11d766ba4c7f14d0bd0aa9.jpg?ver=1776800006","contentUrl":"http:\/\/autosdelpodio.com\/autos\/wp-content\/litespeed\/avatar\/453fc9bdbb11d766ba4c7f14d0bd0aa9.jpg?ver=1776800006","caption":"wi022230"}}]}},"views":852,"_links":{"self":[{"href":"http:\/\/autosdelpodio.com\/autos\/wp-json\/wp\/v2\/posts\/537","targetHints":{"allow":["GET"]}}],"collection":[{"href":"http:\/\/autosdelpodio.com\/autos\/wp-json\/wp\/v2\/posts"}],"about":[{"href":"http:\/\/autosdelpodio.com\/autos\/wp-json\/wp\/v2\/types\/post"}],"author":[{"embeddable":true,"href":"http:\/\/autosdelpodio.com\/autos\/wp-json\/wp\/v2\/users\/1"}],"replies":[{"embeddable":true,"href":"http:\/\/autosdelpodio.com\/autos\/wp-json\/wp\/v2\/comments?post=537"}],"version-history":[{"count":0,"href":"http:\/\/autosdelpodio.com\/autos\/wp-json\/wp\/v2\/posts\/537\/revisions"}],"wp:attachment":[{"href":"http:\/\/autosdelpodio.com\/autos\/wp-json\/wp\/v2\/media?parent=537"}],"wp:term":[{"taxonomy":"category","embeddable":true,"href":"http:\/\/autosdelpodio.com\/autos\/wp-json\/wp\/v2\/categories?post=537"},{"taxonomy":"post_tag","embeddable":true,"href":"http:\/\/autosdelpodio.com\/autos\/wp-json\/wp\/v2\/tags?post=537"}],"curies":[{"name":"wp","href":"https:\/\/api.w.org\/{rel}","templated":true}]}}