{"id":5380,"date":"2022-01-30T16:38:40","date_gmt":"2022-01-30T19:38:40","guid":{"rendered":"http:\/\/autosdelpodio.com\/autos\/?p=5380"},"modified":"2022-01-30T16:43:58","modified_gmt":"2022-01-30T19:43:58","slug":"gran-performance-del-pechito-lopez-en-daytona","status":"publish","type":"post","link":"http:\/\/autosdelpodio.com\/autos\/gran-performance-del-pechito-lopez-en-daytona\/","title":{"rendered":"Gran performance del Pechito Lopez en Daytona"},"content":{"rendered":"\n<p>El argentino fue uno de los tripulantes del Cadillac #48 que arrib\u00f3 en el quinto puesto en la DPI undecimo en la tabla general de la 60\u00b0 edici\u00f3n de las 24 Horas de Daytona.<br>El triunfo fue para el cuartero H\u00e9lio Castroneves, Oliver Jarvis, Simon Pagenaud y Tom Blomqvist al volante del Acura ARX-05 del Meyer Shank Racing.<br>El equipo Ally Cadillac tuvo que trabajar bastante para devolver a pista al Cadillac DPI tras el incidente en pista con otro vehiculo cuando promediaba la competencia que tuvo como compa\u00f1eros de Jose Maria Lopez al local Jimmie Johnson, el japon\u00e9s Kamui Kobayashi y el alem\u00e1n Mike Rockenfelle.<br>En las categor\u00edas inferiores estos fueron los vencedores:<\/p>\n\n\n\n<p><em><strong>GTD: <\/strong>Porsche 911 GT3 &#8211; Richard Lietz, Zach Robichon, Jan Heyley y Ryan Hardick.All\u00ed particip\u00f3 el argentino Luis Perez Companc con una Ferrari Luis P\u00e9rez Companc y finaliz\u00f3 cuarto.<br><strong>LMP2: <\/strong>Oreca &#8211; Eric Lux, Devlin De Francesco, el mexicano, Patricio O\u00b4Ward y Colton Herta.<br>L<strong>MP3: <\/strong>Felipe Fraga, Gar Robinson, Kay Van Berlo y Michael Cooper.<br><strong>GTD Pro: <\/strong>Matthiueu Jaminet, Felipe Nasr y Matt Campbell.<\/em><\/p>\n","protected":false},"excerpt":{"rendered":"<p>El argentino fue uno de los tripulantes del Cadillac #48 que arrib\u00f3 en el quinto puesto en la DPI undecimo<\/p>\n","protected":false},"author":3,"featured_media":0,"comment_status":"open","ping_status":"open","sticky":false,"template":"","format":"standard","meta":{"colormag_page_container_layout":"default_layout","colormag_page_sidebar_layout":"default_layout","footnotes":""},"categories":[16,5],"tags":[650,516,183,327],"class_list":["post-5380","post","type-post","status-publish","format-standard","hentry","category-recta-principal","category-latest-news","tag-cadillac","tag-daytona","tag-estados-unidos","tag-pechito-lopez"],"yoast_head":"<!-- This site is optimized with the Yoast SEO plugin v27.5 - https:\/\/yoast.com\/product\/yoast-seo-wordpress\/ -->\n<title>Autos del Podio | Gran performance del Pechito Lopez en Daytona<\/title>\n<meta name=\"description\" content=\"Autos del Podio Auspicioso debut del campe\u00f3n del WEC en el automovilismo estadounidanse\" \/>\n<meta name=\"robots\" content=\"index, follow, max-snippet:-1, max-image-preview:large, max-video-preview:-1\" \/>\n<link rel=\"canonical\" href=\"http:\/\/autosdelpodio.com\/autos\/gran-performance-del-pechito-lopez-en-daytona\/\" \/>\n<meta property=\"og:locale\" content=\"es_ES\" \/>\n<meta property=\"og:type\" content=\"article\" \/>\n<meta property=\"og:title\" content=\"Autos del Podio | Gran performance del Pechito Lopez en Daytona\" \/>\n<meta property=\"og:description\" content=\"Autos del Podio Auspicioso debut del campe\u00f3n del WEC en el automovilismo estadounidanse\" \/>\n<meta property=\"og:url\" content=\"http:\/\/autosdelpodio.com\/autos\/gran-performance-del-pechito-lopez-en-daytona\/\" \/>\n<meta property=\"og:site_name\" content=\"Autos del Podio\" \/>\n<meta property=\"article:publisher\" content=\"https:\/\/www.facebook.com\/profile.php?id=100057192590976&amp;amp%3bamp%3bamp%3bamp%3bamp%3bamp%3bamp%3bamp%3bamp%3bamp%3bamp%3bamp%3bamp%3bamp%3bamp%3bamp%3bamp%3bamp%3bref=ts\" \/>\n<meta property=\"article:published_time\" content=\"2022-01-30T19:38:40+00:00\" \/>\n<meta property=\"article:modified_time\" content=\"2022-01-30T19:43:58+00:00\" \/>\n<meta name=\"author\" content=\"autosdelpodio\" \/>\n<meta name=\"twitter:card\" content=\"summary_large_image\" \/>\n<meta name=\"twitter:creator\" content=\"@autosdelpodio\" \/>\n<meta name=\"twitter:site\" content=\"@autosdelpodio\" \/>\n<meta name=\"twitter:label1\" content=\"Escrito por\" \/>\n\t<meta name=\"twitter:data1\" content=\"autosdelpodio\" \/>\n\t<meta name=\"twitter:label2\" content=\"Tiempo de lectura\" \/>\n\t<meta name=\"twitter:data2\" content=\"1 minuto\" \/>\n<script type=\"application\/ld+json\" class=\"yoast-schema-graph\">{\"@context\":\"https:\\\/\\\/schema.org\",\"@graph\":[{\"@type\":\"Article\",\"@id\":\"http:\\\/\\\/autosdelpodio.com\\\/autos\\\/gran-performance-del-pechito-lopez-en-daytona\\\/#article\",\"isPartOf\":{\"@id\":\"http:\\\/\\\/autosdelpodio.com\\\/autos\\\/gran-performance-del-pechito-lopez-en-daytona\\\/\"},\"author\":{\"name\":\"autosdelpodio\",\"@id\":\"http:\\\/\\\/autosdelpodio.com\\\/autos\\\/#\\\/schema\\\/person\\\/993527a4d01c3acdd3d6bce3770bc942\"},\"headline\":\"Gran performance del Pechito Lopez en Daytona\",\"datePublished\":\"2022-01-30T19:38:40+00:00\",\"dateModified\":\"2022-01-30T19:43:58+00:00\",\"mainEntityOfPage\":{\"@id\":\"http:\\\/\\\/autosdelpodio.com\\\/autos\\\/gran-performance-del-pechito-lopez-en-daytona\\\/\"},\"wordCount\":190,\"commentCount\":0,\"publisher\":{\"@id\":\"http:\\\/\\\/autosdelpodio.com\\\/autos\\\/#organization\"},\"keywords\":[\"Cadillac\",\"Daytona\",\"Estados Unidos\",\"Pechito Lopez\"],\"articleSection\":[\"Recta Principal\",\"\u00daltimas noticias\"],\"inLanguage\":\"es\",\"potentialAction\":[{\"@type\":\"CommentAction\",\"name\":\"Comment\",\"target\":[\"http:\\\/\\\/autosdelpodio.com\\\/autos\\\/gran-performance-del-pechito-lopez-en-daytona\\\/#respond\"]}]},{\"@type\":\"WebPage\",\"@id\":\"http:\\\/\\\/autosdelpodio.com\\\/autos\\\/gran-performance-del-pechito-lopez-en-daytona\\\/\",\"url\":\"http:\\\/\\\/autosdelpodio.com\\\/autos\\\/gran-performance-del-pechito-lopez-en-daytona\\\/\",\"name\":\"Autos del Podio | Gran performance del Pechito Lopez en Daytona\",\"isPartOf\":{\"@id\":\"http:\\\/\\\/autosdelpodio.com\\\/autos\\\/#website\"},\"datePublished\":\"2022-01-30T19:38:40+00:00\",\"dateModified\":\"2022-01-30T19:43:58+00:00\",\"description\":\"Autos del Podio Auspicioso debut del campe\u00f3n del WEC en el automovilismo estadounidanse\",\"breadcrumb\":{\"@id\":\"http:\\\/\\\/autosdelpodio.com\\\/autos\\\/gran-performance-del-pechito-lopez-en-daytona\\\/#breadcrumb\"},\"inLanguage\":\"es\",\"potentialAction\":[{\"@type\":\"ReadAction\",\"target\":[\"http:\\\/\\\/autosdelpodio.com\\\/autos\\\/gran-performance-del-pechito-lopez-en-daytona\\\/\"]}]},{\"@type\":\"BreadcrumbList\",\"@id\":\"http:\\\/\\\/autosdelpodio.com\\\/autos\\\/gran-performance-del-pechito-lopez-en-daytona\\\/#breadcrumb\",\"itemListElement\":[{\"@type\":\"ListItem\",\"position\":1,\"name\":\"Portada\",\"item\":\"http:\\\/\\\/autosdelpodio.com\\\/autos\\\/\"},{\"@type\":\"ListItem\",\"position\":2,\"name\":\"Gran performance del Pechito Lopez en Daytona\"}]},{\"@type\":\"WebSite\",\"@id\":\"http:\\\/\\\/autosdelpodio.com\\\/autos\\\/#website\",\"url\":\"http:\\\/\\\/autosdelpodio.com\\\/autos\\\/\",\"name\":\"Autos del Podio\",\"description\":\"La sexta del deporte motor\",\"publisher\":{\"@id\":\"http:\\\/\\\/autosdelpodio.com\\\/autos\\\/#organization\"},\"potentialAction\":[{\"@type\":\"SearchAction\",\"target\":{\"@type\":\"EntryPoint\",\"urlTemplate\":\"http:\\\/\\\/autosdelpodio.com\\\/autos\\\/?s={search_term_string}\"},\"query-input\":{\"@type\":\"PropertyValueSpecification\",\"valueRequired\":true,\"valueName\":\"search_term_string\"}}],\"inLanguage\":\"es\"},{\"@type\":\"Organization\",\"@id\":\"http:\\\/\\\/autosdelpodio.com\\\/autos\\\/#organization\",\"name\":\"Autos del Podio\",\"url\":\"http:\\\/\\\/autosdelpodio.com\\\/autos\\\/\",\"logo\":{\"@type\":\"ImageObject\",\"inLanguage\":\"es\",\"@id\":\"http:\\\/\\\/autosdelpodio.com\\\/autos\\\/#\\\/schema\\\/logo\\\/image\\\/\",\"url\":\"http:\\\/\\\/autosdelpodio.com\\\/autos\\\/wp-content\\\/uploads\\\/2020\\\/08\\\/Logo_AR.jpg\",\"contentUrl\":\"http:\\\/\\\/autosdelpodio.com\\\/autos\\\/wp-content\\\/uploads\\\/2020\\\/08\\\/Logo_AR.jpg\",\"width\":1038,\"height\":1044,\"caption\":\"Autos del Podio\"},\"image\":{\"@id\":\"http:\\\/\\\/autosdelpodio.com\\\/autos\\\/#\\\/schema\\\/logo\\\/image\\\/\"},\"sameAs\":[\"https:\\\/\\\/www.facebook.com\\\/profile.php?id=100057192590976&amp;amp;amp;amp;amp;amp;amp;amp;amp;amp;amp;amp;amp;amp;amp;amp;amp;amp;ref=ts\",\"https:\\\/\\\/x.com\\\/autosdelpodio\",\"https:\\\/\\\/www.youtube.com\\\/user\\\/AutosdelPodio\"]},{\"@type\":\"Person\",\"@id\":\"http:\\\/\\\/autosdelpodio.com\\\/autos\\\/#\\\/schema\\\/person\\\/993527a4d01c3acdd3d6bce3770bc942\",\"name\":\"autosdelpodio\",\"image\":{\"@type\":\"ImageObject\",\"inLanguage\":\"es\",\"@id\":\"http:\\\/\\\/autosdelpodio.com\\\/autos\\\/wp-content\\\/litespeed\\\/avatar\\\/aa8f65cd201a80f6b844f63278aa84af.jpg?ver=1777403005\",\"url\":\"http:\\\/\\\/autosdelpodio.com\\\/autos\\\/wp-content\\\/litespeed\\\/avatar\\\/aa8f65cd201a80f6b844f63278aa84af.jpg?ver=1777403005\",\"contentUrl\":\"http:\\\/\\\/autosdelpodio.com\\\/autos\\\/wp-content\\\/litespeed\\\/avatar\\\/aa8f65cd201a80f6b844f63278aa84af.jpg?ver=1777403005\",\"caption\":\"autosdelpodio\"}}]}<\/script>\n<!-- \/ Yoast SEO plugin. -->","yoast_head_json":{"title":"Autos del Podio | Gran performance del Pechito Lopez en Daytona","description":"Autos del Podio Auspicioso debut del campe\u00f3n del WEC en el automovilismo estadounidanse","robots":{"index":"index","follow":"follow","max-snippet":"max-snippet:-1","max-image-preview":"max-image-preview:large","max-video-preview":"max-video-preview:-1"},"canonical":"http:\/\/autosdelpodio.com\/autos\/gran-performance-del-pechito-lopez-en-daytona\/","og_locale":"es_ES","og_type":"article","og_title":"Autos del Podio | Gran performance del Pechito Lopez en Daytona","og_description":"Autos del Podio Auspicioso debut del campe\u00f3n del WEC en el automovilismo estadounidanse","og_url":"http:\/\/autosdelpodio.com\/autos\/gran-performance-del-pechito-lopez-en-daytona\/","og_site_name":"Autos del Podio","article_publisher":"https:\/\/www.facebook.com\/profile.php?id=100057192590976&amp%3bamp%3bamp%3bamp%3bamp%3bamp%3bamp%3bamp%3bamp%3bamp%3bamp%3bamp%3bamp%3bamp%3bamp%3bamp%3bamp%3bamp%3bref=ts","article_published_time":"2022-01-30T19:38:40+00:00","article_modified_time":"2022-01-30T19:43:58+00:00","author":"autosdelpodio","twitter_card":"summary_large_image","twitter_creator":"@autosdelpodio","twitter_site":"@autosdelpodio","twitter_misc":{"Escrito por":"autosdelpodio","Tiempo de lectura":"1 minuto"},"schema":{"@context":"https:\/\/schema.org","@graph":[{"@type":"Article","@id":"http:\/\/autosdelpodio.com\/autos\/gran-performance-del-pechito-lopez-en-daytona\/#article","isPartOf":{"@id":"http:\/\/autosdelpodio.com\/autos\/gran-performance-del-pechito-lopez-en-daytona\/"},"author":{"name":"autosdelpodio","@id":"http:\/\/autosdelpodio.com\/autos\/#\/schema\/person\/993527a4d01c3acdd3d6bce3770bc942"},"headline":"Gran performance del Pechito Lopez en Daytona","datePublished":"2022-01-30T19:38:40+00:00","dateModified":"2022-01-30T19:43:58+00:00","mainEntityOfPage":{"@id":"http:\/\/autosdelpodio.com\/autos\/gran-performance-del-pechito-lopez-en-daytona\/"},"wordCount":190,"commentCount":0,"publisher":{"@id":"http:\/\/autosdelpodio.com\/autos\/#organization"},"keywords":["Cadillac","Daytona","Estados Unidos","Pechito Lopez"],"articleSection":["Recta Principal","\u00daltimas noticias"],"inLanguage":"es","potentialAction":[{"@type":"CommentAction","name":"Comment","target":["http:\/\/autosdelpodio.com\/autos\/gran-performance-del-pechito-lopez-en-daytona\/#respond"]}]},{"@type":"WebPage","@id":"http:\/\/autosdelpodio.com\/autos\/gran-performance-del-pechito-lopez-en-daytona\/","url":"http:\/\/autosdelpodio.com\/autos\/gran-performance-del-pechito-lopez-en-daytona\/","name":"Autos del Podio | Gran performance del Pechito Lopez en Daytona","isPartOf":{"@id":"http:\/\/autosdelpodio.com\/autos\/#website"},"datePublished":"2022-01-30T19:38:40+00:00","dateModified":"2022-01-30T19:43:58+00:00","description":"Autos del Podio Auspicioso debut del campe\u00f3n del WEC en el automovilismo estadounidanse","breadcrumb":{"@id":"http:\/\/autosdelpodio.com\/autos\/gran-performance-del-pechito-lopez-en-daytona\/#breadcrumb"},"inLanguage":"es","potentialAction":[{"@type":"ReadAction","target":["http:\/\/autosdelpodio.com\/autos\/gran-performance-del-pechito-lopez-en-daytona\/"]}]},{"@type":"BreadcrumbList","@id":"http:\/\/autosdelpodio.com\/autos\/gran-performance-del-pechito-lopez-en-daytona\/#breadcrumb","itemListElement":[{"@type":"ListItem","position":1,"name":"Portada","item":"http:\/\/autosdelpodio.com\/autos\/"},{"@type":"ListItem","position":2,"name":"Gran performance del Pechito Lopez en Daytona"}]},{"@type":"WebSite","@id":"http:\/\/autosdelpodio.com\/autos\/#website","url":"http:\/\/autosdelpodio.com\/autos\/","name":"Autos del Podio","description":"La sexta del deporte motor","publisher":{"@id":"http:\/\/autosdelpodio.com\/autos\/#organization"},"potentialAction":[{"@type":"SearchAction","target":{"@type":"EntryPoint","urlTemplate":"http:\/\/autosdelpodio.com\/autos\/?s={search_term_string}"},"query-input":{"@type":"PropertyValueSpecification","valueRequired":true,"valueName":"search_term_string"}}],"inLanguage":"es"},{"@type":"Organization","@id":"http:\/\/autosdelpodio.com\/autos\/#organization","name":"Autos del Podio","url":"http:\/\/autosdelpodio.com\/autos\/","logo":{"@type":"ImageObject","inLanguage":"es","@id":"http:\/\/autosdelpodio.com\/autos\/#\/schema\/logo\/image\/","url":"http:\/\/autosdelpodio.com\/autos\/wp-content\/uploads\/2020\/08\/Logo_AR.jpg","contentUrl":"http:\/\/autosdelpodio.com\/autos\/wp-content\/uploads\/2020\/08\/Logo_AR.jpg","width":1038,"height":1044,"caption":"Autos del Podio"},"image":{"@id":"http:\/\/autosdelpodio.com\/autos\/#\/schema\/logo\/image\/"},"sameAs":["https:\/\/www.facebook.com\/profile.php?id=100057192590976&amp;amp;amp;amp;amp;amp;amp;amp;amp;amp;amp;amp;amp;amp;amp;amp;amp;amp;ref=ts","https:\/\/x.com\/autosdelpodio","https:\/\/www.youtube.com\/user\/AutosdelPodio"]},{"@type":"Person","@id":"http:\/\/autosdelpodio.com\/autos\/#\/schema\/person\/993527a4d01c3acdd3d6bce3770bc942","name":"autosdelpodio","image":{"@type":"ImageObject","inLanguage":"es","@id":"http:\/\/autosdelpodio.com\/autos\/wp-content\/litespeed\/avatar\/aa8f65cd201a80f6b844f63278aa84af.jpg?ver=1777403005","url":"http:\/\/autosdelpodio.com\/autos\/wp-content\/litespeed\/avatar\/aa8f65cd201a80f6b844f63278aa84af.jpg?ver=1777403005","contentUrl":"http:\/\/autosdelpodio.com\/autos\/wp-content\/litespeed\/avatar\/aa8f65cd201a80f6b844f63278aa84af.jpg?ver=1777403005","caption":"autosdelpodio"}}]}},"views":564,"_links":{"self":[{"href":"http:\/\/autosdelpodio.com\/autos\/wp-json\/wp\/v2\/posts\/5380","targetHints":{"allow":["GET"]}}],"collection":[{"href":"http:\/\/autosdelpodio.com\/autos\/wp-json\/wp\/v2\/posts"}],"about":[{"href":"http:\/\/autosdelpodio.com\/autos\/wp-json\/wp\/v2\/types\/post"}],"author":[{"embeddable":true,"href":"http:\/\/autosdelpodio.com\/autos\/wp-json\/wp\/v2\/users\/3"}],"replies":[{"embeddable":true,"href":"http:\/\/autosdelpodio.com\/autos\/wp-json\/wp\/v2\/comments?post=5380"}],"version-history":[{"count":3,"href":"http:\/\/autosdelpodio.com\/autos\/wp-json\/wp\/v2\/posts\/5380\/revisions"}],"predecessor-version":[{"id":5384,"href":"http:\/\/autosdelpodio.com\/autos\/wp-json\/wp\/v2\/posts\/5380\/revisions\/5384"}],"wp:attachment":[{"href":"http:\/\/autosdelpodio.com\/autos\/wp-json\/wp\/v2\/media?parent=5380"}],"wp:term":[{"taxonomy":"category","embeddable":true,"href":"http:\/\/autosdelpodio.com\/autos\/wp-json\/wp\/v2\/categories?post=5380"},{"taxonomy":"post_tag","embeddable":true,"href":"http:\/\/autosdelpodio.com\/autos\/wp-json\/wp\/v2\/tags?post=5380"}],"curies":[{"name":"wp","href":"https:\/\/api.w.org\/{rel}","templated":true}]}}