{"id":5395,"date":"2022-02-04T14:07:15","date_gmt":"2022-02-04T17:07:15","guid":{"rendered":"http:\/\/autosdelpodio.com\/autos\/?p=5395"},"modified":"2022-02-04T14:18:17","modified_gmt":"2022-02-04T17:18:17","slug":"las-presentaciones-de-los-monopostos-de-la-f1","status":"publish","type":"post","link":"http:\/\/autosdelpodio.com\/autos\/las-presentaciones-de-los-monopostos-de-la-f1\/","title":{"rendered":"Las presentaciones de los monopostos de la F1"},"content":{"rendered":"\n<p>Fecha a fecha enterate de cuando se presentar\u00e1n los nuevos veh\u00edculos de la m\u00e1xima de los respectivos equipos. El primero en mostrar su dise\u00f1o 2022 fue Haas que ratific\u00f3 en su plantel de pilotos a Mick Schumacher y Nikita Mazepin.<br>La pretemporada comenzar\u00e1 el 23 de Febrero y hasta el 25 en Barcelona.Y tendr\u00e1 su segunda etapa de modo abierto del 10 al 12 de Marzo en Bahrein.<\/p>\n\n\n\n<p><br><em><a href=\"http:\/\/autosdelpodio.com\/autos\/el-mercado-de-pases-de-la-formula-1-2022\/\" target=\"_blank\" rel=\"noreferrer noopener\">Haas \u2013 4 de febrero<\/a><br>Red Bull \u2013 9 de febrero<br>Aston Martin \u2013 10 de febrero<br>McLaren \u2013 11 de febrero<br>AlphaTauri \u2013 14 de febrero<br>Ferrari \u2013 17 de febrero<br>Mercedes \u2013 18 de febrero<br>Alpine \u2013 21 de febrero<br>Alfa Romeo \u2013 27 de febrero (tras los test de Barcelona)<br>Williams \u2013 Por determinar<\/em><\/p>\n","protected":false},"excerpt":{"rendered":"<p>Fecha a fecha enterate de cuando se presentar\u00e1n los nuevos veh\u00edculos de la m\u00e1xima de los respectivos equipos. El primero<\/p>\n","protected":false},"author":3,"featured_media":1751,"comment_status":"open","ping_status":"open","sticky":false,"template":"","format":"standard","meta":{"colormag_page_container_layout":"default_layout","colormag_page_sidebar_layout":"default_layout","footnotes":""},"categories":[6,5],"tags":[148,75,86],"class_list":["post-5395","post","type-post","status-publish","format-standard","has-post-thumbnail","hentry","category-newsflash","category-latest-news","tag-fia","tag-formula-1","tag-pilotos-y-categorias"],"yoast_head":"<!-- This site is optimized with the Yoast SEO plugin v27.5 - https:\/\/yoast.com\/product\/yoast-seo-wordpress\/ -->\n<title>Autos del Podio | Las presentaciones de los monopostos de la F1<\/title>\n<meta name=\"description\" content=\"Autos del Podio Dise\u00f1os y colores que utilizar\u00e1n cada uno de los 10 equipos durante la temporada 2022 de la F\u00f3rmula 1.\" \/>\n<meta name=\"robots\" content=\"index, follow, max-snippet:-1, max-image-preview:large, max-video-preview:-1\" \/>\n<link rel=\"canonical\" href=\"https:\/\/autosdelpodio.com\/autos\/las-presentaciones-de-los-monopostos-de-la-f1\/\" \/>\n<meta property=\"og:locale\" content=\"es_ES\" \/>\n<meta property=\"og:type\" content=\"article\" \/>\n<meta property=\"og:title\" content=\"Autos del Podio | Las presentaciones de los monopostos de la F1\" \/>\n<meta property=\"og:description\" content=\"Autos del Podio Dise\u00f1os y colores que utilizar\u00e1n cada uno de los 10 equipos durante la temporada 2022 de la F\u00f3rmula 1.\" \/>\n<meta property=\"og:url\" content=\"https:\/\/autosdelpodio.com\/autos\/las-presentaciones-de-los-monopostos-de-la-f1\/\" \/>\n<meta property=\"og:site_name\" content=\"Autos del Podio\" \/>\n<meta property=\"article:publisher\" content=\"https:\/\/www.facebook.com\/profile.php?id=100057192590976&amp;amp%3bamp%3bamp%3bamp%3bamp%3bamp%3bamp%3bamp%3bamp%3bamp%3bamp%3bamp%3bamp%3bamp%3bamp%3bamp%3bamp%3bamp%3bref=ts\" \/>\n<meta property=\"article:published_time\" content=\"2022-02-04T17:07:15+00:00\" \/>\n<meta property=\"article:modified_time\" content=\"2022-02-04T17:18:17+00:00\" \/>\n<meta property=\"og:image\" content=\"https:\/\/autosdelpodio.com\/autos\/wp-content\/uploads\/2020\/04\/Logo_F1_-e1621029352226.jpg\" \/>\n\t<meta property=\"og:image:width\" content=\"500\" \/>\n\t<meta property=\"og:image:height\" content=\"278\" \/>\n\t<meta property=\"og:image:type\" content=\"image\/jpeg\" \/>\n<meta name=\"author\" content=\"autosdelpodio\" \/>\n<meta name=\"twitter:card\" content=\"summary_large_image\" \/>\n<meta name=\"twitter:creator\" content=\"@autosdelpodio\" \/>\n<meta name=\"twitter:site\" content=\"@autosdelpodio\" \/>\n<meta name=\"twitter:label1\" content=\"Escrito por\" \/>\n\t<meta name=\"twitter:data1\" content=\"autosdelpodio\" \/>\n\t<meta name=\"twitter:label2\" content=\"Tiempo de lectura\" \/>\n\t<meta name=\"twitter:data2\" content=\"1 minuto\" \/>\n<script type=\"application\/ld+json\" class=\"yoast-schema-graph\">{\"@context\":\"https:\\\/\\\/schema.org\",\"@graph\":[{\"@type\":\"Article\",\"@id\":\"https:\\\/\\\/autosdelpodio.com\\\/autos\\\/las-presentaciones-de-los-monopostos-de-la-f1\\\/#article\",\"isPartOf\":{\"@id\":\"https:\\\/\\\/autosdelpodio.com\\\/autos\\\/las-presentaciones-de-los-monopostos-de-la-f1\\\/\"},\"author\":{\"name\":\"autosdelpodio\",\"@id\":\"http:\\\/\\\/autosdelpodio.com\\\/autos\\\/#\\\/schema\\\/person\\\/993527a4d01c3acdd3d6bce3770bc942\"},\"headline\":\"Las presentaciones de los monopostos de la F1\",\"datePublished\":\"2022-02-04T17:07:15+00:00\",\"dateModified\":\"2022-02-04T17:18:17+00:00\",\"mainEntityOfPage\":{\"@id\":\"https:\\\/\\\/autosdelpodio.com\\\/autos\\\/las-presentaciones-de-los-monopostos-de-la-f1\\\/\"},\"wordCount\":107,\"commentCount\":0,\"publisher\":{\"@id\":\"http:\\\/\\\/autosdelpodio.com\\\/autos\\\/#organization\"},\"image\":{\"@id\":\"https:\\\/\\\/autosdelpodio.com\\\/autos\\\/las-presentaciones-de-los-monopostos-de-la-f1\\\/#primaryimage\"},\"thumbnailUrl\":\"http:\\\/\\\/autosdelpodio.com\\\/autos\\\/wp-content\\\/uploads\\\/2020\\\/04\\\/Logo_F1_-e1621029352226.jpg\",\"keywords\":[\"FIA\",\"Formula 1\",\"Pilotos y Categorias\"],\"articleSection\":[\"Destacado\",\"\u00daltimas noticias\"],\"inLanguage\":\"es\",\"potentialAction\":[{\"@type\":\"CommentAction\",\"name\":\"Comment\",\"target\":[\"https:\\\/\\\/autosdelpodio.com\\\/autos\\\/las-presentaciones-de-los-monopostos-de-la-f1\\\/#respond\"]}]},{\"@type\":\"WebPage\",\"@id\":\"https:\\\/\\\/autosdelpodio.com\\\/autos\\\/las-presentaciones-de-los-monopostos-de-la-f1\\\/\",\"url\":\"https:\\\/\\\/autosdelpodio.com\\\/autos\\\/las-presentaciones-de-los-monopostos-de-la-f1\\\/\",\"name\":\"Autos del Podio | Las presentaciones de los monopostos de la F1\",\"isPartOf\":{\"@id\":\"http:\\\/\\\/autosdelpodio.com\\\/autos\\\/#website\"},\"primaryImageOfPage\":{\"@id\":\"https:\\\/\\\/autosdelpodio.com\\\/autos\\\/las-presentaciones-de-los-monopostos-de-la-f1\\\/#primaryimage\"},\"image\":{\"@id\":\"https:\\\/\\\/autosdelpodio.com\\\/autos\\\/las-presentaciones-de-los-monopostos-de-la-f1\\\/#primaryimage\"},\"thumbnailUrl\":\"http:\\\/\\\/autosdelpodio.com\\\/autos\\\/wp-content\\\/uploads\\\/2020\\\/04\\\/Logo_F1_-e1621029352226.jpg\",\"datePublished\":\"2022-02-04T17:07:15+00:00\",\"dateModified\":\"2022-02-04T17:18:17+00:00\",\"description\":\"Autos del Podio Dise\u00f1os y colores que utilizar\u00e1n cada uno de los 10 equipos durante la temporada 2022 de la F\u00f3rmula 1.\",\"breadcrumb\":{\"@id\":\"https:\\\/\\\/autosdelpodio.com\\\/autos\\\/las-presentaciones-de-los-monopostos-de-la-f1\\\/#breadcrumb\"},\"inLanguage\":\"es\",\"potentialAction\":[{\"@type\":\"ReadAction\",\"target\":[\"https:\\\/\\\/autosdelpodio.com\\\/autos\\\/las-presentaciones-de-los-monopostos-de-la-f1\\\/\"]}]},{\"@type\":\"ImageObject\",\"inLanguage\":\"es\",\"@id\":\"https:\\\/\\\/autosdelpodio.com\\\/autos\\\/las-presentaciones-de-los-monopostos-de-la-f1\\\/#primaryimage\",\"url\":\"http:\\\/\\\/autosdelpodio.com\\\/autos\\\/wp-content\\\/uploads\\\/2020\\\/04\\\/Logo_F1_-e1621029352226.jpg\",\"contentUrl\":\"http:\\\/\\\/autosdelpodio.com\\\/autos\\\/wp-content\\\/uploads\\\/2020\\\/04\\\/Logo_F1_-e1621029352226.jpg\",\"width\":500,\"height\":278},{\"@type\":\"BreadcrumbList\",\"@id\":\"https:\\\/\\\/autosdelpodio.com\\\/autos\\\/las-presentaciones-de-los-monopostos-de-la-f1\\\/#breadcrumb\",\"itemListElement\":[{\"@type\":\"ListItem\",\"position\":1,\"name\":\"Portada\",\"item\":\"http:\\\/\\\/autosdelpodio.com\\\/autos\\\/\"},{\"@type\":\"ListItem\",\"position\":2,\"name\":\"Las presentaciones de los monopostos de la F1\"}]},{\"@type\":\"WebSite\",\"@id\":\"http:\\\/\\\/autosdelpodio.com\\\/autos\\\/#website\",\"url\":\"http:\\\/\\\/autosdelpodio.com\\\/autos\\\/\",\"name\":\"Autos del Podio\",\"description\":\"La sexta del deporte motor\",\"publisher\":{\"@id\":\"http:\\\/\\\/autosdelpodio.com\\\/autos\\\/#organization\"},\"potentialAction\":[{\"@type\":\"SearchAction\",\"target\":{\"@type\":\"EntryPoint\",\"urlTemplate\":\"http:\\\/\\\/autosdelpodio.com\\\/autos\\\/?s={search_term_string}\"},\"query-input\":{\"@type\":\"PropertyValueSpecification\",\"valueRequired\":true,\"valueName\":\"search_term_string\"}}],\"inLanguage\":\"es\"},{\"@type\":\"Organization\",\"@id\":\"http:\\\/\\\/autosdelpodio.com\\\/autos\\\/#organization\",\"name\":\"Autos del Podio\",\"url\":\"http:\\\/\\\/autosdelpodio.com\\\/autos\\\/\",\"logo\":{\"@type\":\"ImageObject\",\"inLanguage\":\"es\",\"@id\":\"http:\\\/\\\/autosdelpodio.com\\\/autos\\\/#\\\/schema\\\/logo\\\/image\\\/\",\"url\":\"http:\\\/\\\/autosdelpodio.com\\\/autos\\\/wp-content\\\/uploads\\\/2020\\\/08\\\/Logo_AR.jpg\",\"contentUrl\":\"http:\\\/\\\/autosdelpodio.com\\\/autos\\\/wp-content\\\/uploads\\\/2020\\\/08\\\/Logo_AR.jpg\",\"width\":1038,\"height\":1044,\"caption\":\"Autos del Podio\"},\"image\":{\"@id\":\"http:\\\/\\\/autosdelpodio.com\\\/autos\\\/#\\\/schema\\\/logo\\\/image\\\/\"},\"sameAs\":[\"https:\\\/\\\/www.facebook.com\\\/profile.php?id=100057192590976&amp;amp;amp;amp;amp;amp;amp;amp;amp;amp;amp;amp;amp;amp;amp;amp;amp;amp;ref=ts\",\"https:\\\/\\\/x.com\\\/autosdelpodio\",\"https:\\\/\\\/www.youtube.com\\\/user\\\/AutosdelPodio\"]},{\"@type\":\"Person\",\"@id\":\"http:\\\/\\\/autosdelpodio.com\\\/autos\\\/#\\\/schema\\\/person\\\/993527a4d01c3acdd3d6bce3770bc942\",\"name\":\"autosdelpodio\",\"image\":{\"@type\":\"ImageObject\",\"inLanguage\":\"es\",\"@id\":\"http:\\\/\\\/autosdelpodio.com\\\/autos\\\/wp-content\\\/litespeed\\\/avatar\\\/aa8f65cd201a80f6b844f63278aa84af.jpg?ver=1777403005\",\"url\":\"http:\\\/\\\/autosdelpodio.com\\\/autos\\\/wp-content\\\/litespeed\\\/avatar\\\/aa8f65cd201a80f6b844f63278aa84af.jpg?ver=1777403005\",\"contentUrl\":\"http:\\\/\\\/autosdelpodio.com\\\/autos\\\/wp-content\\\/litespeed\\\/avatar\\\/aa8f65cd201a80f6b844f63278aa84af.jpg?ver=1777403005\",\"caption\":\"autosdelpodio\"}}]}<\/script>\n<!-- \/ Yoast SEO plugin. -->","yoast_head_json":{"title":"Autos del Podio | Las presentaciones de los monopostos de la F1","description":"Autos del Podio Dise\u00f1os y colores que utilizar\u00e1n cada uno de los 10 equipos durante la temporada 2022 de la F\u00f3rmula 1.","robots":{"index":"index","follow":"follow","max-snippet":"max-snippet:-1","max-image-preview":"max-image-preview:large","max-video-preview":"max-video-preview:-1"},"canonical":"https:\/\/autosdelpodio.com\/autos\/las-presentaciones-de-los-monopostos-de-la-f1\/","og_locale":"es_ES","og_type":"article","og_title":"Autos del Podio | Las presentaciones de los monopostos de la F1","og_description":"Autos del Podio Dise\u00f1os y colores que utilizar\u00e1n cada uno de los 10 equipos durante la temporada 2022 de la F\u00f3rmula 1.","og_url":"https:\/\/autosdelpodio.com\/autos\/las-presentaciones-de-los-monopostos-de-la-f1\/","og_site_name":"Autos del Podio","article_publisher":"https:\/\/www.facebook.com\/profile.php?id=100057192590976&amp%3bamp%3bamp%3bamp%3bamp%3bamp%3bamp%3bamp%3bamp%3bamp%3bamp%3bamp%3bamp%3bamp%3bamp%3bamp%3bamp%3bamp%3bref=ts","article_published_time":"2022-02-04T17:07:15+00:00","article_modified_time":"2022-02-04T17:18:17+00:00","og_image":[{"width":500,"height":278,"url":"https:\/\/autosdelpodio.com\/autos\/wp-content\/uploads\/2020\/04\/Logo_F1_-e1621029352226.jpg","type":"image\/jpeg"}],"author":"autosdelpodio","twitter_card":"summary_large_image","twitter_creator":"@autosdelpodio","twitter_site":"@autosdelpodio","twitter_misc":{"Escrito por":"autosdelpodio","Tiempo de lectura":"1 minuto"},"schema":{"@context":"https:\/\/schema.org","@graph":[{"@type":"Article","@id":"https:\/\/autosdelpodio.com\/autos\/las-presentaciones-de-los-monopostos-de-la-f1\/#article","isPartOf":{"@id":"https:\/\/autosdelpodio.com\/autos\/las-presentaciones-de-los-monopostos-de-la-f1\/"},"author":{"name":"autosdelpodio","@id":"http:\/\/autosdelpodio.com\/autos\/#\/schema\/person\/993527a4d01c3acdd3d6bce3770bc942"},"headline":"Las presentaciones de los monopostos de la F1","datePublished":"2022-02-04T17:07:15+00:00","dateModified":"2022-02-04T17:18:17+00:00","mainEntityOfPage":{"@id":"https:\/\/autosdelpodio.com\/autos\/las-presentaciones-de-los-monopostos-de-la-f1\/"},"wordCount":107,"commentCount":0,"publisher":{"@id":"http:\/\/autosdelpodio.com\/autos\/#organization"},"image":{"@id":"https:\/\/autosdelpodio.com\/autos\/las-presentaciones-de-los-monopostos-de-la-f1\/#primaryimage"},"thumbnailUrl":"http:\/\/autosdelpodio.com\/autos\/wp-content\/uploads\/2020\/04\/Logo_F1_-e1621029352226.jpg","keywords":["FIA","Formula 1","Pilotos y Categorias"],"articleSection":["Destacado","\u00daltimas noticias"],"inLanguage":"es","potentialAction":[{"@type":"CommentAction","name":"Comment","target":["https:\/\/autosdelpodio.com\/autos\/las-presentaciones-de-los-monopostos-de-la-f1\/#respond"]}]},{"@type":"WebPage","@id":"https:\/\/autosdelpodio.com\/autos\/las-presentaciones-de-los-monopostos-de-la-f1\/","url":"https:\/\/autosdelpodio.com\/autos\/las-presentaciones-de-los-monopostos-de-la-f1\/","name":"Autos del Podio | Las presentaciones de los monopostos de la F1","isPartOf":{"@id":"http:\/\/autosdelpodio.com\/autos\/#website"},"primaryImageOfPage":{"@id":"https:\/\/autosdelpodio.com\/autos\/las-presentaciones-de-los-monopostos-de-la-f1\/#primaryimage"},"image":{"@id":"https:\/\/autosdelpodio.com\/autos\/las-presentaciones-de-los-monopostos-de-la-f1\/#primaryimage"},"thumbnailUrl":"http:\/\/autosdelpodio.com\/autos\/wp-content\/uploads\/2020\/04\/Logo_F1_-e1621029352226.jpg","datePublished":"2022-02-04T17:07:15+00:00","dateModified":"2022-02-04T17:18:17+00:00","description":"Autos del Podio Dise\u00f1os y colores que utilizar\u00e1n cada uno de los 10 equipos durante la temporada 2022 de la F\u00f3rmula 1.","breadcrumb":{"@id":"https:\/\/autosdelpodio.com\/autos\/las-presentaciones-de-los-monopostos-de-la-f1\/#breadcrumb"},"inLanguage":"es","potentialAction":[{"@type":"ReadAction","target":["https:\/\/autosdelpodio.com\/autos\/las-presentaciones-de-los-monopostos-de-la-f1\/"]}]},{"@type":"ImageObject","inLanguage":"es","@id":"https:\/\/autosdelpodio.com\/autos\/las-presentaciones-de-los-monopostos-de-la-f1\/#primaryimage","url":"http:\/\/autosdelpodio.com\/autos\/wp-content\/uploads\/2020\/04\/Logo_F1_-e1621029352226.jpg","contentUrl":"http:\/\/autosdelpodio.com\/autos\/wp-content\/uploads\/2020\/04\/Logo_F1_-e1621029352226.jpg","width":500,"height":278},{"@type":"BreadcrumbList","@id":"https:\/\/autosdelpodio.com\/autos\/las-presentaciones-de-los-monopostos-de-la-f1\/#breadcrumb","itemListElement":[{"@type":"ListItem","position":1,"name":"Portada","item":"http:\/\/autosdelpodio.com\/autos\/"},{"@type":"ListItem","position":2,"name":"Las presentaciones de los monopostos de la F1"}]},{"@type":"WebSite","@id":"http:\/\/autosdelpodio.com\/autos\/#website","url":"http:\/\/autosdelpodio.com\/autos\/","name":"Autos del Podio","description":"La sexta del deporte motor","publisher":{"@id":"http:\/\/autosdelpodio.com\/autos\/#organization"},"potentialAction":[{"@type":"SearchAction","target":{"@type":"EntryPoint","urlTemplate":"http:\/\/autosdelpodio.com\/autos\/?s={search_term_string}"},"query-input":{"@type":"PropertyValueSpecification","valueRequired":true,"valueName":"search_term_string"}}],"inLanguage":"es"},{"@type":"Organization","@id":"http:\/\/autosdelpodio.com\/autos\/#organization","name":"Autos del Podio","url":"http:\/\/autosdelpodio.com\/autos\/","logo":{"@type":"ImageObject","inLanguage":"es","@id":"http:\/\/autosdelpodio.com\/autos\/#\/schema\/logo\/image\/","url":"http:\/\/autosdelpodio.com\/autos\/wp-content\/uploads\/2020\/08\/Logo_AR.jpg","contentUrl":"http:\/\/autosdelpodio.com\/autos\/wp-content\/uploads\/2020\/08\/Logo_AR.jpg","width":1038,"height":1044,"caption":"Autos del Podio"},"image":{"@id":"http:\/\/autosdelpodio.com\/autos\/#\/schema\/logo\/image\/"},"sameAs":["https:\/\/www.facebook.com\/profile.php?id=100057192590976&amp;amp;amp;amp;amp;amp;amp;amp;amp;amp;amp;amp;amp;amp;amp;amp;amp;amp;ref=ts","https:\/\/x.com\/autosdelpodio","https:\/\/www.youtube.com\/user\/AutosdelPodio"]},{"@type":"Person","@id":"http:\/\/autosdelpodio.com\/autos\/#\/schema\/person\/993527a4d01c3acdd3d6bce3770bc942","name":"autosdelpodio","image":{"@type":"ImageObject","inLanguage":"es","@id":"http:\/\/autosdelpodio.com\/autos\/wp-content\/litespeed\/avatar\/aa8f65cd201a80f6b844f63278aa84af.jpg?ver=1777403005","url":"http:\/\/autosdelpodio.com\/autos\/wp-content\/litespeed\/avatar\/aa8f65cd201a80f6b844f63278aa84af.jpg?ver=1777403005","contentUrl":"http:\/\/autosdelpodio.com\/autos\/wp-content\/litespeed\/avatar\/aa8f65cd201a80f6b844f63278aa84af.jpg?ver=1777403005","caption":"autosdelpodio"}}]}},"views":522,"_links":{"self":[{"href":"http:\/\/autosdelpodio.com\/autos\/wp-json\/wp\/v2\/posts\/5395","targetHints":{"allow":["GET"]}}],"collection":[{"href":"http:\/\/autosdelpodio.com\/autos\/wp-json\/wp\/v2\/posts"}],"about":[{"href":"http:\/\/autosdelpodio.com\/autos\/wp-json\/wp\/v2\/types\/post"}],"author":[{"embeddable":true,"href":"http:\/\/autosdelpodio.com\/autos\/wp-json\/wp\/v2\/users\/3"}],"replies":[{"embeddable":true,"href":"http:\/\/autosdelpodio.com\/autos\/wp-json\/wp\/v2\/comments?post=5395"}],"version-history":[{"count":2,"href":"http:\/\/autosdelpodio.com\/autos\/wp-json\/wp\/v2\/posts\/5395\/revisions"}],"predecessor-version":[{"id":5397,"href":"http:\/\/autosdelpodio.com\/autos\/wp-json\/wp\/v2\/posts\/5395\/revisions\/5397"}],"wp:featuredmedia":[{"embeddable":true,"href":"http:\/\/autosdelpodio.com\/autos\/wp-json\/wp\/v2\/media\/1751"}],"wp:attachment":[{"href":"http:\/\/autosdelpodio.com\/autos\/wp-json\/wp\/v2\/media?parent=5395"}],"wp:term":[{"taxonomy":"category","embeddable":true,"href":"http:\/\/autosdelpodio.com\/autos\/wp-json\/wp\/v2\/categories?post=5395"},{"taxonomy":"post_tag","embeddable":true,"href":"http:\/\/autosdelpodio.com\/autos\/wp-json\/wp\/v2\/tags?post=5395"}],"curies":[{"name":"wp","href":"https:\/\/api.w.org\/{rel}","templated":true}]}}