{"id":540,"date":"2012-10-07T18:09:09","date_gmt":"2012-10-07T18:09:09","guid":{"rendered":"http:\/\/autosdelpodio.com\/autos\/2012\/10\/07\/tres-chivos-tres\/"},"modified":"2012-10-07T18:09:09","modified_gmt":"2012-10-07T18:09:09","slug":"tres-chivos-tres","status":"publish","type":"post","link":"http:\/\/autosdelpodio.com\/autos\/tres-chivos-tres\/","title":{"rendered":"Tres Chivos tres"},"content":{"rendered":"<p>\u00a0<\/p>\n<p><span style=\"text-align: justify;\">Cuando parec\u00eda un fin de semana favorable a Ford, luego del 1-2-3 de la clasificaci\u00f3n del d\u00eda S\u00e1bado, Mat\u00edas Rossi repiti\u00f3 triunfo en el Autodromo Rosendo Hern\u00e1ndez de San Luis y ahora lidera la Copa de Oro.Completaron el podio de la marca del mo\u00f1o, el tercero de la temporada, Agust\u00edn Canapino y Jos\u00e9 Maria Lopez.<\/span><\/p>\n<p>  <!--more-->  <\/p>\n<p>\u00a0<\/p>\n<p style=\"text-align: justify;\">A falta de 3 fechas, Mat\u00edas Rossi lidera en la Copa de Oro con 35 puntos, seguido de cerca por Norberto Fontana (Torino) con 33, Mauro Giallombardo (Ford) 32, Agust\u00edn Canapino \u00a0(Chevrolet) 29, Juan Bautista De Benedictis (Ford) 23, Ledesma (Chevrolet) \u00a022.5, Ortelli (Chevrolet) \u00a019.5, Ponce de Le\u00f3n 17(Ford), Castellano (Dodge) 12, Aventin 7 (Ford), Alaux 6.5 (Chevrolet) \u00a0y Girolami (Torino) 5.<\/p>\n<p style=\"text-align: justify;\">\u00a0<\/p>\n<p style=\"text-align: justify;\">La pr\u00f3xima competencia ser\u00e1 el 28 de octubre en Buenos Aires.<\/p>\n<p>\u00a0<\/p>\n<p>1 Rossi, Mat\u00edas (Chevrolet) 47:04.114<\/p>\n<p>2 Canapino, Agust\u00edn(Chevrolet) 47:04.449<\/p>\n<p>3 L\u00f3pez, Jos\u00e9 Mar\u00eda(Chevrolet) 47:05.572<\/p>\n<p>4 De Benedictis, Juan Bautista(Ford) 47:06.315<\/p>\n<p>5 Savino, Jos\u00e9(Ford) 47:11.144<\/p>\n<p>6 Ledesma, Christian(Chevrolet) 47:11.186<\/p>\n<p>7 Giallombardo, Mauro(Ford) 47:13.885<\/p>\n<p>8 Silva, Juan Manuel(Ford) 47:16.647<\/p>\n<p>9 Fontana, Norberto (Torino) 47:20.714<\/p>\n<p>10 Pern\u00eda, Leonel(Chevrolet) 47:21.250<\/p>\n<p>11 Castellano, Jonatan(Dodge) 47:22.391<\/p>\n<p>12 Altuna, Mariano(Chevrolet) 47:24.398<\/p>\n<p>13 Nolesi, Mathias(Ford) 47:31.920<\/p>\n<p>14 Ponte, Mart\u00edn(Torino) 47:34.122<\/p>\n<p>15 Basso, Mart\u00edn(Chevrolet) 47:34.899<\/p>\n<p>16 Angelini, Juan Marcos(Dodge) 47:35.181<\/p>\n<p>17 Okulovich, Carlos(Torino) 47:35.665<\/p>\n<p>18 Aventin, Diego(Ford) 47:38.034<\/p>\n<p>19 Ponce de Le\u00f3n, Gabriel(Ford) 47:40.221<\/p>\n<p>20 Kohler, Claudio(Dodge) 47:41.685<\/p>\n<p>21 Girolami, N\u00e9stor(Torino) 47:43.522<\/p>\n<p>22 Trucco, Juan Mart\u00edn(Dodge) 47:44.393<\/p>\n<p>23 Alaux, Sergio(Chevrolet) 47:48.935<\/p>\n<p>24 Bosio, Ezequiel(Torino) 47:50.463<\/p>\n<p>25 Ugalde, Lionel(Ford) 47:51.440<\/p>\n<p>26 Mazzacane, Gast\u00f3n(Chevrolet) 47:53.834<\/p>\n<p>27 Bonelli, Pr\u00f3spero(Ford) 47:55.295<\/p>\n<p>28 Urretavizcaya, Tom\u00e1s(Torino) 47:55.714<\/p>\n<p>29 De Carlo, Diego(Chevrolet) 48:12.208<\/p>\n<p>30 Gil Bicella, Facundo(Dodge) 48:15.450<\/p>\n<p>31 Sotro, Leonel(Ford) 48:27.277<\/p>\n<p>32 Di Palma, Lu\u00eds Jos\u00e9 H(Torino) 45:57.622<\/p>\n<p>33 Gianini, Juan Pablo(Ford) 47:39.241<\/p>\n<p>34 Ortelli, Guillermo(Chevrolet) 47:54.691<\/p>\n<p>35 Del Bo , Roberto(Chevrolet) 48:03.724<\/p>\n<p>36 Jalaf, Mat\u00edas(Ford) 43:13.339<\/p>\n<p>37 Spataro, Emiliano(Dodge) 41:00.072<\/p>\n<p>38 Ciantini, Jos\u00e9(Dodge) 39:10.817<\/p>\n<p>39 Oubi\u00f1a, Adri\u00e1n(Ford) 37:41.622<\/p>\n<p>40 Verna, Rafael (Dodge) 20:01.358<\/p>\n<p>41 Werner, Mariano(Ford) 11:29.306<\/p>\n<p>42 Sol\u00eds, Gustavo(Ford) 07:47.302<\/p>\n<p>43 Juan, Maximiliano(Ford) 08:03.379<\/p>\n<p>44 Mulet, Leandro(Chevrolet)<\/p>\n<p>45 Mart\u00ednez, Omar (Ford)<\/p>\n<p>\u00a0<\/p>\n","protected":false},"excerpt":{"rendered":"<p>\u00a0 Cuando parec\u00eda un fin de semana favorable a Ford, luego del 1-2-3 de la clasificaci\u00f3n del d\u00eda S\u00e1bado, Mat\u00edas<\/p>\n","protected":false},"author":1,"featured_media":0,"comment_status":"open","ping_status":"open","sticky":false,"template":"","format":"standard","meta":{"colormag_page_container_layout":"default_layout","colormag_page_sidebar_layout":"default_layout","footnotes":""},"categories":[5],"tags":[],"class_list":["post-540","post","type-post","status-publish","format-standard","hentry","category-latest-news"],"yoast_head":"<!-- This site is optimized with the Yoast SEO plugin v27.5 - https:\/\/yoast.com\/product\/yoast-seo-wordpress\/ -->\n<title>Autos del Podio | Tres Chivos tres<\/title>\n<meta name=\"description\" content=\"Autos del Podio\" \/>\n<meta name=\"robots\" content=\"index, follow, max-snippet:-1, max-image-preview:large, max-video-preview:-1\" \/>\n<link rel=\"canonical\" href=\"http:\/\/autosdelpodio.com\/autos\/tres-chivos-tres\/\" \/>\n<meta property=\"og:locale\" content=\"es_ES\" \/>\n<meta property=\"og:type\" content=\"article\" \/>\n<meta property=\"og:title\" content=\"Autos del Podio | Tres Chivos tres\" \/>\n<meta property=\"og:description\" content=\"Autos del Podio\" \/>\n<meta property=\"og:url\" content=\"http:\/\/autosdelpodio.com\/autos\/tres-chivos-tres\/\" \/>\n<meta property=\"og:site_name\" content=\"Autos del Podio\" \/>\n<meta property=\"article:publisher\" content=\"https:\/\/www.facebook.com\/profile.php?id=100057192590976&amp;amp%3bamp%3bamp%3bamp%3bamp%3bamp%3bamp%3bamp%3bamp%3bamp%3bamp%3bamp%3bamp%3bamp%3bamp%3bamp%3bamp%3bamp%3bref=ts\" \/>\n<meta property=\"article:published_time\" content=\"2012-10-07T18:09:09+00:00\" \/>\n<meta name=\"author\" content=\"wi022230\" \/>\n<meta name=\"twitter:card\" content=\"summary_large_image\" \/>\n<meta name=\"twitter:creator\" content=\"@autosdelpodio\" \/>\n<meta name=\"twitter:site\" content=\"@autosdelpodio\" \/>\n<meta name=\"twitter:label1\" content=\"Escrito por\" \/>\n\t<meta name=\"twitter:data1\" content=\"wi022230\" \/>\n\t<meta name=\"twitter:label2\" content=\"Tiempo de lectura\" \/>\n\t<meta name=\"twitter:data2\" content=\"1 minuto\" \/>\n<script type=\"application\/ld+json\" class=\"yoast-schema-graph\">{\"@context\":\"https:\\\/\\\/schema.org\",\"@graph\":[{\"@type\":\"Article\",\"@id\":\"http:\\\/\\\/autosdelpodio.com\\\/autos\\\/tres-chivos-tres\\\/#article\",\"isPartOf\":{\"@id\":\"http:\\\/\\\/autosdelpodio.com\\\/autos\\\/tres-chivos-tres\\\/\"},\"author\":{\"name\":\"wi022230\",\"@id\":\"http:\\\/\\\/autosdelpodio.com\\\/autos\\\/#\\\/schema\\\/person\\\/e88353cabf768863fdf874e30120f3ba\"},\"headline\":\"Tres Chivos tres\",\"datePublished\":\"2012-10-07T18:09:09+00:00\",\"mainEntityOfPage\":{\"@id\":\"http:\\\/\\\/autosdelpodio.com\\\/autos\\\/tres-chivos-tres\\\/\"},\"wordCount\":301,\"commentCount\":0,\"publisher\":{\"@id\":\"http:\\\/\\\/autosdelpodio.com\\\/autos\\\/#organization\"},\"articleSection\":[\"\u00daltimas noticias\"],\"inLanguage\":\"es\",\"potentialAction\":[{\"@type\":\"CommentAction\",\"name\":\"Comment\",\"target\":[\"http:\\\/\\\/autosdelpodio.com\\\/autos\\\/tres-chivos-tres\\\/#respond\"]}]},{\"@type\":\"WebPage\",\"@id\":\"http:\\\/\\\/autosdelpodio.com\\\/autos\\\/tres-chivos-tres\\\/\",\"url\":\"http:\\\/\\\/autosdelpodio.com\\\/autos\\\/tres-chivos-tres\\\/\",\"name\":\"Autos del Podio | Tres Chivos tres\",\"isPartOf\":{\"@id\":\"http:\\\/\\\/autosdelpodio.com\\\/autos\\\/#website\"},\"datePublished\":\"2012-10-07T18:09:09+00:00\",\"description\":\"Autos del Podio\",\"breadcrumb\":{\"@id\":\"http:\\\/\\\/autosdelpodio.com\\\/autos\\\/tres-chivos-tres\\\/#breadcrumb\"},\"inLanguage\":\"es\",\"potentialAction\":[{\"@type\":\"ReadAction\",\"target\":[\"http:\\\/\\\/autosdelpodio.com\\\/autos\\\/tres-chivos-tres\\\/\"]}]},{\"@type\":\"BreadcrumbList\",\"@id\":\"http:\\\/\\\/autosdelpodio.com\\\/autos\\\/tres-chivos-tres\\\/#breadcrumb\",\"itemListElement\":[{\"@type\":\"ListItem\",\"position\":1,\"name\":\"Portada\",\"item\":\"http:\\\/\\\/autosdelpodio.com\\\/autos\\\/\"},{\"@type\":\"ListItem\",\"position\":2,\"name\":\"Tres Chivos tres\"}]},{\"@type\":\"WebSite\",\"@id\":\"http:\\\/\\\/autosdelpodio.com\\\/autos\\\/#website\",\"url\":\"http:\\\/\\\/autosdelpodio.com\\\/autos\\\/\",\"name\":\"Autos del Podio\",\"description\":\"La sexta del deporte motor\",\"publisher\":{\"@id\":\"http:\\\/\\\/autosdelpodio.com\\\/autos\\\/#organization\"},\"potentialAction\":[{\"@type\":\"SearchAction\",\"target\":{\"@type\":\"EntryPoint\",\"urlTemplate\":\"http:\\\/\\\/autosdelpodio.com\\\/autos\\\/?s={search_term_string}\"},\"query-input\":{\"@type\":\"PropertyValueSpecification\",\"valueRequired\":true,\"valueName\":\"search_term_string\"}}],\"inLanguage\":\"es\"},{\"@type\":\"Organization\",\"@id\":\"http:\\\/\\\/autosdelpodio.com\\\/autos\\\/#organization\",\"name\":\"Autos del Podio\",\"url\":\"http:\\\/\\\/autosdelpodio.com\\\/autos\\\/\",\"logo\":{\"@type\":\"ImageObject\",\"inLanguage\":\"es\",\"@id\":\"http:\\\/\\\/autosdelpodio.com\\\/autos\\\/#\\\/schema\\\/logo\\\/image\\\/\",\"url\":\"http:\\\/\\\/autosdelpodio.com\\\/autos\\\/wp-content\\\/uploads\\\/2020\\\/08\\\/Logo_AR.jpg\",\"contentUrl\":\"http:\\\/\\\/autosdelpodio.com\\\/autos\\\/wp-content\\\/uploads\\\/2020\\\/08\\\/Logo_AR.jpg\",\"width\":1038,\"height\":1044,\"caption\":\"Autos del Podio\"},\"image\":{\"@id\":\"http:\\\/\\\/autosdelpodio.com\\\/autos\\\/#\\\/schema\\\/logo\\\/image\\\/\"},\"sameAs\":[\"https:\\\/\\\/www.facebook.com\\\/profile.php?id=100057192590976&amp;amp;amp;amp;amp;amp;amp;amp;amp;amp;amp;amp;amp;amp;amp;amp;amp;amp;ref=ts\",\"https:\\\/\\\/x.com\\\/autosdelpodio\",\"https:\\\/\\\/www.youtube.com\\\/user\\\/AutosdelPodio\"]},{\"@type\":\"Person\",\"@id\":\"http:\\\/\\\/autosdelpodio.com\\\/autos\\\/#\\\/schema\\\/person\\\/e88353cabf768863fdf874e30120f3ba\",\"name\":\"wi022230\",\"image\":{\"@type\":\"ImageObject\",\"inLanguage\":\"es\",\"@id\":\"http:\\\/\\\/autosdelpodio.com\\\/autos\\\/wp-content\\\/litespeed\\\/avatar\\\/453fc9bdbb11d766ba4c7f14d0bd0aa9.jpg?ver=1777404874\",\"url\":\"http:\\\/\\\/autosdelpodio.com\\\/autos\\\/wp-content\\\/litespeed\\\/avatar\\\/453fc9bdbb11d766ba4c7f14d0bd0aa9.jpg?ver=1777404874\",\"contentUrl\":\"http:\\\/\\\/autosdelpodio.com\\\/autos\\\/wp-content\\\/litespeed\\\/avatar\\\/453fc9bdbb11d766ba4c7f14d0bd0aa9.jpg?ver=1777404874\",\"caption\":\"wi022230\"}}]}<\/script>\n<!-- \/ Yoast SEO plugin. -->","yoast_head_json":{"title":"Autos del Podio | Tres Chivos tres","description":"Autos del Podio","robots":{"index":"index","follow":"follow","max-snippet":"max-snippet:-1","max-image-preview":"max-image-preview:large","max-video-preview":"max-video-preview:-1"},"canonical":"http:\/\/autosdelpodio.com\/autos\/tres-chivos-tres\/","og_locale":"es_ES","og_type":"article","og_title":"Autos del Podio | Tres Chivos tres","og_description":"Autos del Podio","og_url":"http:\/\/autosdelpodio.com\/autos\/tres-chivos-tres\/","og_site_name":"Autos del Podio","article_publisher":"https:\/\/www.facebook.com\/profile.php?id=100057192590976&amp%3bamp%3bamp%3bamp%3bamp%3bamp%3bamp%3bamp%3bamp%3bamp%3bamp%3bamp%3bamp%3bamp%3bamp%3bamp%3bamp%3bamp%3bref=ts","article_published_time":"2012-10-07T18:09:09+00:00","author":"wi022230","twitter_card":"summary_large_image","twitter_creator":"@autosdelpodio","twitter_site":"@autosdelpodio","twitter_misc":{"Escrito por":"wi022230","Tiempo de lectura":"1 minuto"},"schema":{"@context":"https:\/\/schema.org","@graph":[{"@type":"Article","@id":"http:\/\/autosdelpodio.com\/autos\/tres-chivos-tres\/#article","isPartOf":{"@id":"http:\/\/autosdelpodio.com\/autos\/tres-chivos-tres\/"},"author":{"name":"wi022230","@id":"http:\/\/autosdelpodio.com\/autos\/#\/schema\/person\/e88353cabf768863fdf874e30120f3ba"},"headline":"Tres Chivos tres","datePublished":"2012-10-07T18:09:09+00:00","mainEntityOfPage":{"@id":"http:\/\/autosdelpodio.com\/autos\/tres-chivos-tres\/"},"wordCount":301,"commentCount":0,"publisher":{"@id":"http:\/\/autosdelpodio.com\/autos\/#organization"},"articleSection":["\u00daltimas noticias"],"inLanguage":"es","potentialAction":[{"@type":"CommentAction","name":"Comment","target":["http:\/\/autosdelpodio.com\/autos\/tres-chivos-tres\/#respond"]}]},{"@type":"WebPage","@id":"http:\/\/autosdelpodio.com\/autos\/tres-chivos-tres\/","url":"http:\/\/autosdelpodio.com\/autos\/tres-chivos-tres\/","name":"Autos del Podio | Tres Chivos tres","isPartOf":{"@id":"http:\/\/autosdelpodio.com\/autos\/#website"},"datePublished":"2012-10-07T18:09:09+00:00","description":"Autos del Podio","breadcrumb":{"@id":"http:\/\/autosdelpodio.com\/autos\/tres-chivos-tres\/#breadcrumb"},"inLanguage":"es","potentialAction":[{"@type":"ReadAction","target":["http:\/\/autosdelpodio.com\/autos\/tres-chivos-tres\/"]}]},{"@type":"BreadcrumbList","@id":"http:\/\/autosdelpodio.com\/autos\/tres-chivos-tres\/#breadcrumb","itemListElement":[{"@type":"ListItem","position":1,"name":"Portada","item":"http:\/\/autosdelpodio.com\/autos\/"},{"@type":"ListItem","position":2,"name":"Tres Chivos tres"}]},{"@type":"WebSite","@id":"http:\/\/autosdelpodio.com\/autos\/#website","url":"http:\/\/autosdelpodio.com\/autos\/","name":"Autos del Podio","description":"La sexta del deporte motor","publisher":{"@id":"http:\/\/autosdelpodio.com\/autos\/#organization"},"potentialAction":[{"@type":"SearchAction","target":{"@type":"EntryPoint","urlTemplate":"http:\/\/autosdelpodio.com\/autos\/?s={search_term_string}"},"query-input":{"@type":"PropertyValueSpecification","valueRequired":true,"valueName":"search_term_string"}}],"inLanguage":"es"},{"@type":"Organization","@id":"http:\/\/autosdelpodio.com\/autos\/#organization","name":"Autos del Podio","url":"http:\/\/autosdelpodio.com\/autos\/","logo":{"@type":"ImageObject","inLanguage":"es","@id":"http:\/\/autosdelpodio.com\/autos\/#\/schema\/logo\/image\/","url":"http:\/\/autosdelpodio.com\/autos\/wp-content\/uploads\/2020\/08\/Logo_AR.jpg","contentUrl":"http:\/\/autosdelpodio.com\/autos\/wp-content\/uploads\/2020\/08\/Logo_AR.jpg","width":1038,"height":1044,"caption":"Autos del Podio"},"image":{"@id":"http:\/\/autosdelpodio.com\/autos\/#\/schema\/logo\/image\/"},"sameAs":["https:\/\/www.facebook.com\/profile.php?id=100057192590976&amp;amp;amp;amp;amp;amp;amp;amp;amp;amp;amp;amp;amp;amp;amp;amp;amp;amp;ref=ts","https:\/\/x.com\/autosdelpodio","https:\/\/www.youtube.com\/user\/AutosdelPodio"]},{"@type":"Person","@id":"http:\/\/autosdelpodio.com\/autos\/#\/schema\/person\/e88353cabf768863fdf874e30120f3ba","name":"wi022230","image":{"@type":"ImageObject","inLanguage":"es","@id":"http:\/\/autosdelpodio.com\/autos\/wp-content\/litespeed\/avatar\/453fc9bdbb11d766ba4c7f14d0bd0aa9.jpg?ver=1777404874","url":"http:\/\/autosdelpodio.com\/autos\/wp-content\/litespeed\/avatar\/453fc9bdbb11d766ba4c7f14d0bd0aa9.jpg?ver=1777404874","contentUrl":"http:\/\/autosdelpodio.com\/autos\/wp-content\/litespeed\/avatar\/453fc9bdbb11d766ba4c7f14d0bd0aa9.jpg?ver=1777404874","caption":"wi022230"}}]}},"views":712,"_links":{"self":[{"href":"http:\/\/autosdelpodio.com\/autos\/wp-json\/wp\/v2\/posts\/540","targetHints":{"allow":["GET"]}}],"collection":[{"href":"http:\/\/autosdelpodio.com\/autos\/wp-json\/wp\/v2\/posts"}],"about":[{"href":"http:\/\/autosdelpodio.com\/autos\/wp-json\/wp\/v2\/types\/post"}],"author":[{"embeddable":true,"href":"http:\/\/autosdelpodio.com\/autos\/wp-json\/wp\/v2\/users\/1"}],"replies":[{"embeddable":true,"href":"http:\/\/autosdelpodio.com\/autos\/wp-json\/wp\/v2\/comments?post=540"}],"version-history":[{"count":0,"href":"http:\/\/autosdelpodio.com\/autos\/wp-json\/wp\/v2\/posts\/540\/revisions"}],"wp:attachment":[{"href":"http:\/\/autosdelpodio.com\/autos\/wp-json\/wp\/v2\/media?parent=540"}],"wp:term":[{"taxonomy":"category","embeddable":true,"href":"http:\/\/autosdelpodio.com\/autos\/wp-json\/wp\/v2\/categories?post=540"},{"taxonomy":"post_tag","embeddable":true,"href":"http:\/\/autosdelpodio.com\/autos\/wp-json\/wp\/v2\/tags?post=540"}],"curies":[{"name":"wp","href":"https:\/\/api.w.org\/{rel}","templated":true}]}}