{"id":5412,"date":"2022-02-07T20:47:16","date_gmt":"2022-02-07T23:47:16","guid":{"rendered":"http:\/\/autosdelpodio.com\/autos\/?p=5412"},"modified":"2022-02-07T20:47:17","modified_gmt":"2022-02-07T23:47:17","slug":"toyota-presento-el-etios-aibo","status":"publish","type":"post","link":"http:\/\/autosdelpodio.com\/autos\/toyota-presento-el-etios-aibo\/","title":{"rendered":"Toyota present\u00f3 el Etios Aibo"},"content":{"rendered":"\n<p>Toyota lanz\u00f3 el Etios Aibo, una nueva versi\u00f3n del exitoso hatchback del segmento B, que se suma al line-up de este modelo producido en Brasil.<\/p>\n\n\n\n<p>El \u201cAibo\u201d, que en japon\u00e9s significa compa\u00f1ero, est\u00e1 dise\u00f1ado para emprendedores, proveedores de servicios t\u00e9cnicos, flotas de empresas, PyMEs y otros clientes para el traslado de cargas ligeras en la ciudad. Gracias a su gran autonom\u00eda y consumo eficiente de combustible, busca posicionarse como una herramienta de trabajo vers\u00e1til ypr\u00e1ctica, ideal para el movimiento \u00e1gil en el medio urbano.<\/p>\n\n\n\n<p>La idea de su dise\u00f1o naci\u00f3 a trav\u00e9s del&nbsp;<em>Innovation Lab&nbsp;<\/em>de Toyota Argentina, un programa interno donde los propios colaboradores participan voluntariamente para desarrollar ideas que impacten positivamente en la sociedad.<\/p>\n\n\n\n<h5 class=\"wp-block-heading\" id=\"diseno-exterior\"><strong>Dise\u00f1o exterior<\/strong><\/h5>\n\n\n\n<p>El Etios Aibo transmite solidez a partir de sus llantas de acero de 14\u201d con cobertores pl\u00e1sticos, paragolpes y espejos externos color carrocer\u00eda y sus luces de circulaci\u00f3n diurnas hal\u00f3genas (DRL). Adem\u00e1s, cuenta con la luneta y los vidrios laterales traseros ploteados paraevitar que se logre ver la carga desde el exterior.<\/p>\n\n\n\n<h5 class=\"wp-block-heading\" id=\"diseno-interior\"><strong>Dise\u00f1o interior<\/strong><\/h5>\n\n\n\n<p>En el interior del Etios Aibo se destaca una s\u00f3lida estructura met\u00e1lica, compuesta por una red lateral desmontable de protecci\u00f3n que permite acceder a la carga tanto desde el ba\u00fal como tambi\u00e9n a trav\u00e9s de las puertas traseras. Adem\u00e1s, dispone de una reja que divide el panel de carga del sector de pasajeros para proteger al conductor y al acompa\u00f1ante.<\/p>\n\n\n\n<p>A su vez, para el correcto uso del espacio interior y distribuci\u00f3n del peso, se desarroll\u00f3 un piso plano, firme y resistente que est\u00e1 cubierto por una alfombra. El Aibo logra transportar hasta 450 kg de carga.<\/p>\n\n\n\n<h5 class=\"wp-block-heading\" id=\"mecanica\"><strong>Mec\u00e1nica<\/strong><\/h5>\n\n\n\n<p>Incluye el motor 1.5 16v naftero, distribuci\u00f3n por cadena, doble distribuci\u00f3n variable (Dual VVTi), que entrega 103 CV y 137 Nm. Su mec\u00e1nica est\u00e1 asociada a una caja manual de seis velocidades y tracci\u00f3n delantera.<\/p>\n\n\n\n<h5 class=\"wp-block-heading\" id=\"equipamiento\"><strong>Equipamiento<\/strong><\/h5>\n\n\n\n<p>Cuenta con un equipamiento de serie que incluye: direcci\u00f3n asistida el\u00e9ctricamente, aire acondicionado, apertura el\u00e9ctrica de ba\u00fal, cierre centralizado a distancia integrado en llave, levanta cristales el\u00e9ctricos en ventanas delanteras,&nbsp;<em>display<\/em>&nbsp;de informaci\u00f3n m\u00faltiple digital de 4,2\u2033, audio con CD, MP3, Bluetooth\u00ae, USB y entrada auxiliar de audio.<\/p>\n\n\n\n<h5 class=\"wp-block-heading\" id=\"seguridad\"><strong>Seguridad<\/strong><\/h5>\n\n\n\n<p>El nuevo Etios Aibo tiene el mismo equipamiento de seguridad disponible en el line up de Etios: ABS con EBD, airbags frontales para conductor y acompa\u00f1ante, asistente de arranque en pendientes (HAC), control de estabilidad (VSC) y Control de tracci\u00f3n (TRC).<\/p>\n\n\n\n<h5 class=\"wp-block-heading\" id=\"precio\"><strong>Precio<\/strong><\/h5>\n\n\n\n<p>El precio sugerido al p\u00fablico del nuevo Etios Aibo es $1.994.000 (<em>precio vigente hasta el 31 de enero)<\/em>.<\/p>\n\n\n\n<h5 class=\"wp-block-heading\" id=\"garantia\"><strong>Garant\u00eda<\/strong><\/h5>\n\n\n\n<p>El nuevo Etios Aibo, al igual que el resto de los veh\u00edculos comercializados por Toyota, posee una garant\u00eda transferible de 5 a\u00f1os o 150.000km (lo que ocurra primero).<\/p>\n","protected":false},"excerpt":{"rendered":"<p>Toyota lanz\u00f3 el Etios Aibo, una nueva versi\u00f3n del exitoso hatchback del segmento B, que se suma al line-up de<\/p>\n","protected":false},"author":3,"featured_media":5414,"comment_status":"open","ping_status":"open","sticky":false,"template":"","format":"standard","meta":{"colormag_page_container_layout":"default_layout","colormag_page_sidebar_layout":"default_layout","footnotes":""},"categories":[6,5],"tags":[494,361,653,208,326],"class_list":["post-5412","post","type-post","status-publish","format-standard","has-post-thumbnail","hentry","category-newsflash","category-latest-news","tag-0km","tag-autos","tag-etios","tag-produccion","tag-toyota"],"yoast_head":"<!-- This site is optimized with the Yoast SEO plugin v27.5 - https:\/\/yoast.com\/product\/yoast-seo-wordpress\/ -->\n<title>Autos del Podio | Toyota present\u00f3 el Etios Aibo<\/title>\n<meta name=\"description\" content=\"Autos del Podio Una nueva versi\u00f3n del exitoso hatchback del segmento B\" \/>\n<meta name=\"robots\" content=\"index, follow, max-snippet:-1, max-image-preview:large, max-video-preview:-1\" \/>\n<link rel=\"canonical\" href=\"https:\/\/autosdelpodio.com\/autos\/toyota-presento-el-etios-aibo\/\" \/>\n<meta property=\"og:locale\" content=\"es_ES\" \/>\n<meta property=\"og:type\" content=\"article\" \/>\n<meta property=\"og:title\" content=\"Autos del Podio | Toyota present\u00f3 el Etios Aibo\" \/>\n<meta property=\"og:description\" content=\"Autos del Podio Una nueva versi\u00f3n del exitoso hatchback del segmento B\" \/>\n<meta property=\"og:url\" content=\"https:\/\/autosdelpodio.com\/autos\/toyota-presento-el-etios-aibo\/\" \/>\n<meta property=\"og:site_name\" content=\"Autos del Podio\" \/>\n<meta property=\"article:publisher\" content=\"https:\/\/www.facebook.com\/profile.php?id=100057192590976&amp;amp%3bamp%3bamp%3bamp%3bamp%3bamp%3bamp%3bamp%3bamp%3bamp%3bamp%3bamp%3bamp%3bamp%3bamp%3bamp%3bamp%3bamp%3bref=ts\" \/>\n<meta property=\"article:published_time\" content=\"2022-02-07T23:47:16+00:00\" \/>\n<meta property=\"article:modified_time\" content=\"2022-02-07T23:47:17+00:00\" \/>\n<meta property=\"og:image\" content=\"https:\/\/autosdelpodio.com\/autos\/wp-content\/uploads\/2022\/02\/Etios_Toyota_Aibo.jpg\" \/>\n\t<meta property=\"og:image:width\" content=\"800\" \/>\n\t<meta property=\"og:image:height\" content=\"400\" \/>\n\t<meta property=\"og:image:type\" content=\"image\/jpeg\" \/>\n<meta name=\"author\" content=\"autosdelpodio\" \/>\n<meta name=\"twitter:card\" content=\"summary_large_image\" \/>\n<meta name=\"twitter:creator\" content=\"@autosdelpodio\" \/>\n<meta name=\"twitter:site\" content=\"@autosdelpodio\" \/>\n<meta name=\"twitter:label1\" content=\"Escrito por\" \/>\n\t<meta name=\"twitter:data1\" content=\"autosdelpodio\" \/>\n\t<meta name=\"twitter:label2\" content=\"Tiempo de lectura\" \/>\n\t<meta name=\"twitter:data2\" content=\"3 minutos\" \/>\n<script type=\"application\/ld+json\" class=\"yoast-schema-graph\">{\"@context\":\"https:\\\/\\\/schema.org\",\"@graph\":[{\"@type\":\"Article\",\"@id\":\"https:\\\/\\\/autosdelpodio.com\\\/autos\\\/toyota-presento-el-etios-aibo\\\/#article\",\"isPartOf\":{\"@id\":\"https:\\\/\\\/autosdelpodio.com\\\/autos\\\/toyota-presento-el-etios-aibo\\\/\"},\"author\":{\"name\":\"autosdelpodio\",\"@id\":\"http:\\\/\\\/autosdelpodio.com\\\/autos\\\/#\\\/schema\\\/person\\\/993527a4d01c3acdd3d6bce3770bc942\"},\"headline\":\"Toyota present\u00f3 el Etios Aibo\",\"datePublished\":\"2022-02-07T23:47:16+00:00\",\"dateModified\":\"2022-02-07T23:47:17+00:00\",\"mainEntityOfPage\":{\"@id\":\"https:\\\/\\\/autosdelpodio.com\\\/autos\\\/toyota-presento-el-etios-aibo\\\/\"},\"wordCount\":489,\"commentCount\":0,\"publisher\":{\"@id\":\"http:\\\/\\\/autosdelpodio.com\\\/autos\\\/#organization\"},\"image\":{\"@id\":\"https:\\\/\\\/autosdelpodio.com\\\/autos\\\/toyota-presento-el-etios-aibo\\\/#primaryimage\"},\"thumbnailUrl\":\"http:\\\/\\\/autosdelpodio.com\\\/autos\\\/wp-content\\\/uploads\\\/2022\\\/02\\\/Etios_Toyota_Aibo.jpg\",\"keywords\":[\"0Km\",\"Autos\",\"Etios\",\"Producci\u00f3n\",\"Toyota\"],\"articleSection\":[\"Destacado\",\"\u00daltimas noticias\"],\"inLanguage\":\"es\",\"potentialAction\":[{\"@type\":\"CommentAction\",\"name\":\"Comment\",\"target\":[\"https:\\\/\\\/autosdelpodio.com\\\/autos\\\/toyota-presento-el-etios-aibo\\\/#respond\"]}]},{\"@type\":\"WebPage\",\"@id\":\"https:\\\/\\\/autosdelpodio.com\\\/autos\\\/toyota-presento-el-etios-aibo\\\/\",\"url\":\"https:\\\/\\\/autosdelpodio.com\\\/autos\\\/toyota-presento-el-etios-aibo\\\/\",\"name\":\"Autos del Podio | Toyota present\u00f3 el Etios Aibo\",\"isPartOf\":{\"@id\":\"http:\\\/\\\/autosdelpodio.com\\\/autos\\\/#website\"},\"primaryImageOfPage\":{\"@id\":\"https:\\\/\\\/autosdelpodio.com\\\/autos\\\/toyota-presento-el-etios-aibo\\\/#primaryimage\"},\"image\":{\"@id\":\"https:\\\/\\\/autosdelpodio.com\\\/autos\\\/toyota-presento-el-etios-aibo\\\/#primaryimage\"},\"thumbnailUrl\":\"http:\\\/\\\/autosdelpodio.com\\\/autos\\\/wp-content\\\/uploads\\\/2022\\\/02\\\/Etios_Toyota_Aibo.jpg\",\"datePublished\":\"2022-02-07T23:47:16+00:00\",\"dateModified\":\"2022-02-07T23:47:17+00:00\",\"description\":\"Autos del Podio Una nueva versi\u00f3n del exitoso hatchback del segmento B\",\"breadcrumb\":{\"@id\":\"https:\\\/\\\/autosdelpodio.com\\\/autos\\\/toyota-presento-el-etios-aibo\\\/#breadcrumb\"},\"inLanguage\":\"es\",\"potentialAction\":[{\"@type\":\"ReadAction\",\"target\":[\"https:\\\/\\\/autosdelpodio.com\\\/autos\\\/toyota-presento-el-etios-aibo\\\/\"]}]},{\"@type\":\"ImageObject\",\"inLanguage\":\"es\",\"@id\":\"https:\\\/\\\/autosdelpodio.com\\\/autos\\\/toyota-presento-el-etios-aibo\\\/#primaryimage\",\"url\":\"http:\\\/\\\/autosdelpodio.com\\\/autos\\\/wp-content\\\/uploads\\\/2022\\\/02\\\/Etios_Toyota_Aibo.jpg\",\"contentUrl\":\"http:\\\/\\\/autosdelpodio.com\\\/autos\\\/wp-content\\\/uploads\\\/2022\\\/02\\\/Etios_Toyota_Aibo.jpg\",\"width\":800,\"height\":400},{\"@type\":\"BreadcrumbList\",\"@id\":\"https:\\\/\\\/autosdelpodio.com\\\/autos\\\/toyota-presento-el-etios-aibo\\\/#breadcrumb\",\"itemListElement\":[{\"@type\":\"ListItem\",\"position\":1,\"name\":\"Portada\",\"item\":\"http:\\\/\\\/autosdelpodio.com\\\/autos\\\/\"},{\"@type\":\"ListItem\",\"position\":2,\"name\":\"Toyota present\u00f3 el Etios Aibo\"}]},{\"@type\":\"WebSite\",\"@id\":\"http:\\\/\\\/autosdelpodio.com\\\/autos\\\/#website\",\"url\":\"http:\\\/\\\/autosdelpodio.com\\\/autos\\\/\",\"name\":\"Autos del Podio\",\"description\":\"La sexta del deporte motor\",\"publisher\":{\"@id\":\"http:\\\/\\\/autosdelpodio.com\\\/autos\\\/#organization\"},\"potentialAction\":[{\"@type\":\"SearchAction\",\"target\":{\"@type\":\"EntryPoint\",\"urlTemplate\":\"http:\\\/\\\/autosdelpodio.com\\\/autos\\\/?s={search_term_string}\"},\"query-input\":{\"@type\":\"PropertyValueSpecification\",\"valueRequired\":true,\"valueName\":\"search_term_string\"}}],\"inLanguage\":\"es\"},{\"@type\":\"Organization\",\"@id\":\"http:\\\/\\\/autosdelpodio.com\\\/autos\\\/#organization\",\"name\":\"Autos del Podio\",\"url\":\"http:\\\/\\\/autosdelpodio.com\\\/autos\\\/\",\"logo\":{\"@type\":\"ImageObject\",\"inLanguage\":\"es\",\"@id\":\"http:\\\/\\\/autosdelpodio.com\\\/autos\\\/#\\\/schema\\\/logo\\\/image\\\/\",\"url\":\"http:\\\/\\\/autosdelpodio.com\\\/autos\\\/wp-content\\\/uploads\\\/2020\\\/08\\\/Logo_AR.jpg\",\"contentUrl\":\"http:\\\/\\\/autosdelpodio.com\\\/autos\\\/wp-content\\\/uploads\\\/2020\\\/08\\\/Logo_AR.jpg\",\"width\":1038,\"height\":1044,\"caption\":\"Autos del Podio\"},\"image\":{\"@id\":\"http:\\\/\\\/autosdelpodio.com\\\/autos\\\/#\\\/schema\\\/logo\\\/image\\\/\"},\"sameAs\":[\"https:\\\/\\\/www.facebook.com\\\/profile.php?id=100057192590976&amp;amp;amp;amp;amp;amp;amp;amp;amp;amp;amp;amp;amp;amp;amp;amp;amp;amp;ref=ts\",\"https:\\\/\\\/x.com\\\/autosdelpodio\",\"https:\\\/\\\/www.youtube.com\\\/user\\\/AutosdelPodio\"]},{\"@type\":\"Person\",\"@id\":\"http:\\\/\\\/autosdelpodio.com\\\/autos\\\/#\\\/schema\\\/person\\\/993527a4d01c3acdd3d6bce3770bc942\",\"name\":\"autosdelpodio\",\"image\":{\"@type\":\"ImageObject\",\"inLanguage\":\"es\",\"@id\":\"http:\\\/\\\/autosdelpodio.com\\\/autos\\\/wp-content\\\/litespeed\\\/avatar\\\/aa8f65cd201a80f6b844f63278aa84af.jpg?ver=1777403005\",\"url\":\"http:\\\/\\\/autosdelpodio.com\\\/autos\\\/wp-content\\\/litespeed\\\/avatar\\\/aa8f65cd201a80f6b844f63278aa84af.jpg?ver=1777403005\",\"contentUrl\":\"http:\\\/\\\/autosdelpodio.com\\\/autos\\\/wp-content\\\/litespeed\\\/avatar\\\/aa8f65cd201a80f6b844f63278aa84af.jpg?ver=1777403005\",\"caption\":\"autosdelpodio\"}}]}<\/script>\n<!-- \/ Yoast SEO plugin. -->","yoast_head_json":{"title":"Autos del Podio | Toyota present\u00f3 el Etios Aibo","description":"Autos del Podio Una nueva versi\u00f3n del exitoso hatchback del segmento B","robots":{"index":"index","follow":"follow","max-snippet":"max-snippet:-1","max-image-preview":"max-image-preview:large","max-video-preview":"max-video-preview:-1"},"canonical":"https:\/\/autosdelpodio.com\/autos\/toyota-presento-el-etios-aibo\/","og_locale":"es_ES","og_type":"article","og_title":"Autos del Podio | Toyota present\u00f3 el Etios Aibo","og_description":"Autos del Podio Una nueva versi\u00f3n del exitoso hatchback del segmento B","og_url":"https:\/\/autosdelpodio.com\/autos\/toyota-presento-el-etios-aibo\/","og_site_name":"Autos del Podio","article_publisher":"https:\/\/www.facebook.com\/profile.php?id=100057192590976&amp%3bamp%3bamp%3bamp%3bamp%3bamp%3bamp%3bamp%3bamp%3bamp%3bamp%3bamp%3bamp%3bamp%3bamp%3bamp%3bamp%3bamp%3bref=ts","article_published_time":"2022-02-07T23:47:16+00:00","article_modified_time":"2022-02-07T23:47:17+00:00","og_image":[{"width":800,"height":400,"url":"https:\/\/autosdelpodio.com\/autos\/wp-content\/uploads\/2022\/02\/Etios_Toyota_Aibo.jpg","type":"image\/jpeg"}],"author":"autosdelpodio","twitter_card":"summary_large_image","twitter_creator":"@autosdelpodio","twitter_site":"@autosdelpodio","twitter_misc":{"Escrito por":"autosdelpodio","Tiempo de lectura":"3 minutos"},"schema":{"@context":"https:\/\/schema.org","@graph":[{"@type":"Article","@id":"https:\/\/autosdelpodio.com\/autos\/toyota-presento-el-etios-aibo\/#article","isPartOf":{"@id":"https:\/\/autosdelpodio.com\/autos\/toyota-presento-el-etios-aibo\/"},"author":{"name":"autosdelpodio","@id":"http:\/\/autosdelpodio.com\/autos\/#\/schema\/person\/993527a4d01c3acdd3d6bce3770bc942"},"headline":"Toyota present\u00f3 el Etios Aibo","datePublished":"2022-02-07T23:47:16+00:00","dateModified":"2022-02-07T23:47:17+00:00","mainEntityOfPage":{"@id":"https:\/\/autosdelpodio.com\/autos\/toyota-presento-el-etios-aibo\/"},"wordCount":489,"commentCount":0,"publisher":{"@id":"http:\/\/autosdelpodio.com\/autos\/#organization"},"image":{"@id":"https:\/\/autosdelpodio.com\/autos\/toyota-presento-el-etios-aibo\/#primaryimage"},"thumbnailUrl":"http:\/\/autosdelpodio.com\/autos\/wp-content\/uploads\/2022\/02\/Etios_Toyota_Aibo.jpg","keywords":["0Km","Autos","Etios","Producci\u00f3n","Toyota"],"articleSection":["Destacado","\u00daltimas noticias"],"inLanguage":"es","potentialAction":[{"@type":"CommentAction","name":"Comment","target":["https:\/\/autosdelpodio.com\/autos\/toyota-presento-el-etios-aibo\/#respond"]}]},{"@type":"WebPage","@id":"https:\/\/autosdelpodio.com\/autos\/toyota-presento-el-etios-aibo\/","url":"https:\/\/autosdelpodio.com\/autos\/toyota-presento-el-etios-aibo\/","name":"Autos del Podio | Toyota present\u00f3 el Etios Aibo","isPartOf":{"@id":"http:\/\/autosdelpodio.com\/autos\/#website"},"primaryImageOfPage":{"@id":"https:\/\/autosdelpodio.com\/autos\/toyota-presento-el-etios-aibo\/#primaryimage"},"image":{"@id":"https:\/\/autosdelpodio.com\/autos\/toyota-presento-el-etios-aibo\/#primaryimage"},"thumbnailUrl":"http:\/\/autosdelpodio.com\/autos\/wp-content\/uploads\/2022\/02\/Etios_Toyota_Aibo.jpg","datePublished":"2022-02-07T23:47:16+00:00","dateModified":"2022-02-07T23:47:17+00:00","description":"Autos del Podio Una nueva versi\u00f3n del exitoso hatchback del segmento B","breadcrumb":{"@id":"https:\/\/autosdelpodio.com\/autos\/toyota-presento-el-etios-aibo\/#breadcrumb"},"inLanguage":"es","potentialAction":[{"@type":"ReadAction","target":["https:\/\/autosdelpodio.com\/autos\/toyota-presento-el-etios-aibo\/"]}]},{"@type":"ImageObject","inLanguage":"es","@id":"https:\/\/autosdelpodio.com\/autos\/toyota-presento-el-etios-aibo\/#primaryimage","url":"http:\/\/autosdelpodio.com\/autos\/wp-content\/uploads\/2022\/02\/Etios_Toyota_Aibo.jpg","contentUrl":"http:\/\/autosdelpodio.com\/autos\/wp-content\/uploads\/2022\/02\/Etios_Toyota_Aibo.jpg","width":800,"height":400},{"@type":"BreadcrumbList","@id":"https:\/\/autosdelpodio.com\/autos\/toyota-presento-el-etios-aibo\/#breadcrumb","itemListElement":[{"@type":"ListItem","position":1,"name":"Portada","item":"http:\/\/autosdelpodio.com\/autos\/"},{"@type":"ListItem","position":2,"name":"Toyota present\u00f3 el Etios Aibo"}]},{"@type":"WebSite","@id":"http:\/\/autosdelpodio.com\/autos\/#website","url":"http:\/\/autosdelpodio.com\/autos\/","name":"Autos del Podio","description":"La sexta del deporte motor","publisher":{"@id":"http:\/\/autosdelpodio.com\/autos\/#organization"},"potentialAction":[{"@type":"SearchAction","target":{"@type":"EntryPoint","urlTemplate":"http:\/\/autosdelpodio.com\/autos\/?s={search_term_string}"},"query-input":{"@type":"PropertyValueSpecification","valueRequired":true,"valueName":"search_term_string"}}],"inLanguage":"es"},{"@type":"Organization","@id":"http:\/\/autosdelpodio.com\/autos\/#organization","name":"Autos del Podio","url":"http:\/\/autosdelpodio.com\/autos\/","logo":{"@type":"ImageObject","inLanguage":"es","@id":"http:\/\/autosdelpodio.com\/autos\/#\/schema\/logo\/image\/","url":"http:\/\/autosdelpodio.com\/autos\/wp-content\/uploads\/2020\/08\/Logo_AR.jpg","contentUrl":"http:\/\/autosdelpodio.com\/autos\/wp-content\/uploads\/2020\/08\/Logo_AR.jpg","width":1038,"height":1044,"caption":"Autos del Podio"},"image":{"@id":"http:\/\/autosdelpodio.com\/autos\/#\/schema\/logo\/image\/"},"sameAs":["https:\/\/www.facebook.com\/profile.php?id=100057192590976&amp;amp;amp;amp;amp;amp;amp;amp;amp;amp;amp;amp;amp;amp;amp;amp;amp;amp;ref=ts","https:\/\/x.com\/autosdelpodio","https:\/\/www.youtube.com\/user\/AutosdelPodio"]},{"@type":"Person","@id":"http:\/\/autosdelpodio.com\/autos\/#\/schema\/person\/993527a4d01c3acdd3d6bce3770bc942","name":"autosdelpodio","image":{"@type":"ImageObject","inLanguage":"es","@id":"http:\/\/autosdelpodio.com\/autos\/wp-content\/litespeed\/avatar\/aa8f65cd201a80f6b844f63278aa84af.jpg?ver=1777403005","url":"http:\/\/autosdelpodio.com\/autos\/wp-content\/litespeed\/avatar\/aa8f65cd201a80f6b844f63278aa84af.jpg?ver=1777403005","contentUrl":"http:\/\/autosdelpodio.com\/autos\/wp-content\/litespeed\/avatar\/aa8f65cd201a80f6b844f63278aa84af.jpg?ver=1777403005","caption":"autosdelpodio"}}]}},"views":515,"_links":{"self":[{"href":"http:\/\/autosdelpodio.com\/autos\/wp-json\/wp\/v2\/posts\/5412","targetHints":{"allow":["GET"]}}],"collection":[{"href":"http:\/\/autosdelpodio.com\/autos\/wp-json\/wp\/v2\/posts"}],"about":[{"href":"http:\/\/autosdelpodio.com\/autos\/wp-json\/wp\/v2\/types\/post"}],"author":[{"embeddable":true,"href":"http:\/\/autosdelpodio.com\/autos\/wp-json\/wp\/v2\/users\/3"}],"replies":[{"embeddable":true,"href":"http:\/\/autosdelpodio.com\/autos\/wp-json\/wp\/v2\/comments?post=5412"}],"version-history":[{"count":1,"href":"http:\/\/autosdelpodio.com\/autos\/wp-json\/wp\/v2\/posts\/5412\/revisions"}],"predecessor-version":[{"id":5413,"href":"http:\/\/autosdelpodio.com\/autos\/wp-json\/wp\/v2\/posts\/5412\/revisions\/5413"}],"wp:featuredmedia":[{"embeddable":true,"href":"http:\/\/autosdelpodio.com\/autos\/wp-json\/wp\/v2\/media\/5414"}],"wp:attachment":[{"href":"http:\/\/autosdelpodio.com\/autos\/wp-json\/wp\/v2\/media?parent=5412"}],"wp:term":[{"taxonomy":"category","embeddable":true,"href":"http:\/\/autosdelpodio.com\/autos\/wp-json\/wp\/v2\/categories?post=5412"},{"taxonomy":"post_tag","embeddable":true,"href":"http:\/\/autosdelpodio.com\/autos\/wp-json\/wp\/v2\/tags?post=5412"}],"curies":[{"name":"wp","href":"https:\/\/api.w.org\/{rel}","templated":true}]}}