{"id":547,"date":"2012-10-14T15:19:38","date_gmt":"2012-10-14T15:19:38","guid":{"rendered":"http:\/\/autosdelpodio.com\/autos\/2012\/10\/14\/vettel-repitio-victoria-y-se-subio-a-la-cima\/"},"modified":"2012-10-14T15:19:38","modified_gmt":"2012-10-14T15:19:38","slug":"vettel-repitio-victoria-y-se-subio-a-la-cima","status":"publish","type":"post","link":"http:\/\/autosdelpodio.com\/autos\/vettel-repitio-victoria-y-se-subio-a-la-cima\/","title":{"rendered":"Vettel repiti\u00f3 victoria y se subi\u00f3 a la cima"},"content":{"rendered":"<p>\u00a0<\/p>\n<p style=\"text-align: justify;\">Inmejorable presente para el equipo Red Bull de Formula 1.Nuevamente Sebastian Vettel obtuvo la victoria, la tercera personal de manera consecutiva, cerrando esta vez el 1-2 para el equipo junto a Mark Webber, el poleman del Sabado.En tanto que el ahora escolta del campeonato Fernando Alonso (Ferrari) finaliz\u00f3 tercero.<\/p>\n<p style=\"text-align: justify;\">A base de su contundencia, ahora Vettel asciende a la punta del campeonato con 215 puntos, seguido por Alonso con 209 y R\u00e4ikk\u00f6nen con 167 unidades.<\/p>\n<p>  <!--more-->  <\/p>\n<p>\u00a0<\/p>\n<p style=\"text-align: justify;\">\u00a0<\/p>\n<p style=\"text-align: justify;\">La d\u00e9cima s\u00e9ptima fecha del calendario de la F\u00f3rmula 1 se correr\u00e1 el 28 de octubre en el trazado de Nueva Delhi, India.<\/p>\n<p style=\"text-align: justify;\">\u00a0<\/p>\n<p>1 Sebastian Vettel(Red Bull Racing-Renault)1:36:28.651<\/p>\n<p>2 Mark Webber(Red Bull Racing-Renault)+8.2 secs<\/p>\n<p>3 Fernando Alonso(Ferrari)+13.9 secs<\/p>\n<p>4 Felipe Massa(Ferrari)+20.1 secs<\/p>\n<p>5 Kimi R\u00e4ikk\u00f6nen(Lotus-Renault)+36.7 secs<\/p>\n<p>6 Nico Hulkenberg(Force India-Mercedes)+45.3 secs<\/p>\n<p>7 Romain Grosjean(Lotus-Renault)+54.8 secs<\/p>\n<p>8 Jean-Eric Vergne(STR-Ferrari)+69.5 secs<\/p>\n<p>9 Daniel Ricciardo(STR-Ferrari)+71.7 secs<\/p>\n<p>10 Lewis Hamilton(McLaren-Mercedes)+79.6 secs<\/p>\n<p>11 Sergio Perez(Sauber-Ferrari)+80.0 secs<\/p>\n<p>12 Paul di Resta(Force India-Mercedes)+84.4 secs<\/p>\n<p>13 Michael Schumacher(Mercedes)+89.2 secs<\/p>\n<p>14 Pastor Maldonado(Williams-Renault)+94.9 secs<\/p>\n<p>15 Bruno Senna(Williams-Renault)+96.9 secs<\/p>\n<p>16 Vitaly Petrov(Caterham-Renault)+1 Lap<\/p>\n<p>17 Heikki Kovalainen(Caterham-Renault)+1 Lap<\/p>\n<p>18 Timo Glock(Marussia-Cosworth)+1 Lap<\/p>\n<p>19 Charles Pic(Marussia-Cosworth)+2 Laps<\/p>\n<p>20 Narain Karthikeyan(HRT-Cosworth)+2 Laps<\/p>\n<p>Ret Pedro de la Rosa(HRT-Cosworth)<\/p>\n<p>Ret Kamui Kobayashi(Sauber-Ferrari)<\/p>\n<p>Ret Nico Rosberg(Mercedes)<\/p>\n<p>Ret Jenson Button(McLaren-Mercedes)<\/p>\n<p>\u00a0<\/p>\n<p class=\"MsoNormal\">\u00a0<\/p>\n<p class=\"MsoNormal\">\u00a0<\/p>\n","protected":false},"excerpt":{"rendered":"<p>\u00a0 Inmejorable presente para el equipo Red Bull de Formula 1.Nuevamente Sebastian Vettel obtuvo la victoria, la tercera personal de<\/p>\n","protected":false},"author":1,"featured_media":0,"comment_status":"open","ping_status":"open","sticky":false,"template":"","format":"standard","meta":{"colormag_page_container_layout":"default_layout","colormag_page_sidebar_layout":"default_layout","footnotes":""},"categories":[5],"tags":[],"class_list":["post-547","post","type-post","status-publish","format-standard","hentry","category-latest-news"],"yoast_head":"<!-- This site is optimized with the Yoast SEO plugin v27.4 - https:\/\/yoast.com\/product\/yoast-seo-wordpress\/ -->\n<title>Autos del Podio | Vettel repiti\u00f3 victoria y se subi\u00f3 a la cima<\/title>\n<meta name=\"description\" content=\"Autos del Podio\" \/>\n<meta name=\"robots\" content=\"index, follow, max-snippet:-1, max-image-preview:large, max-video-preview:-1\" \/>\n<link rel=\"canonical\" href=\"http:\/\/autosdelpodio.com\/autos\/vettel-repitio-victoria-y-se-subio-a-la-cima\/\" \/>\n<meta property=\"og:locale\" content=\"es_ES\" \/>\n<meta property=\"og:type\" content=\"article\" \/>\n<meta property=\"og:title\" content=\"Autos del Podio | Vettel repiti\u00f3 victoria y se subi\u00f3 a la cima\" \/>\n<meta property=\"og:description\" content=\"Autos del Podio\" \/>\n<meta property=\"og:url\" content=\"http:\/\/autosdelpodio.com\/autos\/vettel-repitio-victoria-y-se-subio-a-la-cima\/\" \/>\n<meta property=\"og:site_name\" content=\"Autos del Podio\" \/>\n<meta property=\"article:publisher\" content=\"https:\/\/www.facebook.com\/profile.php?id=100057192590976&amp;amp%3bamp%3bamp%3bamp%3bamp%3bamp%3bamp%3bamp%3bamp%3bamp%3bamp%3bamp%3bamp%3bamp%3bamp%3bamp%3bamp%3bamp%3bref=ts\" \/>\n<meta property=\"article:published_time\" content=\"2012-10-14T15:19:38+00:00\" \/>\n<meta name=\"author\" content=\"wi022230\" \/>\n<meta name=\"twitter:card\" content=\"summary_large_image\" \/>\n<meta name=\"twitter:creator\" content=\"@autosdelpodio\" \/>\n<meta name=\"twitter:site\" content=\"@autosdelpodio\" \/>\n<meta name=\"twitter:label1\" content=\"Escrito por\" \/>\n\t<meta name=\"twitter:data1\" content=\"wi022230\" \/>\n\t<meta name=\"twitter:label2\" content=\"Tiempo de lectura\" \/>\n\t<meta name=\"twitter:data2\" content=\"1 minuto\" \/>\n<script type=\"application\/ld+json\" class=\"yoast-schema-graph\">{\"@context\":\"https:\\\/\\\/schema.org\",\"@graph\":[{\"@type\":\"Article\",\"@id\":\"http:\\\/\\\/autosdelpodio.com\\\/autos\\\/vettel-repitio-victoria-y-se-subio-a-la-cima\\\/#article\",\"isPartOf\":{\"@id\":\"http:\\\/\\\/autosdelpodio.com\\\/autos\\\/vettel-repitio-victoria-y-se-subio-a-la-cima\\\/\"},\"author\":{\"name\":\"wi022230\",\"@id\":\"http:\\\/\\\/autosdelpodio.com\\\/autos\\\/#\\\/schema\\\/person\\\/e88353cabf768863fdf874e30120f3ba\"},\"headline\":\"Vettel repiti\u00f3 victoria y se subi\u00f3 a la cima\",\"datePublished\":\"2012-10-14T15:19:38+00:00\",\"mainEntityOfPage\":{\"@id\":\"http:\\\/\\\/autosdelpodio.com\\\/autos\\\/vettel-repitio-victoria-y-se-subio-a-la-cima\\\/\"},\"wordCount\":214,\"commentCount\":0,\"publisher\":{\"@id\":\"http:\\\/\\\/autosdelpodio.com\\\/autos\\\/#organization\"},\"articleSection\":[\"\u00daltimas noticias\"],\"inLanguage\":\"es\",\"potentialAction\":[{\"@type\":\"CommentAction\",\"name\":\"Comment\",\"target\":[\"http:\\\/\\\/autosdelpodio.com\\\/autos\\\/vettel-repitio-victoria-y-se-subio-a-la-cima\\\/#respond\"]}]},{\"@type\":\"WebPage\",\"@id\":\"http:\\\/\\\/autosdelpodio.com\\\/autos\\\/vettel-repitio-victoria-y-se-subio-a-la-cima\\\/\",\"url\":\"http:\\\/\\\/autosdelpodio.com\\\/autos\\\/vettel-repitio-victoria-y-se-subio-a-la-cima\\\/\",\"name\":\"Autos del Podio | Vettel repiti\u00f3 victoria y se subi\u00f3 a la cima\",\"isPartOf\":{\"@id\":\"http:\\\/\\\/autosdelpodio.com\\\/autos\\\/#website\"},\"datePublished\":\"2012-10-14T15:19:38+00:00\",\"description\":\"Autos del Podio\",\"breadcrumb\":{\"@id\":\"http:\\\/\\\/autosdelpodio.com\\\/autos\\\/vettel-repitio-victoria-y-se-subio-a-la-cima\\\/#breadcrumb\"},\"inLanguage\":\"es\",\"potentialAction\":[{\"@type\":\"ReadAction\",\"target\":[\"http:\\\/\\\/autosdelpodio.com\\\/autos\\\/vettel-repitio-victoria-y-se-subio-a-la-cima\\\/\"]}]},{\"@type\":\"BreadcrumbList\",\"@id\":\"http:\\\/\\\/autosdelpodio.com\\\/autos\\\/vettel-repitio-victoria-y-se-subio-a-la-cima\\\/#breadcrumb\",\"itemListElement\":[{\"@type\":\"ListItem\",\"position\":1,\"name\":\"Portada\",\"item\":\"http:\\\/\\\/autosdelpodio.com\\\/autos\\\/\"},{\"@type\":\"ListItem\",\"position\":2,\"name\":\"Vettel repiti\u00f3 victoria y se subi\u00f3 a la cima\"}]},{\"@type\":\"WebSite\",\"@id\":\"http:\\\/\\\/autosdelpodio.com\\\/autos\\\/#website\",\"url\":\"http:\\\/\\\/autosdelpodio.com\\\/autos\\\/\",\"name\":\"Autos del Podio\",\"description\":\"La sexta del deporte motor\",\"publisher\":{\"@id\":\"http:\\\/\\\/autosdelpodio.com\\\/autos\\\/#organization\"},\"potentialAction\":[{\"@type\":\"SearchAction\",\"target\":{\"@type\":\"EntryPoint\",\"urlTemplate\":\"http:\\\/\\\/autosdelpodio.com\\\/autos\\\/?s={search_term_string}\"},\"query-input\":{\"@type\":\"PropertyValueSpecification\",\"valueRequired\":true,\"valueName\":\"search_term_string\"}}],\"inLanguage\":\"es\"},{\"@type\":\"Organization\",\"@id\":\"http:\\\/\\\/autosdelpodio.com\\\/autos\\\/#organization\",\"name\":\"Autos del Podio\",\"url\":\"http:\\\/\\\/autosdelpodio.com\\\/autos\\\/\",\"logo\":{\"@type\":\"ImageObject\",\"inLanguage\":\"es\",\"@id\":\"http:\\\/\\\/autosdelpodio.com\\\/autos\\\/#\\\/schema\\\/logo\\\/image\\\/\",\"url\":\"http:\\\/\\\/autosdelpodio.com\\\/autos\\\/wp-content\\\/uploads\\\/2020\\\/08\\\/Logo_AR.jpg\",\"contentUrl\":\"http:\\\/\\\/autosdelpodio.com\\\/autos\\\/wp-content\\\/uploads\\\/2020\\\/08\\\/Logo_AR.jpg\",\"width\":1038,\"height\":1044,\"caption\":\"Autos del Podio\"},\"image\":{\"@id\":\"http:\\\/\\\/autosdelpodio.com\\\/autos\\\/#\\\/schema\\\/logo\\\/image\\\/\"},\"sameAs\":[\"https:\\\/\\\/www.facebook.com\\\/profile.php?id=100057192590976&amp;amp;amp;amp;amp;amp;amp;amp;amp;amp;amp;amp;amp;amp;amp;amp;amp;amp;ref=ts\",\"https:\\\/\\\/x.com\\\/autosdelpodio\",\"https:\\\/\\\/www.youtube.com\\\/user\\\/AutosdelPodio\"]},{\"@type\":\"Person\",\"@id\":\"http:\\\/\\\/autosdelpodio.com\\\/autos\\\/#\\\/schema\\\/person\\\/e88353cabf768863fdf874e30120f3ba\",\"name\":\"wi022230\",\"image\":{\"@type\":\"ImageObject\",\"inLanguage\":\"es\",\"@id\":\"http:\\\/\\\/autosdelpodio.com\\\/autos\\\/wp-content\\\/litespeed\\\/avatar\\\/453fc9bdbb11d766ba4c7f14d0bd0aa9.jpg?ver=1776800006\",\"url\":\"http:\\\/\\\/autosdelpodio.com\\\/autos\\\/wp-content\\\/litespeed\\\/avatar\\\/453fc9bdbb11d766ba4c7f14d0bd0aa9.jpg?ver=1776800006\",\"contentUrl\":\"http:\\\/\\\/autosdelpodio.com\\\/autos\\\/wp-content\\\/litespeed\\\/avatar\\\/453fc9bdbb11d766ba4c7f14d0bd0aa9.jpg?ver=1776800006\",\"caption\":\"wi022230\"}}]}<\/script>\n<!-- \/ Yoast SEO plugin. -->","yoast_head_json":{"title":"Autos del Podio | Vettel repiti\u00f3 victoria y se subi\u00f3 a la cima","description":"Autos del Podio","robots":{"index":"index","follow":"follow","max-snippet":"max-snippet:-1","max-image-preview":"max-image-preview:large","max-video-preview":"max-video-preview:-1"},"canonical":"http:\/\/autosdelpodio.com\/autos\/vettel-repitio-victoria-y-se-subio-a-la-cima\/","og_locale":"es_ES","og_type":"article","og_title":"Autos del Podio | Vettel repiti\u00f3 victoria y se subi\u00f3 a la cima","og_description":"Autos del Podio","og_url":"http:\/\/autosdelpodio.com\/autos\/vettel-repitio-victoria-y-se-subio-a-la-cima\/","og_site_name":"Autos del Podio","article_publisher":"https:\/\/www.facebook.com\/profile.php?id=100057192590976&amp%3bamp%3bamp%3bamp%3bamp%3bamp%3bamp%3bamp%3bamp%3bamp%3bamp%3bamp%3bamp%3bamp%3bamp%3bamp%3bamp%3bamp%3bref=ts","article_published_time":"2012-10-14T15:19:38+00:00","author":"wi022230","twitter_card":"summary_large_image","twitter_creator":"@autosdelpodio","twitter_site":"@autosdelpodio","twitter_misc":{"Escrito por":"wi022230","Tiempo de lectura":"1 minuto"},"schema":{"@context":"https:\/\/schema.org","@graph":[{"@type":"Article","@id":"http:\/\/autosdelpodio.com\/autos\/vettel-repitio-victoria-y-se-subio-a-la-cima\/#article","isPartOf":{"@id":"http:\/\/autosdelpodio.com\/autos\/vettel-repitio-victoria-y-se-subio-a-la-cima\/"},"author":{"name":"wi022230","@id":"http:\/\/autosdelpodio.com\/autos\/#\/schema\/person\/e88353cabf768863fdf874e30120f3ba"},"headline":"Vettel repiti\u00f3 victoria y se subi\u00f3 a la cima","datePublished":"2012-10-14T15:19:38+00:00","mainEntityOfPage":{"@id":"http:\/\/autosdelpodio.com\/autos\/vettel-repitio-victoria-y-se-subio-a-la-cima\/"},"wordCount":214,"commentCount":0,"publisher":{"@id":"http:\/\/autosdelpodio.com\/autos\/#organization"},"articleSection":["\u00daltimas noticias"],"inLanguage":"es","potentialAction":[{"@type":"CommentAction","name":"Comment","target":["http:\/\/autosdelpodio.com\/autos\/vettel-repitio-victoria-y-se-subio-a-la-cima\/#respond"]}]},{"@type":"WebPage","@id":"http:\/\/autosdelpodio.com\/autos\/vettel-repitio-victoria-y-se-subio-a-la-cima\/","url":"http:\/\/autosdelpodio.com\/autos\/vettel-repitio-victoria-y-se-subio-a-la-cima\/","name":"Autos del Podio | Vettel repiti\u00f3 victoria y se subi\u00f3 a la cima","isPartOf":{"@id":"http:\/\/autosdelpodio.com\/autos\/#website"},"datePublished":"2012-10-14T15:19:38+00:00","description":"Autos del Podio","breadcrumb":{"@id":"http:\/\/autosdelpodio.com\/autos\/vettel-repitio-victoria-y-se-subio-a-la-cima\/#breadcrumb"},"inLanguage":"es","potentialAction":[{"@type":"ReadAction","target":["http:\/\/autosdelpodio.com\/autos\/vettel-repitio-victoria-y-se-subio-a-la-cima\/"]}]},{"@type":"BreadcrumbList","@id":"http:\/\/autosdelpodio.com\/autos\/vettel-repitio-victoria-y-se-subio-a-la-cima\/#breadcrumb","itemListElement":[{"@type":"ListItem","position":1,"name":"Portada","item":"http:\/\/autosdelpodio.com\/autos\/"},{"@type":"ListItem","position":2,"name":"Vettel repiti\u00f3 victoria y se subi\u00f3 a la cima"}]},{"@type":"WebSite","@id":"http:\/\/autosdelpodio.com\/autos\/#website","url":"http:\/\/autosdelpodio.com\/autos\/","name":"Autos del Podio","description":"La sexta del deporte motor","publisher":{"@id":"http:\/\/autosdelpodio.com\/autos\/#organization"},"potentialAction":[{"@type":"SearchAction","target":{"@type":"EntryPoint","urlTemplate":"http:\/\/autosdelpodio.com\/autos\/?s={search_term_string}"},"query-input":{"@type":"PropertyValueSpecification","valueRequired":true,"valueName":"search_term_string"}}],"inLanguage":"es"},{"@type":"Organization","@id":"http:\/\/autosdelpodio.com\/autos\/#organization","name":"Autos del Podio","url":"http:\/\/autosdelpodio.com\/autos\/","logo":{"@type":"ImageObject","inLanguage":"es","@id":"http:\/\/autosdelpodio.com\/autos\/#\/schema\/logo\/image\/","url":"http:\/\/autosdelpodio.com\/autos\/wp-content\/uploads\/2020\/08\/Logo_AR.jpg","contentUrl":"http:\/\/autosdelpodio.com\/autos\/wp-content\/uploads\/2020\/08\/Logo_AR.jpg","width":1038,"height":1044,"caption":"Autos del Podio"},"image":{"@id":"http:\/\/autosdelpodio.com\/autos\/#\/schema\/logo\/image\/"},"sameAs":["https:\/\/www.facebook.com\/profile.php?id=100057192590976&amp;amp;amp;amp;amp;amp;amp;amp;amp;amp;amp;amp;amp;amp;amp;amp;amp;amp;ref=ts","https:\/\/x.com\/autosdelpodio","https:\/\/www.youtube.com\/user\/AutosdelPodio"]},{"@type":"Person","@id":"http:\/\/autosdelpodio.com\/autos\/#\/schema\/person\/e88353cabf768863fdf874e30120f3ba","name":"wi022230","image":{"@type":"ImageObject","inLanguage":"es","@id":"http:\/\/autosdelpodio.com\/autos\/wp-content\/litespeed\/avatar\/453fc9bdbb11d766ba4c7f14d0bd0aa9.jpg?ver=1776800006","url":"http:\/\/autosdelpodio.com\/autos\/wp-content\/litespeed\/avatar\/453fc9bdbb11d766ba4c7f14d0bd0aa9.jpg?ver=1776800006","contentUrl":"http:\/\/autosdelpodio.com\/autos\/wp-content\/litespeed\/avatar\/453fc9bdbb11d766ba4c7f14d0bd0aa9.jpg?ver=1776800006","caption":"wi022230"}}]}},"views":461,"_links":{"self":[{"href":"http:\/\/autosdelpodio.com\/autos\/wp-json\/wp\/v2\/posts\/547","targetHints":{"allow":["GET"]}}],"collection":[{"href":"http:\/\/autosdelpodio.com\/autos\/wp-json\/wp\/v2\/posts"}],"about":[{"href":"http:\/\/autosdelpodio.com\/autos\/wp-json\/wp\/v2\/types\/post"}],"author":[{"embeddable":true,"href":"http:\/\/autosdelpodio.com\/autos\/wp-json\/wp\/v2\/users\/1"}],"replies":[{"embeddable":true,"href":"http:\/\/autosdelpodio.com\/autos\/wp-json\/wp\/v2\/comments?post=547"}],"version-history":[{"count":0,"href":"http:\/\/autosdelpodio.com\/autos\/wp-json\/wp\/v2\/posts\/547\/revisions"}],"wp:attachment":[{"href":"http:\/\/autosdelpodio.com\/autos\/wp-json\/wp\/v2\/media?parent=547"}],"wp:term":[{"taxonomy":"category","embeddable":true,"href":"http:\/\/autosdelpodio.com\/autos\/wp-json\/wp\/v2\/categories?post=547"},{"taxonomy":"post_tag","embeddable":true,"href":"http:\/\/autosdelpodio.com\/autos\/wp-json\/wp\/v2\/tags?post=547"}],"curies":[{"name":"wp","href":"https:\/\/api.w.org\/{rel}","templated":true}]}}