{"id":5507,"date":"2022-03-10T21:13:08","date_gmt":"2022-03-11T00:13:08","guid":{"rendered":"http:\/\/autosdelpodio.com\/autos\/?p=5507"},"modified":"2022-03-10T21:58:38","modified_gmt":"2022-03-11T00:58:38","slug":"las-chatas-ponen-primera","status":"publish","type":"post","link":"http:\/\/autosdelpodio.com\/autos\/las-chatas-ponen-primera\/","title":{"rendered":"Las chatas ponen primera"},"content":{"rendered":"\n<p>Este fin de semana en el Autodromo de La Plata comenzar\u00e1n a girar las TC Pick Up en compa\u00f1\u00eda del TC Mouras, TC Pista Moutas y la Formula Metropolitana.Juan Pablo Gianini comenzar\u00e1 a defender la triple corona.<br>Con un parque automotor creciente que ronda los 36 inscriptos. debutan pilotos de la talla de Jos\u00e9 Manuel Urcera, Juan Mart\u00edn Trucco, Juan Bautista De Benedictis y Ayrton Londero.<br>A continuaci\u00f3n adjuntamos el detalle del cronograma de actividades de las diversas categor\u00edas:<\/p>\n\n\n\n<p><strong>Viernes 11 de marzo <br><\/strong>09.00 a 09.15 hs. 1er. Entrenamiento Turismo 4000 Argentino<br>09.20 a 09.35 hs. 1er. Entrenamiento ASM<br>09.40 a 10.00 hs. 1er. Entrenamiento Formula 3 Metropolitana Grupo B<br>10.03 a 10.23 hs. 1er. Entrenamiento Formula 3 Metropolitana Grupo A<br>10.28 a 10.58 hs. 1er. Entrenamiento TC Pista Mouras Grupo B<br>11.01 a 11.31 hs. 1er. Entrenamiento TC Pista Mouras Grupo A<br>11.35 a 12.05 hs. 1er. Entrenamiento TC Mouras Grupo B<br>12.08 a 12.38 hs. 1er. Entrenamiento TC Mouras Grupo A<br>12.43 a 12.58 hs. 1er. Entrenamiento Copa Bora<br>13.03 a 13.18 hs. 2do. Entrenamiento Turismo 4000 Argentino<br>13.23 a 13.38 hs. 2do. Entrenamiento ASM<br>13.43 a 14.03 hs. 2do. Entrenamiento Formula 3 Metropolitana Grupo B<br>14.06 a 14.26 hs. 2do. Entrenamiento Formula 3 Metropolitana Grupo A<br>14.30 a 15.00 hs. 2do. Entrenamiento TC Pista Mouras Grupo B<br>15.03 a 15.33 hs. 2do. Entrenamiento TC Pista Mouras Grupo A<br>15.38 a 16.08 hs. 2do. Entrenamiento TC Mouras Grupo B<br>16.11 a 16.41 hs. 2do. Entrenamiento TC Mouras Grupo A<br>16.45 a 17.05 hs. 1er. Entrenamiento TC Pick Up Grupo A<br>17.08 a 17.28 hs. 1er. Entrenamiento TC Pick Up Grupo B<br>17.33 a 17.48 hs. 2do. Entrenamiento Copa Bora<br>17.53 a 18.01 hs. Clasi CARRERA SABADO Formula 3 Metropolitana 2do. Tercio<br>18.04 a 18.12 hs. Clasi CARRERA SABADO Formula 3 Metropolitana 3er. Tercio<br>18.15 a 18.23 hs. Clasi CARRERA SABADO Formula 3 Metropolitana 1er. Tercio<br>18.30 a 18.50 hs. 2do. Entrenamiento TC Pick Up Grupo A<br>18.53 a 19.13 hs. 2do. Entrenamiento TC Pick Up Grupo B<\/p>\n\n\n\n<p><strong>S\u00e1bado 13 de marzo<\/strong><\/p>\n\n\n\n<p>08.00 a 08.10 hs. 1er. Entrenamiento Copa Bora Grupo A<br>08.13 a 08.23 hs. 1er. Entrenamiento Copa Bora Grupo B<br>08.27 a 08.37 hs. 1er. Entrenamiento Turismo 4000 Argentino<br>08.41 a 08.51 hs. 1er. Entrenamiento ASM<br>08.55 a 09.03 hs. Clasif CARRERA DOMINGO Formula 3 Metropolitana 2do. Tercio<br>09.06 a 09.14 hs. Clasif CARRERA DOMINGO Formula 3 Metropolitana 3er. Tercio<br>09.17 a 09.25 hs. Clasif CARRERA DOMINGO Formula 3 Metropolitana 1er. Tercio<br>09.30 a 09.50 hs. 1er. Entrenamiento TC Pick Up Grupo A<br>09.53 a 10.13 hs. 1er. Entrenamiento TC Pick Up Grupo B<br>10.17 a 10.27 hs. 2do. Entrenamiento Copa Bora Grupo A<br>10.30 a 10.40 hs. 2do. Entrenamiento Copa Bora Grupo B<br>10.44 a 10.54 hs. 2do. Entrenamiento Turismo 4000 Argentino<br>10.58 a 11.08 hs. 2do. Entrenamiento ASM<br>11.12 a 11.32 hs. Entrenamiento TC Pista Mouras Grupo B<br>11.35 a 11.45 hs. Entrenamiento TC Pista Mouras Grupo A<br>11.50 a 12.10 hs. 2do. Entrenamiento TC Pick Up Grupo A<br>12.13 a 12.33 hs. 2do. Entrenamiento TC Pick Up Grupo B<br>12.38 a 12.58 hs. Entrenamiento TC Mouras, Grupo B<br>13.01 a 13.21 hs. Entrenamiento TC Mouras, Grupo A<br>13.25 a 13.33 hs. Clasificaci\u00f3n Copa Bora Grupo A<br>13.34 a 13.42 hs. Clasificaci\u00f3n Copa Bora Grupo B<br>13.46 a 13.54 hs. Clasificaci\u00f3n Turismo 4000 Argentino<br>13.58 a 14.06 hs. Clasificaci\u00f3n ASM Grupo A<br>14.09 a 14.17 hs. Clasificaci\u00f3n ASM Grupo B<br>14.21 a 14.29 hs. Clasificaci\u00f3n TC Pista Mouras 1* Tercio<br>14.32 a 14.40 hs. Clasificaci\u00f3n TC Pista Mouras 2* Tercio<br>14.43 a 14.51 hs. Clasificaci\u00f3n TC Pista Mouras 3* Tercio<br>15.00 a 15.05 hs. Salida a pista Formula 3 Metropolitana<br>15.10 hs. 1* FINAL Formula 3 Metropolitana 12 vueltas o 20 minutos<br>15.35 a 15.43 hs. Clasificaci\u00f3n TC Mouras 1* Tercio<br>15.46 a 15.54 hs. Clasificaci\u00f3n TC Mouras 2* Tercio<br>15.57 a 16.05 hs. Clasificaci\u00f3n TC Mouras 3* Tercio<br>16.10 a 16.18 hs. Clasificaci\u00f3n TC Pick Up 1* Tercio<br>16.21 a 16.29 hs. Clasificaci\u00f3n TC Pick Up 2* Tercio<br>16.32 a 16.40 hs. Clasificaci\u00f3n TC Pick Up 3* Tercio<br>16.45 a 16.50 hs. Salida a pista TC Pista Mouras<br>16.55 hs. 1* Serie TC Pista Mouras, 5 vueltas<br>17.10 a 17.15 hs. Salida a pista TC Pista Mouras<br>17.20 hs. 2* Serie TC Pista Mouras, 5 vueltas<br>17.30 a 17.35 hs. Salida a pista ASM<br>17.40 hs. SERIE UNICA ASM, 5 vueltas<br>17.50 a 17.55 hs. Salida a pista Turismo 4000 Argentino<br>18.00 hs. SERIE UNICA Turismo 4000 Argentino, 5 vueltas<\/p>\n\n\n\n<p><strong>Domingo 13 de marzo<\/strong><\/p>\n\n\n\n<p>08.55 a 09.00 hs. Salida a pista TC Mouras<br>09.05 hs. 1ra. Serie TC Mouras, 5 vueltas<br>09.20 a 09.25 hs. Salida a pista, TC Mouras<br>09.30 hs. 2da. Serie TC Mouras, 5 vueltas<br>09.45 a 09.50 hs. Salida a pista ASM<br>09.55 hs. FINAL ASM, 12 vueltas o 20 minutos<br>10.15 a 10.20 hs. Salida a pista Turismo 4000 Argentino<br>10.25 hs. FINAL Turismo 4000 Argentino 12 vueltas o 20 minutos<br>10.55 a 11.00 hs. Salida a pista Copa Bora<br>11.05 hs. FINAL Copa Bora 12 vueltas o 20 minutos<br>11.25 a 11.30 hs. Salida a pista Formula 3 Metropolitana<br>11.35 hs. 2* FINAL Formula 3 Metropolitana 12 vueltas o 20 minutos<br>12.00 a 12.05 hs. Salida a pista TC Pista Mouras<br>12.10 hs. FINAL TC Pista Mouras 16 vueltas o 30 minutos<br>12.40 a 12.45 hs. Salida a pista TC Mouras<br>12.50 hs. FINAL TC Mouras 18 vueltas o 35 minutos<br>13.40 a 13.45 hs. Salida a pista TC Pick Up<br>13.50 hs. FINAL TC Pick Up 18 vueltas o 30 minutos<\/p>\n","protected":false},"excerpt":{"rendered":"<p>Este fin de semana en el Autodromo de La Plata comenzar\u00e1n a girar las TC Pick Up en compa\u00f1\u00eda del<\/p>\n","protected":false},"author":3,"featured_media":0,"comment_status":"open","ping_status":"open","sticky":false,"template":"","format":"standard","meta":{"colormag_page_container_layout":"default_layout","colormag_page_sidebar_layout":"default_layout","footnotes":""},"categories":[16,5],"tags":[143,302,86,322,145,323],"class_list":["post-5507","post","type-post","status-publish","format-standard","hentry","category-recta-principal","category-latest-news","tag-actc","tag-la-plata","tag-pilotos-y-categorias","tag-tc-mouras","tag-tc-pick-up","tag-tcpm"],"yoast_head":"<!-- This site is optimized with the Yoast SEO plugin v27.4 - https:\/\/yoast.com\/product\/yoast-seo-wordpress\/ -->\n<title>Autos del Podio | Las chatas ponen primera<\/title>\n<meta name=\"description\" content=\"Autos del Podio Habr\u00e1 mucho rugido de motores en el Autodromo Roberto Mouras de La Plata\" \/>\n<meta name=\"robots\" content=\"index, follow, max-snippet:-1, max-image-preview:large, max-video-preview:-1\" \/>\n<link rel=\"canonical\" href=\"http:\/\/autosdelpodio.com\/autos\/las-chatas-ponen-primera\/\" \/>\n<meta property=\"og:locale\" content=\"es_ES\" \/>\n<meta property=\"og:type\" content=\"article\" \/>\n<meta property=\"og:title\" content=\"Autos del Podio | Las chatas ponen primera\" \/>\n<meta property=\"og:description\" content=\"Autos del Podio Habr\u00e1 mucho rugido de motores en el Autodromo Roberto Mouras de La Plata\" \/>\n<meta property=\"og:url\" content=\"http:\/\/autosdelpodio.com\/autos\/las-chatas-ponen-primera\/\" \/>\n<meta property=\"og:site_name\" content=\"Autos del Podio\" \/>\n<meta property=\"article:publisher\" content=\"https:\/\/www.facebook.com\/profile.php?id=100057192590976&amp;amp%3bamp%3bamp%3bamp%3bamp%3bamp%3bamp%3bamp%3bamp%3bamp%3bamp%3bamp%3bamp%3bamp%3bamp%3bamp%3bamp%3bamp%3bref=ts\" \/>\n<meta property=\"article:published_time\" content=\"2022-03-11T00:13:08+00:00\" \/>\n<meta property=\"article:modified_time\" content=\"2022-03-11T00:58:38+00:00\" \/>\n<meta name=\"author\" content=\"autosdelpodio\" \/>\n<meta name=\"twitter:card\" content=\"summary_large_image\" \/>\n<meta name=\"twitter:creator\" content=\"@autosdelpodio\" \/>\n<meta name=\"twitter:site\" content=\"@autosdelpodio\" \/>\n<meta name=\"twitter:label1\" content=\"Escrito por\" \/>\n\t<meta name=\"twitter:data1\" content=\"autosdelpodio\" \/>\n\t<meta name=\"twitter:label2\" content=\"Tiempo de lectura\" \/>\n\t<meta name=\"twitter:data2\" content=\"5 minutos\" \/>\n<script type=\"application\/ld+json\" class=\"yoast-schema-graph\">{\"@context\":\"https:\\\/\\\/schema.org\",\"@graph\":[{\"@type\":\"Article\",\"@id\":\"http:\\\/\\\/autosdelpodio.com\\\/autos\\\/las-chatas-ponen-primera\\\/#article\",\"isPartOf\":{\"@id\":\"http:\\\/\\\/autosdelpodio.com\\\/autos\\\/las-chatas-ponen-primera\\\/\"},\"author\":{\"name\":\"autosdelpodio\",\"@id\":\"http:\\\/\\\/autosdelpodio.com\\\/autos\\\/#\\\/schema\\\/person\\\/993527a4d01c3acdd3d6bce3770bc942\"},\"headline\":\"Las chatas ponen primera\",\"datePublished\":\"2022-03-11T00:13:08+00:00\",\"dateModified\":\"2022-03-11T00:58:38+00:00\",\"mainEntityOfPage\":{\"@id\":\"http:\\\/\\\/autosdelpodio.com\\\/autos\\\/las-chatas-ponen-primera\\\/\"},\"wordCount\":739,\"commentCount\":0,\"publisher\":{\"@id\":\"http:\\\/\\\/autosdelpodio.com\\\/autos\\\/#organization\"},\"keywords\":[\"ACTC\",\"La Plata\",\"Pilotos y Categorias\",\"TC Mouras\",\"TC Pick Up\",\"TCPM\"],\"articleSection\":[\"Recta Principal\",\"\u00daltimas noticias\"],\"inLanguage\":\"es\",\"potentialAction\":[{\"@type\":\"CommentAction\",\"name\":\"Comment\",\"target\":[\"http:\\\/\\\/autosdelpodio.com\\\/autos\\\/las-chatas-ponen-primera\\\/#respond\"]}]},{\"@type\":\"WebPage\",\"@id\":\"http:\\\/\\\/autosdelpodio.com\\\/autos\\\/las-chatas-ponen-primera\\\/\",\"url\":\"http:\\\/\\\/autosdelpodio.com\\\/autos\\\/las-chatas-ponen-primera\\\/\",\"name\":\"Autos del Podio | Las chatas ponen primera\",\"isPartOf\":{\"@id\":\"http:\\\/\\\/autosdelpodio.com\\\/autos\\\/#website\"},\"datePublished\":\"2022-03-11T00:13:08+00:00\",\"dateModified\":\"2022-03-11T00:58:38+00:00\",\"description\":\"Autos del Podio Habr\u00e1 mucho rugido de motores en el Autodromo Roberto Mouras de La Plata\",\"breadcrumb\":{\"@id\":\"http:\\\/\\\/autosdelpodio.com\\\/autos\\\/las-chatas-ponen-primera\\\/#breadcrumb\"},\"inLanguage\":\"es\",\"potentialAction\":[{\"@type\":\"ReadAction\",\"target\":[\"http:\\\/\\\/autosdelpodio.com\\\/autos\\\/las-chatas-ponen-primera\\\/\"]}]},{\"@type\":\"BreadcrumbList\",\"@id\":\"http:\\\/\\\/autosdelpodio.com\\\/autos\\\/las-chatas-ponen-primera\\\/#breadcrumb\",\"itemListElement\":[{\"@type\":\"ListItem\",\"position\":1,\"name\":\"Portada\",\"item\":\"http:\\\/\\\/autosdelpodio.com\\\/autos\\\/\"},{\"@type\":\"ListItem\",\"position\":2,\"name\":\"Las chatas ponen primera\"}]},{\"@type\":\"WebSite\",\"@id\":\"http:\\\/\\\/autosdelpodio.com\\\/autos\\\/#website\",\"url\":\"http:\\\/\\\/autosdelpodio.com\\\/autos\\\/\",\"name\":\"Autos del Podio\",\"description\":\"La sexta del deporte motor\",\"publisher\":{\"@id\":\"http:\\\/\\\/autosdelpodio.com\\\/autos\\\/#organization\"},\"potentialAction\":[{\"@type\":\"SearchAction\",\"target\":{\"@type\":\"EntryPoint\",\"urlTemplate\":\"http:\\\/\\\/autosdelpodio.com\\\/autos\\\/?s={search_term_string}\"},\"query-input\":{\"@type\":\"PropertyValueSpecification\",\"valueRequired\":true,\"valueName\":\"search_term_string\"}}],\"inLanguage\":\"es\"},{\"@type\":\"Organization\",\"@id\":\"http:\\\/\\\/autosdelpodio.com\\\/autos\\\/#organization\",\"name\":\"Autos del Podio\",\"url\":\"http:\\\/\\\/autosdelpodio.com\\\/autos\\\/\",\"logo\":{\"@type\":\"ImageObject\",\"inLanguage\":\"es\",\"@id\":\"http:\\\/\\\/autosdelpodio.com\\\/autos\\\/#\\\/schema\\\/logo\\\/image\\\/\",\"url\":\"http:\\\/\\\/autosdelpodio.com\\\/autos\\\/wp-content\\\/uploads\\\/2020\\\/08\\\/Logo_AR.jpg\",\"contentUrl\":\"http:\\\/\\\/autosdelpodio.com\\\/autos\\\/wp-content\\\/uploads\\\/2020\\\/08\\\/Logo_AR.jpg\",\"width\":1038,\"height\":1044,\"caption\":\"Autos del Podio\"},\"image\":{\"@id\":\"http:\\\/\\\/autosdelpodio.com\\\/autos\\\/#\\\/schema\\\/logo\\\/image\\\/\"},\"sameAs\":[\"https:\\\/\\\/www.facebook.com\\\/profile.php?id=100057192590976&amp;amp;amp;amp;amp;amp;amp;amp;amp;amp;amp;amp;amp;amp;amp;amp;amp;amp;ref=ts\",\"https:\\\/\\\/x.com\\\/autosdelpodio\",\"https:\\\/\\\/www.youtube.com\\\/user\\\/AutosdelPodio\"]},{\"@type\":\"Person\",\"@id\":\"http:\\\/\\\/autosdelpodio.com\\\/autos\\\/#\\\/schema\\\/person\\\/993527a4d01c3acdd3d6bce3770bc942\",\"name\":\"autosdelpodio\",\"image\":{\"@type\":\"ImageObject\",\"inLanguage\":\"es\",\"@id\":\"http:\\\/\\\/autosdelpodio.com\\\/autos\\\/wp-content\\\/litespeed\\\/avatar\\\/aa8f65cd201a80f6b844f63278aa84af.jpg?ver=1776798175\",\"url\":\"http:\\\/\\\/autosdelpodio.com\\\/autos\\\/wp-content\\\/litespeed\\\/avatar\\\/aa8f65cd201a80f6b844f63278aa84af.jpg?ver=1776798175\",\"contentUrl\":\"http:\\\/\\\/autosdelpodio.com\\\/autos\\\/wp-content\\\/litespeed\\\/avatar\\\/aa8f65cd201a80f6b844f63278aa84af.jpg?ver=1776798175\",\"caption\":\"autosdelpodio\"}}]}<\/script>\n<!-- \/ Yoast SEO plugin. -->","yoast_head_json":{"title":"Autos del Podio | Las chatas ponen primera","description":"Autos del Podio Habr\u00e1 mucho rugido de motores en el Autodromo Roberto Mouras de La Plata","robots":{"index":"index","follow":"follow","max-snippet":"max-snippet:-1","max-image-preview":"max-image-preview:large","max-video-preview":"max-video-preview:-1"},"canonical":"http:\/\/autosdelpodio.com\/autos\/las-chatas-ponen-primera\/","og_locale":"es_ES","og_type":"article","og_title":"Autos del Podio | Las chatas ponen primera","og_description":"Autos del Podio Habr\u00e1 mucho rugido de motores en el Autodromo Roberto Mouras de La Plata","og_url":"http:\/\/autosdelpodio.com\/autos\/las-chatas-ponen-primera\/","og_site_name":"Autos del Podio","article_publisher":"https:\/\/www.facebook.com\/profile.php?id=100057192590976&amp%3bamp%3bamp%3bamp%3bamp%3bamp%3bamp%3bamp%3bamp%3bamp%3bamp%3bamp%3bamp%3bamp%3bamp%3bamp%3bamp%3bamp%3bref=ts","article_published_time":"2022-03-11T00:13:08+00:00","article_modified_time":"2022-03-11T00:58:38+00:00","author":"autosdelpodio","twitter_card":"summary_large_image","twitter_creator":"@autosdelpodio","twitter_site":"@autosdelpodio","twitter_misc":{"Escrito por":"autosdelpodio","Tiempo de lectura":"5 minutos"},"schema":{"@context":"https:\/\/schema.org","@graph":[{"@type":"Article","@id":"http:\/\/autosdelpodio.com\/autos\/las-chatas-ponen-primera\/#article","isPartOf":{"@id":"http:\/\/autosdelpodio.com\/autos\/las-chatas-ponen-primera\/"},"author":{"name":"autosdelpodio","@id":"http:\/\/autosdelpodio.com\/autos\/#\/schema\/person\/993527a4d01c3acdd3d6bce3770bc942"},"headline":"Las chatas ponen primera","datePublished":"2022-03-11T00:13:08+00:00","dateModified":"2022-03-11T00:58:38+00:00","mainEntityOfPage":{"@id":"http:\/\/autosdelpodio.com\/autos\/las-chatas-ponen-primera\/"},"wordCount":739,"commentCount":0,"publisher":{"@id":"http:\/\/autosdelpodio.com\/autos\/#organization"},"keywords":["ACTC","La Plata","Pilotos y Categorias","TC Mouras","TC Pick Up","TCPM"],"articleSection":["Recta Principal","\u00daltimas noticias"],"inLanguage":"es","potentialAction":[{"@type":"CommentAction","name":"Comment","target":["http:\/\/autosdelpodio.com\/autos\/las-chatas-ponen-primera\/#respond"]}]},{"@type":"WebPage","@id":"http:\/\/autosdelpodio.com\/autos\/las-chatas-ponen-primera\/","url":"http:\/\/autosdelpodio.com\/autos\/las-chatas-ponen-primera\/","name":"Autos del Podio | Las chatas ponen primera","isPartOf":{"@id":"http:\/\/autosdelpodio.com\/autos\/#website"},"datePublished":"2022-03-11T00:13:08+00:00","dateModified":"2022-03-11T00:58:38+00:00","description":"Autos del Podio Habr\u00e1 mucho rugido de motores en el Autodromo Roberto Mouras de La Plata","breadcrumb":{"@id":"http:\/\/autosdelpodio.com\/autos\/las-chatas-ponen-primera\/#breadcrumb"},"inLanguage":"es","potentialAction":[{"@type":"ReadAction","target":["http:\/\/autosdelpodio.com\/autos\/las-chatas-ponen-primera\/"]}]},{"@type":"BreadcrumbList","@id":"http:\/\/autosdelpodio.com\/autos\/las-chatas-ponen-primera\/#breadcrumb","itemListElement":[{"@type":"ListItem","position":1,"name":"Portada","item":"http:\/\/autosdelpodio.com\/autos\/"},{"@type":"ListItem","position":2,"name":"Las chatas ponen primera"}]},{"@type":"WebSite","@id":"http:\/\/autosdelpodio.com\/autos\/#website","url":"http:\/\/autosdelpodio.com\/autos\/","name":"Autos del Podio","description":"La sexta del deporte motor","publisher":{"@id":"http:\/\/autosdelpodio.com\/autos\/#organization"},"potentialAction":[{"@type":"SearchAction","target":{"@type":"EntryPoint","urlTemplate":"http:\/\/autosdelpodio.com\/autos\/?s={search_term_string}"},"query-input":{"@type":"PropertyValueSpecification","valueRequired":true,"valueName":"search_term_string"}}],"inLanguage":"es"},{"@type":"Organization","@id":"http:\/\/autosdelpodio.com\/autos\/#organization","name":"Autos del Podio","url":"http:\/\/autosdelpodio.com\/autos\/","logo":{"@type":"ImageObject","inLanguage":"es","@id":"http:\/\/autosdelpodio.com\/autos\/#\/schema\/logo\/image\/","url":"http:\/\/autosdelpodio.com\/autos\/wp-content\/uploads\/2020\/08\/Logo_AR.jpg","contentUrl":"http:\/\/autosdelpodio.com\/autos\/wp-content\/uploads\/2020\/08\/Logo_AR.jpg","width":1038,"height":1044,"caption":"Autos del Podio"},"image":{"@id":"http:\/\/autosdelpodio.com\/autos\/#\/schema\/logo\/image\/"},"sameAs":["https:\/\/www.facebook.com\/profile.php?id=100057192590976&amp;amp;amp;amp;amp;amp;amp;amp;amp;amp;amp;amp;amp;amp;amp;amp;amp;amp;ref=ts","https:\/\/x.com\/autosdelpodio","https:\/\/www.youtube.com\/user\/AutosdelPodio"]},{"@type":"Person","@id":"http:\/\/autosdelpodio.com\/autos\/#\/schema\/person\/993527a4d01c3acdd3d6bce3770bc942","name":"autosdelpodio","image":{"@type":"ImageObject","inLanguage":"es","@id":"http:\/\/autosdelpodio.com\/autos\/wp-content\/litespeed\/avatar\/aa8f65cd201a80f6b844f63278aa84af.jpg?ver=1776798175","url":"http:\/\/autosdelpodio.com\/autos\/wp-content\/litespeed\/avatar\/aa8f65cd201a80f6b844f63278aa84af.jpg?ver=1776798175","contentUrl":"http:\/\/autosdelpodio.com\/autos\/wp-content\/litespeed\/avatar\/aa8f65cd201a80f6b844f63278aa84af.jpg?ver=1776798175","caption":"autosdelpodio"}}]}},"views":391,"_links":{"self":[{"href":"http:\/\/autosdelpodio.com\/autos\/wp-json\/wp\/v2\/posts\/5507","targetHints":{"allow":["GET"]}}],"collection":[{"href":"http:\/\/autosdelpodio.com\/autos\/wp-json\/wp\/v2\/posts"}],"about":[{"href":"http:\/\/autosdelpodio.com\/autos\/wp-json\/wp\/v2\/types\/post"}],"author":[{"embeddable":true,"href":"http:\/\/autosdelpodio.com\/autos\/wp-json\/wp\/v2\/users\/3"}],"replies":[{"embeddable":true,"href":"http:\/\/autosdelpodio.com\/autos\/wp-json\/wp\/v2\/comments?post=5507"}],"version-history":[{"count":1,"href":"http:\/\/autosdelpodio.com\/autos\/wp-json\/wp\/v2\/posts\/5507\/revisions"}],"predecessor-version":[{"id":5508,"href":"http:\/\/autosdelpodio.com\/autos\/wp-json\/wp\/v2\/posts\/5507\/revisions\/5508"}],"wp:attachment":[{"href":"http:\/\/autosdelpodio.com\/autos\/wp-json\/wp\/v2\/media?parent=5507"}],"wp:term":[{"taxonomy":"category","embeddable":true,"href":"http:\/\/autosdelpodio.com\/autos\/wp-json\/wp\/v2\/categories?post=5507"},{"taxonomy":"post_tag","embeddable":true,"href":"http:\/\/autosdelpodio.com\/autos\/wp-json\/wp\/v2\/tags?post=5507"}],"curies":[{"name":"wp","href":"https:\/\/api.w.org\/{rel}","templated":true}]}}