{"id":5513,"date":"2022-03-11T16:54:25","date_gmt":"2022-03-11T19:54:25","guid":{"rendered":"http:\/\/autosdelpodio.com\/autos\/?p=5513"},"modified":"2022-03-11T16:54:26","modified_gmt":"2022-03-11T19:54:26","slug":"el-volkswagen-taos-es-el-auto-del-ano-en-argentina","status":"publish","type":"post","link":"http:\/\/autosdelpodio.com\/autos\/el-volkswagen-taos-es-el-auto-del-ano-en-argentina\/","title":{"rendered":"El Volkswagen Taos es el auto del a\u00f1o en Argentina"},"content":{"rendered":"\n<p>Por segundo a\u00f1o consecutivo, Grupo Premia eligi\u00f3 el \u201cAuto del A\u00f1o\u201d en Argentina, el galard\u00f3n m\u00e1s prestigioso del mercado nacional. El ganador de esta edici\u00f3n, y que llevar\u00e1 el t\u00edtulo de \u201cAuto del A\u00f1o 2022\u201d, fue el Volkswagen Taos.<\/p>\n\n\n\n<p>\u201cEstamos orgullosos por este reconocimiento y convencidos del \u00e9xito que representa Taos en nuestro pa\u00eds. Un ejemplo de fabricaci\u00f3n local, con los m\u00e1s altos est\u00e1ndares en t\u00e9rminos de calidad, tecnolog\u00eda y seguridad\u201d, destac\u00f3 Mart\u00edn Massimino, director comercial del Grupo VW Argentina.<\/p>\n\n\n\n<p>Grupo Premia es una organizaci\u00f3n compuesta por Mat\u00edas Antico, Augusto Brugo Marc\u00f3, Gabriel Silveira, Mart\u00edn Simacourbe, Eduardo Smok, Gabriel Tomich y Guido Tonelli. Al igual que el a\u00f1o pasado, adem\u00e1s de estos siete periodistas, la votaci\u00f3n cont\u00f3 con la participaci\u00f3n de Carlos Figueras.<\/p>\n\n\n\n<p>\u201cNos llena de orgullo que nuestro Taos sea Auto del A\u00f1o 2022 en Argentina. Este reconocimiento es otro reflejo del gran trabajo realizado por el equipo de Volkswagen Group Argentina para producir un veh\u00edculo moderno, seguro, innovador y confortable, apostando siempre por la industria de nuestro pa\u00eds y por la satisfacci\u00f3n de nuestros clientes\u201d, coment\u00f3 Thomas Owsianski, Presidente &amp; CEO de Volkswagen Group Argentina.<\/p>\n\n\n\n<p>Para decretar el premio, los jurados asignan 25 puntos a los finalistas (son siete, elegidos previamente) con la premisa de no entregar m\u00e1s de 10 unidades a ninguno y al menos una a cada uno de ellos.<\/p>\n\n\n\n<p>As\u00ed, con 48 puntos en la sumatoria, el VW Taos super\u00f3 en la final a los Toyota Corolla Cross (41 puntos), Ford Bronco Sport (33), Ford F-150 (21), Renault Duster (21), Audi E-Tron (20) y Jeep Gladiator (16).<\/p>\n\n\n\n<p>Para participar de la elecci\u00f3n, los modelos deb\u00edan ser presentados entre el 1 de enero y el 31 de diciembre de 2021 y tener al menos una versi\u00f3n con precio de venta al p\u00fablico (no preventa).<\/p>\n\n\n\n<p>Cabe recordar que para este premio no se tienen en cuenta&nbsp;<em>restylings<\/em>&nbsp;o versiones y motorizaciones agregadas a una gama ya a la venta.<\/p>\n\n\n\n<p><em>Fuente: prensa Volkswagen Group Argentina<\/em><\/p>\n","protected":false},"excerpt":{"rendered":"<p>Por segundo a\u00f1o consecutivo, Grupo Premia eligi\u00f3 el \u201cAuto del A\u00f1o\u201d en Argentina, el galard\u00f3n m\u00e1s prestigioso del mercado nacional.<\/p>\n","protected":false},"author":3,"featured_media":4206,"comment_status":"open","ping_status":"open","sticky":false,"template":"","format":"standard","meta":{"colormag_page_container_layout":"default_layout","colormag_page_sidebar_layout":"default_layout","footnotes":""},"categories":[6,5],"tags":[361,32,35,90],"class_list":["post-5513","post","type-post","status-publish","format-standard","has-post-thumbnail","hentry","category-newsflash","category-latest-news","tag-autos","tag-industria-automotriz","tag-republica-argentina","tag-volkswagen"],"yoast_head":"<!-- This site is optimized with the Yoast SEO plugin v27.4 - https:\/\/yoast.com\/product\/yoast-seo-wordpress\/ -->\n<title>Autos del Podio | El Volkswagen Taos es el auto del a\u00f1o en Argentina<\/title>\n<meta name=\"description\" content=\"Autos del Podio El ganador de esta edici\u00f3n, y que llevar\u00e1 el t\u00edtulo de \u201cAuto del A\u00f1o 2022\u201d, fue el Volkswagen Taos.\" \/>\n<meta name=\"robots\" content=\"index, follow, max-snippet:-1, max-image-preview:large, max-video-preview:-1\" \/>\n<link rel=\"canonical\" href=\"http:\/\/autosdelpodio.com\/autos\/el-volkswagen-taos-es-el-auto-del-ano-en-argentina\/\" \/>\n<meta property=\"og:locale\" content=\"es_ES\" \/>\n<meta property=\"og:type\" content=\"article\" \/>\n<meta property=\"og:title\" content=\"Autos del Podio | El Volkswagen Taos es el auto del a\u00f1o en Argentina\" \/>\n<meta property=\"og:description\" content=\"Autos del Podio El ganador de esta edici\u00f3n, y que llevar\u00e1 el t\u00edtulo de \u201cAuto del A\u00f1o 2022\u201d, fue el Volkswagen Taos.\" \/>\n<meta property=\"og:url\" content=\"http:\/\/autosdelpodio.com\/autos\/el-volkswagen-taos-es-el-auto-del-ano-en-argentina\/\" \/>\n<meta property=\"og:site_name\" content=\"Autos del Podio\" \/>\n<meta property=\"article:publisher\" content=\"https:\/\/www.facebook.com\/profile.php?id=100057192590976&amp;amp%3bamp%3bamp%3bamp%3bamp%3bamp%3bamp%3bamp%3bamp%3bamp%3bamp%3bamp%3bamp%3bamp%3bamp%3bamp%3bamp%3bamp%3bref=ts\" \/>\n<meta property=\"article:published_time\" content=\"2022-03-11T19:54:25+00:00\" \/>\n<meta property=\"article:modified_time\" content=\"2022-03-11T19:54:26+00:00\" \/>\n<meta property=\"og:image\" content=\"http:\/\/autosdelpodio.com\/autos\/wp-content\/uploads\/2021\/04\/VW_TAOS-e1619805684977.jpg\" \/>\n\t<meta property=\"og:image:width\" content=\"500\" \/>\n\t<meta property=\"og:image:height\" content=\"250\" \/>\n\t<meta property=\"og:image:type\" content=\"image\/jpeg\" \/>\n<meta name=\"author\" content=\"autosdelpodio\" \/>\n<meta name=\"twitter:card\" content=\"summary_large_image\" \/>\n<meta name=\"twitter:creator\" content=\"@autosdelpodio\" \/>\n<meta name=\"twitter:site\" content=\"@autosdelpodio\" \/>\n<meta name=\"twitter:label1\" content=\"Escrito por\" \/>\n\t<meta name=\"twitter:data1\" content=\"autosdelpodio\" \/>\n\t<meta name=\"twitter:label2\" content=\"Tiempo de lectura\" \/>\n\t<meta name=\"twitter:data2\" content=\"2 minutos\" \/>\n<script type=\"application\/ld+json\" class=\"yoast-schema-graph\">{\"@context\":\"https:\\\/\\\/schema.org\",\"@graph\":[{\"@type\":\"Article\",\"@id\":\"http:\\\/\\\/autosdelpodio.com\\\/autos\\\/el-volkswagen-taos-es-el-auto-del-ano-en-argentina\\\/#article\",\"isPartOf\":{\"@id\":\"http:\\\/\\\/autosdelpodio.com\\\/autos\\\/el-volkswagen-taos-es-el-auto-del-ano-en-argentina\\\/\"},\"author\":{\"name\":\"autosdelpodio\",\"@id\":\"http:\\\/\\\/autosdelpodio.com\\\/autos\\\/#\\\/schema\\\/person\\\/993527a4d01c3acdd3d6bce3770bc942\"},\"headline\":\"El Volkswagen Taos es el auto del a\u00f1o en Argentina\",\"datePublished\":\"2022-03-11T19:54:25+00:00\",\"dateModified\":\"2022-03-11T19:54:26+00:00\",\"mainEntityOfPage\":{\"@id\":\"http:\\\/\\\/autosdelpodio.com\\\/autos\\\/el-volkswagen-taos-es-el-auto-del-ano-en-argentina\\\/\"},\"wordCount\":356,\"commentCount\":0,\"publisher\":{\"@id\":\"http:\\\/\\\/autosdelpodio.com\\\/autos\\\/#organization\"},\"image\":{\"@id\":\"http:\\\/\\\/autosdelpodio.com\\\/autos\\\/el-volkswagen-taos-es-el-auto-del-ano-en-argentina\\\/#primaryimage\"},\"thumbnailUrl\":\"http:\\\/\\\/autosdelpodio.com\\\/autos\\\/wp-content\\\/uploads\\\/2021\\\/04\\\/VW_TAOS-e1619805684977.jpg\",\"keywords\":[\"Autos\",\"Industria Automotriz\",\"Republica Argentina\",\"Volkswagen\"],\"articleSection\":[\"Destacado\",\"\u00daltimas noticias\"],\"inLanguage\":\"es\",\"potentialAction\":[{\"@type\":\"CommentAction\",\"name\":\"Comment\",\"target\":[\"http:\\\/\\\/autosdelpodio.com\\\/autos\\\/el-volkswagen-taos-es-el-auto-del-ano-en-argentina\\\/#respond\"]}]},{\"@type\":\"WebPage\",\"@id\":\"http:\\\/\\\/autosdelpodio.com\\\/autos\\\/el-volkswagen-taos-es-el-auto-del-ano-en-argentina\\\/\",\"url\":\"http:\\\/\\\/autosdelpodio.com\\\/autos\\\/el-volkswagen-taos-es-el-auto-del-ano-en-argentina\\\/\",\"name\":\"Autos del Podio | El Volkswagen Taos es el auto del a\u00f1o en Argentina\",\"isPartOf\":{\"@id\":\"http:\\\/\\\/autosdelpodio.com\\\/autos\\\/#website\"},\"primaryImageOfPage\":{\"@id\":\"http:\\\/\\\/autosdelpodio.com\\\/autos\\\/el-volkswagen-taos-es-el-auto-del-ano-en-argentina\\\/#primaryimage\"},\"image\":{\"@id\":\"http:\\\/\\\/autosdelpodio.com\\\/autos\\\/el-volkswagen-taos-es-el-auto-del-ano-en-argentina\\\/#primaryimage\"},\"thumbnailUrl\":\"http:\\\/\\\/autosdelpodio.com\\\/autos\\\/wp-content\\\/uploads\\\/2021\\\/04\\\/VW_TAOS-e1619805684977.jpg\",\"datePublished\":\"2022-03-11T19:54:25+00:00\",\"dateModified\":\"2022-03-11T19:54:26+00:00\",\"description\":\"Autos del Podio El ganador de esta edici\u00f3n, y que llevar\u00e1 el t\u00edtulo de \u201cAuto del A\u00f1o 2022\u201d, fue el Volkswagen Taos.\",\"breadcrumb\":{\"@id\":\"http:\\\/\\\/autosdelpodio.com\\\/autos\\\/el-volkswagen-taos-es-el-auto-del-ano-en-argentina\\\/#breadcrumb\"},\"inLanguage\":\"es\",\"potentialAction\":[{\"@type\":\"ReadAction\",\"target\":[\"http:\\\/\\\/autosdelpodio.com\\\/autos\\\/el-volkswagen-taos-es-el-auto-del-ano-en-argentina\\\/\"]}]},{\"@type\":\"ImageObject\",\"inLanguage\":\"es\",\"@id\":\"http:\\\/\\\/autosdelpodio.com\\\/autos\\\/el-volkswagen-taos-es-el-auto-del-ano-en-argentina\\\/#primaryimage\",\"url\":\"http:\\\/\\\/autosdelpodio.com\\\/autos\\\/wp-content\\\/uploads\\\/2021\\\/04\\\/VW_TAOS-e1619805684977.jpg\",\"contentUrl\":\"http:\\\/\\\/autosdelpodio.com\\\/autos\\\/wp-content\\\/uploads\\\/2021\\\/04\\\/VW_TAOS-e1619805684977.jpg\",\"width\":500,\"height\":250},{\"@type\":\"BreadcrumbList\",\"@id\":\"http:\\\/\\\/autosdelpodio.com\\\/autos\\\/el-volkswagen-taos-es-el-auto-del-ano-en-argentina\\\/#breadcrumb\",\"itemListElement\":[{\"@type\":\"ListItem\",\"position\":1,\"name\":\"Portada\",\"item\":\"http:\\\/\\\/autosdelpodio.com\\\/autos\\\/\"},{\"@type\":\"ListItem\",\"position\":2,\"name\":\"El Volkswagen Taos es el auto del a\u00f1o en Argentina\"}]},{\"@type\":\"WebSite\",\"@id\":\"http:\\\/\\\/autosdelpodio.com\\\/autos\\\/#website\",\"url\":\"http:\\\/\\\/autosdelpodio.com\\\/autos\\\/\",\"name\":\"Autos del Podio\",\"description\":\"La sexta del deporte motor\",\"publisher\":{\"@id\":\"http:\\\/\\\/autosdelpodio.com\\\/autos\\\/#organization\"},\"potentialAction\":[{\"@type\":\"SearchAction\",\"target\":{\"@type\":\"EntryPoint\",\"urlTemplate\":\"http:\\\/\\\/autosdelpodio.com\\\/autos\\\/?s={search_term_string}\"},\"query-input\":{\"@type\":\"PropertyValueSpecification\",\"valueRequired\":true,\"valueName\":\"search_term_string\"}}],\"inLanguage\":\"es\"},{\"@type\":\"Organization\",\"@id\":\"http:\\\/\\\/autosdelpodio.com\\\/autos\\\/#organization\",\"name\":\"Autos del Podio\",\"url\":\"http:\\\/\\\/autosdelpodio.com\\\/autos\\\/\",\"logo\":{\"@type\":\"ImageObject\",\"inLanguage\":\"es\",\"@id\":\"http:\\\/\\\/autosdelpodio.com\\\/autos\\\/#\\\/schema\\\/logo\\\/image\\\/\",\"url\":\"http:\\\/\\\/autosdelpodio.com\\\/autos\\\/wp-content\\\/uploads\\\/2020\\\/08\\\/Logo_AR.jpg\",\"contentUrl\":\"http:\\\/\\\/autosdelpodio.com\\\/autos\\\/wp-content\\\/uploads\\\/2020\\\/08\\\/Logo_AR.jpg\",\"width\":1038,\"height\":1044,\"caption\":\"Autos del Podio\"},\"image\":{\"@id\":\"http:\\\/\\\/autosdelpodio.com\\\/autos\\\/#\\\/schema\\\/logo\\\/image\\\/\"},\"sameAs\":[\"https:\\\/\\\/www.facebook.com\\\/profile.php?id=100057192590976&amp;amp;amp;amp;amp;amp;amp;amp;amp;amp;amp;amp;amp;amp;amp;amp;amp;amp;ref=ts\",\"https:\\\/\\\/x.com\\\/autosdelpodio\",\"https:\\\/\\\/www.youtube.com\\\/user\\\/AutosdelPodio\"]},{\"@type\":\"Person\",\"@id\":\"http:\\\/\\\/autosdelpodio.com\\\/autos\\\/#\\\/schema\\\/person\\\/993527a4d01c3acdd3d6bce3770bc942\",\"name\":\"autosdelpodio\",\"image\":{\"@type\":\"ImageObject\",\"inLanguage\":\"es\",\"@id\":\"http:\\\/\\\/autosdelpodio.com\\\/autos\\\/wp-content\\\/litespeed\\\/avatar\\\/aa8f65cd201a80f6b844f63278aa84af.jpg?ver=1776798175\",\"url\":\"http:\\\/\\\/autosdelpodio.com\\\/autos\\\/wp-content\\\/litespeed\\\/avatar\\\/aa8f65cd201a80f6b844f63278aa84af.jpg?ver=1776798175\",\"contentUrl\":\"http:\\\/\\\/autosdelpodio.com\\\/autos\\\/wp-content\\\/litespeed\\\/avatar\\\/aa8f65cd201a80f6b844f63278aa84af.jpg?ver=1776798175\",\"caption\":\"autosdelpodio\"}}]}<\/script>\n<!-- \/ Yoast SEO plugin. -->","yoast_head_json":{"title":"Autos del Podio | El Volkswagen Taos es el auto del a\u00f1o en Argentina","description":"Autos del Podio El ganador de esta edici\u00f3n, y que llevar\u00e1 el t\u00edtulo de \u201cAuto del A\u00f1o 2022\u201d, fue el Volkswagen Taos.","robots":{"index":"index","follow":"follow","max-snippet":"max-snippet:-1","max-image-preview":"max-image-preview:large","max-video-preview":"max-video-preview:-1"},"canonical":"http:\/\/autosdelpodio.com\/autos\/el-volkswagen-taos-es-el-auto-del-ano-en-argentina\/","og_locale":"es_ES","og_type":"article","og_title":"Autos del Podio | El Volkswagen Taos es el auto del a\u00f1o en Argentina","og_description":"Autos del Podio El ganador de esta edici\u00f3n, y que llevar\u00e1 el t\u00edtulo de \u201cAuto del A\u00f1o 2022\u201d, fue el Volkswagen Taos.","og_url":"http:\/\/autosdelpodio.com\/autos\/el-volkswagen-taos-es-el-auto-del-ano-en-argentina\/","og_site_name":"Autos del Podio","article_publisher":"https:\/\/www.facebook.com\/profile.php?id=100057192590976&amp%3bamp%3bamp%3bamp%3bamp%3bamp%3bamp%3bamp%3bamp%3bamp%3bamp%3bamp%3bamp%3bamp%3bamp%3bamp%3bamp%3bamp%3bref=ts","article_published_time":"2022-03-11T19:54:25+00:00","article_modified_time":"2022-03-11T19:54:26+00:00","og_image":[{"width":500,"height":250,"url":"http:\/\/autosdelpodio.com\/autos\/wp-content\/uploads\/2021\/04\/VW_TAOS-e1619805684977.jpg","type":"image\/jpeg"}],"author":"autosdelpodio","twitter_card":"summary_large_image","twitter_creator":"@autosdelpodio","twitter_site":"@autosdelpodio","twitter_misc":{"Escrito por":"autosdelpodio","Tiempo de lectura":"2 minutos"},"schema":{"@context":"https:\/\/schema.org","@graph":[{"@type":"Article","@id":"http:\/\/autosdelpodio.com\/autos\/el-volkswagen-taos-es-el-auto-del-ano-en-argentina\/#article","isPartOf":{"@id":"http:\/\/autosdelpodio.com\/autos\/el-volkswagen-taos-es-el-auto-del-ano-en-argentina\/"},"author":{"name":"autosdelpodio","@id":"http:\/\/autosdelpodio.com\/autos\/#\/schema\/person\/993527a4d01c3acdd3d6bce3770bc942"},"headline":"El Volkswagen Taos es el auto del a\u00f1o en Argentina","datePublished":"2022-03-11T19:54:25+00:00","dateModified":"2022-03-11T19:54:26+00:00","mainEntityOfPage":{"@id":"http:\/\/autosdelpodio.com\/autos\/el-volkswagen-taos-es-el-auto-del-ano-en-argentina\/"},"wordCount":356,"commentCount":0,"publisher":{"@id":"http:\/\/autosdelpodio.com\/autos\/#organization"},"image":{"@id":"http:\/\/autosdelpodio.com\/autos\/el-volkswagen-taos-es-el-auto-del-ano-en-argentina\/#primaryimage"},"thumbnailUrl":"http:\/\/autosdelpodio.com\/autos\/wp-content\/uploads\/2021\/04\/VW_TAOS-e1619805684977.jpg","keywords":["Autos","Industria Automotriz","Republica Argentina","Volkswagen"],"articleSection":["Destacado","\u00daltimas noticias"],"inLanguage":"es","potentialAction":[{"@type":"CommentAction","name":"Comment","target":["http:\/\/autosdelpodio.com\/autos\/el-volkswagen-taos-es-el-auto-del-ano-en-argentina\/#respond"]}]},{"@type":"WebPage","@id":"http:\/\/autosdelpodio.com\/autos\/el-volkswagen-taos-es-el-auto-del-ano-en-argentina\/","url":"http:\/\/autosdelpodio.com\/autos\/el-volkswagen-taos-es-el-auto-del-ano-en-argentina\/","name":"Autos del Podio | El Volkswagen Taos es el auto del a\u00f1o en Argentina","isPartOf":{"@id":"http:\/\/autosdelpodio.com\/autos\/#website"},"primaryImageOfPage":{"@id":"http:\/\/autosdelpodio.com\/autos\/el-volkswagen-taos-es-el-auto-del-ano-en-argentina\/#primaryimage"},"image":{"@id":"http:\/\/autosdelpodio.com\/autos\/el-volkswagen-taos-es-el-auto-del-ano-en-argentina\/#primaryimage"},"thumbnailUrl":"http:\/\/autosdelpodio.com\/autos\/wp-content\/uploads\/2021\/04\/VW_TAOS-e1619805684977.jpg","datePublished":"2022-03-11T19:54:25+00:00","dateModified":"2022-03-11T19:54:26+00:00","description":"Autos del Podio El ganador de esta edici\u00f3n, y que llevar\u00e1 el t\u00edtulo de \u201cAuto del A\u00f1o 2022\u201d, fue el Volkswagen Taos.","breadcrumb":{"@id":"http:\/\/autosdelpodio.com\/autos\/el-volkswagen-taos-es-el-auto-del-ano-en-argentina\/#breadcrumb"},"inLanguage":"es","potentialAction":[{"@type":"ReadAction","target":["http:\/\/autosdelpodio.com\/autos\/el-volkswagen-taos-es-el-auto-del-ano-en-argentina\/"]}]},{"@type":"ImageObject","inLanguage":"es","@id":"http:\/\/autosdelpodio.com\/autos\/el-volkswagen-taos-es-el-auto-del-ano-en-argentina\/#primaryimage","url":"http:\/\/autosdelpodio.com\/autos\/wp-content\/uploads\/2021\/04\/VW_TAOS-e1619805684977.jpg","contentUrl":"http:\/\/autosdelpodio.com\/autos\/wp-content\/uploads\/2021\/04\/VW_TAOS-e1619805684977.jpg","width":500,"height":250},{"@type":"BreadcrumbList","@id":"http:\/\/autosdelpodio.com\/autos\/el-volkswagen-taos-es-el-auto-del-ano-en-argentina\/#breadcrumb","itemListElement":[{"@type":"ListItem","position":1,"name":"Portada","item":"http:\/\/autosdelpodio.com\/autos\/"},{"@type":"ListItem","position":2,"name":"El Volkswagen Taos es el auto del a\u00f1o en Argentina"}]},{"@type":"WebSite","@id":"http:\/\/autosdelpodio.com\/autos\/#website","url":"http:\/\/autosdelpodio.com\/autos\/","name":"Autos del Podio","description":"La sexta del deporte motor","publisher":{"@id":"http:\/\/autosdelpodio.com\/autos\/#organization"},"potentialAction":[{"@type":"SearchAction","target":{"@type":"EntryPoint","urlTemplate":"http:\/\/autosdelpodio.com\/autos\/?s={search_term_string}"},"query-input":{"@type":"PropertyValueSpecification","valueRequired":true,"valueName":"search_term_string"}}],"inLanguage":"es"},{"@type":"Organization","@id":"http:\/\/autosdelpodio.com\/autos\/#organization","name":"Autos del Podio","url":"http:\/\/autosdelpodio.com\/autos\/","logo":{"@type":"ImageObject","inLanguage":"es","@id":"http:\/\/autosdelpodio.com\/autos\/#\/schema\/logo\/image\/","url":"http:\/\/autosdelpodio.com\/autos\/wp-content\/uploads\/2020\/08\/Logo_AR.jpg","contentUrl":"http:\/\/autosdelpodio.com\/autos\/wp-content\/uploads\/2020\/08\/Logo_AR.jpg","width":1038,"height":1044,"caption":"Autos del Podio"},"image":{"@id":"http:\/\/autosdelpodio.com\/autos\/#\/schema\/logo\/image\/"},"sameAs":["https:\/\/www.facebook.com\/profile.php?id=100057192590976&amp;amp;amp;amp;amp;amp;amp;amp;amp;amp;amp;amp;amp;amp;amp;amp;amp;amp;ref=ts","https:\/\/x.com\/autosdelpodio","https:\/\/www.youtube.com\/user\/AutosdelPodio"]},{"@type":"Person","@id":"http:\/\/autosdelpodio.com\/autos\/#\/schema\/person\/993527a4d01c3acdd3d6bce3770bc942","name":"autosdelpodio","image":{"@type":"ImageObject","inLanguage":"es","@id":"http:\/\/autosdelpodio.com\/autos\/wp-content\/litespeed\/avatar\/aa8f65cd201a80f6b844f63278aa84af.jpg?ver=1776798175","url":"http:\/\/autosdelpodio.com\/autos\/wp-content\/litespeed\/avatar\/aa8f65cd201a80f6b844f63278aa84af.jpg?ver=1776798175","contentUrl":"http:\/\/autosdelpodio.com\/autos\/wp-content\/litespeed\/avatar\/aa8f65cd201a80f6b844f63278aa84af.jpg?ver=1776798175","caption":"autosdelpodio"}}]}},"views":454,"_links":{"self":[{"href":"http:\/\/autosdelpodio.com\/autos\/wp-json\/wp\/v2\/posts\/5513","targetHints":{"allow":["GET"]}}],"collection":[{"href":"http:\/\/autosdelpodio.com\/autos\/wp-json\/wp\/v2\/posts"}],"about":[{"href":"http:\/\/autosdelpodio.com\/autos\/wp-json\/wp\/v2\/types\/post"}],"author":[{"embeddable":true,"href":"http:\/\/autosdelpodio.com\/autos\/wp-json\/wp\/v2\/users\/3"}],"replies":[{"embeddable":true,"href":"http:\/\/autosdelpodio.com\/autos\/wp-json\/wp\/v2\/comments?post=5513"}],"version-history":[{"count":2,"href":"http:\/\/autosdelpodio.com\/autos\/wp-json\/wp\/v2\/posts\/5513\/revisions"}],"predecessor-version":[{"id":5515,"href":"http:\/\/autosdelpodio.com\/autos\/wp-json\/wp\/v2\/posts\/5513\/revisions\/5515"}],"wp:featuredmedia":[{"embeddable":true,"href":"http:\/\/autosdelpodio.com\/autos\/wp-json\/wp\/v2\/media\/4206"}],"wp:attachment":[{"href":"http:\/\/autosdelpodio.com\/autos\/wp-json\/wp\/v2\/media?parent=5513"}],"wp:term":[{"taxonomy":"category","embeddable":true,"href":"http:\/\/autosdelpodio.com\/autos\/wp-json\/wp\/v2\/categories?post=5513"},{"taxonomy":"post_tag","embeddable":true,"href":"http:\/\/autosdelpodio.com\/autos\/wp-json\/wp\/v2\/tags?post=5513"}],"curies":[{"name":"wp","href":"https:\/\/api.w.org\/{rel}","templated":true}]}}