{"id":5519,"date":"2022-03-13T13:09:41","date_gmt":"2022-03-13T16:09:41","guid":{"rendered":"http:\/\/autosdelpodio.com\/autos\/?p=5519"},"modified":"2022-03-13T16:01:40","modified_gmt":"2022-03-13T19:01:40","slug":"re-debut-inmejorable","status":"publish","type":"post","link":"http:\/\/autosdelpodio.com\/autos\/re-debut-inmejorable\/","title":{"rendered":"Re debut inmejorable"},"content":{"rendered":"\n<p>El equipo Axion Energy, que tuvo que re acomodarse tras <a href=\"http:\/\/autosdelpodio.com\/autos\/renault-sport-dejara-el-automovilismo-nacional\/\" target=\"_blank\" rel=\"noreferrer noopener\">la salida de Renault<\/a>, le alist\u00f3 un Fluence estupendo a Leonel Pernia quien se qued\u00f3 con la primera final de la temporada en el Juan Manuel Fangio de Rosario.<br>Julian Santero, ganador del Sprint Sabatino y Bernardo Llaver completaron el podio del TC2000 que cambio de manos mediante,<a href=\"http:\/\/autosdelpodio.com\/autos\/volvio-la-categoria-a-su-nombre-original-tc2000\/\" target=\"_blank\" rel=\"noreferrer noopener\"> volvi\u00f3 a su denominaci\u00f3n original desde 1979 discontinuada a partir de 2012<\/a>.<br>En lo que respecta al campeonato, los ganadores de la fecha Pernia y Santero comparten liderazgo con 39 puntos, en tanto que Facundo Ardusso qued\u00f3 tercero con 27.<br>Como parte del espect\u00e1culo la telonera TC2000 Series form\u00f3 parte de la oferta con un parque automotor que trep\u00f3 a 17 unidades.All\u00ed, Facundo Marques (Fluence) impuso condiciones de principio a fin escoltado por Ignacio Montenegro y Javier Scuncio Moro.<br>El pr\u00f3ximo compromiso de ambas divisionales, a la que se le sumar\u00e1 la rebautizada Formula Nacional (ex Formula Renault) ser\u00e1 en el Autodromo Ezequiel Crisol de Bahia Blanca.<\/p>\n\n\n\n<p><strong>Final TC2000 a 24 Vueltas &#8211; Fecha 1<\/strong><\/p>\n\n\n\n<figure class=\"wp-block-table\"><table><thead><tr><td><strong>Posici\u00f3n<\/strong><\/td><td><strong>Piloto<\/strong><\/td><td><strong>Marca<\/strong><\/td><td><strong>Vueltas<\/strong><\/td><td><strong>Tiempo<\/strong><\/td><td><strong>Diferencia<\/strong><\/td><\/tr><\/thead><tbody><tr><td>1<\/td><td>Leonel Pernia<\/td><td>Renault&nbsp;Fluence GT<\/td><td>24<\/td><td>00:41:46.149<\/td><td>00.000<\/td><\/tr><tr><td>2<\/td><td>Juli\u00e1n Santero<\/td><td>Toyota&nbsp;Corolla<\/td><td>24<\/td><td>00:41:47.911<\/td><td>01.762<\/td><\/tr><tr><td>3<\/td><td>Bernardo Llaver<\/td><td>Chevrolet&nbsp;Cruze<\/td><td>24<\/td><td>00:42:00.857<\/td><td>14.708<\/td><\/tr><tr><td>4<\/td><td>Facundo Ardusso<\/td><td>Honda&nbsp;Civic<\/td><td>24<\/td><td>00:42:02.900<\/td><td>16.751<\/td><\/tr><tr><td>5<\/td><td>Jorge Barrio<\/td><td>Toyota&nbsp;Corolla<\/td><td>24<\/td><td>00:42:03.909<\/td><td>17.760<\/td><\/tr><tr><td>6<\/td><td>Fabian Yannantuoni<\/td><td>Honda&nbsp;Civic<\/td><td>24<\/td><td>00:42:15.923<\/td><td>29.774<\/td><\/tr><tr><td>7<\/td><td>Franco Vivian<\/td><td>Citroen&nbsp;C4 Lounge<\/td><td>24<\/td><td>00:42:18.688<\/td><td>32.539<\/td><\/tr><tr><td>8<\/td><td>Ignacio Montenegro<\/td><td>Renault&nbsp;Fluence GT<\/td><td>24<\/td><td>00:42:19.393<\/td><td>33.244<\/td><\/tr><tr><td>9<\/td><td>Mat\u00edas Milla<\/td><td>Renault&nbsp;Fluence GT<\/td><td>24<\/td><td>00:42:20.154<\/td><td>34.005<\/td><\/tr><tr><td>10<\/td><td>Eugenio Provens<\/td><td>Toyota&nbsp;Corolla<\/td><td>24<\/td><td>00:42:37.768<\/td><td>51.619<\/td><\/tr><tr><td>11<\/td><td>Mat\u00edas Cravero<\/td><td>Honda&nbsp;Civic<\/td><td>24<\/td><td>00:42:37.793<\/td><td>51.644<\/td><\/tr><tr><td>12<\/td><td>Felipe Barrios Bustos<\/td><td>Renault&nbsp;Fluence GT<\/td><td>24<\/td><td>00:42:38.185<\/td><td>52.036<\/td><\/tr><tr><td>13<\/td><td>Baltazar Leguizam\u00f3n<\/td><td>Fiat&nbsp;Cronos<\/td><td>24<\/td><td>00:42:47.968<\/td><td>01:01:00.819<\/td><\/tr><tr><td>14<\/td><td>Agustin Canapino<\/td><td>Chevrolet&nbsp;Cruze<\/td><td>11<\/td><td>00:20:22.008<\/td><td>13.000<\/td><\/tr><tr><td>15<\/td><td>Nicol\u00e1s Traut<\/td><td>Chevrolet&nbsp;Cruze<\/td><td>7<\/td><td>00:13:56.058<\/td><td>17.000<\/td><\/tr><tr><td>16<\/td><td>Facundo Aldrighetti<\/td><td>Toyota&nbsp;Corolla<\/td><td>1<\/td><td>1:51.070<\/td><td>23.000<\/td><\/tr><tr><td>17<\/td><td>Gonzalo Reilly<\/td><td>Fiat&nbsp;Cronos<\/td><td>0<\/td><td>0:00.000<\/td><td>00.000<\/td><\/tr><\/tbody><\/table><\/figure>\n\n\n\n<p>Promedio del 1\u00b0: 137.901 km\/h<br>R\u00e9cord de vta: N\u00b01 (Canapino) en 1m38s552\/1000 a 146.116 km\/h<\/p>\n","protected":false},"excerpt":{"rendered":"<p>El equipo Axion Energy, que tuvo que re acomodarse tras la salida de Renault, le alist\u00f3 un Fluence estupendo a<\/p>\n","protected":false},"author":3,"featured_media":5442,"comment_status":"open","ping_status":"open","sticky":false,"template":"","format":"standard","meta":{"colormag_page_container_layout":"default_layout","colormag_page_sidebar_layout":"default_layout","footnotes":""},"categories":[6,5],"tags":[528,105,217,656],"class_list":["post-5519","post","type-post","status-publish","format-standard","has-post-thumbnail","hentry","category-newsflash","category-latest-news","tag-autodromo-rosario","tag-santa-fe","tag-tc2000","tag-tc2000-series"],"yoast_head":"<!-- This site is optimized with the Yoast SEO plugin v27.4 - https:\/\/yoast.com\/product\/yoast-seo-wordpress\/ -->\n<title>Autos del Podio | Re debut inmejorable<\/title>\n<meta name=\"description\" content=\"Autos del Podio El de Tandil aprovech\u00f3 el abandono del campe\u00f3n Canapino y su paso errante con el Cruze\" \/>\n<meta name=\"robots\" content=\"index, follow, max-snippet:-1, max-image-preview:large, max-video-preview:-1\" \/>\n<link rel=\"canonical\" href=\"http:\/\/autosdelpodio.com\/autos\/re-debut-inmejorable\/\" \/>\n<meta property=\"og:locale\" content=\"es_ES\" \/>\n<meta property=\"og:type\" content=\"article\" \/>\n<meta property=\"og:title\" content=\"Autos del Podio | Re debut inmejorable\" \/>\n<meta property=\"og:description\" content=\"Autos del Podio El de Tandil aprovech\u00f3 el abandono del campe\u00f3n Canapino y su paso errante con el Cruze\" \/>\n<meta property=\"og:url\" content=\"http:\/\/autosdelpodio.com\/autos\/re-debut-inmejorable\/\" \/>\n<meta property=\"og:site_name\" content=\"Autos del Podio\" \/>\n<meta property=\"article:publisher\" content=\"https:\/\/www.facebook.com\/profile.php?id=100057192590976&amp;amp%3bamp%3bamp%3bamp%3bamp%3bamp%3bamp%3bamp%3bamp%3bamp%3bamp%3bamp%3bamp%3bamp%3bamp%3bamp%3bamp%3bamp%3bref=ts\" \/>\n<meta property=\"article:published_time\" content=\"2022-03-13T16:09:41+00:00\" \/>\n<meta property=\"article:modified_time\" content=\"2022-03-13T19:01:40+00:00\" \/>\n<meta property=\"og:image\" content=\"http:\/\/autosdelpodio.com\/autos\/wp-content\/uploads\/2022\/02\/TC2000.jpg\" \/>\n\t<meta property=\"og:image:width\" content=\"500\" \/>\n\t<meta property=\"og:image:height\" content=\"250\" \/>\n\t<meta property=\"og:image:type\" content=\"image\/jpeg\" \/>\n<meta name=\"author\" content=\"autosdelpodio\" \/>\n<meta name=\"twitter:card\" content=\"summary_large_image\" \/>\n<meta name=\"twitter:creator\" content=\"@autosdelpodio\" \/>\n<meta name=\"twitter:site\" content=\"@autosdelpodio\" \/>\n<meta name=\"twitter:label1\" content=\"Escrito por\" \/>\n\t<meta name=\"twitter:data1\" content=\"autosdelpodio\" \/>\n\t<meta name=\"twitter:label2\" content=\"Tiempo de lectura\" \/>\n\t<meta name=\"twitter:data2\" content=\"2 minutos\" \/>\n<script type=\"application\/ld+json\" class=\"yoast-schema-graph\">{\"@context\":\"https:\\\/\\\/schema.org\",\"@graph\":[{\"@type\":\"Article\",\"@id\":\"http:\\\/\\\/autosdelpodio.com\\\/autos\\\/re-debut-inmejorable\\\/#article\",\"isPartOf\":{\"@id\":\"http:\\\/\\\/autosdelpodio.com\\\/autos\\\/re-debut-inmejorable\\\/\"},\"author\":{\"name\":\"autosdelpodio\",\"@id\":\"http:\\\/\\\/autosdelpodio.com\\\/autos\\\/#\\\/schema\\\/person\\\/993527a4d01c3acdd3d6bce3770bc942\"},\"headline\":\"Re debut inmejorable\",\"datePublished\":\"2022-03-13T16:09:41+00:00\",\"dateModified\":\"2022-03-13T19:01:40+00:00\",\"mainEntityOfPage\":{\"@id\":\"http:\\\/\\\/autosdelpodio.com\\\/autos\\\/re-debut-inmejorable\\\/\"},\"wordCount\":291,\"commentCount\":0,\"publisher\":{\"@id\":\"http:\\\/\\\/autosdelpodio.com\\\/autos\\\/#organization\"},\"image\":{\"@id\":\"http:\\\/\\\/autosdelpodio.com\\\/autos\\\/re-debut-inmejorable\\\/#primaryimage\"},\"thumbnailUrl\":\"http:\\\/\\\/autosdelpodio.com\\\/autos\\\/wp-content\\\/uploads\\\/2022\\\/02\\\/TC2000.jpg\",\"keywords\":[\"Autodromo Rosario\",\"Santa Fe\",\"TC2000\",\"TC2000 Series\"],\"articleSection\":[\"Destacado\",\"\u00daltimas noticias\"],\"inLanguage\":\"es\",\"potentialAction\":[{\"@type\":\"CommentAction\",\"name\":\"Comment\",\"target\":[\"http:\\\/\\\/autosdelpodio.com\\\/autos\\\/re-debut-inmejorable\\\/#respond\"]}]},{\"@type\":\"WebPage\",\"@id\":\"http:\\\/\\\/autosdelpodio.com\\\/autos\\\/re-debut-inmejorable\\\/\",\"url\":\"http:\\\/\\\/autosdelpodio.com\\\/autos\\\/re-debut-inmejorable\\\/\",\"name\":\"Autos del Podio | Re debut inmejorable\",\"isPartOf\":{\"@id\":\"http:\\\/\\\/autosdelpodio.com\\\/autos\\\/#website\"},\"primaryImageOfPage\":{\"@id\":\"http:\\\/\\\/autosdelpodio.com\\\/autos\\\/re-debut-inmejorable\\\/#primaryimage\"},\"image\":{\"@id\":\"http:\\\/\\\/autosdelpodio.com\\\/autos\\\/re-debut-inmejorable\\\/#primaryimage\"},\"thumbnailUrl\":\"http:\\\/\\\/autosdelpodio.com\\\/autos\\\/wp-content\\\/uploads\\\/2022\\\/02\\\/TC2000.jpg\",\"datePublished\":\"2022-03-13T16:09:41+00:00\",\"dateModified\":\"2022-03-13T19:01:40+00:00\",\"description\":\"Autos del Podio El de Tandil aprovech\u00f3 el abandono del campe\u00f3n Canapino y su paso errante con el Cruze\",\"breadcrumb\":{\"@id\":\"http:\\\/\\\/autosdelpodio.com\\\/autos\\\/re-debut-inmejorable\\\/#breadcrumb\"},\"inLanguage\":\"es\",\"potentialAction\":[{\"@type\":\"ReadAction\",\"target\":[\"http:\\\/\\\/autosdelpodio.com\\\/autos\\\/re-debut-inmejorable\\\/\"]}]},{\"@type\":\"ImageObject\",\"inLanguage\":\"es\",\"@id\":\"http:\\\/\\\/autosdelpodio.com\\\/autos\\\/re-debut-inmejorable\\\/#primaryimage\",\"url\":\"http:\\\/\\\/autosdelpodio.com\\\/autos\\\/wp-content\\\/uploads\\\/2022\\\/02\\\/TC2000.jpg\",\"contentUrl\":\"http:\\\/\\\/autosdelpodio.com\\\/autos\\\/wp-content\\\/uploads\\\/2022\\\/02\\\/TC2000.jpg\",\"width\":500,\"height\":250},{\"@type\":\"BreadcrumbList\",\"@id\":\"http:\\\/\\\/autosdelpodio.com\\\/autos\\\/re-debut-inmejorable\\\/#breadcrumb\",\"itemListElement\":[{\"@type\":\"ListItem\",\"position\":1,\"name\":\"Portada\",\"item\":\"http:\\\/\\\/autosdelpodio.com\\\/autos\\\/\"},{\"@type\":\"ListItem\",\"position\":2,\"name\":\"Re debut inmejorable\"}]},{\"@type\":\"WebSite\",\"@id\":\"http:\\\/\\\/autosdelpodio.com\\\/autos\\\/#website\",\"url\":\"http:\\\/\\\/autosdelpodio.com\\\/autos\\\/\",\"name\":\"Autos del Podio\",\"description\":\"La sexta del deporte motor\",\"publisher\":{\"@id\":\"http:\\\/\\\/autosdelpodio.com\\\/autos\\\/#organization\"},\"potentialAction\":[{\"@type\":\"SearchAction\",\"target\":{\"@type\":\"EntryPoint\",\"urlTemplate\":\"http:\\\/\\\/autosdelpodio.com\\\/autos\\\/?s={search_term_string}\"},\"query-input\":{\"@type\":\"PropertyValueSpecification\",\"valueRequired\":true,\"valueName\":\"search_term_string\"}}],\"inLanguage\":\"es\"},{\"@type\":\"Organization\",\"@id\":\"http:\\\/\\\/autosdelpodio.com\\\/autos\\\/#organization\",\"name\":\"Autos del Podio\",\"url\":\"http:\\\/\\\/autosdelpodio.com\\\/autos\\\/\",\"logo\":{\"@type\":\"ImageObject\",\"inLanguage\":\"es\",\"@id\":\"http:\\\/\\\/autosdelpodio.com\\\/autos\\\/#\\\/schema\\\/logo\\\/image\\\/\",\"url\":\"http:\\\/\\\/autosdelpodio.com\\\/autos\\\/wp-content\\\/uploads\\\/2020\\\/08\\\/Logo_AR.jpg\",\"contentUrl\":\"http:\\\/\\\/autosdelpodio.com\\\/autos\\\/wp-content\\\/uploads\\\/2020\\\/08\\\/Logo_AR.jpg\",\"width\":1038,\"height\":1044,\"caption\":\"Autos del Podio\"},\"image\":{\"@id\":\"http:\\\/\\\/autosdelpodio.com\\\/autos\\\/#\\\/schema\\\/logo\\\/image\\\/\"},\"sameAs\":[\"https:\\\/\\\/www.facebook.com\\\/profile.php?id=100057192590976&amp;amp;amp;amp;amp;amp;amp;amp;amp;amp;amp;amp;amp;amp;amp;amp;amp;amp;ref=ts\",\"https:\\\/\\\/x.com\\\/autosdelpodio\",\"https:\\\/\\\/www.youtube.com\\\/user\\\/AutosdelPodio\"]},{\"@type\":\"Person\",\"@id\":\"http:\\\/\\\/autosdelpodio.com\\\/autos\\\/#\\\/schema\\\/person\\\/993527a4d01c3acdd3d6bce3770bc942\",\"name\":\"autosdelpodio\",\"image\":{\"@type\":\"ImageObject\",\"inLanguage\":\"es\",\"@id\":\"http:\\\/\\\/autosdelpodio.com\\\/autos\\\/wp-content\\\/litespeed\\\/avatar\\\/aa8f65cd201a80f6b844f63278aa84af.jpg?ver=1776798175\",\"url\":\"http:\\\/\\\/autosdelpodio.com\\\/autos\\\/wp-content\\\/litespeed\\\/avatar\\\/aa8f65cd201a80f6b844f63278aa84af.jpg?ver=1776798175\",\"contentUrl\":\"http:\\\/\\\/autosdelpodio.com\\\/autos\\\/wp-content\\\/litespeed\\\/avatar\\\/aa8f65cd201a80f6b844f63278aa84af.jpg?ver=1776798175\",\"caption\":\"autosdelpodio\"}}]}<\/script>\n<!-- \/ Yoast SEO plugin. -->","yoast_head_json":{"title":"Autos del Podio | Re debut inmejorable","description":"Autos del Podio El de Tandil aprovech\u00f3 el abandono del campe\u00f3n Canapino y su paso errante con el Cruze","robots":{"index":"index","follow":"follow","max-snippet":"max-snippet:-1","max-image-preview":"max-image-preview:large","max-video-preview":"max-video-preview:-1"},"canonical":"http:\/\/autosdelpodio.com\/autos\/re-debut-inmejorable\/","og_locale":"es_ES","og_type":"article","og_title":"Autos del Podio | Re debut inmejorable","og_description":"Autos del Podio El de Tandil aprovech\u00f3 el abandono del campe\u00f3n Canapino y su paso errante con el Cruze","og_url":"http:\/\/autosdelpodio.com\/autos\/re-debut-inmejorable\/","og_site_name":"Autos del Podio","article_publisher":"https:\/\/www.facebook.com\/profile.php?id=100057192590976&amp%3bamp%3bamp%3bamp%3bamp%3bamp%3bamp%3bamp%3bamp%3bamp%3bamp%3bamp%3bamp%3bamp%3bamp%3bamp%3bamp%3bamp%3bref=ts","article_published_time":"2022-03-13T16:09:41+00:00","article_modified_time":"2022-03-13T19:01:40+00:00","og_image":[{"width":500,"height":250,"url":"http:\/\/autosdelpodio.com\/autos\/wp-content\/uploads\/2022\/02\/TC2000.jpg","type":"image\/jpeg"}],"author":"autosdelpodio","twitter_card":"summary_large_image","twitter_creator":"@autosdelpodio","twitter_site":"@autosdelpodio","twitter_misc":{"Escrito por":"autosdelpodio","Tiempo de lectura":"2 minutos"},"schema":{"@context":"https:\/\/schema.org","@graph":[{"@type":"Article","@id":"http:\/\/autosdelpodio.com\/autos\/re-debut-inmejorable\/#article","isPartOf":{"@id":"http:\/\/autosdelpodio.com\/autos\/re-debut-inmejorable\/"},"author":{"name":"autosdelpodio","@id":"http:\/\/autosdelpodio.com\/autos\/#\/schema\/person\/993527a4d01c3acdd3d6bce3770bc942"},"headline":"Re debut inmejorable","datePublished":"2022-03-13T16:09:41+00:00","dateModified":"2022-03-13T19:01:40+00:00","mainEntityOfPage":{"@id":"http:\/\/autosdelpodio.com\/autos\/re-debut-inmejorable\/"},"wordCount":291,"commentCount":0,"publisher":{"@id":"http:\/\/autosdelpodio.com\/autos\/#organization"},"image":{"@id":"http:\/\/autosdelpodio.com\/autos\/re-debut-inmejorable\/#primaryimage"},"thumbnailUrl":"http:\/\/autosdelpodio.com\/autos\/wp-content\/uploads\/2022\/02\/TC2000.jpg","keywords":["Autodromo Rosario","Santa Fe","TC2000","TC2000 Series"],"articleSection":["Destacado","\u00daltimas noticias"],"inLanguage":"es","potentialAction":[{"@type":"CommentAction","name":"Comment","target":["http:\/\/autosdelpodio.com\/autos\/re-debut-inmejorable\/#respond"]}]},{"@type":"WebPage","@id":"http:\/\/autosdelpodio.com\/autos\/re-debut-inmejorable\/","url":"http:\/\/autosdelpodio.com\/autos\/re-debut-inmejorable\/","name":"Autos del Podio | Re debut inmejorable","isPartOf":{"@id":"http:\/\/autosdelpodio.com\/autos\/#website"},"primaryImageOfPage":{"@id":"http:\/\/autosdelpodio.com\/autos\/re-debut-inmejorable\/#primaryimage"},"image":{"@id":"http:\/\/autosdelpodio.com\/autos\/re-debut-inmejorable\/#primaryimage"},"thumbnailUrl":"http:\/\/autosdelpodio.com\/autos\/wp-content\/uploads\/2022\/02\/TC2000.jpg","datePublished":"2022-03-13T16:09:41+00:00","dateModified":"2022-03-13T19:01:40+00:00","description":"Autos del Podio El de Tandil aprovech\u00f3 el abandono del campe\u00f3n Canapino y su paso errante con el Cruze","breadcrumb":{"@id":"http:\/\/autosdelpodio.com\/autos\/re-debut-inmejorable\/#breadcrumb"},"inLanguage":"es","potentialAction":[{"@type":"ReadAction","target":["http:\/\/autosdelpodio.com\/autos\/re-debut-inmejorable\/"]}]},{"@type":"ImageObject","inLanguage":"es","@id":"http:\/\/autosdelpodio.com\/autos\/re-debut-inmejorable\/#primaryimage","url":"http:\/\/autosdelpodio.com\/autos\/wp-content\/uploads\/2022\/02\/TC2000.jpg","contentUrl":"http:\/\/autosdelpodio.com\/autos\/wp-content\/uploads\/2022\/02\/TC2000.jpg","width":500,"height":250},{"@type":"BreadcrumbList","@id":"http:\/\/autosdelpodio.com\/autos\/re-debut-inmejorable\/#breadcrumb","itemListElement":[{"@type":"ListItem","position":1,"name":"Portada","item":"http:\/\/autosdelpodio.com\/autos\/"},{"@type":"ListItem","position":2,"name":"Re debut inmejorable"}]},{"@type":"WebSite","@id":"http:\/\/autosdelpodio.com\/autos\/#website","url":"http:\/\/autosdelpodio.com\/autos\/","name":"Autos del Podio","description":"La sexta del deporte motor","publisher":{"@id":"http:\/\/autosdelpodio.com\/autos\/#organization"},"potentialAction":[{"@type":"SearchAction","target":{"@type":"EntryPoint","urlTemplate":"http:\/\/autosdelpodio.com\/autos\/?s={search_term_string}"},"query-input":{"@type":"PropertyValueSpecification","valueRequired":true,"valueName":"search_term_string"}}],"inLanguage":"es"},{"@type":"Organization","@id":"http:\/\/autosdelpodio.com\/autos\/#organization","name":"Autos del Podio","url":"http:\/\/autosdelpodio.com\/autos\/","logo":{"@type":"ImageObject","inLanguage":"es","@id":"http:\/\/autosdelpodio.com\/autos\/#\/schema\/logo\/image\/","url":"http:\/\/autosdelpodio.com\/autos\/wp-content\/uploads\/2020\/08\/Logo_AR.jpg","contentUrl":"http:\/\/autosdelpodio.com\/autos\/wp-content\/uploads\/2020\/08\/Logo_AR.jpg","width":1038,"height":1044,"caption":"Autos del Podio"},"image":{"@id":"http:\/\/autosdelpodio.com\/autos\/#\/schema\/logo\/image\/"},"sameAs":["https:\/\/www.facebook.com\/profile.php?id=100057192590976&amp;amp;amp;amp;amp;amp;amp;amp;amp;amp;amp;amp;amp;amp;amp;amp;amp;amp;ref=ts","https:\/\/x.com\/autosdelpodio","https:\/\/www.youtube.com\/user\/AutosdelPodio"]},{"@type":"Person","@id":"http:\/\/autosdelpodio.com\/autos\/#\/schema\/person\/993527a4d01c3acdd3d6bce3770bc942","name":"autosdelpodio","image":{"@type":"ImageObject","inLanguage":"es","@id":"http:\/\/autosdelpodio.com\/autos\/wp-content\/litespeed\/avatar\/aa8f65cd201a80f6b844f63278aa84af.jpg?ver=1776798175","url":"http:\/\/autosdelpodio.com\/autos\/wp-content\/litespeed\/avatar\/aa8f65cd201a80f6b844f63278aa84af.jpg?ver=1776798175","contentUrl":"http:\/\/autosdelpodio.com\/autos\/wp-content\/litespeed\/avatar\/aa8f65cd201a80f6b844f63278aa84af.jpg?ver=1776798175","caption":"autosdelpodio"}}]}},"views":800,"_links":{"self":[{"href":"http:\/\/autosdelpodio.com\/autos\/wp-json\/wp\/v2\/posts\/5519","targetHints":{"allow":["GET"]}}],"collection":[{"href":"http:\/\/autosdelpodio.com\/autos\/wp-json\/wp\/v2\/posts"}],"about":[{"href":"http:\/\/autosdelpodio.com\/autos\/wp-json\/wp\/v2\/types\/post"}],"author":[{"embeddable":true,"href":"http:\/\/autosdelpodio.com\/autos\/wp-json\/wp\/v2\/users\/3"}],"replies":[{"embeddable":true,"href":"http:\/\/autosdelpodio.com\/autos\/wp-json\/wp\/v2\/comments?post=5519"}],"version-history":[{"count":4,"href":"http:\/\/autosdelpodio.com\/autos\/wp-json\/wp\/v2\/posts\/5519\/revisions"}],"predecessor-version":[{"id":5523,"href":"http:\/\/autosdelpodio.com\/autos\/wp-json\/wp\/v2\/posts\/5519\/revisions\/5523"}],"wp:featuredmedia":[{"embeddable":true,"href":"http:\/\/autosdelpodio.com\/autos\/wp-json\/wp\/v2\/media\/5442"}],"wp:attachment":[{"href":"http:\/\/autosdelpodio.com\/autos\/wp-json\/wp\/v2\/media?parent=5519"}],"wp:term":[{"taxonomy":"category","embeddable":true,"href":"http:\/\/autosdelpodio.com\/autos\/wp-json\/wp\/v2\/categories?post=5519"},{"taxonomy":"post_tag","embeddable":true,"href":"http:\/\/autosdelpodio.com\/autos\/wp-json\/wp\/v2\/tags?post=5519"}],"curies":[{"name":"wp","href":"https:\/\/api.w.org\/{rel}","templated":true}]}}