{"id":552,"date":"2012-10-23T01:15:10","date_gmt":"2012-10-23T01:15:10","guid":{"rendered":"http:\/\/autosdelpodio.com\/autos\/2012\/10\/23\/todos-por-nuestro-autodromo-rosario\/"},"modified":"2012-10-23T01:15:10","modified_gmt":"2012-10-23T01:15:10","slug":"todos-por-nuestro-autodromo-rosario","status":"publish","type":"post","link":"http:\/\/autosdelpodio.com\/autos\/todos-por-nuestro-autodromo-rosario\/","title":{"rendered":"Todos por nuestro autodromo Rosario"},"content":{"rendered":"<p>\u00a0<\/p>\n<p><span style=\"text-align: justify;\">Los abajo firmantes, solicitamos a quien corresponda, la inmediata puesta en funcionamiento del Aut\u00f3dromo de la Ciudad de Rosario, para el pleno cumplimiento de la ordenanza en vigencia aprobada en forma un\u00e1nime por \u00a0el \u00a0Concejo Municipal.<\/span><\/p>\n<p style=\"text-align: justify;\">Este pedido se funda en el derecho al mantenimiento y la defensa de la fuente laboral de miles de familias y profesionales que viven de esta actividad. Ingenieros, mec\u00e1nicos, pilotos, directores de equipos, propietarios de equipos, periodistas, comerciantes, empresarios y toda una ciudad y regi\u00f3n que en forma directa e indirecta se benefician con todo lo que genera esta actividad deportiva, social, comercial y cultural.<\/p>\n<p>  <!--more-->  <\/p>\n<p>\u00a0<\/p>\n<p style=\"text-align: justify;\">El aut\u00f3dromo de Rosario est\u00e1 perfectamente habilitado por el Autom\u00f3vil Club Argentino a trav\u00e9s de la CDA, (que constituye su comisi\u00f3n para el automovilismo deportivo) y mereci\u00f3 reconocimientos y felicitaciones por la forma en que fue exhibido en ocasi\u00f3n de las presentaciones de dos de las categor\u00edas m\u00e1s importantes de la Argentina como lo son el S\u00faper TC 2000 y el Top Race. Estas competencias representaron una multitudinaria presencia de espectadores que llegaron a Rosario desde distintos puntos del pa\u00eds y del \u00a0exterior.<\/p>\n<p style=\"text-align: justify;\">El Aut\u00f3dromo de nuestra ciudad es un ejemplo \u00fanico en Argentina, ya que ha sido concebido como un espacio multiprop\u00f3sito que avanza sobre lo deportivo, social y cultural.<\/p>\n<p style=\"text-align: justify;\">Nuestra ciudad necesita y merece este escenario que est\u00e1 a la altura de los mejores del pa\u00eds, es absurdo perder la oportunidad de disfrutar de las categor\u00edas que pueden visitar nuestro aut\u00f3dromo en 2013.<\/p>\n<p style=\"text-align: justify;\">Nunca se debe privilegiar el inter\u00e9s particular de unos pocos por sobre el inter\u00e9s general que beneficia a toda la ciudad. La preexistencia del aut\u00f3dromo a toda la urbanizaci\u00f3n de la zona es un hecho irrefutable. Pensemos a Rosario en grande y a futuro.<\/p>\n<p style=\"text-align: justify;\">Sum\u00e9monos por el Aut\u00f3dromo \u201cJuan Manuel Fangio\u201d que es orgullo de todos los rosarinos para todo el pa\u00eds.<\/p>\n<p style=\"text-align: justify;\">Adhesiones<span style=\"white-space: pre;\"> <\/span><\/p>\n<p style=\"text-align: justify;\">J Juan Mar\u00eda Traverso (Pte. Asoc. Argentina de Volantes), Jos\u00e9 Froil\u00e1n Gonz\u00e1lez (Ex F1), Oscar Larrauri (Ex F1), Ricardo Diab (Pte. Asoc. Empresaria de Rosario), Pablo Pe\u00f3n (S\u00faper TC2000), Miguel \u00c1ngel Guerra (Top Race), AEHGAR (Asociaci\u00f3n Empresaria Hotelero Gastron\u00f3mica y a fines de Rosario), El\u00edas Soso (Vice Pte. C\u00e1m. Arg. de la Mediana Empresa), Mauricio Chiaverano (Piloto), Skoda Motorsport Sweden (Rally Mundial), V\u00edctor Rosso (Team Manager Renault Sport), Benedicto Caldarella (ex motociclista internacional), Juan Alberto Molinari (AAAS), Facundo Ardusso (Piloto), Fabi\u00e1n Yannantuoni (Piloto), Carlos Pairetti (Ex piloto), Swedish Touring Car Championship (Suecia), FAPCDMS (Federaci\u00f3n de Asociaciones de Pilotos y Clubes del Deporte Motor Santafesino), Juan Pablo Zampa (Ex Piloto internacional), Marcelo Herrero (C\u00e1mara de Expendedores de Combustibles Rosario), Motor Dos, Jos\u00e9 Luis Pozzi (Pozzi S.A), \u00c1ngel Monguzzi (ex piloto), Luciano Crespi (Crespi S.A), Nestor Girolami (Pte. Federaci\u00f3n Regional Automovilismo Deportivo de C\u00f3rdoba), Hugo Bini (preparador de equipos de competici\u00f3n), Luis Lamelas, MPR (Motos Pista Rosario), Lorena Catalano (CATALANO), N\u00e9stor Barovero (FRAD C\u00f3rdoba), Banderilleros R\u00edo Cuarto, Equipo Acelerando Televisi\u00f3n, Sergio Castro (Castro Racing), Gabriel Bonav\u00eda (Litoral Group), Julio C\u00e9sar Debonis (D\u00b4Bonis Racing), Fernando Croceri (Secretario AAV), Marcelo y Gabriel Volpi (Automovilismo en \u00d3rbita), Andr\u00e9s Barovero (Barovero Racing Team), Miguel Muzzo (Mercado de Productores), Carlos P. Ignacio Boero, Gustavo Mart\u00ednez, Luis Piacenzi, \u00a0ATRAR (Asociaci\u00f3n de Talleres de Reparaciones de Automotores y Afines de Rosario), Uriel \u00a0Mangione \u00a0(Aupesa Rosario), Ezequiel G. Rimini, Juan M. \u00a0Malino, Marcelo A. Battaglia, Ra\u00fal \u00a0Salazar, Andr\u00e9s Salazar, Sabrina Lopez, Jos\u00e9 Quadri, \u00a0Sergio Marcomini, Alberto Billone, Esteban Vald\u00e9s, Nicolas E. Nunes, Fabian Irusta, Hern\u00e1n Sanchez, \u00a0Cristian Mu\u00f1oz, Marcelo Auguste, Federico Perletti, Javier Marchese, Walter Raccone, \u00a0Facundo Mer\u00e0s, Camejo J. Jose, Nicol\u00e1s Villavicencio, Carlos Bartolom\u00e9, Juan Carlos Rossetti, Ramiro Capeans (Club de Autom\u00f3viles Sport, Club Alfa Romeo y Porsche Club Argentina), \u00a0Marcelo G\u00f3mez (Piloto de Turismo Mejorado Hist\u00f3rico), Gustavo D. Moran (Motorzoom \u2013 Canal 5 Rosario \u2013 TELEFE), Ra\u00fal H. Barragan, Pablo Fern\u00e1ndez, Danil G.Tieso, Andr\u00e9s A. Arregui, Gustavo O. Piersanti, Carlos Berisso, Facundo De Porras, Gabriel Granata, Turismo Santafesino 1800, Horacio Bonini, Enrique R. Cuesta, Luis Miguel Com\u00edn, Federico L. Mateo, Gabriela \u00a0Gim\u00e9nez, Arnaldo \u00a0 Marquez, David Alberto Benitez (Comisi\u00f3n Directiva Asociaci\u00f3n Sanrafaelina de Automovilismo), Nadia Eugenia Marzzoratti, Diego M. Abiuso, Sebastian I. Lodato, Noelia A. Arceo, Marcela A. \u00a0Borchichi, Sebasti\u00e1n M. Zuanigh, Valeria P. G\u00f3mez, Luis Mar\u00eda Rodr\u00edguez, Florencia Salvucci, Pedro E. Lartigue (Secretario CABA \/ Miembro de la AAAS), Fernando C. Alga\u00f1ar\u00e1s (Presidente CABA \/ Miembro de AAAS), Marull R. Javier Silicani, Juan M. De Rosa (MPR (Motos Pista Rosario), Rodolfo Ni. Gim\u00e9nez (Cuerpo Oficial de Banderilleros de la Rep. Arg.), Osvaldo R. Alfano, Dami\u00e1n W. Caceres, Ra\u00fal A. Sodero (Amigos del Torino), \u00a0 Vanesa P. Valle, Daniela Jansa, Claudio Giglioni (Comentarista de Estadio3 &#8211; LT3 AM 680), Carina \u00a0 Fregapane, M. Andrea \u00a0Demmi, Luciano Balerini (Stern Motors S.A.), Atilio J. Anca, Patricia A. Anca, Ofelia Albornoz, Ver\u00f3nica V.Anca, Anabella \u00a0Salvucci, Enrique Mat\u00edas, \u00a0Tomas Tomi, Silvia Otero, H\u00e9ctor Salvucci, Luciano Vera, Martin Molinari, Sebasti\u00e1n Guaita, Mauro Calandria (La Cuadriculada), \u00a0Roberto F. Nardelli (FM Nativa), Elbio Oron\u00e1 \u00a0(Gupo Rosarino Amigos de la Moto), Marcelo E. Picazos, \u00c1ngel Basan, Roberto Malaguarnera, Evelyn Baigorria.<\/p>\n<p style=\"text-align: justify;\">\u00a1\u00a1Y CIENTOS DE ADHESIONES M\u00c1S ENTRE PERIODISTAS, PROFESIONALES Y AFICIONADOS A ESTA ACTIVIDAD!!<\/p>\n<p style=\"text-align: justify;\">Club de Amigos Aut\u00f3dromo Rosario<\/p>\n<p style=\"text-align: justify;\">Si queres ser parte del Club podes comunicarte a: clubdeamigosautodromorosario@gmail.com<\/p>\n<p style=\"text-align: justify;\">\u00a1\u00a1Entre todos podemos defender nuestro Aut\u00f3dromo!!<\/p>\n<p>\u00a0<\/p>\n","protected":false},"excerpt":{"rendered":"<p>\u00a0 Los abajo firmantes, solicitamos a quien corresponda, la inmediata puesta en funcionamiento del Aut\u00f3dromo de la Ciudad de Rosario,<\/p>\n","protected":false},"author":1,"featured_media":0,"comment_status":"open","ping_status":"open","sticky":false,"template":"","format":"standard","meta":{"colormag_page_container_layout":"default_layout","colormag_page_sidebar_layout":"default_layout","footnotes":""},"categories":[5],"tags":[],"class_list":["post-552","post","type-post","status-publish","format-standard","hentry","category-latest-news"],"yoast_head":"<!-- This site is optimized with the Yoast SEO plugin v27.5 - https:\/\/yoast.com\/product\/yoast-seo-wordpress\/ -->\n<title>Autos del Podio | Todos por nuestro autodromo Rosario<\/title>\n<meta name=\"description\" content=\"Autos del Podio\" \/>\n<meta name=\"robots\" content=\"index, follow, max-snippet:-1, max-image-preview:large, max-video-preview:-1\" \/>\n<link rel=\"canonical\" href=\"http:\/\/autosdelpodio.com\/autos\/todos-por-nuestro-autodromo-rosario\/\" \/>\n<meta property=\"og:locale\" content=\"es_ES\" \/>\n<meta property=\"og:type\" content=\"article\" \/>\n<meta property=\"og:title\" content=\"Autos del Podio | Todos por nuestro autodromo Rosario\" \/>\n<meta property=\"og:description\" content=\"Autos del Podio\" \/>\n<meta property=\"og:url\" content=\"http:\/\/autosdelpodio.com\/autos\/todos-por-nuestro-autodromo-rosario\/\" \/>\n<meta property=\"og:site_name\" content=\"Autos del Podio\" \/>\n<meta property=\"article:publisher\" content=\"https:\/\/www.facebook.com\/profile.php?id=100057192590976&amp;amp%3bamp%3bamp%3bamp%3bamp%3bamp%3bamp%3bamp%3bamp%3bamp%3bamp%3bamp%3bamp%3bamp%3bamp%3bamp%3bamp%3bamp%3bref=ts\" \/>\n<meta property=\"article:published_time\" content=\"2012-10-23T01:15:10+00:00\" \/>\n<meta name=\"author\" content=\"wi022230\" \/>\n<meta name=\"twitter:card\" content=\"summary_large_image\" \/>\n<meta name=\"twitter:creator\" content=\"@autosdelpodio\" \/>\n<meta name=\"twitter:site\" content=\"@autosdelpodio\" \/>\n<meta name=\"twitter:label1\" content=\"Escrito por\" \/>\n\t<meta name=\"twitter:data1\" content=\"wi022230\" \/>\n\t<meta name=\"twitter:label2\" content=\"Tiempo de lectura\" \/>\n\t<meta name=\"twitter:data2\" content=\"5 minutos\" \/>\n<script type=\"application\/ld+json\" class=\"yoast-schema-graph\">{\"@context\":\"https:\\\/\\\/schema.org\",\"@graph\":[{\"@type\":\"Article\",\"@id\":\"http:\\\/\\\/autosdelpodio.com\\\/autos\\\/todos-por-nuestro-autodromo-rosario\\\/#article\",\"isPartOf\":{\"@id\":\"http:\\\/\\\/autosdelpodio.com\\\/autos\\\/todos-por-nuestro-autodromo-rosario\\\/\"},\"author\":{\"name\":\"wi022230\",\"@id\":\"http:\\\/\\\/autosdelpodio.com\\\/autos\\\/#\\\/schema\\\/person\\\/e88353cabf768863fdf874e30120f3ba\"},\"headline\":\"Todos por nuestro autodromo Rosario\",\"datePublished\":\"2012-10-23T01:15:10+00:00\",\"mainEntityOfPage\":{\"@id\":\"http:\\\/\\\/autosdelpodio.com\\\/autos\\\/todos-por-nuestro-autodromo-rosario\\\/\"},\"wordCount\":941,\"commentCount\":0,\"publisher\":{\"@id\":\"http:\\\/\\\/autosdelpodio.com\\\/autos\\\/#organization\"},\"articleSection\":[\"\u00daltimas noticias\"],\"inLanguage\":\"es\",\"potentialAction\":[{\"@type\":\"CommentAction\",\"name\":\"Comment\",\"target\":[\"http:\\\/\\\/autosdelpodio.com\\\/autos\\\/todos-por-nuestro-autodromo-rosario\\\/#respond\"]}]},{\"@type\":\"WebPage\",\"@id\":\"http:\\\/\\\/autosdelpodio.com\\\/autos\\\/todos-por-nuestro-autodromo-rosario\\\/\",\"url\":\"http:\\\/\\\/autosdelpodio.com\\\/autos\\\/todos-por-nuestro-autodromo-rosario\\\/\",\"name\":\"Autos del Podio | Todos por nuestro autodromo Rosario\",\"isPartOf\":{\"@id\":\"http:\\\/\\\/autosdelpodio.com\\\/autos\\\/#website\"},\"datePublished\":\"2012-10-23T01:15:10+00:00\",\"description\":\"Autos del Podio\",\"breadcrumb\":{\"@id\":\"http:\\\/\\\/autosdelpodio.com\\\/autos\\\/todos-por-nuestro-autodromo-rosario\\\/#breadcrumb\"},\"inLanguage\":\"es\",\"potentialAction\":[{\"@type\":\"ReadAction\",\"target\":[\"http:\\\/\\\/autosdelpodio.com\\\/autos\\\/todos-por-nuestro-autodromo-rosario\\\/\"]}]},{\"@type\":\"BreadcrumbList\",\"@id\":\"http:\\\/\\\/autosdelpodio.com\\\/autos\\\/todos-por-nuestro-autodromo-rosario\\\/#breadcrumb\",\"itemListElement\":[{\"@type\":\"ListItem\",\"position\":1,\"name\":\"Portada\",\"item\":\"http:\\\/\\\/autosdelpodio.com\\\/autos\\\/\"},{\"@type\":\"ListItem\",\"position\":2,\"name\":\"Todos por nuestro autodromo Rosario\"}]},{\"@type\":\"WebSite\",\"@id\":\"http:\\\/\\\/autosdelpodio.com\\\/autos\\\/#website\",\"url\":\"http:\\\/\\\/autosdelpodio.com\\\/autos\\\/\",\"name\":\"Autos del Podio\",\"description\":\"La sexta del deporte motor\",\"publisher\":{\"@id\":\"http:\\\/\\\/autosdelpodio.com\\\/autos\\\/#organization\"},\"potentialAction\":[{\"@type\":\"SearchAction\",\"target\":{\"@type\":\"EntryPoint\",\"urlTemplate\":\"http:\\\/\\\/autosdelpodio.com\\\/autos\\\/?s={search_term_string}\"},\"query-input\":{\"@type\":\"PropertyValueSpecification\",\"valueRequired\":true,\"valueName\":\"search_term_string\"}}],\"inLanguage\":\"es\"},{\"@type\":\"Organization\",\"@id\":\"http:\\\/\\\/autosdelpodio.com\\\/autos\\\/#organization\",\"name\":\"Autos del Podio\",\"url\":\"http:\\\/\\\/autosdelpodio.com\\\/autos\\\/\",\"logo\":{\"@type\":\"ImageObject\",\"inLanguage\":\"es\",\"@id\":\"http:\\\/\\\/autosdelpodio.com\\\/autos\\\/#\\\/schema\\\/logo\\\/image\\\/\",\"url\":\"http:\\\/\\\/autosdelpodio.com\\\/autos\\\/wp-content\\\/uploads\\\/2020\\\/08\\\/Logo_AR.jpg\",\"contentUrl\":\"http:\\\/\\\/autosdelpodio.com\\\/autos\\\/wp-content\\\/uploads\\\/2020\\\/08\\\/Logo_AR.jpg\",\"width\":1038,\"height\":1044,\"caption\":\"Autos del Podio\"},\"image\":{\"@id\":\"http:\\\/\\\/autosdelpodio.com\\\/autos\\\/#\\\/schema\\\/logo\\\/image\\\/\"},\"sameAs\":[\"https:\\\/\\\/www.facebook.com\\\/profile.php?id=100057192590976&amp;amp;amp;amp;amp;amp;amp;amp;amp;amp;amp;amp;amp;amp;amp;amp;amp;amp;ref=ts\",\"https:\\\/\\\/x.com\\\/autosdelpodio\",\"https:\\\/\\\/www.youtube.com\\\/user\\\/AutosdelPodio\"]},{\"@type\":\"Person\",\"@id\":\"http:\\\/\\\/autosdelpodio.com\\\/autos\\\/#\\\/schema\\\/person\\\/e88353cabf768863fdf874e30120f3ba\",\"name\":\"wi022230\",\"image\":{\"@type\":\"ImageObject\",\"inLanguage\":\"es\",\"@id\":\"http:\\\/\\\/autosdelpodio.com\\\/autos\\\/wp-content\\\/litespeed\\\/avatar\\\/453fc9bdbb11d766ba4c7f14d0bd0aa9.jpg?ver=1777404874\",\"url\":\"http:\\\/\\\/autosdelpodio.com\\\/autos\\\/wp-content\\\/litespeed\\\/avatar\\\/453fc9bdbb11d766ba4c7f14d0bd0aa9.jpg?ver=1777404874\",\"contentUrl\":\"http:\\\/\\\/autosdelpodio.com\\\/autos\\\/wp-content\\\/litespeed\\\/avatar\\\/453fc9bdbb11d766ba4c7f14d0bd0aa9.jpg?ver=1777404874\",\"caption\":\"wi022230\"}}]}<\/script>\n<!-- \/ Yoast SEO plugin. -->","yoast_head_json":{"title":"Autos del Podio | Todos por nuestro autodromo Rosario","description":"Autos del Podio","robots":{"index":"index","follow":"follow","max-snippet":"max-snippet:-1","max-image-preview":"max-image-preview:large","max-video-preview":"max-video-preview:-1"},"canonical":"http:\/\/autosdelpodio.com\/autos\/todos-por-nuestro-autodromo-rosario\/","og_locale":"es_ES","og_type":"article","og_title":"Autos del Podio | Todos por nuestro autodromo Rosario","og_description":"Autos del Podio","og_url":"http:\/\/autosdelpodio.com\/autos\/todos-por-nuestro-autodromo-rosario\/","og_site_name":"Autos del Podio","article_publisher":"https:\/\/www.facebook.com\/profile.php?id=100057192590976&amp%3bamp%3bamp%3bamp%3bamp%3bamp%3bamp%3bamp%3bamp%3bamp%3bamp%3bamp%3bamp%3bamp%3bamp%3bamp%3bamp%3bamp%3bref=ts","article_published_time":"2012-10-23T01:15:10+00:00","author":"wi022230","twitter_card":"summary_large_image","twitter_creator":"@autosdelpodio","twitter_site":"@autosdelpodio","twitter_misc":{"Escrito por":"wi022230","Tiempo de lectura":"5 minutos"},"schema":{"@context":"https:\/\/schema.org","@graph":[{"@type":"Article","@id":"http:\/\/autosdelpodio.com\/autos\/todos-por-nuestro-autodromo-rosario\/#article","isPartOf":{"@id":"http:\/\/autosdelpodio.com\/autos\/todos-por-nuestro-autodromo-rosario\/"},"author":{"name":"wi022230","@id":"http:\/\/autosdelpodio.com\/autos\/#\/schema\/person\/e88353cabf768863fdf874e30120f3ba"},"headline":"Todos por nuestro autodromo Rosario","datePublished":"2012-10-23T01:15:10+00:00","mainEntityOfPage":{"@id":"http:\/\/autosdelpodio.com\/autos\/todos-por-nuestro-autodromo-rosario\/"},"wordCount":941,"commentCount":0,"publisher":{"@id":"http:\/\/autosdelpodio.com\/autos\/#organization"},"articleSection":["\u00daltimas noticias"],"inLanguage":"es","potentialAction":[{"@type":"CommentAction","name":"Comment","target":["http:\/\/autosdelpodio.com\/autos\/todos-por-nuestro-autodromo-rosario\/#respond"]}]},{"@type":"WebPage","@id":"http:\/\/autosdelpodio.com\/autos\/todos-por-nuestro-autodromo-rosario\/","url":"http:\/\/autosdelpodio.com\/autos\/todos-por-nuestro-autodromo-rosario\/","name":"Autos del Podio | Todos por nuestro autodromo Rosario","isPartOf":{"@id":"http:\/\/autosdelpodio.com\/autos\/#website"},"datePublished":"2012-10-23T01:15:10+00:00","description":"Autos del Podio","breadcrumb":{"@id":"http:\/\/autosdelpodio.com\/autos\/todos-por-nuestro-autodromo-rosario\/#breadcrumb"},"inLanguage":"es","potentialAction":[{"@type":"ReadAction","target":["http:\/\/autosdelpodio.com\/autos\/todos-por-nuestro-autodromo-rosario\/"]}]},{"@type":"BreadcrumbList","@id":"http:\/\/autosdelpodio.com\/autos\/todos-por-nuestro-autodromo-rosario\/#breadcrumb","itemListElement":[{"@type":"ListItem","position":1,"name":"Portada","item":"http:\/\/autosdelpodio.com\/autos\/"},{"@type":"ListItem","position":2,"name":"Todos por nuestro autodromo Rosario"}]},{"@type":"WebSite","@id":"http:\/\/autosdelpodio.com\/autos\/#website","url":"http:\/\/autosdelpodio.com\/autos\/","name":"Autos del Podio","description":"La sexta del deporte motor","publisher":{"@id":"http:\/\/autosdelpodio.com\/autos\/#organization"},"potentialAction":[{"@type":"SearchAction","target":{"@type":"EntryPoint","urlTemplate":"http:\/\/autosdelpodio.com\/autos\/?s={search_term_string}"},"query-input":{"@type":"PropertyValueSpecification","valueRequired":true,"valueName":"search_term_string"}}],"inLanguage":"es"},{"@type":"Organization","@id":"http:\/\/autosdelpodio.com\/autos\/#organization","name":"Autos del Podio","url":"http:\/\/autosdelpodio.com\/autos\/","logo":{"@type":"ImageObject","inLanguage":"es","@id":"http:\/\/autosdelpodio.com\/autos\/#\/schema\/logo\/image\/","url":"http:\/\/autosdelpodio.com\/autos\/wp-content\/uploads\/2020\/08\/Logo_AR.jpg","contentUrl":"http:\/\/autosdelpodio.com\/autos\/wp-content\/uploads\/2020\/08\/Logo_AR.jpg","width":1038,"height":1044,"caption":"Autos del Podio"},"image":{"@id":"http:\/\/autosdelpodio.com\/autos\/#\/schema\/logo\/image\/"},"sameAs":["https:\/\/www.facebook.com\/profile.php?id=100057192590976&amp;amp;amp;amp;amp;amp;amp;amp;amp;amp;amp;amp;amp;amp;amp;amp;amp;amp;ref=ts","https:\/\/x.com\/autosdelpodio","https:\/\/www.youtube.com\/user\/AutosdelPodio"]},{"@type":"Person","@id":"http:\/\/autosdelpodio.com\/autos\/#\/schema\/person\/e88353cabf768863fdf874e30120f3ba","name":"wi022230","image":{"@type":"ImageObject","inLanguage":"es","@id":"http:\/\/autosdelpodio.com\/autos\/wp-content\/litespeed\/avatar\/453fc9bdbb11d766ba4c7f14d0bd0aa9.jpg?ver=1777404874","url":"http:\/\/autosdelpodio.com\/autos\/wp-content\/litespeed\/avatar\/453fc9bdbb11d766ba4c7f14d0bd0aa9.jpg?ver=1777404874","contentUrl":"http:\/\/autosdelpodio.com\/autos\/wp-content\/litespeed\/avatar\/453fc9bdbb11d766ba4c7f14d0bd0aa9.jpg?ver=1777404874","caption":"wi022230"}}]}},"views":668,"_links":{"self":[{"href":"http:\/\/autosdelpodio.com\/autos\/wp-json\/wp\/v2\/posts\/552","targetHints":{"allow":["GET"]}}],"collection":[{"href":"http:\/\/autosdelpodio.com\/autos\/wp-json\/wp\/v2\/posts"}],"about":[{"href":"http:\/\/autosdelpodio.com\/autos\/wp-json\/wp\/v2\/types\/post"}],"author":[{"embeddable":true,"href":"http:\/\/autosdelpodio.com\/autos\/wp-json\/wp\/v2\/users\/1"}],"replies":[{"embeddable":true,"href":"http:\/\/autosdelpodio.com\/autos\/wp-json\/wp\/v2\/comments?post=552"}],"version-history":[{"count":0,"href":"http:\/\/autosdelpodio.com\/autos\/wp-json\/wp\/v2\/posts\/552\/revisions"}],"wp:attachment":[{"href":"http:\/\/autosdelpodio.com\/autos\/wp-json\/wp\/v2\/media?parent=552"}],"wp:term":[{"taxonomy":"category","embeddable":true,"href":"http:\/\/autosdelpodio.com\/autos\/wp-json\/wp\/v2\/categories?post=552"},{"taxonomy":"post_tag","embeddable":true,"href":"http:\/\/autosdelpodio.com\/autos\/wp-json\/wp\/v2\/tags?post=552"}],"curies":[{"name":"wp","href":"https:\/\/api.w.org\/{rel}","templated":true}]}}