{"id":5527,"date":"2022-03-15T15:24:55","date_gmt":"2022-03-15T18:24:55","guid":{"rendered":"http:\/\/autosdelpodio.com\/autos\/?p=5527"},"modified":"2022-03-15T18:35:56","modified_gmt":"2022-03-15T21:35:56","slug":"autos-y-campo-en-expoagro","status":"publish","type":"post","link":"http:\/\/autosdelpodio.com\/autos\/autos-y-campo-en-expoagro\/","title":{"rendered":"Autos y campo en Expoagro"},"content":{"rendered":"\n<p>Los autom\u00f3viles y el campo en Argentina poseen una larga relaci\u00f3n que data de las primeras d\u00e9cadas del siglo pasado y se mantiene plenamente vigente en la actualidad. Una relaci\u00f3n que conforma una l\u00ednea de tiempo que nos remonta a los legendarios Ford T surcando las pampas, al popular Rastrojero, a las chatas de Chevrolet, Dodge y Ford al escenario de este tiempo dominado por las pick up livianas Amarok, Hilux y Ranger.<\/p>\n\n\n\n<p>En otras \u00e9pocas era la tradicional Exposici\u00f3n Rural el \u00e1mbito donde las marcas con filiales en el pa\u00eds presentaban sus novedades ante la ausencia de salones del autom\u00f3vil. La posta de la muestra ganadera de Palermo se traslad\u00f3 a Expoagro.<\/p>\n\n\n\n<p>Autos&amp;Clubes estuvo presente en la inauguraci\u00f3n de la edici\u00f3n 2022. Esta vez, el lugar elegido por los organizadores fue el aut\u00f3dromo de San Nicol\u00e1s, un moderno complejo donde corren las m\u00e1s importantes categor\u00edas del pa\u00eds. Alrededor de su trazado se agruparon stands de m\u00e1s de 600 empresas de rubros tales como maquinaria agr\u00edcola, proveedores de insumos, organismos p\u00fablicos y privados, bancos y entidades financieras y, por supuesto, industria automotriz.<\/p>\n\n\n\n<p>Por supuesto, un d\u00eda no fue suficiente para hacer un relevamiento completo de todo lo exhibido, pero s\u00ed para llevarnos una impresi\u00f3n del pulso de la actividad del sector enmarcado en una reactivaci\u00f3n de la industria en general y de la agro-industria en particular.<\/p>\n\n\n\n<p><em>Por Gustavo Feder, editor de<a href=\"https:\/\/autohistoria.com.ar\/\" target=\"_blank\" rel=\"noreferrer noopener\"> Autohistoria<\/a>.<\/em><\/p>\n","protected":false},"excerpt":{"rendered":"<p>Los autom\u00f3viles y el campo en Argentina poseen una larga relaci\u00f3n que data de las primeras d\u00e9cadas del siglo pasado<\/p>\n","protected":false},"author":3,"featured_media":5531,"comment_status":"open","ping_status":"open","sticky":false,"template":"","format":"standard","meta":{"colormag_page_container_layout":"default_layout","colormag_page_sidebar_layout":"default_layout","footnotes":""},"categories":[6,5],"tags":[657,68,66,35,356],"class_list":["post-5527","post","type-post","status-publish","format-standard","has-post-thumbnail","hentry","category-newsflash","category-latest-news","tag-agro","tag-exposiciones","tag-gustavo-feder","tag-republica-argentina","tag-san-nicolas"],"yoast_head":"<!-- This site is optimized with the Yoast SEO plugin v27.5 - https:\/\/yoast.com\/product\/yoast-seo-wordpress\/ -->\n<title>Autos del Podio | Autos y campo en Expoagro<\/title>\n<meta name=\"description\" content=\"Autos del Podio La edici\u00f3n 2022 de Expoagro volvi\u00f3 a confirmar el estrecho v\u00ednculo entre la industria automotriz y el sector agr\u00edcola en nuestro pa\u00eds.\" \/>\n<meta name=\"robots\" content=\"index, follow, max-snippet:-1, max-image-preview:large, max-video-preview:-1\" \/>\n<link rel=\"canonical\" href=\"http:\/\/autosdelpodio.com\/autos\/autos-y-campo-en-expoagro\/\" \/>\n<meta property=\"og:locale\" content=\"es_ES\" \/>\n<meta property=\"og:type\" content=\"article\" \/>\n<meta property=\"og:title\" content=\"Autos del Podio | Autos y campo en Expoagro\" \/>\n<meta property=\"og:description\" content=\"Autos del Podio La edici\u00f3n 2022 de Expoagro volvi\u00f3 a confirmar el estrecho v\u00ednculo entre la industria automotriz y el sector agr\u00edcola en nuestro pa\u00eds.\" \/>\n<meta property=\"og:url\" content=\"http:\/\/autosdelpodio.com\/autos\/autos-y-campo-en-expoagro\/\" \/>\n<meta property=\"og:site_name\" content=\"Autos del Podio\" \/>\n<meta property=\"article:publisher\" content=\"https:\/\/www.facebook.com\/profile.php?id=100057192590976&amp;amp%3bamp%3bamp%3bamp%3bamp%3bamp%3bamp%3bamp%3bamp%3bamp%3bamp%3bamp%3bamp%3bamp%3bamp%3bamp%3bamp%3bamp%3bref=ts\" \/>\n<meta property=\"article:published_time\" content=\"2022-03-15T18:24:55+00:00\" \/>\n<meta property=\"article:modified_time\" content=\"2022-03-15T21:35:56+00:00\" \/>\n<meta property=\"og:image\" content=\"http:\/\/autosdelpodio.com\/autos\/wp-content\/uploads\/2022\/03\/Expoagro_Top-02.jpg\" \/>\n\t<meta property=\"og:image:width\" content=\"500\" \/>\n\t<meta property=\"og:image:height\" content=\"250\" \/>\n\t<meta property=\"og:image:type\" content=\"image\/jpeg\" \/>\n<meta name=\"author\" content=\"autosdelpodio\" \/>\n<meta name=\"twitter:card\" content=\"summary_large_image\" \/>\n<meta name=\"twitter:creator\" content=\"@autosdelpodio\" \/>\n<meta name=\"twitter:site\" content=\"@autosdelpodio\" \/>\n<meta name=\"twitter:label1\" content=\"Escrito por\" \/>\n\t<meta name=\"twitter:data1\" content=\"autosdelpodio\" \/>\n\t<meta name=\"twitter:label2\" content=\"Tiempo de lectura\" \/>\n\t<meta name=\"twitter:data2\" content=\"2 minutos\" \/>\n<script type=\"application\/ld+json\" class=\"yoast-schema-graph\">{\"@context\":\"https:\\\/\\\/schema.org\",\"@graph\":[{\"@type\":\"Article\",\"@id\":\"http:\\\/\\\/autosdelpodio.com\\\/autos\\\/autos-y-campo-en-expoagro\\\/#article\",\"isPartOf\":{\"@id\":\"http:\\\/\\\/autosdelpodio.com\\\/autos\\\/autos-y-campo-en-expoagro\\\/\"},\"author\":{\"name\":\"autosdelpodio\",\"@id\":\"http:\\\/\\\/autosdelpodio.com\\\/autos\\\/#\\\/schema\\\/person\\\/993527a4d01c3acdd3d6bce3770bc942\"},\"headline\":\"Autos y campo en Expoagro\",\"datePublished\":\"2022-03-15T18:24:55+00:00\",\"dateModified\":\"2022-03-15T21:35:56+00:00\",\"mainEntityOfPage\":{\"@id\":\"http:\\\/\\\/autosdelpodio.com\\\/autos\\\/autos-y-campo-en-expoagro\\\/\"},\"wordCount\":258,\"commentCount\":0,\"publisher\":{\"@id\":\"http:\\\/\\\/autosdelpodio.com\\\/autos\\\/#organization\"},\"image\":{\"@id\":\"http:\\\/\\\/autosdelpodio.com\\\/autos\\\/autos-y-campo-en-expoagro\\\/#primaryimage\"},\"thumbnailUrl\":\"http:\\\/\\\/autosdelpodio.com\\\/autos\\\/wp-content\\\/uploads\\\/2022\\\/03\\\/Expoagro_Top-02.jpg\",\"keywords\":[\"Agro\",\"Exposiciones\",\"Gustavo Feder\",\"Republica Argentina\",\"San Nicol\u00e1s\"],\"articleSection\":[\"Destacado\",\"\u00daltimas noticias\"],\"inLanguage\":\"es\",\"potentialAction\":[{\"@type\":\"CommentAction\",\"name\":\"Comment\",\"target\":[\"http:\\\/\\\/autosdelpodio.com\\\/autos\\\/autos-y-campo-en-expoagro\\\/#respond\"]}]},{\"@type\":\"WebPage\",\"@id\":\"http:\\\/\\\/autosdelpodio.com\\\/autos\\\/autos-y-campo-en-expoagro\\\/\",\"url\":\"http:\\\/\\\/autosdelpodio.com\\\/autos\\\/autos-y-campo-en-expoagro\\\/\",\"name\":\"Autos del Podio | Autos y campo en Expoagro\",\"isPartOf\":{\"@id\":\"http:\\\/\\\/autosdelpodio.com\\\/autos\\\/#website\"},\"primaryImageOfPage\":{\"@id\":\"http:\\\/\\\/autosdelpodio.com\\\/autos\\\/autos-y-campo-en-expoagro\\\/#primaryimage\"},\"image\":{\"@id\":\"http:\\\/\\\/autosdelpodio.com\\\/autos\\\/autos-y-campo-en-expoagro\\\/#primaryimage\"},\"thumbnailUrl\":\"http:\\\/\\\/autosdelpodio.com\\\/autos\\\/wp-content\\\/uploads\\\/2022\\\/03\\\/Expoagro_Top-02.jpg\",\"datePublished\":\"2022-03-15T18:24:55+00:00\",\"dateModified\":\"2022-03-15T21:35:56+00:00\",\"description\":\"Autos del Podio La edici\u00f3n 2022 de Expoagro volvi\u00f3 a confirmar el estrecho v\u00ednculo entre la industria automotriz y el sector agr\u00edcola en nuestro pa\u00eds.\",\"breadcrumb\":{\"@id\":\"http:\\\/\\\/autosdelpodio.com\\\/autos\\\/autos-y-campo-en-expoagro\\\/#breadcrumb\"},\"inLanguage\":\"es\",\"potentialAction\":[{\"@type\":\"ReadAction\",\"target\":[\"http:\\\/\\\/autosdelpodio.com\\\/autos\\\/autos-y-campo-en-expoagro\\\/\"]}]},{\"@type\":\"ImageObject\",\"inLanguage\":\"es\",\"@id\":\"http:\\\/\\\/autosdelpodio.com\\\/autos\\\/autos-y-campo-en-expoagro\\\/#primaryimage\",\"url\":\"http:\\\/\\\/autosdelpodio.com\\\/autos\\\/wp-content\\\/uploads\\\/2022\\\/03\\\/Expoagro_Top-02.jpg\",\"contentUrl\":\"http:\\\/\\\/autosdelpodio.com\\\/autos\\\/wp-content\\\/uploads\\\/2022\\\/03\\\/Expoagro_Top-02.jpg\",\"width\":500,\"height\":250},{\"@type\":\"BreadcrumbList\",\"@id\":\"http:\\\/\\\/autosdelpodio.com\\\/autos\\\/autos-y-campo-en-expoagro\\\/#breadcrumb\",\"itemListElement\":[{\"@type\":\"ListItem\",\"position\":1,\"name\":\"Portada\",\"item\":\"http:\\\/\\\/autosdelpodio.com\\\/autos\\\/\"},{\"@type\":\"ListItem\",\"position\":2,\"name\":\"Autos y campo en Expoagro\"}]},{\"@type\":\"WebSite\",\"@id\":\"http:\\\/\\\/autosdelpodio.com\\\/autos\\\/#website\",\"url\":\"http:\\\/\\\/autosdelpodio.com\\\/autos\\\/\",\"name\":\"Autos del Podio\",\"description\":\"La sexta del deporte motor\",\"publisher\":{\"@id\":\"http:\\\/\\\/autosdelpodio.com\\\/autos\\\/#organization\"},\"potentialAction\":[{\"@type\":\"SearchAction\",\"target\":{\"@type\":\"EntryPoint\",\"urlTemplate\":\"http:\\\/\\\/autosdelpodio.com\\\/autos\\\/?s={search_term_string}\"},\"query-input\":{\"@type\":\"PropertyValueSpecification\",\"valueRequired\":true,\"valueName\":\"search_term_string\"}}],\"inLanguage\":\"es\"},{\"@type\":\"Organization\",\"@id\":\"http:\\\/\\\/autosdelpodio.com\\\/autos\\\/#organization\",\"name\":\"Autos del Podio\",\"url\":\"http:\\\/\\\/autosdelpodio.com\\\/autos\\\/\",\"logo\":{\"@type\":\"ImageObject\",\"inLanguage\":\"es\",\"@id\":\"http:\\\/\\\/autosdelpodio.com\\\/autos\\\/#\\\/schema\\\/logo\\\/image\\\/\",\"url\":\"http:\\\/\\\/autosdelpodio.com\\\/autos\\\/wp-content\\\/uploads\\\/2020\\\/08\\\/Logo_AR.jpg\",\"contentUrl\":\"http:\\\/\\\/autosdelpodio.com\\\/autos\\\/wp-content\\\/uploads\\\/2020\\\/08\\\/Logo_AR.jpg\",\"width\":1038,\"height\":1044,\"caption\":\"Autos del Podio\"},\"image\":{\"@id\":\"http:\\\/\\\/autosdelpodio.com\\\/autos\\\/#\\\/schema\\\/logo\\\/image\\\/\"},\"sameAs\":[\"https:\\\/\\\/www.facebook.com\\\/profile.php?id=100057192590976&amp;amp;amp;amp;amp;amp;amp;amp;amp;amp;amp;amp;amp;amp;amp;amp;amp;amp;ref=ts\",\"https:\\\/\\\/x.com\\\/autosdelpodio\",\"https:\\\/\\\/www.youtube.com\\\/user\\\/AutosdelPodio\"]},{\"@type\":\"Person\",\"@id\":\"http:\\\/\\\/autosdelpodio.com\\\/autos\\\/#\\\/schema\\\/person\\\/993527a4d01c3acdd3d6bce3770bc942\",\"name\":\"autosdelpodio\",\"image\":{\"@type\":\"ImageObject\",\"inLanguage\":\"es\",\"@id\":\"http:\\\/\\\/autosdelpodio.com\\\/autos\\\/wp-content\\\/litespeed\\\/avatar\\\/aa8f65cd201a80f6b844f63278aa84af.jpg?ver=1777403005\",\"url\":\"http:\\\/\\\/autosdelpodio.com\\\/autos\\\/wp-content\\\/litespeed\\\/avatar\\\/aa8f65cd201a80f6b844f63278aa84af.jpg?ver=1777403005\",\"contentUrl\":\"http:\\\/\\\/autosdelpodio.com\\\/autos\\\/wp-content\\\/litespeed\\\/avatar\\\/aa8f65cd201a80f6b844f63278aa84af.jpg?ver=1777403005\",\"caption\":\"autosdelpodio\"}}]}<\/script>\n<!-- \/ Yoast SEO plugin. -->","yoast_head_json":{"title":"Autos del Podio | Autos y campo en Expoagro","description":"Autos del Podio La edici\u00f3n 2022 de Expoagro volvi\u00f3 a confirmar el estrecho v\u00ednculo entre la industria automotriz y el sector agr\u00edcola en nuestro pa\u00eds.","robots":{"index":"index","follow":"follow","max-snippet":"max-snippet:-1","max-image-preview":"max-image-preview:large","max-video-preview":"max-video-preview:-1"},"canonical":"http:\/\/autosdelpodio.com\/autos\/autos-y-campo-en-expoagro\/","og_locale":"es_ES","og_type":"article","og_title":"Autos del Podio | Autos y campo en Expoagro","og_description":"Autos del Podio La edici\u00f3n 2022 de Expoagro volvi\u00f3 a confirmar el estrecho v\u00ednculo entre la industria automotriz y el sector agr\u00edcola en nuestro pa\u00eds.","og_url":"http:\/\/autosdelpodio.com\/autos\/autos-y-campo-en-expoagro\/","og_site_name":"Autos del Podio","article_publisher":"https:\/\/www.facebook.com\/profile.php?id=100057192590976&amp%3bamp%3bamp%3bamp%3bamp%3bamp%3bamp%3bamp%3bamp%3bamp%3bamp%3bamp%3bamp%3bamp%3bamp%3bamp%3bamp%3bamp%3bref=ts","article_published_time":"2022-03-15T18:24:55+00:00","article_modified_time":"2022-03-15T21:35:56+00:00","og_image":[{"width":500,"height":250,"url":"http:\/\/autosdelpodio.com\/autos\/wp-content\/uploads\/2022\/03\/Expoagro_Top-02.jpg","type":"image\/jpeg"}],"author":"autosdelpodio","twitter_card":"summary_large_image","twitter_creator":"@autosdelpodio","twitter_site":"@autosdelpodio","twitter_misc":{"Escrito por":"autosdelpodio","Tiempo de lectura":"2 minutos"},"schema":{"@context":"https:\/\/schema.org","@graph":[{"@type":"Article","@id":"http:\/\/autosdelpodio.com\/autos\/autos-y-campo-en-expoagro\/#article","isPartOf":{"@id":"http:\/\/autosdelpodio.com\/autos\/autos-y-campo-en-expoagro\/"},"author":{"name":"autosdelpodio","@id":"http:\/\/autosdelpodio.com\/autos\/#\/schema\/person\/993527a4d01c3acdd3d6bce3770bc942"},"headline":"Autos y campo en Expoagro","datePublished":"2022-03-15T18:24:55+00:00","dateModified":"2022-03-15T21:35:56+00:00","mainEntityOfPage":{"@id":"http:\/\/autosdelpodio.com\/autos\/autos-y-campo-en-expoagro\/"},"wordCount":258,"commentCount":0,"publisher":{"@id":"http:\/\/autosdelpodio.com\/autos\/#organization"},"image":{"@id":"http:\/\/autosdelpodio.com\/autos\/autos-y-campo-en-expoagro\/#primaryimage"},"thumbnailUrl":"http:\/\/autosdelpodio.com\/autos\/wp-content\/uploads\/2022\/03\/Expoagro_Top-02.jpg","keywords":["Agro","Exposiciones","Gustavo Feder","Republica Argentina","San Nicol\u00e1s"],"articleSection":["Destacado","\u00daltimas noticias"],"inLanguage":"es","potentialAction":[{"@type":"CommentAction","name":"Comment","target":["http:\/\/autosdelpodio.com\/autos\/autos-y-campo-en-expoagro\/#respond"]}]},{"@type":"WebPage","@id":"http:\/\/autosdelpodio.com\/autos\/autos-y-campo-en-expoagro\/","url":"http:\/\/autosdelpodio.com\/autos\/autos-y-campo-en-expoagro\/","name":"Autos del Podio | Autos y campo en Expoagro","isPartOf":{"@id":"http:\/\/autosdelpodio.com\/autos\/#website"},"primaryImageOfPage":{"@id":"http:\/\/autosdelpodio.com\/autos\/autos-y-campo-en-expoagro\/#primaryimage"},"image":{"@id":"http:\/\/autosdelpodio.com\/autos\/autos-y-campo-en-expoagro\/#primaryimage"},"thumbnailUrl":"http:\/\/autosdelpodio.com\/autos\/wp-content\/uploads\/2022\/03\/Expoagro_Top-02.jpg","datePublished":"2022-03-15T18:24:55+00:00","dateModified":"2022-03-15T21:35:56+00:00","description":"Autos del Podio La edici\u00f3n 2022 de Expoagro volvi\u00f3 a confirmar el estrecho v\u00ednculo entre la industria automotriz y el sector agr\u00edcola en nuestro pa\u00eds.","breadcrumb":{"@id":"http:\/\/autosdelpodio.com\/autos\/autos-y-campo-en-expoagro\/#breadcrumb"},"inLanguage":"es","potentialAction":[{"@type":"ReadAction","target":["http:\/\/autosdelpodio.com\/autos\/autos-y-campo-en-expoagro\/"]}]},{"@type":"ImageObject","inLanguage":"es","@id":"http:\/\/autosdelpodio.com\/autos\/autos-y-campo-en-expoagro\/#primaryimage","url":"http:\/\/autosdelpodio.com\/autos\/wp-content\/uploads\/2022\/03\/Expoagro_Top-02.jpg","contentUrl":"http:\/\/autosdelpodio.com\/autos\/wp-content\/uploads\/2022\/03\/Expoagro_Top-02.jpg","width":500,"height":250},{"@type":"BreadcrumbList","@id":"http:\/\/autosdelpodio.com\/autos\/autos-y-campo-en-expoagro\/#breadcrumb","itemListElement":[{"@type":"ListItem","position":1,"name":"Portada","item":"http:\/\/autosdelpodio.com\/autos\/"},{"@type":"ListItem","position":2,"name":"Autos y campo en Expoagro"}]},{"@type":"WebSite","@id":"http:\/\/autosdelpodio.com\/autos\/#website","url":"http:\/\/autosdelpodio.com\/autos\/","name":"Autos del Podio","description":"La sexta del deporte motor","publisher":{"@id":"http:\/\/autosdelpodio.com\/autos\/#organization"},"potentialAction":[{"@type":"SearchAction","target":{"@type":"EntryPoint","urlTemplate":"http:\/\/autosdelpodio.com\/autos\/?s={search_term_string}"},"query-input":{"@type":"PropertyValueSpecification","valueRequired":true,"valueName":"search_term_string"}}],"inLanguage":"es"},{"@type":"Organization","@id":"http:\/\/autosdelpodio.com\/autos\/#organization","name":"Autos del Podio","url":"http:\/\/autosdelpodio.com\/autos\/","logo":{"@type":"ImageObject","inLanguage":"es","@id":"http:\/\/autosdelpodio.com\/autos\/#\/schema\/logo\/image\/","url":"http:\/\/autosdelpodio.com\/autos\/wp-content\/uploads\/2020\/08\/Logo_AR.jpg","contentUrl":"http:\/\/autosdelpodio.com\/autos\/wp-content\/uploads\/2020\/08\/Logo_AR.jpg","width":1038,"height":1044,"caption":"Autos del Podio"},"image":{"@id":"http:\/\/autosdelpodio.com\/autos\/#\/schema\/logo\/image\/"},"sameAs":["https:\/\/www.facebook.com\/profile.php?id=100057192590976&amp;amp;amp;amp;amp;amp;amp;amp;amp;amp;amp;amp;amp;amp;amp;amp;amp;amp;ref=ts","https:\/\/x.com\/autosdelpodio","https:\/\/www.youtube.com\/user\/AutosdelPodio"]},{"@type":"Person","@id":"http:\/\/autosdelpodio.com\/autos\/#\/schema\/person\/993527a4d01c3acdd3d6bce3770bc942","name":"autosdelpodio","image":{"@type":"ImageObject","inLanguage":"es","@id":"http:\/\/autosdelpodio.com\/autos\/wp-content\/litespeed\/avatar\/aa8f65cd201a80f6b844f63278aa84af.jpg?ver=1777403005","url":"http:\/\/autosdelpodio.com\/autos\/wp-content\/litespeed\/avatar\/aa8f65cd201a80f6b844f63278aa84af.jpg?ver=1777403005","contentUrl":"http:\/\/autosdelpodio.com\/autos\/wp-content\/litespeed\/avatar\/aa8f65cd201a80f6b844f63278aa84af.jpg?ver=1777403005","caption":"autosdelpodio"}}]}},"views":416,"_links":{"self":[{"href":"http:\/\/autosdelpodio.com\/autos\/wp-json\/wp\/v2\/posts\/5527","targetHints":{"allow":["GET"]}}],"collection":[{"href":"http:\/\/autosdelpodio.com\/autos\/wp-json\/wp\/v2\/posts"}],"about":[{"href":"http:\/\/autosdelpodio.com\/autos\/wp-json\/wp\/v2\/types\/post"}],"author":[{"embeddable":true,"href":"http:\/\/autosdelpodio.com\/autos\/wp-json\/wp\/v2\/users\/3"}],"replies":[{"embeddable":true,"href":"http:\/\/autosdelpodio.com\/autos\/wp-json\/wp\/v2\/comments?post=5527"}],"version-history":[{"count":4,"href":"http:\/\/autosdelpodio.com\/autos\/wp-json\/wp\/v2\/posts\/5527\/revisions"}],"predecessor-version":[{"id":5533,"href":"http:\/\/autosdelpodio.com\/autos\/wp-json\/wp\/v2\/posts\/5527\/revisions\/5533"}],"wp:featuredmedia":[{"embeddable":true,"href":"http:\/\/autosdelpodio.com\/autos\/wp-json\/wp\/v2\/media\/5531"}],"wp:attachment":[{"href":"http:\/\/autosdelpodio.com\/autos\/wp-json\/wp\/v2\/media?parent=5527"}],"wp:term":[{"taxonomy":"category","embeddable":true,"href":"http:\/\/autosdelpodio.com\/autos\/wp-json\/wp\/v2\/categories?post=5527"},{"taxonomy":"post_tag","embeddable":true,"href":"http:\/\/autosdelpodio.com\/autos\/wp-json\/wp\/v2\/tags?post=5527"}],"curies":[{"name":"wp","href":"https:\/\/api.w.org\/{rel}","templated":true}]}}