{"id":5558,"date":"2022-03-20T14:29:50","date_gmt":"2022-03-20T17:29:50","guid":{"rendered":"http:\/\/autosdelpodio.com\/autos\/?p=5558"},"modified":"2022-03-20T15:45:48","modified_gmt":"2022-03-20T18:45:48","slug":"al-fin-ferrari","status":"publish","type":"post","link":"http:\/\/autosdelpodio.com\/autos\/al-fin-ferrari\/","title":{"rendered":"\u00a1Al fin Ferrari!"},"content":{"rendered":"\n<p>La Scuderia de Maranello no solo volvi\u00f3 al triunfo de la mano de Charles Leclerc sino que adem\u00e1s hizo el 1-2 junto a Carlos Sainz Jr.Tercero fue Lewis Hamilton en el arranque de temporada de Formula 1 en Bahrein.<br>La m\u00e1xima este fin de semana ofreci\u00f3 un buen espect\u00e1culo en pista, que comenz\u00f3 a vislumbrar como se adaptar\u00e1n los autos a los flamantes cambios en el reglamento t\u00e9cnico. El campe\u00f3n Max Verstappen debi\u00f3 desertar en las instancias finales del Gran Premio de Bahrein que dur\u00f3 57 vueltas.<br>La pr\u00f3xima fecha de la F\u00f3rmula 1 ser\u00e1 el Gran Premio de Arabia Saudita dentro de 7 d\u00edas en el Circuito de Jeddah.<\/p>\n\n\n\n<p><strong>Final F1 &#8211; Fecha 1<\/strong><\/p>\n\n\n\n<figure class=\"wp-block-table\"><table><tbody><tr><td>Pos<\/td><td>#<\/td><td>Piloto<\/td><td>Equipo<\/td><td>Vueltas<\/td><td>Tiempo<\/td><td>Pts<\/td><\/tr><tr><td>1<\/td><td>16<\/td><td>Charles&nbsp;Leclerc<\/td><td>FERRARI<\/td><td>57<\/td><td>1:37:33.584<\/td><td>26<\/td><\/tr><tr><td>2<\/td><td>55<\/td><td>Carlos&nbsp;Sainz<\/td><td>FERRARI<\/td><td>57<\/td><td>+5.598s<\/td><td>18<\/td><\/tr><tr><td>3<\/td><td>44<\/td><td>Lewis&nbsp;Hamilton<\/td><td>MERCEDES<\/td><td>57<\/td><td>+9.675s<\/td><td>15<\/td><\/tr><tr><td>4<\/td><td>63<\/td><td>George&nbsp;Russell<\/td><td>MERCEDES<\/td><td>57<\/td><td>+11.211s<\/td><td>12<\/td><\/tr><tr><td>5<\/td><td>20<\/td><td>Kevin&nbsp;Magnussen<\/td><td>HAAS FERRARI<\/td><td>57<\/td><td>+14.754s<\/td><td>10<\/td><\/tr><tr><td>6<\/td><td>77<\/td><td>Valtteri&nbsp;Bottas<\/td><td>ALFA ROMEO FERRARI<\/td><td>57<\/td><td>+16.119s<\/td><td>8<\/td><\/tr><tr><td>7<\/td><td>31<\/td><td>Esteban&nbsp;Ocon<\/td><td>ALPINE RENAULT<\/td><td>57<\/td><td>+19.423s<\/td><td>6<\/td><\/tr><tr><td>8<\/td><td>22<\/td><td>Yuki&nbsp;Tsunoda<\/td><td>ALPHATAURI RBPT<\/td><td>57<\/td><td>+20.386s<\/td><td>4<\/td><\/tr><tr><td>9<\/td><td>14<\/td><td>Fernando&nbsp;Alonso<\/td><td>ALPINE RENAULT<\/td><td>57<\/td><td>+22.390s<\/td><td>2<\/td><\/tr><tr><td>10<\/td><td>24<\/td><td>Zhou&nbsp;Guanyu<\/td><td>ALFA ROMEO FERRARI<\/td><td>57<\/td><td>+23.064s<\/td><td>1<\/td><\/tr><tr><td>11<\/td><td>47<\/td><td>Mick&nbsp;Schumacher<\/td><td>HAAS FERRARI<\/td><td>57<\/td><td>+32.574s<\/td><td>0<\/td><\/tr><tr><td>12<\/td><td>18<\/td><td>Lance&nbsp;Stroll<\/td><td>ASTON MARTIN ARAMCO MERCEDES<\/td><td>57<\/td><td>+45.873s<\/td><td>0<\/td><\/tr><tr><td>13<\/td><td>23<\/td><td>Alexander&nbsp;Albon<\/td><td>WILLIAMS MERCEDES<\/td><td>57<\/td><td>+53.932s<\/td><td>0<\/td><\/tr><tr><td>14<\/td><td>3<\/td><td>Daniel&nbsp;Ricciardo<\/td><td>MCLAREN MERCEDES<\/td><td>57<\/td><td>+54.975s<\/td><td>0<\/td><\/tr><tr><td>15<\/td><td>4<\/td><td>Lando&nbsp;Norris<\/td><td>MCLAREN MERCEDES<\/td><td>57<\/td><td>+56.335s<\/td><td>0<\/td><\/tr><tr><td>16<\/td><td>6<\/td><td>Nicholas&nbsp;Latifi<\/td><td>WILLIAMS MERCEDES<\/td><td>57<\/td><td>+61.795s<\/td><td>0<\/td><\/tr><tr><td>17<\/td><td>27<\/td><td>Nico&nbsp;Hulkenberg<\/td><td>ASTON MARTIN ARAMCO MERCEDES<\/td><td>57<\/td><td>+63.829s<\/td><td>0<\/td><\/tr><tr><td>18<\/td><td>11<\/td><td>Sergio&nbsp;Perez<\/td><td>RED BULL RACING RBPT<\/td><td>56<\/td><td>DNF<\/td><td>0<\/td><\/tr><tr><td>19<\/td><td>1<\/td><td>Max&nbsp;Verstappen<\/td><td>RED BULL RACING RBPT<\/td><td>54<\/td><td>DNF<\/td><td>0<\/td><\/tr><tr><td>NC<\/td><td>10<\/td><td>Pierre&nbsp;Gasly<\/td><td>ALPHATAURI RBPT<\/td><td>44<\/td><td>DNF<\/td><td>0<\/td><\/tr><\/tbody><\/table><\/figure>\n\n\n\n<p>Vuelta r\u00e1pida: Charles Leclerc \u2013 1m34s570<\/p>\n","protected":false},"excerpt":{"rendered":"<p>La Scuderia de Maranello no solo volvi\u00f3 al triunfo de la mano de Charles Leclerc sino que adem\u00e1s hizo el<\/p>\n","protected":false},"author":3,"featured_media":1751,"comment_status":"open","ping_status":"open","sticky":false,"template":"","format":"standard","meta":{"colormag_page_container_layout":"default_layout","colormag_page_sidebar_layout":"default_layout","footnotes":""},"categories":[2,5],"tags":[659,177,75,491],"class_list":["post-5558","post","type-post","status-publish","format-standard","has-post-thumbnail","hentry","category-news","category-latest-news","tag-charles-leclerc","tag-ferrari","tag-formula-1","tag-gp-bahrein"],"yoast_head":"<!-- This site is optimized with the Yoast SEO plugin v27.5 - https:\/\/yoast.com\/product\/yoast-seo-wordpress\/ -->\n<title>Autos del Podio | \u00a1Al fin Ferrari!<\/title>\n<meta name=\"description\" content=\"Autos del Podio Tercer triunfo en su historial para el monegasco Leclerc en la F1\" \/>\n<meta name=\"robots\" content=\"index, follow, max-snippet:-1, max-image-preview:large, max-video-preview:-1\" \/>\n<link rel=\"canonical\" href=\"https:\/\/autosdelpodio.com\/autos\/al-fin-ferrari\/\" \/>\n<meta property=\"og:locale\" content=\"es_ES\" \/>\n<meta property=\"og:type\" content=\"article\" \/>\n<meta property=\"og:title\" content=\"Autos del Podio | \u00a1Al fin Ferrari!\" \/>\n<meta property=\"og:description\" content=\"Autos del Podio Tercer triunfo en su historial para el monegasco Leclerc en la F1\" \/>\n<meta property=\"og:url\" content=\"https:\/\/autosdelpodio.com\/autos\/al-fin-ferrari\/\" \/>\n<meta property=\"og:site_name\" content=\"Autos del Podio\" \/>\n<meta property=\"article:publisher\" content=\"https:\/\/www.facebook.com\/profile.php?id=100057192590976&amp;amp%3bamp%3bamp%3bamp%3bamp%3bamp%3bamp%3bamp%3bamp%3bamp%3bamp%3bamp%3bamp%3bamp%3bamp%3bamp%3bamp%3bamp%3bref=ts\" \/>\n<meta property=\"article:published_time\" content=\"2022-03-20T17:29:50+00:00\" \/>\n<meta property=\"article:modified_time\" content=\"2022-03-20T18:45:48+00:00\" \/>\n<meta property=\"og:image\" content=\"https:\/\/autosdelpodio.com\/autos\/wp-content\/uploads\/2020\/04\/Logo_F1_-e1621029352226.jpg\" \/>\n\t<meta property=\"og:image:width\" content=\"500\" \/>\n\t<meta property=\"og:image:height\" content=\"278\" \/>\n\t<meta property=\"og:image:type\" content=\"image\/jpeg\" \/>\n<meta name=\"author\" content=\"autosdelpodio\" \/>\n<meta name=\"twitter:card\" content=\"summary_large_image\" \/>\n<meta name=\"twitter:creator\" content=\"@autosdelpodio\" \/>\n<meta name=\"twitter:site\" content=\"@autosdelpodio\" \/>\n<meta name=\"twitter:label1\" content=\"Escrito por\" \/>\n\t<meta name=\"twitter:data1\" content=\"autosdelpodio\" \/>\n\t<meta name=\"twitter:label2\" content=\"Tiempo de lectura\" \/>\n\t<meta name=\"twitter:data2\" content=\"2 minutos\" \/>\n<script type=\"application\/ld+json\" class=\"yoast-schema-graph\">{\"@context\":\"https:\\\/\\\/schema.org\",\"@graph\":[{\"@type\":\"Article\",\"@id\":\"https:\\\/\\\/autosdelpodio.com\\\/autos\\\/al-fin-ferrari\\\/#article\",\"isPartOf\":{\"@id\":\"https:\\\/\\\/autosdelpodio.com\\\/autos\\\/al-fin-ferrari\\\/\"},\"author\":{\"name\":\"autosdelpodio\",\"@id\":\"http:\\\/\\\/autosdelpodio.com\\\/autos\\\/#\\\/schema\\\/person\\\/993527a4d01c3acdd3d6bce3770bc942\"},\"headline\":\"\u00a1Al fin Ferrari!\",\"datePublished\":\"2022-03-20T17:29:50+00:00\",\"dateModified\":\"2022-03-20T18:45:48+00:00\",\"mainEntityOfPage\":{\"@id\":\"https:\\\/\\\/autosdelpodio.com\\\/autos\\\/al-fin-ferrari\\\/\"},\"wordCount\":262,\"commentCount\":0,\"publisher\":{\"@id\":\"http:\\\/\\\/autosdelpodio.com\\\/autos\\\/#organization\"},\"image\":{\"@id\":\"https:\\\/\\\/autosdelpodio.com\\\/autos\\\/al-fin-ferrari\\\/#primaryimage\"},\"thumbnailUrl\":\"http:\\\/\\\/autosdelpodio.com\\\/autos\\\/wp-content\\\/uploads\\\/2020\\\/04\\\/Logo_F1_-e1621029352226.jpg\",\"keywords\":[\"Charles Leclerc\",\"Ferrari\",\"Formula 1\",\"GP Bahrein\"],\"articleSection\":[\"Noticias\",\"\u00daltimas noticias\"],\"inLanguage\":\"es\",\"potentialAction\":[{\"@type\":\"CommentAction\",\"name\":\"Comment\",\"target\":[\"https:\\\/\\\/autosdelpodio.com\\\/autos\\\/al-fin-ferrari\\\/#respond\"]}]},{\"@type\":\"WebPage\",\"@id\":\"https:\\\/\\\/autosdelpodio.com\\\/autos\\\/al-fin-ferrari\\\/\",\"url\":\"https:\\\/\\\/autosdelpodio.com\\\/autos\\\/al-fin-ferrari\\\/\",\"name\":\"Autos del Podio | \u00a1Al fin Ferrari!\",\"isPartOf\":{\"@id\":\"http:\\\/\\\/autosdelpodio.com\\\/autos\\\/#website\"},\"primaryImageOfPage\":{\"@id\":\"https:\\\/\\\/autosdelpodio.com\\\/autos\\\/al-fin-ferrari\\\/#primaryimage\"},\"image\":{\"@id\":\"https:\\\/\\\/autosdelpodio.com\\\/autos\\\/al-fin-ferrari\\\/#primaryimage\"},\"thumbnailUrl\":\"http:\\\/\\\/autosdelpodio.com\\\/autos\\\/wp-content\\\/uploads\\\/2020\\\/04\\\/Logo_F1_-e1621029352226.jpg\",\"datePublished\":\"2022-03-20T17:29:50+00:00\",\"dateModified\":\"2022-03-20T18:45:48+00:00\",\"description\":\"Autos del Podio Tercer triunfo en su historial para el monegasco Leclerc en la F1\",\"breadcrumb\":{\"@id\":\"https:\\\/\\\/autosdelpodio.com\\\/autos\\\/al-fin-ferrari\\\/#breadcrumb\"},\"inLanguage\":\"es\",\"potentialAction\":[{\"@type\":\"ReadAction\",\"target\":[\"https:\\\/\\\/autosdelpodio.com\\\/autos\\\/al-fin-ferrari\\\/\"]}]},{\"@type\":\"ImageObject\",\"inLanguage\":\"es\",\"@id\":\"https:\\\/\\\/autosdelpodio.com\\\/autos\\\/al-fin-ferrari\\\/#primaryimage\",\"url\":\"http:\\\/\\\/autosdelpodio.com\\\/autos\\\/wp-content\\\/uploads\\\/2020\\\/04\\\/Logo_F1_-e1621029352226.jpg\",\"contentUrl\":\"http:\\\/\\\/autosdelpodio.com\\\/autos\\\/wp-content\\\/uploads\\\/2020\\\/04\\\/Logo_F1_-e1621029352226.jpg\",\"width\":500,\"height\":278},{\"@type\":\"BreadcrumbList\",\"@id\":\"https:\\\/\\\/autosdelpodio.com\\\/autos\\\/al-fin-ferrari\\\/#breadcrumb\",\"itemListElement\":[{\"@type\":\"ListItem\",\"position\":1,\"name\":\"Portada\",\"item\":\"http:\\\/\\\/autosdelpodio.com\\\/autos\\\/\"},{\"@type\":\"ListItem\",\"position\":2,\"name\":\"\u00a1Al fin Ferrari!\"}]},{\"@type\":\"WebSite\",\"@id\":\"http:\\\/\\\/autosdelpodio.com\\\/autos\\\/#website\",\"url\":\"http:\\\/\\\/autosdelpodio.com\\\/autos\\\/\",\"name\":\"Autos del Podio\",\"description\":\"La sexta del deporte motor\",\"publisher\":{\"@id\":\"http:\\\/\\\/autosdelpodio.com\\\/autos\\\/#organization\"},\"potentialAction\":[{\"@type\":\"SearchAction\",\"target\":{\"@type\":\"EntryPoint\",\"urlTemplate\":\"http:\\\/\\\/autosdelpodio.com\\\/autos\\\/?s={search_term_string}\"},\"query-input\":{\"@type\":\"PropertyValueSpecification\",\"valueRequired\":true,\"valueName\":\"search_term_string\"}}],\"inLanguage\":\"es\"},{\"@type\":\"Organization\",\"@id\":\"http:\\\/\\\/autosdelpodio.com\\\/autos\\\/#organization\",\"name\":\"Autos del Podio\",\"url\":\"http:\\\/\\\/autosdelpodio.com\\\/autos\\\/\",\"logo\":{\"@type\":\"ImageObject\",\"inLanguage\":\"es\",\"@id\":\"http:\\\/\\\/autosdelpodio.com\\\/autos\\\/#\\\/schema\\\/logo\\\/image\\\/\",\"url\":\"http:\\\/\\\/autosdelpodio.com\\\/autos\\\/wp-content\\\/uploads\\\/2020\\\/08\\\/Logo_AR.jpg\",\"contentUrl\":\"http:\\\/\\\/autosdelpodio.com\\\/autos\\\/wp-content\\\/uploads\\\/2020\\\/08\\\/Logo_AR.jpg\",\"width\":1038,\"height\":1044,\"caption\":\"Autos del Podio\"},\"image\":{\"@id\":\"http:\\\/\\\/autosdelpodio.com\\\/autos\\\/#\\\/schema\\\/logo\\\/image\\\/\"},\"sameAs\":[\"https:\\\/\\\/www.facebook.com\\\/profile.php?id=100057192590976&amp;amp;amp;amp;amp;amp;amp;amp;amp;amp;amp;amp;amp;amp;amp;amp;amp;amp;ref=ts\",\"https:\\\/\\\/x.com\\\/autosdelpodio\",\"https:\\\/\\\/www.youtube.com\\\/user\\\/AutosdelPodio\"]},{\"@type\":\"Person\",\"@id\":\"http:\\\/\\\/autosdelpodio.com\\\/autos\\\/#\\\/schema\\\/person\\\/993527a4d01c3acdd3d6bce3770bc942\",\"name\":\"autosdelpodio\",\"image\":{\"@type\":\"ImageObject\",\"inLanguage\":\"es\",\"@id\":\"http:\\\/\\\/autosdelpodio.com\\\/autos\\\/wp-content\\\/litespeed\\\/avatar\\\/aa8f65cd201a80f6b844f63278aa84af.jpg?ver=1776798175\",\"url\":\"http:\\\/\\\/autosdelpodio.com\\\/autos\\\/wp-content\\\/litespeed\\\/avatar\\\/aa8f65cd201a80f6b844f63278aa84af.jpg?ver=1776798175\",\"contentUrl\":\"http:\\\/\\\/autosdelpodio.com\\\/autos\\\/wp-content\\\/litespeed\\\/avatar\\\/aa8f65cd201a80f6b844f63278aa84af.jpg?ver=1776798175\",\"caption\":\"autosdelpodio\"}}]}<\/script>\n<!-- \/ Yoast SEO plugin. -->","yoast_head_json":{"title":"Autos del Podio | \u00a1Al fin Ferrari!","description":"Autos del Podio Tercer triunfo en su historial para el monegasco Leclerc en la F1","robots":{"index":"index","follow":"follow","max-snippet":"max-snippet:-1","max-image-preview":"max-image-preview:large","max-video-preview":"max-video-preview:-1"},"canonical":"https:\/\/autosdelpodio.com\/autos\/al-fin-ferrari\/","og_locale":"es_ES","og_type":"article","og_title":"Autos del Podio | \u00a1Al fin Ferrari!","og_description":"Autos del Podio Tercer triunfo en su historial para el monegasco Leclerc en la F1","og_url":"https:\/\/autosdelpodio.com\/autos\/al-fin-ferrari\/","og_site_name":"Autos del Podio","article_publisher":"https:\/\/www.facebook.com\/profile.php?id=100057192590976&amp%3bamp%3bamp%3bamp%3bamp%3bamp%3bamp%3bamp%3bamp%3bamp%3bamp%3bamp%3bamp%3bamp%3bamp%3bamp%3bamp%3bamp%3bref=ts","article_published_time":"2022-03-20T17:29:50+00:00","article_modified_time":"2022-03-20T18:45:48+00:00","og_image":[{"width":500,"height":278,"url":"https:\/\/autosdelpodio.com\/autos\/wp-content\/uploads\/2020\/04\/Logo_F1_-e1621029352226.jpg","type":"image\/jpeg"}],"author":"autosdelpodio","twitter_card":"summary_large_image","twitter_creator":"@autosdelpodio","twitter_site":"@autosdelpodio","twitter_misc":{"Escrito por":"autosdelpodio","Tiempo de lectura":"2 minutos"},"schema":{"@context":"https:\/\/schema.org","@graph":[{"@type":"Article","@id":"https:\/\/autosdelpodio.com\/autos\/al-fin-ferrari\/#article","isPartOf":{"@id":"https:\/\/autosdelpodio.com\/autos\/al-fin-ferrari\/"},"author":{"name":"autosdelpodio","@id":"http:\/\/autosdelpodio.com\/autos\/#\/schema\/person\/993527a4d01c3acdd3d6bce3770bc942"},"headline":"\u00a1Al fin Ferrari!","datePublished":"2022-03-20T17:29:50+00:00","dateModified":"2022-03-20T18:45:48+00:00","mainEntityOfPage":{"@id":"https:\/\/autosdelpodio.com\/autos\/al-fin-ferrari\/"},"wordCount":262,"commentCount":0,"publisher":{"@id":"http:\/\/autosdelpodio.com\/autos\/#organization"},"image":{"@id":"https:\/\/autosdelpodio.com\/autos\/al-fin-ferrari\/#primaryimage"},"thumbnailUrl":"http:\/\/autosdelpodio.com\/autos\/wp-content\/uploads\/2020\/04\/Logo_F1_-e1621029352226.jpg","keywords":["Charles Leclerc","Ferrari","Formula 1","GP Bahrein"],"articleSection":["Noticias","\u00daltimas noticias"],"inLanguage":"es","potentialAction":[{"@type":"CommentAction","name":"Comment","target":["https:\/\/autosdelpodio.com\/autos\/al-fin-ferrari\/#respond"]}]},{"@type":"WebPage","@id":"https:\/\/autosdelpodio.com\/autos\/al-fin-ferrari\/","url":"https:\/\/autosdelpodio.com\/autos\/al-fin-ferrari\/","name":"Autos del Podio | \u00a1Al fin Ferrari!","isPartOf":{"@id":"http:\/\/autosdelpodio.com\/autos\/#website"},"primaryImageOfPage":{"@id":"https:\/\/autosdelpodio.com\/autos\/al-fin-ferrari\/#primaryimage"},"image":{"@id":"https:\/\/autosdelpodio.com\/autos\/al-fin-ferrari\/#primaryimage"},"thumbnailUrl":"http:\/\/autosdelpodio.com\/autos\/wp-content\/uploads\/2020\/04\/Logo_F1_-e1621029352226.jpg","datePublished":"2022-03-20T17:29:50+00:00","dateModified":"2022-03-20T18:45:48+00:00","description":"Autos del Podio Tercer triunfo en su historial para el monegasco Leclerc en la F1","breadcrumb":{"@id":"https:\/\/autosdelpodio.com\/autos\/al-fin-ferrari\/#breadcrumb"},"inLanguage":"es","potentialAction":[{"@type":"ReadAction","target":["https:\/\/autosdelpodio.com\/autos\/al-fin-ferrari\/"]}]},{"@type":"ImageObject","inLanguage":"es","@id":"https:\/\/autosdelpodio.com\/autos\/al-fin-ferrari\/#primaryimage","url":"http:\/\/autosdelpodio.com\/autos\/wp-content\/uploads\/2020\/04\/Logo_F1_-e1621029352226.jpg","contentUrl":"http:\/\/autosdelpodio.com\/autos\/wp-content\/uploads\/2020\/04\/Logo_F1_-e1621029352226.jpg","width":500,"height":278},{"@type":"BreadcrumbList","@id":"https:\/\/autosdelpodio.com\/autos\/al-fin-ferrari\/#breadcrumb","itemListElement":[{"@type":"ListItem","position":1,"name":"Portada","item":"http:\/\/autosdelpodio.com\/autos\/"},{"@type":"ListItem","position":2,"name":"\u00a1Al fin Ferrari!"}]},{"@type":"WebSite","@id":"http:\/\/autosdelpodio.com\/autos\/#website","url":"http:\/\/autosdelpodio.com\/autos\/","name":"Autos del Podio","description":"La sexta del deporte motor","publisher":{"@id":"http:\/\/autosdelpodio.com\/autos\/#organization"},"potentialAction":[{"@type":"SearchAction","target":{"@type":"EntryPoint","urlTemplate":"http:\/\/autosdelpodio.com\/autos\/?s={search_term_string}"},"query-input":{"@type":"PropertyValueSpecification","valueRequired":true,"valueName":"search_term_string"}}],"inLanguage":"es"},{"@type":"Organization","@id":"http:\/\/autosdelpodio.com\/autos\/#organization","name":"Autos del Podio","url":"http:\/\/autosdelpodio.com\/autos\/","logo":{"@type":"ImageObject","inLanguage":"es","@id":"http:\/\/autosdelpodio.com\/autos\/#\/schema\/logo\/image\/","url":"http:\/\/autosdelpodio.com\/autos\/wp-content\/uploads\/2020\/08\/Logo_AR.jpg","contentUrl":"http:\/\/autosdelpodio.com\/autos\/wp-content\/uploads\/2020\/08\/Logo_AR.jpg","width":1038,"height":1044,"caption":"Autos del Podio"},"image":{"@id":"http:\/\/autosdelpodio.com\/autos\/#\/schema\/logo\/image\/"},"sameAs":["https:\/\/www.facebook.com\/profile.php?id=100057192590976&amp;amp;amp;amp;amp;amp;amp;amp;amp;amp;amp;amp;amp;amp;amp;amp;amp;amp;ref=ts","https:\/\/x.com\/autosdelpodio","https:\/\/www.youtube.com\/user\/AutosdelPodio"]},{"@type":"Person","@id":"http:\/\/autosdelpodio.com\/autos\/#\/schema\/person\/993527a4d01c3acdd3d6bce3770bc942","name":"autosdelpodio","image":{"@type":"ImageObject","inLanguage":"es","@id":"http:\/\/autosdelpodio.com\/autos\/wp-content\/litespeed\/avatar\/aa8f65cd201a80f6b844f63278aa84af.jpg?ver=1776798175","url":"http:\/\/autosdelpodio.com\/autos\/wp-content\/litespeed\/avatar\/aa8f65cd201a80f6b844f63278aa84af.jpg?ver=1776798175","contentUrl":"http:\/\/autosdelpodio.com\/autos\/wp-content\/litespeed\/avatar\/aa8f65cd201a80f6b844f63278aa84af.jpg?ver=1776798175","caption":"autosdelpodio"}}]}},"views":593,"_links":{"self":[{"href":"http:\/\/autosdelpodio.com\/autos\/wp-json\/wp\/v2\/posts\/5558","targetHints":{"allow":["GET"]}}],"collection":[{"href":"http:\/\/autosdelpodio.com\/autos\/wp-json\/wp\/v2\/posts"}],"about":[{"href":"http:\/\/autosdelpodio.com\/autos\/wp-json\/wp\/v2\/types\/post"}],"author":[{"embeddable":true,"href":"http:\/\/autosdelpodio.com\/autos\/wp-json\/wp\/v2\/users\/3"}],"replies":[{"embeddable":true,"href":"http:\/\/autosdelpodio.com\/autos\/wp-json\/wp\/v2\/comments?post=5558"}],"version-history":[{"count":4,"href":"http:\/\/autosdelpodio.com\/autos\/wp-json\/wp\/v2\/posts\/5558\/revisions"}],"predecessor-version":[{"id":5565,"href":"http:\/\/autosdelpodio.com\/autos\/wp-json\/wp\/v2\/posts\/5558\/revisions\/5565"}],"wp:featuredmedia":[{"embeddable":true,"href":"http:\/\/autosdelpodio.com\/autos\/wp-json\/wp\/v2\/media\/1751"}],"wp:attachment":[{"href":"http:\/\/autosdelpodio.com\/autos\/wp-json\/wp\/v2\/media?parent=5558"}],"wp:term":[{"taxonomy":"category","embeddable":true,"href":"http:\/\/autosdelpodio.com\/autos\/wp-json\/wp\/v2\/categories?post=5558"},{"taxonomy":"post_tag","embeddable":true,"href":"http:\/\/autosdelpodio.com\/autos\/wp-json\/wp\/v2\/tags?post=5558"}],"curies":[{"name":"wp","href":"https:\/\/api.w.org\/{rel}","templated":true}]}}