{"id":5690,"date":"2022-04-23T15:31:51","date_gmt":"2022-04-23T18:31:51","guid":{"rendered":"http:\/\/autosdelpodio.com\/autos\/?p=5690"},"modified":"2022-04-23T15:31:52","modified_gmt":"2022-04-23T18:31:52","slug":"xxv-gran-premio-recoleta-tigre","status":"publish","type":"post","link":"http:\/\/autosdelpodio.com\/autos\/xxv-gran-premio-recoleta-tigre\/","title":{"rendered":"XXV Gran Premio Recoleta-Tigre"},"content":{"rendered":"\n<p>El Gran Premio Recoleta-Tigre fue la primera carrera en ruta abierta disputada en nuestro pa\u00eds. Tuvo lugar el 9 de diciembre de 1906 entre el elegante barrio de la Recoleta y la localidad de Tigre.<\/p>\n\n\n\n<p>La reedici\u00f3n de esta hist\u00f3rica carrera es un homenaje a uno de los m\u00e1s importantes eventos en la historia del automovilismo argentino y es tambi\u00e9n el evento m\u00e1s importante para autom\u00f3viles veteranos en Am\u00e9rica Latina.<\/p>\n\n\n\n<p>La prueba est\u00e1 organizada por el Club de Autom\u00f3viles Cl\u00e1sicos de la Rep\u00fablica Argentina.<\/p>\n\n\n\n<h5 class=\"wp-block-heading\">Programa&nbsp;de actividades<\/h5>\n\n\n\n<h6 class=\"wp-block-heading\">S\u00e1bado 14 de mayo de 2022<\/h6>\n\n\n\n<p>10:30 h a 12:00 h: Concentraci\u00f3n. Veh\u00edculos con trailers se bajan \u00fanicamente en calle Av. Quintana esquina Ayacucho para luego dirigirse directamente a Av. Quintana entre Ayacucho y \u201cLa Biela\u201d.<\/p>\n\n\n\n<p>10:30 h a 12:00 h: Acreditaci\u00f3n, en donde los participantes podr\u00e1n abonar su inscripci\u00f3n y se les entregar\u00e1 la documentaci\u00f3n pertinente al Gran Premio.<\/p>\n\n\n\n<p>12:00 h a 17:00 h: Parque cerrado Recoleta. Exhibici\u00f3n de autos participantes del Gran Premio Recoleta Tigre sobre Av. Quintana. Cantidad de autos estimados: 50 veh\u00edculos. Comienzo de actividades varias.<\/p>\n\n\n\n<p>13:00 h: Banda Militar \u201cTambor de Tacuar\u00ed\u201d del Regimiento de Infanter\u00eda 1 Patricios.<\/p>\n\n\n\n<p>16:00 h: Banda Swing en La Biela.<\/p>\n\n\n\n<p>16:30 h (estimado): desfile de los autom\u00f3viles por \u201cCircuito Avenida Alvear\u201d<\/p>\n\n\n\n<p>17:00 h: Disponibilidad para el guardado de los autom\u00f3viles en estacionamiento vigilado (sobre Quintana y Alvear). Altura m\u00e1xima 2,10mts.<\/p>\n\n\n\n<h6 class=\"wp-block-heading\">Domingo 15 de mayo de 2022<\/h6>\n\n\n\n<p>08:00 h a 9:00 h: Exhibici\u00f3n de los autos sobre Av. Quintana. Cantidad de autos: 50-70 unidades.<\/p>\n\n\n\n<p>08:30 h a 9:30 h: Banda Fuerza A\u00e9rea.<\/p>\n\n\n\n<p>9:00 h: Desayuno en la Biela para participantes.<\/p>\n\n\n\n<p>09:30 h: Largada Gran Premio Recoleta Tigre. Orden de largada, 1er veh\u00edculo Anasagasti, propiedad del Club de Autom\u00f3viles Cl\u00e1sicos. Siguientes veh\u00edculos seg\u00fan orden dado por la organizaci\u00f3n. Control de sellos en N\u00fa\u00f1ez. Control de sellos en San Isidro.<\/p>\n\n\n\n<p>11.30 h\/12:00 h: Llegada a Tigre. Entrega de Trofeo en l\u00ednea de llegada. Exhibici\u00f3n de los autos.<\/p>\n\n\n\n<p>13:00 h: Cocktail para participantes \/ invitados<\/p>\n\n\n\n<p>Para informes e inscripci\u00f3n:<br><a href=\"https:\/\/www.clubclasicos.com\/preinscripcionrt\" target=\"_blank\" rel=\"noreferrer noopener\">https:\/\/www.clubclasicos.com\/preinscripcionrt<\/a><\/p>\n","protected":false},"excerpt":{"rendered":"<p>El Gran Premio Recoleta-Tigre fue la primera carrera en ruta abierta disputada en nuestro pa\u00eds. Tuvo lugar el 9 de<\/p>\n","protected":false},"author":3,"featured_media":5691,"comment_status":"open","ping_status":"open","sticky":false,"template":"","format":"standard","meta":{"colormag_page_container_layout":"default_layout","colormag_page_sidebar_layout":"default_layout","footnotes":""},"categories":[6,5],"tags":[118,68,598,669,670],"class_list":["post-5690","post","type-post","status-publish","format-standard","has-post-thumbnail","hentry","category-newsflash","category-latest-news","tag-autos-clasicos","tag-exposiciones","tag-gran-premio","tag-recoleta","tag-tigre"],"yoast_head":"<!-- This site is optimized with the Yoast SEO plugin v27.4 - https:\/\/yoast.com\/product\/yoast-seo-wordpress\/ -->\n<title>Autos del Podio | XXV Gran Premio Recoleta-Tigre<\/title>\n<meta name=\"description\" content=\"Autos del Podio Los d\u00edas 14 y 15 de mayo se realizar\u00e1 la 25\u00aa edici\u00f3n del Gran Premio Recoleta-Tigre.\" \/>\n<meta name=\"robots\" content=\"index, follow, max-snippet:-1, max-image-preview:large, max-video-preview:-1\" \/>\n<link rel=\"canonical\" href=\"http:\/\/autosdelpodio.com\/autos\/xxv-gran-premio-recoleta-tigre\/\" \/>\n<meta property=\"og:locale\" content=\"es_ES\" \/>\n<meta property=\"og:type\" content=\"article\" \/>\n<meta property=\"og:title\" content=\"Autos del Podio | XXV Gran Premio Recoleta-Tigre\" \/>\n<meta property=\"og:description\" content=\"Autos del Podio Los d\u00edas 14 y 15 de mayo se realizar\u00e1 la 25\u00aa edici\u00f3n del Gran Premio Recoleta-Tigre.\" \/>\n<meta property=\"og:url\" content=\"http:\/\/autosdelpodio.com\/autos\/xxv-gran-premio-recoleta-tigre\/\" \/>\n<meta property=\"og:site_name\" content=\"Autos del Podio\" \/>\n<meta property=\"article:publisher\" content=\"https:\/\/www.facebook.com\/profile.php?id=100057192590976&amp;amp%3bamp%3bamp%3bamp%3bamp%3bamp%3bamp%3bamp%3bamp%3bamp%3bamp%3bamp%3bamp%3bamp%3bamp%3bamp%3bamp%3bamp%3bref=ts\" \/>\n<meta property=\"article:published_time\" content=\"2022-04-23T18:31:51+00:00\" \/>\n<meta property=\"article:modified_time\" content=\"2022-04-23T18:31:52+00:00\" \/>\n<meta property=\"og:image\" content=\"http:\/\/autosdelpodio.com\/autos\/wp-content\/uploads\/2022\/04\/GP_Recoleta_Tigre.jpg\" \/>\n\t<meta property=\"og:image:width\" content=\"500\" \/>\n\t<meta property=\"og:image:height\" content=\"250\" \/>\n\t<meta property=\"og:image:type\" content=\"image\/jpeg\" \/>\n<meta name=\"author\" content=\"autosdelpodio\" \/>\n<meta name=\"twitter:card\" content=\"summary_large_image\" \/>\n<meta name=\"twitter:creator\" content=\"@autosdelpodio\" \/>\n<meta name=\"twitter:site\" content=\"@autosdelpodio\" \/>\n<meta name=\"twitter:label1\" content=\"Escrito por\" \/>\n\t<meta name=\"twitter:data1\" content=\"autosdelpodio\" \/>\n\t<meta name=\"twitter:label2\" content=\"Tiempo de lectura\" \/>\n\t<meta name=\"twitter:data2\" content=\"2 minutos\" \/>\n<script type=\"application\/ld+json\" class=\"yoast-schema-graph\">{\"@context\":\"https:\\\/\\\/schema.org\",\"@graph\":[{\"@type\":\"Article\",\"@id\":\"http:\\\/\\\/autosdelpodio.com\\\/autos\\\/xxv-gran-premio-recoleta-tigre\\\/#article\",\"isPartOf\":{\"@id\":\"http:\\\/\\\/autosdelpodio.com\\\/autos\\\/xxv-gran-premio-recoleta-tigre\\\/\"},\"author\":{\"name\":\"autosdelpodio\",\"@id\":\"http:\\\/\\\/autosdelpodio.com\\\/autos\\\/#\\\/schema\\\/person\\\/993527a4d01c3acdd3d6bce3770bc942\"},\"headline\":\"XXV Gran Premio Recoleta-Tigre\",\"datePublished\":\"2022-04-23T18:31:51+00:00\",\"dateModified\":\"2022-04-23T18:31:52+00:00\",\"mainEntityOfPage\":{\"@id\":\"http:\\\/\\\/autosdelpodio.com\\\/autos\\\/xxv-gran-premio-recoleta-tigre\\\/\"},\"wordCount\":351,\"commentCount\":0,\"publisher\":{\"@id\":\"http:\\\/\\\/autosdelpodio.com\\\/autos\\\/#organization\"},\"image\":{\"@id\":\"http:\\\/\\\/autosdelpodio.com\\\/autos\\\/xxv-gran-premio-recoleta-tigre\\\/#primaryimage\"},\"thumbnailUrl\":\"http:\\\/\\\/autosdelpodio.com\\\/autos\\\/wp-content\\\/uploads\\\/2022\\\/04\\\/GP_Recoleta_Tigre.jpg\",\"keywords\":[\"Autos Clasicos\",\"Exposiciones\",\"Gran Premio\",\"Recoleta\",\"Tigre\"],\"articleSection\":[\"Destacado\",\"\u00daltimas noticias\"],\"inLanguage\":\"es\",\"potentialAction\":[{\"@type\":\"CommentAction\",\"name\":\"Comment\",\"target\":[\"http:\\\/\\\/autosdelpodio.com\\\/autos\\\/xxv-gran-premio-recoleta-tigre\\\/#respond\"]}]},{\"@type\":\"WebPage\",\"@id\":\"http:\\\/\\\/autosdelpodio.com\\\/autos\\\/xxv-gran-premio-recoleta-tigre\\\/\",\"url\":\"http:\\\/\\\/autosdelpodio.com\\\/autos\\\/xxv-gran-premio-recoleta-tigre\\\/\",\"name\":\"Autos del Podio | XXV Gran Premio Recoleta-Tigre\",\"isPartOf\":{\"@id\":\"http:\\\/\\\/autosdelpodio.com\\\/autos\\\/#website\"},\"primaryImageOfPage\":{\"@id\":\"http:\\\/\\\/autosdelpodio.com\\\/autos\\\/xxv-gran-premio-recoleta-tigre\\\/#primaryimage\"},\"image\":{\"@id\":\"http:\\\/\\\/autosdelpodio.com\\\/autos\\\/xxv-gran-premio-recoleta-tigre\\\/#primaryimage\"},\"thumbnailUrl\":\"http:\\\/\\\/autosdelpodio.com\\\/autos\\\/wp-content\\\/uploads\\\/2022\\\/04\\\/GP_Recoleta_Tigre.jpg\",\"datePublished\":\"2022-04-23T18:31:51+00:00\",\"dateModified\":\"2022-04-23T18:31:52+00:00\",\"description\":\"Autos del Podio Los d\u00edas 14 y 15 de mayo se realizar\u00e1 la 25\u00aa edici\u00f3n del Gran Premio Recoleta-Tigre.\",\"breadcrumb\":{\"@id\":\"http:\\\/\\\/autosdelpodio.com\\\/autos\\\/xxv-gran-premio-recoleta-tigre\\\/#breadcrumb\"},\"inLanguage\":\"es\",\"potentialAction\":[{\"@type\":\"ReadAction\",\"target\":[\"http:\\\/\\\/autosdelpodio.com\\\/autos\\\/xxv-gran-premio-recoleta-tigre\\\/\"]}]},{\"@type\":\"ImageObject\",\"inLanguage\":\"es\",\"@id\":\"http:\\\/\\\/autosdelpodio.com\\\/autos\\\/xxv-gran-premio-recoleta-tigre\\\/#primaryimage\",\"url\":\"http:\\\/\\\/autosdelpodio.com\\\/autos\\\/wp-content\\\/uploads\\\/2022\\\/04\\\/GP_Recoleta_Tigre.jpg\",\"contentUrl\":\"http:\\\/\\\/autosdelpodio.com\\\/autos\\\/wp-content\\\/uploads\\\/2022\\\/04\\\/GP_Recoleta_Tigre.jpg\",\"width\":500,\"height\":250},{\"@type\":\"BreadcrumbList\",\"@id\":\"http:\\\/\\\/autosdelpodio.com\\\/autos\\\/xxv-gran-premio-recoleta-tigre\\\/#breadcrumb\",\"itemListElement\":[{\"@type\":\"ListItem\",\"position\":1,\"name\":\"Portada\",\"item\":\"http:\\\/\\\/autosdelpodio.com\\\/autos\\\/\"},{\"@type\":\"ListItem\",\"position\":2,\"name\":\"XXV Gran Premio Recoleta-Tigre\"}]},{\"@type\":\"WebSite\",\"@id\":\"http:\\\/\\\/autosdelpodio.com\\\/autos\\\/#website\",\"url\":\"http:\\\/\\\/autosdelpodio.com\\\/autos\\\/\",\"name\":\"Autos del Podio\",\"description\":\"La sexta del deporte motor\",\"publisher\":{\"@id\":\"http:\\\/\\\/autosdelpodio.com\\\/autos\\\/#organization\"},\"potentialAction\":[{\"@type\":\"SearchAction\",\"target\":{\"@type\":\"EntryPoint\",\"urlTemplate\":\"http:\\\/\\\/autosdelpodio.com\\\/autos\\\/?s={search_term_string}\"},\"query-input\":{\"@type\":\"PropertyValueSpecification\",\"valueRequired\":true,\"valueName\":\"search_term_string\"}}],\"inLanguage\":\"es\"},{\"@type\":\"Organization\",\"@id\":\"http:\\\/\\\/autosdelpodio.com\\\/autos\\\/#organization\",\"name\":\"Autos del Podio\",\"url\":\"http:\\\/\\\/autosdelpodio.com\\\/autos\\\/\",\"logo\":{\"@type\":\"ImageObject\",\"inLanguage\":\"es\",\"@id\":\"http:\\\/\\\/autosdelpodio.com\\\/autos\\\/#\\\/schema\\\/logo\\\/image\\\/\",\"url\":\"http:\\\/\\\/autosdelpodio.com\\\/autos\\\/wp-content\\\/uploads\\\/2020\\\/08\\\/Logo_AR.jpg\",\"contentUrl\":\"http:\\\/\\\/autosdelpodio.com\\\/autos\\\/wp-content\\\/uploads\\\/2020\\\/08\\\/Logo_AR.jpg\",\"width\":1038,\"height\":1044,\"caption\":\"Autos del Podio\"},\"image\":{\"@id\":\"http:\\\/\\\/autosdelpodio.com\\\/autos\\\/#\\\/schema\\\/logo\\\/image\\\/\"},\"sameAs\":[\"https:\\\/\\\/www.facebook.com\\\/profile.php?id=100057192590976&amp;amp;amp;amp;amp;amp;amp;amp;amp;amp;amp;amp;amp;amp;amp;amp;amp;amp;ref=ts\",\"https:\\\/\\\/x.com\\\/autosdelpodio\",\"https:\\\/\\\/www.youtube.com\\\/user\\\/AutosdelPodio\"]},{\"@type\":\"Person\",\"@id\":\"http:\\\/\\\/autosdelpodio.com\\\/autos\\\/#\\\/schema\\\/person\\\/993527a4d01c3acdd3d6bce3770bc942\",\"name\":\"autosdelpodio\",\"image\":{\"@type\":\"ImageObject\",\"inLanguage\":\"es\",\"@id\":\"http:\\\/\\\/autosdelpodio.com\\\/autos\\\/wp-content\\\/litespeed\\\/avatar\\\/aa8f65cd201a80f6b844f63278aa84af.jpg?ver=1776798175\",\"url\":\"http:\\\/\\\/autosdelpodio.com\\\/autos\\\/wp-content\\\/litespeed\\\/avatar\\\/aa8f65cd201a80f6b844f63278aa84af.jpg?ver=1776798175\",\"contentUrl\":\"http:\\\/\\\/autosdelpodio.com\\\/autos\\\/wp-content\\\/litespeed\\\/avatar\\\/aa8f65cd201a80f6b844f63278aa84af.jpg?ver=1776798175\",\"caption\":\"autosdelpodio\"}}]}<\/script>\n<!-- \/ Yoast SEO plugin. -->","yoast_head_json":{"title":"Autos del Podio | XXV Gran Premio Recoleta-Tigre","description":"Autos del Podio Los d\u00edas 14 y 15 de mayo se realizar\u00e1 la 25\u00aa edici\u00f3n del Gran Premio Recoleta-Tigre.","robots":{"index":"index","follow":"follow","max-snippet":"max-snippet:-1","max-image-preview":"max-image-preview:large","max-video-preview":"max-video-preview:-1"},"canonical":"http:\/\/autosdelpodio.com\/autos\/xxv-gran-premio-recoleta-tigre\/","og_locale":"es_ES","og_type":"article","og_title":"Autos del Podio | XXV Gran Premio Recoleta-Tigre","og_description":"Autos del Podio Los d\u00edas 14 y 15 de mayo se realizar\u00e1 la 25\u00aa edici\u00f3n del Gran Premio Recoleta-Tigre.","og_url":"http:\/\/autosdelpodio.com\/autos\/xxv-gran-premio-recoleta-tigre\/","og_site_name":"Autos del Podio","article_publisher":"https:\/\/www.facebook.com\/profile.php?id=100057192590976&amp%3bamp%3bamp%3bamp%3bamp%3bamp%3bamp%3bamp%3bamp%3bamp%3bamp%3bamp%3bamp%3bamp%3bamp%3bamp%3bamp%3bamp%3bref=ts","article_published_time":"2022-04-23T18:31:51+00:00","article_modified_time":"2022-04-23T18:31:52+00:00","og_image":[{"width":500,"height":250,"url":"http:\/\/autosdelpodio.com\/autos\/wp-content\/uploads\/2022\/04\/GP_Recoleta_Tigre.jpg","type":"image\/jpeg"}],"author":"autosdelpodio","twitter_card":"summary_large_image","twitter_creator":"@autosdelpodio","twitter_site":"@autosdelpodio","twitter_misc":{"Escrito por":"autosdelpodio","Tiempo de lectura":"2 minutos"},"schema":{"@context":"https:\/\/schema.org","@graph":[{"@type":"Article","@id":"http:\/\/autosdelpodio.com\/autos\/xxv-gran-premio-recoleta-tigre\/#article","isPartOf":{"@id":"http:\/\/autosdelpodio.com\/autos\/xxv-gran-premio-recoleta-tigre\/"},"author":{"name":"autosdelpodio","@id":"http:\/\/autosdelpodio.com\/autos\/#\/schema\/person\/993527a4d01c3acdd3d6bce3770bc942"},"headline":"XXV Gran Premio Recoleta-Tigre","datePublished":"2022-04-23T18:31:51+00:00","dateModified":"2022-04-23T18:31:52+00:00","mainEntityOfPage":{"@id":"http:\/\/autosdelpodio.com\/autos\/xxv-gran-premio-recoleta-tigre\/"},"wordCount":351,"commentCount":0,"publisher":{"@id":"http:\/\/autosdelpodio.com\/autos\/#organization"},"image":{"@id":"http:\/\/autosdelpodio.com\/autos\/xxv-gran-premio-recoleta-tigre\/#primaryimage"},"thumbnailUrl":"http:\/\/autosdelpodio.com\/autos\/wp-content\/uploads\/2022\/04\/GP_Recoleta_Tigre.jpg","keywords":["Autos Clasicos","Exposiciones","Gran Premio","Recoleta","Tigre"],"articleSection":["Destacado","\u00daltimas noticias"],"inLanguage":"es","potentialAction":[{"@type":"CommentAction","name":"Comment","target":["http:\/\/autosdelpodio.com\/autos\/xxv-gran-premio-recoleta-tigre\/#respond"]}]},{"@type":"WebPage","@id":"http:\/\/autosdelpodio.com\/autos\/xxv-gran-premio-recoleta-tigre\/","url":"http:\/\/autosdelpodio.com\/autos\/xxv-gran-premio-recoleta-tigre\/","name":"Autos del Podio | XXV Gran Premio Recoleta-Tigre","isPartOf":{"@id":"http:\/\/autosdelpodio.com\/autos\/#website"},"primaryImageOfPage":{"@id":"http:\/\/autosdelpodio.com\/autos\/xxv-gran-premio-recoleta-tigre\/#primaryimage"},"image":{"@id":"http:\/\/autosdelpodio.com\/autos\/xxv-gran-premio-recoleta-tigre\/#primaryimage"},"thumbnailUrl":"http:\/\/autosdelpodio.com\/autos\/wp-content\/uploads\/2022\/04\/GP_Recoleta_Tigre.jpg","datePublished":"2022-04-23T18:31:51+00:00","dateModified":"2022-04-23T18:31:52+00:00","description":"Autos del Podio Los d\u00edas 14 y 15 de mayo se realizar\u00e1 la 25\u00aa edici\u00f3n del Gran Premio Recoleta-Tigre.","breadcrumb":{"@id":"http:\/\/autosdelpodio.com\/autos\/xxv-gran-premio-recoleta-tigre\/#breadcrumb"},"inLanguage":"es","potentialAction":[{"@type":"ReadAction","target":["http:\/\/autosdelpodio.com\/autos\/xxv-gran-premio-recoleta-tigre\/"]}]},{"@type":"ImageObject","inLanguage":"es","@id":"http:\/\/autosdelpodio.com\/autos\/xxv-gran-premio-recoleta-tigre\/#primaryimage","url":"http:\/\/autosdelpodio.com\/autos\/wp-content\/uploads\/2022\/04\/GP_Recoleta_Tigre.jpg","contentUrl":"http:\/\/autosdelpodio.com\/autos\/wp-content\/uploads\/2022\/04\/GP_Recoleta_Tigre.jpg","width":500,"height":250},{"@type":"BreadcrumbList","@id":"http:\/\/autosdelpodio.com\/autos\/xxv-gran-premio-recoleta-tigre\/#breadcrumb","itemListElement":[{"@type":"ListItem","position":1,"name":"Portada","item":"http:\/\/autosdelpodio.com\/autos\/"},{"@type":"ListItem","position":2,"name":"XXV Gran Premio Recoleta-Tigre"}]},{"@type":"WebSite","@id":"http:\/\/autosdelpodio.com\/autos\/#website","url":"http:\/\/autosdelpodio.com\/autos\/","name":"Autos del Podio","description":"La sexta del deporte motor","publisher":{"@id":"http:\/\/autosdelpodio.com\/autos\/#organization"},"potentialAction":[{"@type":"SearchAction","target":{"@type":"EntryPoint","urlTemplate":"http:\/\/autosdelpodio.com\/autos\/?s={search_term_string}"},"query-input":{"@type":"PropertyValueSpecification","valueRequired":true,"valueName":"search_term_string"}}],"inLanguage":"es"},{"@type":"Organization","@id":"http:\/\/autosdelpodio.com\/autos\/#organization","name":"Autos del Podio","url":"http:\/\/autosdelpodio.com\/autos\/","logo":{"@type":"ImageObject","inLanguage":"es","@id":"http:\/\/autosdelpodio.com\/autos\/#\/schema\/logo\/image\/","url":"http:\/\/autosdelpodio.com\/autos\/wp-content\/uploads\/2020\/08\/Logo_AR.jpg","contentUrl":"http:\/\/autosdelpodio.com\/autos\/wp-content\/uploads\/2020\/08\/Logo_AR.jpg","width":1038,"height":1044,"caption":"Autos del Podio"},"image":{"@id":"http:\/\/autosdelpodio.com\/autos\/#\/schema\/logo\/image\/"},"sameAs":["https:\/\/www.facebook.com\/profile.php?id=100057192590976&amp;amp;amp;amp;amp;amp;amp;amp;amp;amp;amp;amp;amp;amp;amp;amp;amp;amp;ref=ts","https:\/\/x.com\/autosdelpodio","https:\/\/www.youtube.com\/user\/AutosdelPodio"]},{"@type":"Person","@id":"http:\/\/autosdelpodio.com\/autos\/#\/schema\/person\/993527a4d01c3acdd3d6bce3770bc942","name":"autosdelpodio","image":{"@type":"ImageObject","inLanguage":"es","@id":"http:\/\/autosdelpodio.com\/autos\/wp-content\/litespeed\/avatar\/aa8f65cd201a80f6b844f63278aa84af.jpg?ver=1776798175","url":"http:\/\/autosdelpodio.com\/autos\/wp-content\/litespeed\/avatar\/aa8f65cd201a80f6b844f63278aa84af.jpg?ver=1776798175","contentUrl":"http:\/\/autosdelpodio.com\/autos\/wp-content\/litespeed\/avatar\/aa8f65cd201a80f6b844f63278aa84af.jpg?ver=1776798175","caption":"autosdelpodio"}}]}},"views":361,"_links":{"self":[{"href":"http:\/\/autosdelpodio.com\/autos\/wp-json\/wp\/v2\/posts\/5690","targetHints":{"allow":["GET"]}}],"collection":[{"href":"http:\/\/autosdelpodio.com\/autos\/wp-json\/wp\/v2\/posts"}],"about":[{"href":"http:\/\/autosdelpodio.com\/autos\/wp-json\/wp\/v2\/types\/post"}],"author":[{"embeddable":true,"href":"http:\/\/autosdelpodio.com\/autos\/wp-json\/wp\/v2\/users\/3"}],"replies":[{"embeddable":true,"href":"http:\/\/autosdelpodio.com\/autos\/wp-json\/wp\/v2\/comments?post=5690"}],"version-history":[{"count":2,"href":"http:\/\/autosdelpodio.com\/autos\/wp-json\/wp\/v2\/posts\/5690\/revisions"}],"predecessor-version":[{"id":5693,"href":"http:\/\/autosdelpodio.com\/autos\/wp-json\/wp\/v2\/posts\/5690\/revisions\/5693"}],"wp:featuredmedia":[{"embeddable":true,"href":"http:\/\/autosdelpodio.com\/autos\/wp-json\/wp\/v2\/media\/5691"}],"wp:attachment":[{"href":"http:\/\/autosdelpodio.com\/autos\/wp-json\/wp\/v2\/media?parent=5690"}],"wp:term":[{"taxonomy":"category","embeddable":true,"href":"http:\/\/autosdelpodio.com\/autos\/wp-json\/wp\/v2\/categories?post=5690"},{"taxonomy":"post_tag","embeddable":true,"href":"http:\/\/autosdelpodio.com\/autos\/wp-json\/wp\/v2\/tags?post=5690"}],"curies":[{"name":"wp","href":"https:\/\/api.w.org\/{rel}","templated":true}]}}