{"id":5717,"date":"2022-04-30T19:01:47","date_gmt":"2022-04-30T22:01:47","guid":{"rendered":"http:\/\/autosdelpodio.com\/autos\/?p=5717"},"modified":"2022-04-30T19:01:48","modified_gmt":"2022-04-30T22:01:48","slug":"fiat-presento-el-pulse","status":"publish","type":"post","link":"http:\/\/autosdelpodio.com\/autos\/fiat-presento-el-pulse\/","title":{"rendered":"Fiat present\u00f3 el Pulse"},"content":{"rendered":"\n<p>Fiat, una marca de Stellantis, lanza al mercado argentino el Pulse, su primer SUV desarrollado regionalmente y que llega para competir en el segmento m\u00e1s deseado por el p\u00fablico local. Se trata del nuevo veh\u00edculo desarrollado por la marca sobre los pilares de dise\u00f1o, performance, seguridad y tecnolog\u00eda y conectividad para convertirlo en el SUV m\u00e1s competitivo de su categor\u00eda.<\/p>\n\n\n\n<h5 class=\"wp-block-heading\"><strong>Dise\u00f1o: inspiraci\u00f3n italiana<\/strong><\/h5>\n\n\n\n<p>Con un estilo \u00fanico, naci\u00f3 del trabajo de un equipo de profesionales con las m\u00e1s diversas especialidades en el Centro de Dise\u00f1o de Sudam\u00e9rica. El nuevo Pulse est\u00e1 dise\u00f1ado para expresar un dise\u00f1o atractivo y moderno, destacando su robustez y elementos tecnol\u00f3gicos desde cualquier \u00e1ngulo.<\/p>\n\n\n\n<h5 class=\"wp-block-heading\"><strong>Performance: la tecnolog\u00eda que impulsa el pulso de Fiat<\/strong><\/h5>\n\n\n\n<p>El modelo llega al mercado argentino con dos motores, el confiable 1.3 litros Firefly de 99 cv acoplado a una caja manual de 5 velocidades o a una caja autom\u00e1tica CVT de 7 velocidades para las versiones Drive, y la \u00faltima novedad en motorizaci\u00f3n, el motor turbo 200 de 120 cv de 1.0 litros con caja autom\u00e1tica CVT exclusivamente para la versi\u00f3n Impetus. El nuevo motor forma parte de la galardonada familia de motores GSE T3 desarrollada por Stellantis, y repite el 100 % de las innovaciones y tecnolog\u00edas del conjunto existente. Se necesitaron m\u00e1s de tres a\u00f1os de desarrollo y 30.000 horas de pruebas, lo que dio como resultado lo mejor de ambos mundos: mayor rendimiento y m\u00e1s eficiencia, dado su tama\u00f1o compacto, su bajo peso y la menor cilindrada.<\/p>\n\n\n\n<h5 class=\"wp-block-heading\">Seguridad: m\u00e1xima protecci\u00f3n para sus ocupantes y los peatones<\/h5>\n\n\n\n<p>El nuevo Pulse es una referencia en el segmento, ya que llegar\u00e1 al mercado con asistencias avanzadas a la conducci\u00f3n (ADAS) y una amplia gama de tecnolog\u00edas, con el apoyo de un dise\u00f1o moderno y avanzado basado en la nueva plataforma MLA.<\/p>\n\n\n\n<p>Adem\u00e1s de ser elegantes, los nuevos faros LED presentes en&nbsp; todas las versiones, incluidas las luces de circulaci\u00f3n diurna (DRL), generan una amplia \u00e1rea luminosa. La tecnolog\u00eda LED tambi\u00e9n permite que las luces se enciendan m\u00e1s r\u00e1pidamente, una caracter\u00edstica ideal para el sistema de luces altas autom\u00e1ticas.<\/p>\n\n\n\n<h5 class=\"wp-block-heading\"><strong>Tecnolog\u00eda y conectividad: todo al alcance de tu mano<\/strong><\/h5>\n\n\n\n<p>El SUV Pulse llega al mercado con una amplia gama de tecnolog\u00edas y conectividad para ofrecer mayor confort, seguridad y comodidad a todos a todos los ocupantes.<\/p>\n\n\n\n<p>Todo comienza con el sistema multimedia Uconnect, un elemento esencial para el consumidor de Pulse. Cuenta con una pantalla flotante t\u00e1ctil de 10,1 pulgadas. Ambos ofrecen conectividad Android Auto y Apple CarPlay wireless.<\/p>\n\n\n\n<h5 class=\"wp-block-heading\">Servicios anticipados incluidos<\/h5>\n\n\n\n<p>El nuevo Fiat Pulse incluye 2 paquetes de servicios anticipados MOPAR, el correspondiente a los 10.000km y el otro para los 20.000 km para mayor comodidad del cliente.<\/p>\n\n\n\n<h5 class=\"wp-block-heading\"><strong>Garant\u00eda<\/strong><\/h5>\n\n\n\n<p>La garant\u00eda del nuevo SUV de Fiat es de 3 a\u00f1os o 100.000 km lo que ocurra primero.<\/p>\n\n\n\n<h5 class=\"wp-block-heading\"><strong>Precio<\/strong><\/h5>\n\n\n\n<p>El precio sugerido al p\u00fablico es de:<\/p>\n\n\n\n<p>Drive 1.3L MT: $3.310.000<br>Drive 1.3L CVT: $3.510.000<br>Impetus 1.0L CVT: $3.705.000<\/p>\n\n\n\n<p><em>Fuente: prensa Stellantis Argentina<\/em><\/p>\n","protected":false},"excerpt":{"rendered":"<p>Fiat, una marca de Stellantis, lanza al mercado argentino el Pulse, su primer SUV desarrollado regionalmente y que llega para<\/p>\n","protected":false},"author":3,"featured_media":5719,"comment_status":"open","ping_status":"open","sticky":false,"template":"","format":"standard","meta":{"colormag_page_container_layout":"default_layout","colormag_page_sidebar_layout":"default_layout","footnotes":""},"categories":[6,5],"tags":[41,32,291,35],"class_list":["post-5717","post","type-post","status-publish","format-standard","has-post-thumbnail","hentry","category-newsflash","category-latest-news","tag-fiat","tag-industria-automotriz","tag-lanzamientos","tag-republica-argentina"],"yoast_head":"<!-- This site is optimized with the Yoast SEO plugin v27.4 - https:\/\/yoast.com\/product\/yoast-seo-wordpress\/ -->\n<title>Autos del Podio | Fiat present\u00f3 el Pulse<\/title>\n<meta name=\"description\" content=\"Autos del Podio La marca italiana de Stellantis lanza su nuevo SUV m\u00e1s moderno, seguro y tecnol\u00f3gico de su categor\u00eda.\" \/>\n<meta name=\"robots\" content=\"index, follow, max-snippet:-1, max-image-preview:large, max-video-preview:-1\" \/>\n<link rel=\"canonical\" href=\"http:\/\/autosdelpodio.com\/autos\/fiat-presento-el-pulse\/\" \/>\n<meta property=\"og:locale\" content=\"es_ES\" \/>\n<meta property=\"og:type\" content=\"article\" \/>\n<meta property=\"og:title\" content=\"Autos del Podio | Fiat present\u00f3 el Pulse\" \/>\n<meta property=\"og:description\" content=\"Autos del Podio La marca italiana de Stellantis lanza su nuevo SUV m\u00e1s moderno, seguro y tecnol\u00f3gico de su categor\u00eda.\" \/>\n<meta property=\"og:url\" content=\"http:\/\/autosdelpodio.com\/autos\/fiat-presento-el-pulse\/\" \/>\n<meta property=\"og:site_name\" content=\"Autos del Podio\" \/>\n<meta property=\"article:publisher\" content=\"https:\/\/www.facebook.com\/profile.php?id=100057192590976&amp;amp%3bamp%3bamp%3bamp%3bamp%3bamp%3bamp%3bamp%3bamp%3bamp%3bamp%3bamp%3bamp%3bamp%3bamp%3bamp%3bamp%3bamp%3bref=ts\" \/>\n<meta property=\"article:published_time\" content=\"2022-04-30T22:01:47+00:00\" \/>\n<meta property=\"article:modified_time\" content=\"2022-04-30T22:01:48+00:00\" \/>\n<meta property=\"og:image\" content=\"http:\/\/autosdelpodio.com\/autos\/wp-content\/uploads\/2022\/04\/Fiat_Pulse_2022.jpg\" \/>\n\t<meta property=\"og:image:width\" content=\"500\" \/>\n\t<meta property=\"og:image:height\" content=\"300\" \/>\n\t<meta property=\"og:image:type\" content=\"image\/jpeg\" \/>\n<meta name=\"author\" content=\"autosdelpodio\" \/>\n<meta name=\"twitter:card\" content=\"summary_large_image\" \/>\n<meta name=\"twitter:creator\" content=\"@autosdelpodio\" \/>\n<meta name=\"twitter:site\" content=\"@autosdelpodio\" \/>\n<meta name=\"twitter:label1\" content=\"Escrito por\" \/>\n\t<meta name=\"twitter:data1\" content=\"autosdelpodio\" \/>\n\t<meta name=\"twitter:label2\" content=\"Tiempo de lectura\" \/>\n\t<meta name=\"twitter:data2\" content=\"3 minutos\" \/>\n<script type=\"application\/ld+json\" class=\"yoast-schema-graph\">{\"@context\":\"https:\\\/\\\/schema.org\",\"@graph\":[{\"@type\":\"Article\",\"@id\":\"http:\\\/\\\/autosdelpodio.com\\\/autos\\\/fiat-presento-el-pulse\\\/#article\",\"isPartOf\":{\"@id\":\"http:\\\/\\\/autosdelpodio.com\\\/autos\\\/fiat-presento-el-pulse\\\/\"},\"author\":{\"name\":\"autosdelpodio\",\"@id\":\"http:\\\/\\\/autosdelpodio.com\\\/autos\\\/#\\\/schema\\\/person\\\/993527a4d01c3acdd3d6bce3770bc942\"},\"headline\":\"Fiat present\u00f3 el Pulse\",\"datePublished\":\"2022-04-30T22:01:47+00:00\",\"dateModified\":\"2022-04-30T22:01:48+00:00\",\"mainEntityOfPage\":{\"@id\":\"http:\\\/\\\/autosdelpodio.com\\\/autos\\\/fiat-presento-el-pulse\\\/\"},\"wordCount\":521,\"commentCount\":0,\"publisher\":{\"@id\":\"http:\\\/\\\/autosdelpodio.com\\\/autos\\\/#organization\"},\"image\":{\"@id\":\"http:\\\/\\\/autosdelpodio.com\\\/autos\\\/fiat-presento-el-pulse\\\/#primaryimage\"},\"thumbnailUrl\":\"http:\\\/\\\/autosdelpodio.com\\\/autos\\\/wp-content\\\/uploads\\\/2022\\\/04\\\/Fiat_Pulse_2022.jpg\",\"keywords\":[\"Fiat\",\"Industria Automotriz\",\"Lanzamientos\",\"Republica Argentina\"],\"articleSection\":[\"Destacado\",\"\u00daltimas noticias\"],\"inLanguage\":\"es\",\"potentialAction\":[{\"@type\":\"CommentAction\",\"name\":\"Comment\",\"target\":[\"http:\\\/\\\/autosdelpodio.com\\\/autos\\\/fiat-presento-el-pulse\\\/#respond\"]}]},{\"@type\":\"WebPage\",\"@id\":\"http:\\\/\\\/autosdelpodio.com\\\/autos\\\/fiat-presento-el-pulse\\\/\",\"url\":\"http:\\\/\\\/autosdelpodio.com\\\/autos\\\/fiat-presento-el-pulse\\\/\",\"name\":\"Autos del Podio | Fiat present\u00f3 el Pulse\",\"isPartOf\":{\"@id\":\"http:\\\/\\\/autosdelpodio.com\\\/autos\\\/#website\"},\"primaryImageOfPage\":{\"@id\":\"http:\\\/\\\/autosdelpodio.com\\\/autos\\\/fiat-presento-el-pulse\\\/#primaryimage\"},\"image\":{\"@id\":\"http:\\\/\\\/autosdelpodio.com\\\/autos\\\/fiat-presento-el-pulse\\\/#primaryimage\"},\"thumbnailUrl\":\"http:\\\/\\\/autosdelpodio.com\\\/autos\\\/wp-content\\\/uploads\\\/2022\\\/04\\\/Fiat_Pulse_2022.jpg\",\"datePublished\":\"2022-04-30T22:01:47+00:00\",\"dateModified\":\"2022-04-30T22:01:48+00:00\",\"description\":\"Autos del Podio La marca italiana de Stellantis lanza su nuevo SUV m\u00e1s moderno, seguro y tecnol\u00f3gico de su categor\u00eda.\",\"breadcrumb\":{\"@id\":\"http:\\\/\\\/autosdelpodio.com\\\/autos\\\/fiat-presento-el-pulse\\\/#breadcrumb\"},\"inLanguage\":\"es\",\"potentialAction\":[{\"@type\":\"ReadAction\",\"target\":[\"http:\\\/\\\/autosdelpodio.com\\\/autos\\\/fiat-presento-el-pulse\\\/\"]}]},{\"@type\":\"ImageObject\",\"inLanguage\":\"es\",\"@id\":\"http:\\\/\\\/autosdelpodio.com\\\/autos\\\/fiat-presento-el-pulse\\\/#primaryimage\",\"url\":\"http:\\\/\\\/autosdelpodio.com\\\/autos\\\/wp-content\\\/uploads\\\/2022\\\/04\\\/Fiat_Pulse_2022.jpg\",\"contentUrl\":\"http:\\\/\\\/autosdelpodio.com\\\/autos\\\/wp-content\\\/uploads\\\/2022\\\/04\\\/Fiat_Pulse_2022.jpg\",\"width\":500,\"height\":300},{\"@type\":\"BreadcrumbList\",\"@id\":\"http:\\\/\\\/autosdelpodio.com\\\/autos\\\/fiat-presento-el-pulse\\\/#breadcrumb\",\"itemListElement\":[{\"@type\":\"ListItem\",\"position\":1,\"name\":\"Portada\",\"item\":\"http:\\\/\\\/autosdelpodio.com\\\/autos\\\/\"},{\"@type\":\"ListItem\",\"position\":2,\"name\":\"Fiat present\u00f3 el Pulse\"}]},{\"@type\":\"WebSite\",\"@id\":\"http:\\\/\\\/autosdelpodio.com\\\/autos\\\/#website\",\"url\":\"http:\\\/\\\/autosdelpodio.com\\\/autos\\\/\",\"name\":\"Autos del Podio\",\"description\":\"La sexta del deporte motor\",\"publisher\":{\"@id\":\"http:\\\/\\\/autosdelpodio.com\\\/autos\\\/#organization\"},\"potentialAction\":[{\"@type\":\"SearchAction\",\"target\":{\"@type\":\"EntryPoint\",\"urlTemplate\":\"http:\\\/\\\/autosdelpodio.com\\\/autos\\\/?s={search_term_string}\"},\"query-input\":{\"@type\":\"PropertyValueSpecification\",\"valueRequired\":true,\"valueName\":\"search_term_string\"}}],\"inLanguage\":\"es\"},{\"@type\":\"Organization\",\"@id\":\"http:\\\/\\\/autosdelpodio.com\\\/autos\\\/#organization\",\"name\":\"Autos del Podio\",\"url\":\"http:\\\/\\\/autosdelpodio.com\\\/autos\\\/\",\"logo\":{\"@type\":\"ImageObject\",\"inLanguage\":\"es\",\"@id\":\"http:\\\/\\\/autosdelpodio.com\\\/autos\\\/#\\\/schema\\\/logo\\\/image\\\/\",\"url\":\"http:\\\/\\\/autosdelpodio.com\\\/autos\\\/wp-content\\\/uploads\\\/2020\\\/08\\\/Logo_AR.jpg\",\"contentUrl\":\"http:\\\/\\\/autosdelpodio.com\\\/autos\\\/wp-content\\\/uploads\\\/2020\\\/08\\\/Logo_AR.jpg\",\"width\":1038,\"height\":1044,\"caption\":\"Autos del Podio\"},\"image\":{\"@id\":\"http:\\\/\\\/autosdelpodio.com\\\/autos\\\/#\\\/schema\\\/logo\\\/image\\\/\"},\"sameAs\":[\"https:\\\/\\\/www.facebook.com\\\/profile.php?id=100057192590976&amp;amp;amp;amp;amp;amp;amp;amp;amp;amp;amp;amp;amp;amp;amp;amp;amp;amp;ref=ts\",\"https:\\\/\\\/x.com\\\/autosdelpodio\",\"https:\\\/\\\/www.youtube.com\\\/user\\\/AutosdelPodio\"]},{\"@type\":\"Person\",\"@id\":\"http:\\\/\\\/autosdelpodio.com\\\/autos\\\/#\\\/schema\\\/person\\\/993527a4d01c3acdd3d6bce3770bc942\",\"name\":\"autosdelpodio\",\"image\":{\"@type\":\"ImageObject\",\"inLanguage\":\"es\",\"@id\":\"http:\\\/\\\/autosdelpodio.com\\\/autos\\\/wp-content\\\/litespeed\\\/avatar\\\/aa8f65cd201a80f6b844f63278aa84af.jpg?ver=1776798175\",\"url\":\"http:\\\/\\\/autosdelpodio.com\\\/autos\\\/wp-content\\\/litespeed\\\/avatar\\\/aa8f65cd201a80f6b844f63278aa84af.jpg?ver=1776798175\",\"contentUrl\":\"http:\\\/\\\/autosdelpodio.com\\\/autos\\\/wp-content\\\/litespeed\\\/avatar\\\/aa8f65cd201a80f6b844f63278aa84af.jpg?ver=1776798175\",\"caption\":\"autosdelpodio\"}}]}<\/script>\n<!-- \/ Yoast SEO plugin. -->","yoast_head_json":{"title":"Autos del Podio | Fiat present\u00f3 el Pulse","description":"Autos del Podio La marca italiana de Stellantis lanza su nuevo SUV m\u00e1s moderno, seguro y tecnol\u00f3gico de su categor\u00eda.","robots":{"index":"index","follow":"follow","max-snippet":"max-snippet:-1","max-image-preview":"max-image-preview:large","max-video-preview":"max-video-preview:-1"},"canonical":"http:\/\/autosdelpodio.com\/autos\/fiat-presento-el-pulse\/","og_locale":"es_ES","og_type":"article","og_title":"Autos del Podio | Fiat present\u00f3 el Pulse","og_description":"Autos del Podio La marca italiana de Stellantis lanza su nuevo SUV m\u00e1s moderno, seguro y tecnol\u00f3gico de su categor\u00eda.","og_url":"http:\/\/autosdelpodio.com\/autos\/fiat-presento-el-pulse\/","og_site_name":"Autos del Podio","article_publisher":"https:\/\/www.facebook.com\/profile.php?id=100057192590976&amp%3bamp%3bamp%3bamp%3bamp%3bamp%3bamp%3bamp%3bamp%3bamp%3bamp%3bamp%3bamp%3bamp%3bamp%3bamp%3bamp%3bamp%3bref=ts","article_published_time":"2022-04-30T22:01:47+00:00","article_modified_time":"2022-04-30T22:01:48+00:00","og_image":[{"width":500,"height":300,"url":"http:\/\/autosdelpodio.com\/autos\/wp-content\/uploads\/2022\/04\/Fiat_Pulse_2022.jpg","type":"image\/jpeg"}],"author":"autosdelpodio","twitter_card":"summary_large_image","twitter_creator":"@autosdelpodio","twitter_site":"@autosdelpodio","twitter_misc":{"Escrito por":"autosdelpodio","Tiempo de lectura":"3 minutos"},"schema":{"@context":"https:\/\/schema.org","@graph":[{"@type":"Article","@id":"http:\/\/autosdelpodio.com\/autos\/fiat-presento-el-pulse\/#article","isPartOf":{"@id":"http:\/\/autosdelpodio.com\/autos\/fiat-presento-el-pulse\/"},"author":{"name":"autosdelpodio","@id":"http:\/\/autosdelpodio.com\/autos\/#\/schema\/person\/993527a4d01c3acdd3d6bce3770bc942"},"headline":"Fiat present\u00f3 el Pulse","datePublished":"2022-04-30T22:01:47+00:00","dateModified":"2022-04-30T22:01:48+00:00","mainEntityOfPage":{"@id":"http:\/\/autosdelpodio.com\/autos\/fiat-presento-el-pulse\/"},"wordCount":521,"commentCount":0,"publisher":{"@id":"http:\/\/autosdelpodio.com\/autos\/#organization"},"image":{"@id":"http:\/\/autosdelpodio.com\/autos\/fiat-presento-el-pulse\/#primaryimage"},"thumbnailUrl":"http:\/\/autosdelpodio.com\/autos\/wp-content\/uploads\/2022\/04\/Fiat_Pulse_2022.jpg","keywords":["Fiat","Industria Automotriz","Lanzamientos","Republica Argentina"],"articleSection":["Destacado","\u00daltimas noticias"],"inLanguage":"es","potentialAction":[{"@type":"CommentAction","name":"Comment","target":["http:\/\/autosdelpodio.com\/autos\/fiat-presento-el-pulse\/#respond"]}]},{"@type":"WebPage","@id":"http:\/\/autosdelpodio.com\/autos\/fiat-presento-el-pulse\/","url":"http:\/\/autosdelpodio.com\/autos\/fiat-presento-el-pulse\/","name":"Autos del Podio | Fiat present\u00f3 el Pulse","isPartOf":{"@id":"http:\/\/autosdelpodio.com\/autos\/#website"},"primaryImageOfPage":{"@id":"http:\/\/autosdelpodio.com\/autos\/fiat-presento-el-pulse\/#primaryimage"},"image":{"@id":"http:\/\/autosdelpodio.com\/autos\/fiat-presento-el-pulse\/#primaryimage"},"thumbnailUrl":"http:\/\/autosdelpodio.com\/autos\/wp-content\/uploads\/2022\/04\/Fiat_Pulse_2022.jpg","datePublished":"2022-04-30T22:01:47+00:00","dateModified":"2022-04-30T22:01:48+00:00","description":"Autos del Podio La marca italiana de Stellantis lanza su nuevo SUV m\u00e1s moderno, seguro y tecnol\u00f3gico de su categor\u00eda.","breadcrumb":{"@id":"http:\/\/autosdelpodio.com\/autos\/fiat-presento-el-pulse\/#breadcrumb"},"inLanguage":"es","potentialAction":[{"@type":"ReadAction","target":["http:\/\/autosdelpodio.com\/autos\/fiat-presento-el-pulse\/"]}]},{"@type":"ImageObject","inLanguage":"es","@id":"http:\/\/autosdelpodio.com\/autos\/fiat-presento-el-pulse\/#primaryimage","url":"http:\/\/autosdelpodio.com\/autos\/wp-content\/uploads\/2022\/04\/Fiat_Pulse_2022.jpg","contentUrl":"http:\/\/autosdelpodio.com\/autos\/wp-content\/uploads\/2022\/04\/Fiat_Pulse_2022.jpg","width":500,"height":300},{"@type":"BreadcrumbList","@id":"http:\/\/autosdelpodio.com\/autos\/fiat-presento-el-pulse\/#breadcrumb","itemListElement":[{"@type":"ListItem","position":1,"name":"Portada","item":"http:\/\/autosdelpodio.com\/autos\/"},{"@type":"ListItem","position":2,"name":"Fiat present\u00f3 el Pulse"}]},{"@type":"WebSite","@id":"http:\/\/autosdelpodio.com\/autos\/#website","url":"http:\/\/autosdelpodio.com\/autos\/","name":"Autos del Podio","description":"La sexta del deporte motor","publisher":{"@id":"http:\/\/autosdelpodio.com\/autos\/#organization"},"potentialAction":[{"@type":"SearchAction","target":{"@type":"EntryPoint","urlTemplate":"http:\/\/autosdelpodio.com\/autos\/?s={search_term_string}"},"query-input":{"@type":"PropertyValueSpecification","valueRequired":true,"valueName":"search_term_string"}}],"inLanguage":"es"},{"@type":"Organization","@id":"http:\/\/autosdelpodio.com\/autos\/#organization","name":"Autos del Podio","url":"http:\/\/autosdelpodio.com\/autos\/","logo":{"@type":"ImageObject","inLanguage":"es","@id":"http:\/\/autosdelpodio.com\/autos\/#\/schema\/logo\/image\/","url":"http:\/\/autosdelpodio.com\/autos\/wp-content\/uploads\/2020\/08\/Logo_AR.jpg","contentUrl":"http:\/\/autosdelpodio.com\/autos\/wp-content\/uploads\/2020\/08\/Logo_AR.jpg","width":1038,"height":1044,"caption":"Autos del Podio"},"image":{"@id":"http:\/\/autosdelpodio.com\/autos\/#\/schema\/logo\/image\/"},"sameAs":["https:\/\/www.facebook.com\/profile.php?id=100057192590976&amp;amp;amp;amp;amp;amp;amp;amp;amp;amp;amp;amp;amp;amp;amp;amp;amp;amp;ref=ts","https:\/\/x.com\/autosdelpodio","https:\/\/www.youtube.com\/user\/AutosdelPodio"]},{"@type":"Person","@id":"http:\/\/autosdelpodio.com\/autos\/#\/schema\/person\/993527a4d01c3acdd3d6bce3770bc942","name":"autosdelpodio","image":{"@type":"ImageObject","inLanguage":"es","@id":"http:\/\/autosdelpodio.com\/autos\/wp-content\/litespeed\/avatar\/aa8f65cd201a80f6b844f63278aa84af.jpg?ver=1776798175","url":"http:\/\/autosdelpodio.com\/autos\/wp-content\/litespeed\/avatar\/aa8f65cd201a80f6b844f63278aa84af.jpg?ver=1776798175","contentUrl":"http:\/\/autosdelpodio.com\/autos\/wp-content\/litespeed\/avatar\/aa8f65cd201a80f6b844f63278aa84af.jpg?ver=1776798175","caption":"autosdelpodio"}}]}},"views":595,"_links":{"self":[{"href":"http:\/\/autosdelpodio.com\/autos\/wp-json\/wp\/v2\/posts\/5717","targetHints":{"allow":["GET"]}}],"collection":[{"href":"http:\/\/autosdelpodio.com\/autos\/wp-json\/wp\/v2\/posts"}],"about":[{"href":"http:\/\/autosdelpodio.com\/autos\/wp-json\/wp\/v2\/types\/post"}],"author":[{"embeddable":true,"href":"http:\/\/autosdelpodio.com\/autos\/wp-json\/wp\/v2\/users\/3"}],"replies":[{"embeddable":true,"href":"http:\/\/autosdelpodio.com\/autos\/wp-json\/wp\/v2\/comments?post=5717"}],"version-history":[{"count":1,"href":"http:\/\/autosdelpodio.com\/autos\/wp-json\/wp\/v2\/posts\/5717\/revisions"}],"predecessor-version":[{"id":5718,"href":"http:\/\/autosdelpodio.com\/autos\/wp-json\/wp\/v2\/posts\/5717\/revisions\/5718"}],"wp:featuredmedia":[{"embeddable":true,"href":"http:\/\/autosdelpodio.com\/autos\/wp-json\/wp\/v2\/media\/5719"}],"wp:attachment":[{"href":"http:\/\/autosdelpodio.com\/autos\/wp-json\/wp\/v2\/media?parent=5717"}],"wp:term":[{"taxonomy":"category","embeddable":true,"href":"http:\/\/autosdelpodio.com\/autos\/wp-json\/wp\/v2\/categories?post=5717"},{"taxonomy":"post_tag","embeddable":true,"href":"http:\/\/autosdelpodio.com\/autos\/wp-json\/wp\/v2\/tags?post=5717"}],"curies":[{"name":"wp","href":"https:\/\/api.w.org\/{rel}","templated":true}]}}