{"id":5764,"date":"2022-05-08T21:11:10","date_gmt":"2022-05-09T00:11:10","guid":{"rendered":"http:\/\/autosdelpodio.com\/autos\/?p=5764"},"modified":"2022-05-08T21:13:12","modified_gmt":"2022-05-09T00:13:12","slug":"santiago-querido","status":"publish","type":"post","link":"http:\/\/autosdelpodio.com\/autos\/santiago-querido\/","title":{"rendered":"Santiago querido"},"content":{"rendered":"\n<p>En lo que signific\u00f3 el regreso del Turismo Carretera a Termas de Rio Hondo, Santiago Mangoni impuso condiciones y trep\u00f3 a la punta del campeonato. Christian Ledesma, tambi\u00e9n con Chevrolet fue segundo y Mat\u00edas Rossi fue tercero con el Toyota.<br>El equipo JP Carrera es sin dudas la referencia en la categor\u00eda, ya que tiene al balcarce\u00f1o Mangoni como nuevo l\u00edder con 182.5 puntos, escoltado por su compa\u00f1ero Agust\u00edn Canapino con 178.5 y por Germ\u00e1n Todino con 170.5.<br>La pr\u00f3xima fecha ser\u00e1 el 29 de mayo en el Autodromo de Rafaela, provincia de Santa Fe.<\/p>\n\n\n\n<p><strong>Final TC a 25 Vueltas &#8211; Fecha 5<br><\/strong><em>1 28 MANGONI SANTIAGO CHEVROLET 25 45;59.568<br>2 11 LEDESMA CHRISTIAN CHEVROLET 25 46;01.598 2.030<br>3 317 ROSSI MAT\u00cdAS TOYOTA 25 46;06.870 7.302<br>4 3 CANAPINO AGUST\u00cdN CHEVROLET 25 46;07.948 8.380<br>5 10 CASTELLANO JONATAN DODGE 25 46;09.407 9.839<br>6 15 MAZZACANE GAST\u00d3N CHEVROLET 25 46;10.239 10.671<br>7 20 CIANTINI DIEGO DODGE 25 46;12.002 12.434<br>8 231 URCERA JOS\u00c9<\/em> <em>MANUEL DODGE 25 46;17.606 18.038<br>9 1 WERNER MARIANO FORD 25 46;19.106 19.538<br>10 68 SANTERO JULI\u00c1N FORD 25 46;23.044 23.476<br>11 23 BONELLI NICOL\u00c1S FORD 25 46;24.468 24.900<br>12 2 LAMBIRIS MAURICIO FORD 25 46;28.284 28.716<br>13 177 LONDERO AYRTON TORINO 25 46;28.994 29.426<br>14 14 GINI ESTEBAN TORINO 25 46;29.330 29.762<br>15 157 DE BENEDICTIS JUAN B. FORD 25 46;29.917 30.349<br>16 7 PERN\u00cdA LEONEL TORINO 25 46;31.290 31.722<br>17 56 TODINO GERM\u00c1N TORINO 25 46;35.330 35.762<br>18 96 BENVENUTI JUAN CRUZ TORINO 25 46;35.860 36.292<br>19 129 TROSSET NICOL\u00c1S FORD 25 46;37.474 37.906<br>20 83 ARDUSSO FACUNDO CHEVROLET 25 46;38.936 39.368<br>21 4 GIANINI JUAN PABLO FORD 25 46;40.055 40.487<br>22 87 TRUCCO JUAN MART\u00cdN DODGE 2<\/em>5 46;43.877 44.309<br><em>23 25 EBARL\u00cdN JUAN JOS\u00c9 CHEVROLET 25 46;46.187 46.619<br>24 38 COSTANZO PABLO TORINO 25 46;46.554 46.986<br>25 133 AGUIRRE VALENT\u00cdN FORD 25 46;50.696 51.128<br>26 19 MORIATIS EMANUEL FORD 25 46;51.726 52.158<br>27 75 ALAUX SERGIO CHEVROLET 25 46;52.715 53.147<br>28 95 LANDA MARCOS TORINO 25 46;53.666 54.098<br>29 101 UGALDE LIONEL TORINO 25 46;54.293 54.725<br>30 5 DI PALMA LUIS JOS\u00c9 FORD 25 46;57.914 58.346<br>31 31 FONTANA NORBERTO CHEVROLET 25 46;59.472 59.904<br>32 99 BRUNO JUAN MART\u00cdN TORINO 25 47;01.819 1;02.251<br>33 229 PONCE DE LE\u00d3N GABRIEL FORD 25 47;07.963 1;08.395<br>34 111 IRIBARNE FEDERICO DODGE 25 47;11.427 1;11.859<br>35 103 RAMOS CHRISTIAN IV\u00c1N DODGE 25 47;22.823 1;23.255<br>36 115 DE CARLO DIEGO CHEVROLET 25 47;32.774 1;33.206<br>37 44 DELLA MOTTA FACUNDO DODGE 20 37;42.638 5 VTAS<br>38 116 RUGGIERO ALAN TORINO 19 36;00.112 6 VTAS<br>39 88 PONTE MART\u00cdN CHEVROLET 19 36;12.140 6 VTAS<br>40 9 AGRELO MARCELO TORINO 18 33;48.260 7 VTAS<br>41 72 SERRANO MART\u00cdN CHEVROLET 18 33;54.077 7 VTAS<br>42 161 CANDELA KEVIN FORD 14 26;39.898 11 VTAS<br>43 117 SPATARO EMILIANO TORINO 13 27;26.505 12 VTAS<br>44 122 JAKOS ANDR\u00c9S TOYOTA 8 14;46.403 17 VTAS<br>45 53 CATAL\u00c1N MAGNI JUAN TOM\u00c1S FORD 8 14;54.226 17 VTAS<br>46 77 CARINELLI AUGUSTO DODGE 4 08;34.949 21 VTAS<br>PROMEDIO: 156,677 Km\/h<br>RECORD DE VUELTA: Nro 28 (MANGONI) Vta 2 en 1:49.024 a 158,629 Km\/h<br>APERCIBIDO: NRO 95 (LANDA) POR TOQUE AL NRO 44 (DELLA MOTTA)<\/em><\/p>\n","protected":false},"excerpt":{"rendered":"<p>En lo que signific\u00f3 el regreso del Turismo Carretera a Termas de Rio Hondo, Santiago Mangoni impuso condiciones y trep\u00f3<\/p>\n","protected":false},"author":3,"featured_media":920,"comment_status":"open","ping_status":"open","sticky":false,"template":"","format":"standard","meta":{"colormag_page_container_layout":"default_layout","colormag_page_sidebar_layout":"default_layout","footnotes":""},"categories":[6,5],"tags":[191,37,160,674,39],"class_list":["post-5764","post","type-post","status-publish","format-standard","has-post-thumbnail","hentry","category-newsflash","category-latest-news","tag-autodromo-termas","tag-chevrolet","tag-santiago-del-estero","tag-santiago-mangoni","tag-turismo-carretera"],"yoast_head":"<!-- This site is optimized with the Yoast SEO plugin v27.4 - https:\/\/yoast.com\/product\/yoast-seo-wordpress\/ -->\n<title>Autos del Podio | Santiago querido<\/title>\n<meta name=\"description\" content=\"Autos del Podio Santiago Mangoni logr\u00f3 su segunda victoria dentro del TC\" \/>\n<meta name=\"robots\" content=\"index, follow, max-snippet:-1, max-image-preview:large, max-video-preview:-1\" \/>\n<link rel=\"canonical\" href=\"http:\/\/autosdelpodio.com\/autos\/santiago-querido\/\" \/>\n<meta property=\"og:locale\" content=\"es_ES\" \/>\n<meta property=\"og:type\" content=\"article\" \/>\n<meta property=\"og:title\" content=\"Autos del Podio | Santiago querido\" \/>\n<meta property=\"og:description\" content=\"Autos del Podio Santiago Mangoni logr\u00f3 su segunda victoria dentro del TC\" \/>\n<meta property=\"og:url\" content=\"http:\/\/autosdelpodio.com\/autos\/santiago-querido\/\" \/>\n<meta property=\"og:site_name\" content=\"Autos del Podio\" \/>\n<meta property=\"article:publisher\" content=\"https:\/\/www.facebook.com\/profile.php?id=100057192590976&amp;amp%3bamp%3bamp%3bamp%3bamp%3bamp%3bamp%3bamp%3bamp%3bamp%3bamp%3bamp%3bamp%3bamp%3bamp%3bamp%3bamp%3bamp%3bref=ts\" \/>\n<meta property=\"article:published_time\" content=\"2022-05-09T00:11:10+00:00\" \/>\n<meta property=\"article:modified_time\" content=\"2022-05-09T00:13:12+00:00\" \/>\n<meta property=\"og:image\" content=\"http:\/\/autosdelpodio.com\/autos\/wp-content\/uploads\/2014\/01\/chevrolet_logo-e1626033178135.jpg\" \/>\n\t<meta property=\"og:image:width\" content=\"500\" \/>\n\t<meta property=\"og:image:height\" content=\"255\" \/>\n\t<meta property=\"og:image:type\" content=\"image\/jpeg\" \/>\n<meta name=\"author\" content=\"autosdelpodio\" \/>\n<meta name=\"twitter:card\" content=\"summary_large_image\" \/>\n<meta name=\"twitter:creator\" content=\"@autosdelpodio\" \/>\n<meta name=\"twitter:site\" content=\"@autosdelpodio\" \/>\n<meta name=\"twitter:label1\" content=\"Escrito por\" \/>\n\t<meta name=\"twitter:data1\" content=\"autosdelpodio\" \/>\n\t<meta name=\"twitter:label2\" content=\"Tiempo de lectura\" \/>\n\t<meta name=\"twitter:data2\" content=\"3 minutos\" \/>\n<script type=\"application\/ld+json\" class=\"yoast-schema-graph\">{\"@context\":\"https:\\\/\\\/schema.org\",\"@graph\":[{\"@type\":\"Article\",\"@id\":\"http:\\\/\\\/autosdelpodio.com\\\/autos\\\/santiago-querido\\\/#article\",\"isPartOf\":{\"@id\":\"http:\\\/\\\/autosdelpodio.com\\\/autos\\\/santiago-querido\\\/\"},\"author\":{\"name\":\"autosdelpodio\",\"@id\":\"http:\\\/\\\/autosdelpodio.com\\\/autos\\\/#\\\/schema\\\/person\\\/993527a4d01c3acdd3d6bce3770bc942\"},\"headline\":\"Santiago querido\",\"datePublished\":\"2022-05-09T00:11:10+00:00\",\"dateModified\":\"2022-05-09T00:13:12+00:00\",\"mainEntityOfPage\":{\"@id\":\"http:\\\/\\\/autosdelpodio.com\\\/autos\\\/santiago-querido\\\/\"},\"wordCount\":311,\"commentCount\":0,\"publisher\":{\"@id\":\"http:\\\/\\\/autosdelpodio.com\\\/autos\\\/#organization\"},\"image\":{\"@id\":\"http:\\\/\\\/autosdelpodio.com\\\/autos\\\/santiago-querido\\\/#primaryimage\"},\"thumbnailUrl\":\"http:\\\/\\\/autosdelpodio.com\\\/autos\\\/wp-content\\\/uploads\\\/2014\\\/01\\\/chevrolet_logo-e1626033178135.jpg\",\"keywords\":[\"Autodromo Termas\",\"Chevrolet\",\"Santiago del Estero\",\"Santiago Mangoni\",\"Turismo Carretera\"],\"articleSection\":[\"Destacado\",\"\u00daltimas noticias\"],\"inLanguage\":\"es\",\"potentialAction\":[{\"@type\":\"CommentAction\",\"name\":\"Comment\",\"target\":[\"http:\\\/\\\/autosdelpodio.com\\\/autos\\\/santiago-querido\\\/#respond\"]}]},{\"@type\":\"WebPage\",\"@id\":\"http:\\\/\\\/autosdelpodio.com\\\/autos\\\/santiago-querido\\\/\",\"url\":\"http:\\\/\\\/autosdelpodio.com\\\/autos\\\/santiago-querido\\\/\",\"name\":\"Autos del Podio | Santiago querido\",\"isPartOf\":{\"@id\":\"http:\\\/\\\/autosdelpodio.com\\\/autos\\\/#website\"},\"primaryImageOfPage\":{\"@id\":\"http:\\\/\\\/autosdelpodio.com\\\/autos\\\/santiago-querido\\\/#primaryimage\"},\"image\":{\"@id\":\"http:\\\/\\\/autosdelpodio.com\\\/autos\\\/santiago-querido\\\/#primaryimage\"},\"thumbnailUrl\":\"http:\\\/\\\/autosdelpodio.com\\\/autos\\\/wp-content\\\/uploads\\\/2014\\\/01\\\/chevrolet_logo-e1626033178135.jpg\",\"datePublished\":\"2022-05-09T00:11:10+00:00\",\"dateModified\":\"2022-05-09T00:13:12+00:00\",\"description\":\"Autos del Podio Santiago Mangoni logr\u00f3 su segunda victoria dentro del TC\",\"breadcrumb\":{\"@id\":\"http:\\\/\\\/autosdelpodio.com\\\/autos\\\/santiago-querido\\\/#breadcrumb\"},\"inLanguage\":\"es\",\"potentialAction\":[{\"@type\":\"ReadAction\",\"target\":[\"http:\\\/\\\/autosdelpodio.com\\\/autos\\\/santiago-querido\\\/\"]}]},{\"@type\":\"ImageObject\",\"inLanguage\":\"es\",\"@id\":\"http:\\\/\\\/autosdelpodio.com\\\/autos\\\/santiago-querido\\\/#primaryimage\",\"url\":\"http:\\\/\\\/autosdelpodio.com\\\/autos\\\/wp-content\\\/uploads\\\/2014\\\/01\\\/chevrolet_logo-e1626033178135.jpg\",\"contentUrl\":\"http:\\\/\\\/autosdelpodio.com\\\/autos\\\/wp-content\\\/uploads\\\/2014\\\/01\\\/chevrolet_logo-e1626033178135.jpg\",\"width\":500,\"height\":255},{\"@type\":\"BreadcrumbList\",\"@id\":\"http:\\\/\\\/autosdelpodio.com\\\/autos\\\/santiago-querido\\\/#breadcrumb\",\"itemListElement\":[{\"@type\":\"ListItem\",\"position\":1,\"name\":\"Portada\",\"item\":\"http:\\\/\\\/autosdelpodio.com\\\/autos\\\/\"},{\"@type\":\"ListItem\",\"position\":2,\"name\":\"Santiago querido\"}]},{\"@type\":\"WebSite\",\"@id\":\"http:\\\/\\\/autosdelpodio.com\\\/autos\\\/#website\",\"url\":\"http:\\\/\\\/autosdelpodio.com\\\/autos\\\/\",\"name\":\"Autos del Podio\",\"description\":\"La sexta del deporte motor\",\"publisher\":{\"@id\":\"http:\\\/\\\/autosdelpodio.com\\\/autos\\\/#organization\"},\"potentialAction\":[{\"@type\":\"SearchAction\",\"target\":{\"@type\":\"EntryPoint\",\"urlTemplate\":\"http:\\\/\\\/autosdelpodio.com\\\/autos\\\/?s={search_term_string}\"},\"query-input\":{\"@type\":\"PropertyValueSpecification\",\"valueRequired\":true,\"valueName\":\"search_term_string\"}}],\"inLanguage\":\"es\"},{\"@type\":\"Organization\",\"@id\":\"http:\\\/\\\/autosdelpodio.com\\\/autos\\\/#organization\",\"name\":\"Autos del Podio\",\"url\":\"http:\\\/\\\/autosdelpodio.com\\\/autos\\\/\",\"logo\":{\"@type\":\"ImageObject\",\"inLanguage\":\"es\",\"@id\":\"http:\\\/\\\/autosdelpodio.com\\\/autos\\\/#\\\/schema\\\/logo\\\/image\\\/\",\"url\":\"http:\\\/\\\/autosdelpodio.com\\\/autos\\\/wp-content\\\/uploads\\\/2020\\\/08\\\/Logo_AR.jpg\",\"contentUrl\":\"http:\\\/\\\/autosdelpodio.com\\\/autos\\\/wp-content\\\/uploads\\\/2020\\\/08\\\/Logo_AR.jpg\",\"width\":1038,\"height\":1044,\"caption\":\"Autos del Podio\"},\"image\":{\"@id\":\"http:\\\/\\\/autosdelpodio.com\\\/autos\\\/#\\\/schema\\\/logo\\\/image\\\/\"},\"sameAs\":[\"https:\\\/\\\/www.facebook.com\\\/profile.php?id=100057192590976&amp;amp;amp;amp;amp;amp;amp;amp;amp;amp;amp;amp;amp;amp;amp;amp;amp;amp;ref=ts\",\"https:\\\/\\\/x.com\\\/autosdelpodio\",\"https:\\\/\\\/www.youtube.com\\\/user\\\/AutosdelPodio\"]},{\"@type\":\"Person\",\"@id\":\"http:\\\/\\\/autosdelpodio.com\\\/autos\\\/#\\\/schema\\\/person\\\/993527a4d01c3acdd3d6bce3770bc942\",\"name\":\"autosdelpodio\",\"image\":{\"@type\":\"ImageObject\",\"inLanguage\":\"es\",\"@id\":\"http:\\\/\\\/autosdelpodio.com\\\/autos\\\/wp-content\\\/litespeed\\\/avatar\\\/aa8f65cd201a80f6b844f63278aa84af.jpg?ver=1776798175\",\"url\":\"http:\\\/\\\/autosdelpodio.com\\\/autos\\\/wp-content\\\/litespeed\\\/avatar\\\/aa8f65cd201a80f6b844f63278aa84af.jpg?ver=1776798175\",\"contentUrl\":\"http:\\\/\\\/autosdelpodio.com\\\/autos\\\/wp-content\\\/litespeed\\\/avatar\\\/aa8f65cd201a80f6b844f63278aa84af.jpg?ver=1776798175\",\"caption\":\"autosdelpodio\"}}]}<\/script>\n<!-- \/ Yoast SEO plugin. -->","yoast_head_json":{"title":"Autos del Podio | Santiago querido","description":"Autos del Podio Santiago Mangoni logr\u00f3 su segunda victoria dentro del TC","robots":{"index":"index","follow":"follow","max-snippet":"max-snippet:-1","max-image-preview":"max-image-preview:large","max-video-preview":"max-video-preview:-1"},"canonical":"http:\/\/autosdelpodio.com\/autos\/santiago-querido\/","og_locale":"es_ES","og_type":"article","og_title":"Autos del Podio | Santiago querido","og_description":"Autos del Podio Santiago Mangoni logr\u00f3 su segunda victoria dentro del TC","og_url":"http:\/\/autosdelpodio.com\/autos\/santiago-querido\/","og_site_name":"Autos del Podio","article_publisher":"https:\/\/www.facebook.com\/profile.php?id=100057192590976&amp%3bamp%3bamp%3bamp%3bamp%3bamp%3bamp%3bamp%3bamp%3bamp%3bamp%3bamp%3bamp%3bamp%3bamp%3bamp%3bamp%3bamp%3bref=ts","article_published_time":"2022-05-09T00:11:10+00:00","article_modified_time":"2022-05-09T00:13:12+00:00","og_image":[{"width":500,"height":255,"url":"http:\/\/autosdelpodio.com\/autos\/wp-content\/uploads\/2014\/01\/chevrolet_logo-e1626033178135.jpg","type":"image\/jpeg"}],"author":"autosdelpodio","twitter_card":"summary_large_image","twitter_creator":"@autosdelpodio","twitter_site":"@autosdelpodio","twitter_misc":{"Escrito por":"autosdelpodio","Tiempo de lectura":"3 minutos"},"schema":{"@context":"https:\/\/schema.org","@graph":[{"@type":"Article","@id":"http:\/\/autosdelpodio.com\/autos\/santiago-querido\/#article","isPartOf":{"@id":"http:\/\/autosdelpodio.com\/autos\/santiago-querido\/"},"author":{"name":"autosdelpodio","@id":"http:\/\/autosdelpodio.com\/autos\/#\/schema\/person\/993527a4d01c3acdd3d6bce3770bc942"},"headline":"Santiago querido","datePublished":"2022-05-09T00:11:10+00:00","dateModified":"2022-05-09T00:13:12+00:00","mainEntityOfPage":{"@id":"http:\/\/autosdelpodio.com\/autos\/santiago-querido\/"},"wordCount":311,"commentCount":0,"publisher":{"@id":"http:\/\/autosdelpodio.com\/autos\/#organization"},"image":{"@id":"http:\/\/autosdelpodio.com\/autos\/santiago-querido\/#primaryimage"},"thumbnailUrl":"http:\/\/autosdelpodio.com\/autos\/wp-content\/uploads\/2014\/01\/chevrolet_logo-e1626033178135.jpg","keywords":["Autodromo Termas","Chevrolet","Santiago del Estero","Santiago Mangoni","Turismo Carretera"],"articleSection":["Destacado","\u00daltimas noticias"],"inLanguage":"es","potentialAction":[{"@type":"CommentAction","name":"Comment","target":["http:\/\/autosdelpodio.com\/autos\/santiago-querido\/#respond"]}]},{"@type":"WebPage","@id":"http:\/\/autosdelpodio.com\/autos\/santiago-querido\/","url":"http:\/\/autosdelpodio.com\/autos\/santiago-querido\/","name":"Autos del Podio | Santiago querido","isPartOf":{"@id":"http:\/\/autosdelpodio.com\/autos\/#website"},"primaryImageOfPage":{"@id":"http:\/\/autosdelpodio.com\/autos\/santiago-querido\/#primaryimage"},"image":{"@id":"http:\/\/autosdelpodio.com\/autos\/santiago-querido\/#primaryimage"},"thumbnailUrl":"http:\/\/autosdelpodio.com\/autos\/wp-content\/uploads\/2014\/01\/chevrolet_logo-e1626033178135.jpg","datePublished":"2022-05-09T00:11:10+00:00","dateModified":"2022-05-09T00:13:12+00:00","description":"Autos del Podio Santiago Mangoni logr\u00f3 su segunda victoria dentro del TC","breadcrumb":{"@id":"http:\/\/autosdelpodio.com\/autos\/santiago-querido\/#breadcrumb"},"inLanguage":"es","potentialAction":[{"@type":"ReadAction","target":["http:\/\/autosdelpodio.com\/autos\/santiago-querido\/"]}]},{"@type":"ImageObject","inLanguage":"es","@id":"http:\/\/autosdelpodio.com\/autos\/santiago-querido\/#primaryimage","url":"http:\/\/autosdelpodio.com\/autos\/wp-content\/uploads\/2014\/01\/chevrolet_logo-e1626033178135.jpg","contentUrl":"http:\/\/autosdelpodio.com\/autos\/wp-content\/uploads\/2014\/01\/chevrolet_logo-e1626033178135.jpg","width":500,"height":255},{"@type":"BreadcrumbList","@id":"http:\/\/autosdelpodio.com\/autos\/santiago-querido\/#breadcrumb","itemListElement":[{"@type":"ListItem","position":1,"name":"Portada","item":"http:\/\/autosdelpodio.com\/autos\/"},{"@type":"ListItem","position":2,"name":"Santiago querido"}]},{"@type":"WebSite","@id":"http:\/\/autosdelpodio.com\/autos\/#website","url":"http:\/\/autosdelpodio.com\/autos\/","name":"Autos del Podio","description":"La sexta del deporte motor","publisher":{"@id":"http:\/\/autosdelpodio.com\/autos\/#organization"},"potentialAction":[{"@type":"SearchAction","target":{"@type":"EntryPoint","urlTemplate":"http:\/\/autosdelpodio.com\/autos\/?s={search_term_string}"},"query-input":{"@type":"PropertyValueSpecification","valueRequired":true,"valueName":"search_term_string"}}],"inLanguage":"es"},{"@type":"Organization","@id":"http:\/\/autosdelpodio.com\/autos\/#organization","name":"Autos del Podio","url":"http:\/\/autosdelpodio.com\/autos\/","logo":{"@type":"ImageObject","inLanguage":"es","@id":"http:\/\/autosdelpodio.com\/autos\/#\/schema\/logo\/image\/","url":"http:\/\/autosdelpodio.com\/autos\/wp-content\/uploads\/2020\/08\/Logo_AR.jpg","contentUrl":"http:\/\/autosdelpodio.com\/autos\/wp-content\/uploads\/2020\/08\/Logo_AR.jpg","width":1038,"height":1044,"caption":"Autos del Podio"},"image":{"@id":"http:\/\/autosdelpodio.com\/autos\/#\/schema\/logo\/image\/"},"sameAs":["https:\/\/www.facebook.com\/profile.php?id=100057192590976&amp;amp;amp;amp;amp;amp;amp;amp;amp;amp;amp;amp;amp;amp;amp;amp;amp;amp;ref=ts","https:\/\/x.com\/autosdelpodio","https:\/\/www.youtube.com\/user\/AutosdelPodio"]},{"@type":"Person","@id":"http:\/\/autosdelpodio.com\/autos\/#\/schema\/person\/993527a4d01c3acdd3d6bce3770bc942","name":"autosdelpodio","image":{"@type":"ImageObject","inLanguage":"es","@id":"http:\/\/autosdelpodio.com\/autos\/wp-content\/litespeed\/avatar\/aa8f65cd201a80f6b844f63278aa84af.jpg?ver=1776798175","url":"http:\/\/autosdelpodio.com\/autos\/wp-content\/litespeed\/avatar\/aa8f65cd201a80f6b844f63278aa84af.jpg?ver=1776798175","contentUrl":"http:\/\/autosdelpodio.com\/autos\/wp-content\/litespeed\/avatar\/aa8f65cd201a80f6b844f63278aa84af.jpg?ver=1776798175","caption":"autosdelpodio"}}]}},"views":370,"_links":{"self":[{"href":"http:\/\/autosdelpodio.com\/autos\/wp-json\/wp\/v2\/posts\/5764","targetHints":{"allow":["GET"]}}],"collection":[{"href":"http:\/\/autosdelpodio.com\/autos\/wp-json\/wp\/v2\/posts"}],"about":[{"href":"http:\/\/autosdelpodio.com\/autos\/wp-json\/wp\/v2\/types\/post"}],"author":[{"embeddable":true,"href":"http:\/\/autosdelpodio.com\/autos\/wp-json\/wp\/v2\/users\/3"}],"replies":[{"embeddable":true,"href":"http:\/\/autosdelpodio.com\/autos\/wp-json\/wp\/v2\/comments?post=5764"}],"version-history":[{"count":3,"href":"http:\/\/autosdelpodio.com\/autos\/wp-json\/wp\/v2\/posts\/5764\/revisions"}],"predecessor-version":[{"id":5767,"href":"http:\/\/autosdelpodio.com\/autos\/wp-json\/wp\/v2\/posts\/5764\/revisions\/5767"}],"wp:featuredmedia":[{"embeddable":true,"href":"http:\/\/autosdelpodio.com\/autos\/wp-json\/wp\/v2\/media\/920"}],"wp:attachment":[{"href":"http:\/\/autosdelpodio.com\/autos\/wp-json\/wp\/v2\/media?parent=5764"}],"wp:term":[{"taxonomy":"category","embeddable":true,"href":"http:\/\/autosdelpodio.com\/autos\/wp-json\/wp\/v2\/categories?post=5764"},{"taxonomy":"post_tag","embeddable":true,"href":"http:\/\/autosdelpodio.com\/autos\/wp-json\/wp\/v2\/tags?post=5764"}],"curies":[{"name":"wp","href":"https:\/\/api.w.org\/{rel}","templated":true}]}}