{"id":5780,"date":"2022-05-15T14:35:03","date_gmt":"2022-05-15T17:35:03","guid":{"rendered":"http:\/\/autosdelpodio.com\/autos\/?p=5780"},"modified":"2022-05-15T14:35:04","modified_gmt":"2022-05-15T17:35:04","slug":"dos-carreras-dos-ganadores-primerizos","status":"publish","type":"post","link":"http:\/\/autosdelpodio.com\/autos\/dos-carreras-dos-ganadores-primerizos\/","title":{"rendered":"Dos carreras, dos ganadores primerizos"},"content":{"rendered":"\n<p>En el marco del inicio de la \u00abSemana de la Velocidad\u00bb Facundo Aldrighetti y Baltazar Leguizamon se quedaron con las finales del Top Race V6 en el Autodromo Centenario de Neuquen.<br>En la primera competencia, el de R\u00edo Negro pudo capitalizar el retraso del Poleman Josito Di Palma para imponer condiciones desde los primeros giros hasta la bandera a cuadros.<br>En la segunda, Leguizamon abastecido por la excelente estrategia del DM Team, ya que el formato indicaba que hab\u00eda que detenerse en boxes en alguna de las pruebas para recargar combustible, el Director Deportivo Gustavo Tadei decidi\u00f3 que el joven de Capitan Sarmiento Leguizamon lo haga en la carrera inicial y apostar de lleno a la final; situaci\u00f3n que finalmente ocurri\u00f3.<br>Fruto de su doble podio, Marcelo Ciarrocchi se mantiene como l\u00edder con 124 puntos. En tanto que el nuevo segundo es Facundo Aldriguetti con 107 puntos y el tercero lo ocupa Diego Azar con 103.<br>El pr\u00f3ximo compromiso ser\u00e1 el 5 de Junio en el Autodromo Ezequiel Crisol de Bah\u00eda Blanca.<\/p>\n\n\n\n<p><br><strong>Carrera II<\/strong><br><em>1 CHEVROLET 9 LEGUIZAMON 11 20;36.403<br>2 LEXUS 1 AZAR 11 20;36.543 140<br>3 FORD 40 CIARROCCHI 11 20;38.310 1.907<br>4 CHEVROLET 71 PERSIA 11 20;38.572 2.169<br>5 LEXUS 96 PALAU 11 20;38.628 2.225<br>6 FORD 33 SAPAG 11 20;38.817 2.414<br>7 LEXUS 83 ALDRIGHETTI 11 20;39.173 2.770<br>8 FORD 5 GUERRA 11 20;39.586 3.183<br>9 LEXUS 100 REUTEMANN 11 20;40.126 3.723<br>10 LEXUS 99 CAPURRO 11 20;41.892 5.489<br>11 MERCEDES 90 BONNIN 11 20;44.131 7.728<br>12 FORD 3 FELIPPO 11 20;45.426 9.023<br>13 FIAT 107 VERRIELLO 11 20;48.842 12.439<br>14 MERCEDES 88 CHIRIANO (M) 11 21;01.942 25.539<br>15 LEXUS 8 GASTALDI (M) 11 21;24.130 47.727<br>16 MERCEDES 12 GIUSTOZZI (M) 10 20;50.463 1 vta<br>17 FIAT 138 J. DI PALMA 4 9;50.008 7 vtas<br>18 FIAT 38 S.DI PALMA 2 3;12.938 9 vtas<\/em><\/p>\n\n\n\n<p><strong>Carrera I<br><\/strong><em>1 LEXUS 83 ALDRIGHETTI 14 21;48.400<br>2 FORD 40 CIARROCCHI 14 21;49.641 1.241<br>3 FORD 5 GUERRA 14 21;50.465 2.065<br>4 LEXUS 100 REUTEMANN 14 21;54.947 6.547<br>5 LEXUS 1 AZAR 14 22;15.196 26.796<br>6 CHEVROLET 9 LEGUIZAMON 14 22;17.072 28.672<br>7 MERCEDES 12 GIUSTOZZI (M) 14 22;20.171 31.771<br>8 FIAT 38 S.DI PALMA 14 22;22.775 34.375<br>9 FIAT 107 VERRIELLO 14 22;23.224 34.824<br>10 CHEVROLET 71 PERSIA 14 22;26.484 38.084<br>11 LEXUS 99 CAPURRO 14 22;29.800 41.400<br>12 FORD 33 SAPAG 14 22;33.169 44.769<br>13 LEXUS 96 PALAU 14 22;34.816 46.416<br>14 LEXUS 8 GASTALDI (M) 14 22;54.248 1;05.848<br>15 MERCEDES 90 BONNIN 14 22;54.537 1;06.137<br>16 FORD 3 FELIPPO 14 23;07.745 1;19.345<br>17 MERCEDES 88 CHIRIANO (M) 10 17;40.372 4 vtas<br>18 FIAT 138 J. DI PALMA 10 22;52.201 4 vtas<br>19 CHEVROLET 41 BARRIO 2 3;49.124 12 vtas<\/em><\/p>\n","protected":false},"excerpt":{"rendered":"<p>En el marco del inicio de la \u00abSemana de la Velocidad\u00bb Facundo Aldrighetti y Baltazar Leguizamon se quedaron con las<\/p>\n","protected":false},"author":3,"featured_media":2533,"comment_status":"open","ping_status":"open","sticky":false,"template":"","format":"standard","meta":{"colormag_page_container_layout":"default_layout","colormag_page_sidebar_layout":"default_layout","footnotes":""},"categories":[6,5],"tags":[678,677,655,79],"class_list":["post-5780","post","type-post","status-publish","format-standard","has-post-thumbnail","hentry","category-newsflash","category-latest-news","tag-baltazar-leguizamon","tag-facundo-aldrgighetti","tag-neuquen","tag-top-race-v6"],"yoast_head":"<!-- This site is optimized with the Yoast SEO plugin v27.4 - https:\/\/yoast.com\/product\/yoast-seo-wordpress\/ -->\n<title>Autos del Podio | Dos carreras, dos ganadores primerizos<\/title>\n<meta name=\"description\" content=\"Autos del Podio El nuevo formato trajo nuevos ganadores en el TRV6\" \/>\n<meta name=\"robots\" content=\"index, follow, max-snippet:-1, max-image-preview:large, max-video-preview:-1\" \/>\n<link rel=\"canonical\" href=\"http:\/\/autosdelpodio.com\/autos\/dos-carreras-dos-ganadores-primerizos\/\" \/>\n<meta property=\"og:locale\" content=\"es_ES\" \/>\n<meta property=\"og:type\" content=\"article\" \/>\n<meta property=\"og:title\" content=\"Autos del Podio | Dos carreras, dos ganadores primerizos\" \/>\n<meta property=\"og:description\" content=\"Autos del Podio El nuevo formato trajo nuevos ganadores en el TRV6\" \/>\n<meta property=\"og:url\" content=\"http:\/\/autosdelpodio.com\/autos\/dos-carreras-dos-ganadores-primerizos\/\" \/>\n<meta property=\"og:site_name\" content=\"Autos del Podio\" \/>\n<meta property=\"article:publisher\" content=\"https:\/\/www.facebook.com\/profile.php?id=100057192590976&amp;amp%3bamp%3bamp%3bamp%3bamp%3bamp%3bamp%3bamp%3bamp%3bamp%3bamp%3bamp%3bamp%3bamp%3bamp%3bamp%3bamp%3bamp%3bref=ts\" \/>\n<meta property=\"article:published_time\" content=\"2022-05-15T17:35:03+00:00\" \/>\n<meta property=\"article:modified_time\" content=\"2022-05-15T17:35:04+00:00\" \/>\n<meta property=\"og:image\" content=\"http:\/\/autosdelpodio.com\/autos\/wp-content\/uploads\/2020\/08\/Logo_Top_Race-e1646006293842.jpg\" \/>\n\t<meta property=\"og:image:width\" content=\"200\" \/>\n\t<meta property=\"og:image:height\" content=\"200\" \/>\n\t<meta property=\"og:image:type\" content=\"image\/jpeg\" \/>\n<meta name=\"author\" content=\"autosdelpodio\" \/>\n<meta name=\"twitter:card\" content=\"summary_large_image\" \/>\n<meta name=\"twitter:creator\" content=\"@autosdelpodio\" \/>\n<meta name=\"twitter:site\" content=\"@autosdelpodio\" \/>\n<meta name=\"twitter:label1\" content=\"Escrito por\" \/>\n\t<meta name=\"twitter:data1\" content=\"autosdelpodio\" \/>\n\t<meta name=\"twitter:label2\" content=\"Tiempo de lectura\" \/>\n\t<meta name=\"twitter:data2\" content=\"3 minutos\" \/>\n<script type=\"application\/ld+json\" class=\"yoast-schema-graph\">{\"@context\":\"https:\\\/\\\/schema.org\",\"@graph\":[{\"@type\":\"Article\",\"@id\":\"http:\\\/\\\/autosdelpodio.com\\\/autos\\\/dos-carreras-dos-ganadores-primerizos\\\/#article\",\"isPartOf\":{\"@id\":\"http:\\\/\\\/autosdelpodio.com\\\/autos\\\/dos-carreras-dos-ganadores-primerizos\\\/\"},\"author\":{\"name\":\"autosdelpodio\",\"@id\":\"http:\\\/\\\/autosdelpodio.com\\\/autos\\\/#\\\/schema\\\/person\\\/993527a4d01c3acdd3d6bce3770bc942\"},\"headline\":\"Dos carreras, dos ganadores primerizos\",\"datePublished\":\"2022-05-15T17:35:03+00:00\",\"dateModified\":\"2022-05-15T17:35:04+00:00\",\"mainEntityOfPage\":{\"@id\":\"http:\\\/\\\/autosdelpodio.com\\\/autos\\\/dos-carreras-dos-ganadores-primerizos\\\/\"},\"wordCount\":277,\"commentCount\":0,\"publisher\":{\"@id\":\"http:\\\/\\\/autosdelpodio.com\\\/autos\\\/#organization\"},\"image\":{\"@id\":\"http:\\\/\\\/autosdelpodio.com\\\/autos\\\/dos-carreras-dos-ganadores-primerizos\\\/#primaryimage\"},\"thumbnailUrl\":\"http:\\\/\\\/autosdelpodio.com\\\/autos\\\/wp-content\\\/uploads\\\/2020\\\/08\\\/Logo_Top_Race-e1646006293842.jpg\",\"keywords\":[\"Baltazar Leguizamon\",\"Facundo Aldrgighetti\",\"Neuquen\",\"Top Race V6\"],\"articleSection\":[\"Destacado\",\"\u00daltimas noticias\"],\"inLanguage\":\"es\",\"potentialAction\":[{\"@type\":\"CommentAction\",\"name\":\"Comment\",\"target\":[\"http:\\\/\\\/autosdelpodio.com\\\/autos\\\/dos-carreras-dos-ganadores-primerizos\\\/#respond\"]}]},{\"@type\":\"WebPage\",\"@id\":\"http:\\\/\\\/autosdelpodio.com\\\/autos\\\/dos-carreras-dos-ganadores-primerizos\\\/\",\"url\":\"http:\\\/\\\/autosdelpodio.com\\\/autos\\\/dos-carreras-dos-ganadores-primerizos\\\/\",\"name\":\"Autos del Podio | Dos carreras, dos ganadores primerizos\",\"isPartOf\":{\"@id\":\"http:\\\/\\\/autosdelpodio.com\\\/autos\\\/#website\"},\"primaryImageOfPage\":{\"@id\":\"http:\\\/\\\/autosdelpodio.com\\\/autos\\\/dos-carreras-dos-ganadores-primerizos\\\/#primaryimage\"},\"image\":{\"@id\":\"http:\\\/\\\/autosdelpodio.com\\\/autos\\\/dos-carreras-dos-ganadores-primerizos\\\/#primaryimage\"},\"thumbnailUrl\":\"http:\\\/\\\/autosdelpodio.com\\\/autos\\\/wp-content\\\/uploads\\\/2020\\\/08\\\/Logo_Top_Race-e1646006293842.jpg\",\"datePublished\":\"2022-05-15T17:35:03+00:00\",\"dateModified\":\"2022-05-15T17:35:04+00:00\",\"description\":\"Autos del Podio El nuevo formato trajo nuevos ganadores en el TRV6\",\"breadcrumb\":{\"@id\":\"http:\\\/\\\/autosdelpodio.com\\\/autos\\\/dos-carreras-dos-ganadores-primerizos\\\/#breadcrumb\"},\"inLanguage\":\"es\",\"potentialAction\":[{\"@type\":\"ReadAction\",\"target\":[\"http:\\\/\\\/autosdelpodio.com\\\/autos\\\/dos-carreras-dos-ganadores-primerizos\\\/\"]}]},{\"@type\":\"ImageObject\",\"inLanguage\":\"es\",\"@id\":\"http:\\\/\\\/autosdelpodio.com\\\/autos\\\/dos-carreras-dos-ganadores-primerizos\\\/#primaryimage\",\"url\":\"http:\\\/\\\/autosdelpodio.com\\\/autos\\\/wp-content\\\/uploads\\\/2020\\\/08\\\/Logo_Top_Race-e1646006293842.jpg\",\"contentUrl\":\"http:\\\/\\\/autosdelpodio.com\\\/autos\\\/wp-content\\\/uploads\\\/2020\\\/08\\\/Logo_Top_Race-e1646006293842.jpg\",\"width\":200,\"height\":200},{\"@type\":\"BreadcrumbList\",\"@id\":\"http:\\\/\\\/autosdelpodio.com\\\/autos\\\/dos-carreras-dos-ganadores-primerizos\\\/#breadcrumb\",\"itemListElement\":[{\"@type\":\"ListItem\",\"position\":1,\"name\":\"Portada\",\"item\":\"http:\\\/\\\/autosdelpodio.com\\\/autos\\\/\"},{\"@type\":\"ListItem\",\"position\":2,\"name\":\"Dos carreras, dos ganadores primerizos\"}]},{\"@type\":\"WebSite\",\"@id\":\"http:\\\/\\\/autosdelpodio.com\\\/autos\\\/#website\",\"url\":\"http:\\\/\\\/autosdelpodio.com\\\/autos\\\/\",\"name\":\"Autos del Podio\",\"description\":\"La sexta del deporte motor\",\"publisher\":{\"@id\":\"http:\\\/\\\/autosdelpodio.com\\\/autos\\\/#organization\"},\"potentialAction\":[{\"@type\":\"SearchAction\",\"target\":{\"@type\":\"EntryPoint\",\"urlTemplate\":\"http:\\\/\\\/autosdelpodio.com\\\/autos\\\/?s={search_term_string}\"},\"query-input\":{\"@type\":\"PropertyValueSpecification\",\"valueRequired\":true,\"valueName\":\"search_term_string\"}}],\"inLanguage\":\"es\"},{\"@type\":\"Organization\",\"@id\":\"http:\\\/\\\/autosdelpodio.com\\\/autos\\\/#organization\",\"name\":\"Autos del Podio\",\"url\":\"http:\\\/\\\/autosdelpodio.com\\\/autos\\\/\",\"logo\":{\"@type\":\"ImageObject\",\"inLanguage\":\"es\",\"@id\":\"http:\\\/\\\/autosdelpodio.com\\\/autos\\\/#\\\/schema\\\/logo\\\/image\\\/\",\"url\":\"http:\\\/\\\/autosdelpodio.com\\\/autos\\\/wp-content\\\/uploads\\\/2020\\\/08\\\/Logo_AR.jpg\",\"contentUrl\":\"http:\\\/\\\/autosdelpodio.com\\\/autos\\\/wp-content\\\/uploads\\\/2020\\\/08\\\/Logo_AR.jpg\",\"width\":1038,\"height\":1044,\"caption\":\"Autos del Podio\"},\"image\":{\"@id\":\"http:\\\/\\\/autosdelpodio.com\\\/autos\\\/#\\\/schema\\\/logo\\\/image\\\/\"},\"sameAs\":[\"https:\\\/\\\/www.facebook.com\\\/profile.php?id=100057192590976&amp;amp;amp;amp;amp;amp;amp;amp;amp;amp;amp;amp;amp;amp;amp;amp;amp;amp;ref=ts\",\"https:\\\/\\\/x.com\\\/autosdelpodio\",\"https:\\\/\\\/www.youtube.com\\\/user\\\/AutosdelPodio\"]},{\"@type\":\"Person\",\"@id\":\"http:\\\/\\\/autosdelpodio.com\\\/autos\\\/#\\\/schema\\\/person\\\/993527a4d01c3acdd3d6bce3770bc942\",\"name\":\"autosdelpodio\",\"image\":{\"@type\":\"ImageObject\",\"inLanguage\":\"es\",\"@id\":\"http:\\\/\\\/autosdelpodio.com\\\/autos\\\/wp-content\\\/litespeed\\\/avatar\\\/aa8f65cd201a80f6b844f63278aa84af.jpg?ver=1776798175\",\"url\":\"http:\\\/\\\/autosdelpodio.com\\\/autos\\\/wp-content\\\/litespeed\\\/avatar\\\/aa8f65cd201a80f6b844f63278aa84af.jpg?ver=1776798175\",\"contentUrl\":\"http:\\\/\\\/autosdelpodio.com\\\/autos\\\/wp-content\\\/litespeed\\\/avatar\\\/aa8f65cd201a80f6b844f63278aa84af.jpg?ver=1776798175\",\"caption\":\"autosdelpodio\"}}]}<\/script>\n<!-- \/ Yoast SEO plugin. -->","yoast_head_json":{"title":"Autos del Podio | Dos carreras, dos ganadores primerizos","description":"Autos del Podio El nuevo formato trajo nuevos ganadores en el TRV6","robots":{"index":"index","follow":"follow","max-snippet":"max-snippet:-1","max-image-preview":"max-image-preview:large","max-video-preview":"max-video-preview:-1"},"canonical":"http:\/\/autosdelpodio.com\/autos\/dos-carreras-dos-ganadores-primerizos\/","og_locale":"es_ES","og_type":"article","og_title":"Autos del Podio | Dos carreras, dos ganadores primerizos","og_description":"Autos del Podio El nuevo formato trajo nuevos ganadores en el TRV6","og_url":"http:\/\/autosdelpodio.com\/autos\/dos-carreras-dos-ganadores-primerizos\/","og_site_name":"Autos del Podio","article_publisher":"https:\/\/www.facebook.com\/profile.php?id=100057192590976&amp%3bamp%3bamp%3bamp%3bamp%3bamp%3bamp%3bamp%3bamp%3bamp%3bamp%3bamp%3bamp%3bamp%3bamp%3bamp%3bamp%3bamp%3bref=ts","article_published_time":"2022-05-15T17:35:03+00:00","article_modified_time":"2022-05-15T17:35:04+00:00","og_image":[{"width":200,"height":200,"url":"http:\/\/autosdelpodio.com\/autos\/wp-content\/uploads\/2020\/08\/Logo_Top_Race-e1646006293842.jpg","type":"image\/jpeg"}],"author":"autosdelpodio","twitter_card":"summary_large_image","twitter_creator":"@autosdelpodio","twitter_site":"@autosdelpodio","twitter_misc":{"Escrito por":"autosdelpodio","Tiempo de lectura":"3 minutos"},"schema":{"@context":"https:\/\/schema.org","@graph":[{"@type":"Article","@id":"http:\/\/autosdelpodio.com\/autos\/dos-carreras-dos-ganadores-primerizos\/#article","isPartOf":{"@id":"http:\/\/autosdelpodio.com\/autos\/dos-carreras-dos-ganadores-primerizos\/"},"author":{"name":"autosdelpodio","@id":"http:\/\/autosdelpodio.com\/autos\/#\/schema\/person\/993527a4d01c3acdd3d6bce3770bc942"},"headline":"Dos carreras, dos ganadores primerizos","datePublished":"2022-05-15T17:35:03+00:00","dateModified":"2022-05-15T17:35:04+00:00","mainEntityOfPage":{"@id":"http:\/\/autosdelpodio.com\/autos\/dos-carreras-dos-ganadores-primerizos\/"},"wordCount":277,"commentCount":0,"publisher":{"@id":"http:\/\/autosdelpodio.com\/autos\/#organization"},"image":{"@id":"http:\/\/autosdelpodio.com\/autos\/dos-carreras-dos-ganadores-primerizos\/#primaryimage"},"thumbnailUrl":"http:\/\/autosdelpodio.com\/autos\/wp-content\/uploads\/2020\/08\/Logo_Top_Race-e1646006293842.jpg","keywords":["Baltazar Leguizamon","Facundo Aldrgighetti","Neuquen","Top Race V6"],"articleSection":["Destacado","\u00daltimas noticias"],"inLanguage":"es","potentialAction":[{"@type":"CommentAction","name":"Comment","target":["http:\/\/autosdelpodio.com\/autos\/dos-carreras-dos-ganadores-primerizos\/#respond"]}]},{"@type":"WebPage","@id":"http:\/\/autosdelpodio.com\/autos\/dos-carreras-dos-ganadores-primerizos\/","url":"http:\/\/autosdelpodio.com\/autos\/dos-carreras-dos-ganadores-primerizos\/","name":"Autos del Podio | Dos carreras, dos ganadores primerizos","isPartOf":{"@id":"http:\/\/autosdelpodio.com\/autos\/#website"},"primaryImageOfPage":{"@id":"http:\/\/autosdelpodio.com\/autos\/dos-carreras-dos-ganadores-primerizos\/#primaryimage"},"image":{"@id":"http:\/\/autosdelpodio.com\/autos\/dos-carreras-dos-ganadores-primerizos\/#primaryimage"},"thumbnailUrl":"http:\/\/autosdelpodio.com\/autos\/wp-content\/uploads\/2020\/08\/Logo_Top_Race-e1646006293842.jpg","datePublished":"2022-05-15T17:35:03+00:00","dateModified":"2022-05-15T17:35:04+00:00","description":"Autos del Podio El nuevo formato trajo nuevos ganadores en el TRV6","breadcrumb":{"@id":"http:\/\/autosdelpodio.com\/autos\/dos-carreras-dos-ganadores-primerizos\/#breadcrumb"},"inLanguage":"es","potentialAction":[{"@type":"ReadAction","target":["http:\/\/autosdelpodio.com\/autos\/dos-carreras-dos-ganadores-primerizos\/"]}]},{"@type":"ImageObject","inLanguage":"es","@id":"http:\/\/autosdelpodio.com\/autos\/dos-carreras-dos-ganadores-primerizos\/#primaryimage","url":"http:\/\/autosdelpodio.com\/autos\/wp-content\/uploads\/2020\/08\/Logo_Top_Race-e1646006293842.jpg","contentUrl":"http:\/\/autosdelpodio.com\/autos\/wp-content\/uploads\/2020\/08\/Logo_Top_Race-e1646006293842.jpg","width":200,"height":200},{"@type":"BreadcrumbList","@id":"http:\/\/autosdelpodio.com\/autos\/dos-carreras-dos-ganadores-primerizos\/#breadcrumb","itemListElement":[{"@type":"ListItem","position":1,"name":"Portada","item":"http:\/\/autosdelpodio.com\/autos\/"},{"@type":"ListItem","position":2,"name":"Dos carreras, dos ganadores primerizos"}]},{"@type":"WebSite","@id":"http:\/\/autosdelpodio.com\/autos\/#website","url":"http:\/\/autosdelpodio.com\/autos\/","name":"Autos del Podio","description":"La sexta del deporte motor","publisher":{"@id":"http:\/\/autosdelpodio.com\/autos\/#organization"},"potentialAction":[{"@type":"SearchAction","target":{"@type":"EntryPoint","urlTemplate":"http:\/\/autosdelpodio.com\/autos\/?s={search_term_string}"},"query-input":{"@type":"PropertyValueSpecification","valueRequired":true,"valueName":"search_term_string"}}],"inLanguage":"es"},{"@type":"Organization","@id":"http:\/\/autosdelpodio.com\/autos\/#organization","name":"Autos del Podio","url":"http:\/\/autosdelpodio.com\/autos\/","logo":{"@type":"ImageObject","inLanguage":"es","@id":"http:\/\/autosdelpodio.com\/autos\/#\/schema\/logo\/image\/","url":"http:\/\/autosdelpodio.com\/autos\/wp-content\/uploads\/2020\/08\/Logo_AR.jpg","contentUrl":"http:\/\/autosdelpodio.com\/autos\/wp-content\/uploads\/2020\/08\/Logo_AR.jpg","width":1038,"height":1044,"caption":"Autos del Podio"},"image":{"@id":"http:\/\/autosdelpodio.com\/autos\/#\/schema\/logo\/image\/"},"sameAs":["https:\/\/www.facebook.com\/profile.php?id=100057192590976&amp;amp;amp;amp;amp;amp;amp;amp;amp;amp;amp;amp;amp;amp;amp;amp;amp;amp;ref=ts","https:\/\/x.com\/autosdelpodio","https:\/\/www.youtube.com\/user\/AutosdelPodio"]},{"@type":"Person","@id":"http:\/\/autosdelpodio.com\/autos\/#\/schema\/person\/993527a4d01c3acdd3d6bce3770bc942","name":"autosdelpodio","image":{"@type":"ImageObject","inLanguage":"es","@id":"http:\/\/autosdelpodio.com\/autos\/wp-content\/litespeed\/avatar\/aa8f65cd201a80f6b844f63278aa84af.jpg?ver=1776798175","url":"http:\/\/autosdelpodio.com\/autos\/wp-content\/litespeed\/avatar\/aa8f65cd201a80f6b844f63278aa84af.jpg?ver=1776798175","contentUrl":"http:\/\/autosdelpodio.com\/autos\/wp-content\/litespeed\/avatar\/aa8f65cd201a80f6b844f63278aa84af.jpg?ver=1776798175","caption":"autosdelpodio"}}]}},"views":856,"_links":{"self":[{"href":"http:\/\/autosdelpodio.com\/autos\/wp-json\/wp\/v2\/posts\/5780","targetHints":{"allow":["GET"]}}],"collection":[{"href":"http:\/\/autosdelpodio.com\/autos\/wp-json\/wp\/v2\/posts"}],"about":[{"href":"http:\/\/autosdelpodio.com\/autos\/wp-json\/wp\/v2\/types\/post"}],"author":[{"embeddable":true,"href":"http:\/\/autosdelpodio.com\/autos\/wp-json\/wp\/v2\/users\/3"}],"replies":[{"embeddable":true,"href":"http:\/\/autosdelpodio.com\/autos\/wp-json\/wp\/v2\/comments?post=5780"}],"version-history":[{"count":2,"href":"http:\/\/autosdelpodio.com\/autos\/wp-json\/wp\/v2\/posts\/5780\/revisions"}],"predecessor-version":[{"id":5782,"href":"http:\/\/autosdelpodio.com\/autos\/wp-json\/wp\/v2\/posts\/5780\/revisions\/5782"}],"wp:featuredmedia":[{"embeddable":true,"href":"http:\/\/autosdelpodio.com\/autos\/wp-json\/wp\/v2\/media\/2533"}],"wp:attachment":[{"href":"http:\/\/autosdelpodio.com\/autos\/wp-json\/wp\/v2\/media?parent=5780"}],"wp:term":[{"taxonomy":"category","embeddable":true,"href":"http:\/\/autosdelpodio.com\/autos\/wp-json\/wp\/v2\/categories?post=5780"},{"taxonomy":"post_tag","embeddable":true,"href":"http:\/\/autosdelpodio.com\/autos\/wp-json\/wp\/v2\/tags?post=5780"}],"curies":[{"name":"wp","href":"https:\/\/api.w.org\/{rel}","templated":true}]}}