{"id":581,"date":"2012-11-11T19:50:11","date_gmt":"2012-11-11T19:50:11","guid":{"rendered":"http:\/\/autosdelpodio.com\/autos\/2012\/11\/11\/de-benedictis-logro-su-segundo-triunfo-en-el-ano-en-el-tc\/"},"modified":"2012-11-11T19:50:11","modified_gmt":"2012-11-11T19:50:11","slug":"de-benedictis-logro-su-segundo-triunfo-en-el-ano-en-el-tc","status":"publish","type":"post","link":"http:\/\/autosdelpodio.com\/autos\/de-benedictis-logro-su-segundo-triunfo-en-el-ano-en-el-tc\/","title":{"rendered":"De Benedictis logr\u00f3  su segundo triunfo en el a\u00f1o en el TC"},"content":{"rendered":"<p>\u00a0<\/p>\n<p><span style=\"text-align: justify;\">Juan Bautista De Benedictis (Ford) hizo todo bien a lo largo de 30 vueltas para llevarse la final del Turismo Carretera en el Aut\u00f3dromo de La Pampa, escoltado por \u00a0Mart\u00edn Ponte (Torino) y Gabriel Ponce de Le\u00f3n (Ford).<\/span><\/p>\n<p style=\"text-align: justify;\">Del cuarto al d\u00e9cimo completaron Mat\u00edas Rossi (Chevrolet), Juan Pablo Gianini (Ford), Juan Manuel Silva (Ford), Juan Marcos Angelini (Dodge), Guillermo Ortelli (Chevrolet), Christian Ledesma (Chevrolet) y Adri\u00e1n Oubi\u00f1a (Ford), de buen desempe\u00f1o.<\/p>\n<p>  <!--more-->  <\/p>\n<p>\u00a0<\/p>\n<p style=\"text-align: justify;\">A falta de una fecha que entrega puntaje especial, Rossi lidera con 62.5, seguido por Agust\u00edn Canapino con 57, De Benedictis con 56,5, Mauro Giallombardo (Ford) 54, Ledesma 51,5, \u00a0Guillermo Ortelli 45,5 (Chevrolet) \u00a0, Norberto Fontana (Torino) 42,5 luego de ubicarse 11\u00ba, Ponce de Le\u00f3n 37,5 (Ford), \u00a0y Jonatan Castellano 21,5 (Dodge) tras finalizar 22\u00ba.<\/p>\n<p style=\"text-align: justify;\">De los 12 pilotos que llegaron con chances de pelear el campeonato, hay 4 pilotos que se quedaron sin chances. Jonatan Castellano, Diego Aventin (Ford), y Sergio Alaux (Chevrolet) estos dos \u00faltimos por rotura de motor, y N\u00e9stor Girolami producto de un trompo de su Torino.<\/p>\n<p style=\"text-align: justify;\">\u00a0<\/p>\n<p style=\"text-align: justify;\">La \u00faltima fecha del TC, que entregar\u00e1 puntaje y medio, se disputar\u00e1 el pr\u00f3ximo 2 de diciembre en el aut\u00f3dromo Roberto Mouras de La Plata.<\/p>\n<p>\u00a0<\/p>\n<p>Final TC &#8211; 30 Vueltas<\/p>\n<p>\u00a0<\/p>\n<p>1 De Benedictis, Juan Bautista (Ford) 38:31.496<\/p>\n<p>2 Ponte, Mart\u00edn (Torino) 38:40.408<\/p>\n<p>3 Ponce de Le\u00f3n, Gabriel(Ford) 38:41.125<\/p>\n<p>4 Rossi, Mat\u00edas(Chevrolet) 38:41.504<\/p>\n<p>5 Gianini, Juan Pablo(Ford) 38:44.340<\/p>\n<p>6 Silva, Juan Manuel(Ford) 38:44.998<\/p>\n<p>7 Angelini, Juan Marcos(Dodge) 38:45.262<\/p>\n<p>8 Ortelli, Guillermo(Chevrolet) 38:45.321<\/p>\n<p>9 Ledesma, Christian(Chevrolet) 38:45.651<\/p>\n<p>10 Oubi\u00f1a, Adri\u00e1n(Ford) 38:46.912<\/p>\n<p>11 Fontana, Norberto(Torino) 38:51.904<\/p>\n<p>12 Altuna, Mariano(Chevrolet) 38:59.031<\/p>\n<p>13 L\u00f3pez, Jos\u00e9 Mar\u00eda(Chevrolet) 38:59.184<\/p>\n<p>14 Giallombardo, Mauro(Ford) 39:03.170<\/p>\n<p>15 Moriatis, Emanuel(Ford) 39:03.501<\/p>\n<p>16 Mart\u00ednez, Omar(Ford) 39:05.577<\/p>\n<p>17 Spataro, Emiliano(Dodge) 39:05.697<\/p>\n<p>18 Bonelli, Pr\u00f3spero(Ford) 39:06.545<\/p>\n<p>19 Nolesi, Mathias(Ford) 39:06.688<\/p>\n<p>20 Ugalde, Lionel(Ford) 39:07.516<\/p>\n<p>21 Urretavizcaya, Tom\u00e1s(Torino) 39:08.027<\/p>\n<p>22 Castellano, Jonatan(Dodge) 39:08.549<\/p>\n<p>23 Di Palma, Lu\u00eds Jos\u00e9 H(Torino) 39:09.541<\/p>\n<p>24 Trucco, Juan Mart\u00edn(Dodge) 39:11.198<\/p>\n<p>25 Savino, Jos\u00e9(Ford) 39:11.693<\/p>\n<p>26 Risatti, Ricardo(Dodge) 39:13.632<\/p>\n<p>27 Sotro, Leonel(Ford) 39:15.889<\/p>\n<p>28 Basso, Mart\u00edn(Chevrolet) 39:23.796<\/p>\n<p>29 Jalaf, Mat\u00edas(Ford) 39:23.958<\/p>\n<p>30 Kohler, Claudio(Dodge) 39:24.559<\/p>\n<p>31 Mazzacane, Gast\u00f3n(Chevrolet) 39:25.769<\/p>\n<p>32 Del Bo , Roberto(Chevrolet) 39:33.454<\/p>\n<p>33 Dose, Christian(Chevrolet) 39:49.824<\/p>\n<p>34 Werner, Mariano(Ford) 37:10.688<\/p>\n<p>35 Girolami, N\u00e9stor(Torino) 32:33.705<\/p>\n<p>36 Canapino, Agust\u00edn 33:13.977<\/p>\n<p>37 Bosio, Ezequiel(Torino) 31:35.069<\/p>\n<p>38 De Carlo, Diego(Chevrolet) 28:02.191<\/p>\n<p>39 Okulovich, Carlos(Torino) 23:54.738<\/p>\n<p>40 Sol\u00eds, Gustavo(Ford) 18:43.155<\/p>\n<p>41 Alaux, Sergio(Chevrolet) 10:15.898<\/p>\n<p>42 Aventin, Diego(Ford) 05:23.610<\/p>\n<p>43 Pern\u00eda, Leonel (Chevrolet) 01:15.713<\/p>\n<p>44 Juan, Maximiliano(Ford) 01:16.098<\/p>\n<p>45 Verna, Rafael (Dodge) 01:17.736<\/p>\n<p>\u00a0<\/p>\n","protected":false},"excerpt":{"rendered":"<p>\u00a0 Juan Bautista De Benedictis (Ford) hizo todo bien a lo largo de 30 vueltas para llevarse la final del<\/p>\n","protected":false},"author":1,"featured_media":0,"comment_status":"open","ping_status":"open","sticky":false,"template":"","format":"standard","meta":{"colormag_page_container_layout":"default_layout","colormag_page_sidebar_layout":"default_layout","footnotes":""},"categories":[5],"tags":[],"class_list":["post-581","post","type-post","status-publish","format-standard","hentry","category-latest-news"],"yoast_head":"<!-- This site is optimized with the Yoast SEO plugin v27.5 - https:\/\/yoast.com\/product\/yoast-seo-wordpress\/ -->\n<title>Autos del Podio | De Benedictis logr\u00f3 su segundo triunfo en el a\u00f1o en el TC<\/title>\n<meta name=\"description\" content=\"Autos del Podio\" \/>\n<meta name=\"robots\" content=\"index, follow, max-snippet:-1, max-image-preview:large, max-video-preview:-1\" \/>\n<link rel=\"canonical\" href=\"http:\/\/autosdelpodio.com\/autos\/de-benedictis-logro-su-segundo-triunfo-en-el-ano-en-el-tc\/\" \/>\n<meta property=\"og:locale\" content=\"es_ES\" \/>\n<meta property=\"og:type\" content=\"article\" \/>\n<meta property=\"og:title\" content=\"Autos del Podio | De Benedictis logr\u00f3 su segundo triunfo en el a\u00f1o en el TC\" \/>\n<meta property=\"og:description\" content=\"Autos del Podio\" \/>\n<meta property=\"og:url\" content=\"http:\/\/autosdelpodio.com\/autos\/de-benedictis-logro-su-segundo-triunfo-en-el-ano-en-el-tc\/\" \/>\n<meta property=\"og:site_name\" content=\"Autos del Podio\" \/>\n<meta property=\"article:publisher\" content=\"https:\/\/www.facebook.com\/profile.php?id=100057192590976&amp;amp%3bamp%3bamp%3bamp%3bamp%3bamp%3bamp%3bamp%3bamp%3bamp%3bamp%3bamp%3bamp%3bamp%3bamp%3bamp%3bamp%3bamp%3bref=ts\" \/>\n<meta property=\"article:published_time\" content=\"2012-11-11T19:50:11+00:00\" \/>\n<meta name=\"author\" content=\"wi022230\" \/>\n<meta name=\"twitter:card\" content=\"summary_large_image\" \/>\n<meta name=\"twitter:creator\" content=\"@autosdelpodio\" \/>\n<meta name=\"twitter:site\" content=\"@autosdelpodio\" \/>\n<meta name=\"twitter:label1\" content=\"Escrito por\" \/>\n\t<meta name=\"twitter:data1\" content=\"wi022230\" \/>\n\t<meta name=\"twitter:label2\" content=\"Tiempo de lectura\" \/>\n\t<meta name=\"twitter:data2\" content=\"2 minutos\" \/>\n<script type=\"application\/ld+json\" class=\"yoast-schema-graph\">{\"@context\":\"https:\\\/\\\/schema.org\",\"@graph\":[{\"@type\":\"Article\",\"@id\":\"http:\\\/\\\/autosdelpodio.com\\\/autos\\\/de-benedictis-logro-su-segundo-triunfo-en-el-ano-en-el-tc\\\/#article\",\"isPartOf\":{\"@id\":\"http:\\\/\\\/autosdelpodio.com\\\/autos\\\/de-benedictis-logro-su-segundo-triunfo-en-el-ano-en-el-tc\\\/\"},\"author\":{\"name\":\"wi022230\",\"@id\":\"http:\\\/\\\/autosdelpodio.com\\\/autos\\\/#\\\/schema\\\/person\\\/e88353cabf768863fdf874e30120f3ba\"},\"headline\":\"De Benedictis logr\u00f3 su segundo triunfo en el a\u00f1o en el TC\",\"datePublished\":\"2012-11-11T19:50:11+00:00\",\"mainEntityOfPage\":{\"@id\":\"http:\\\/\\\/autosdelpodio.com\\\/autos\\\/de-benedictis-logro-su-segundo-triunfo-en-el-ano-en-el-tc\\\/\"},\"wordCount\":378,\"commentCount\":0,\"publisher\":{\"@id\":\"http:\\\/\\\/autosdelpodio.com\\\/autos\\\/#organization\"},\"articleSection\":[\"\u00daltimas noticias\"],\"inLanguage\":\"es\",\"potentialAction\":[{\"@type\":\"CommentAction\",\"name\":\"Comment\",\"target\":[\"http:\\\/\\\/autosdelpodio.com\\\/autos\\\/de-benedictis-logro-su-segundo-triunfo-en-el-ano-en-el-tc\\\/#respond\"]}]},{\"@type\":\"WebPage\",\"@id\":\"http:\\\/\\\/autosdelpodio.com\\\/autos\\\/de-benedictis-logro-su-segundo-triunfo-en-el-ano-en-el-tc\\\/\",\"url\":\"http:\\\/\\\/autosdelpodio.com\\\/autos\\\/de-benedictis-logro-su-segundo-triunfo-en-el-ano-en-el-tc\\\/\",\"name\":\"Autos del Podio | De Benedictis logr\u00f3 su segundo triunfo en el a\u00f1o en el TC\",\"isPartOf\":{\"@id\":\"http:\\\/\\\/autosdelpodio.com\\\/autos\\\/#website\"},\"datePublished\":\"2012-11-11T19:50:11+00:00\",\"description\":\"Autos del Podio\",\"breadcrumb\":{\"@id\":\"http:\\\/\\\/autosdelpodio.com\\\/autos\\\/de-benedictis-logro-su-segundo-triunfo-en-el-ano-en-el-tc\\\/#breadcrumb\"},\"inLanguage\":\"es\",\"potentialAction\":[{\"@type\":\"ReadAction\",\"target\":[\"http:\\\/\\\/autosdelpodio.com\\\/autos\\\/de-benedictis-logro-su-segundo-triunfo-en-el-ano-en-el-tc\\\/\"]}]},{\"@type\":\"BreadcrumbList\",\"@id\":\"http:\\\/\\\/autosdelpodio.com\\\/autos\\\/de-benedictis-logro-su-segundo-triunfo-en-el-ano-en-el-tc\\\/#breadcrumb\",\"itemListElement\":[{\"@type\":\"ListItem\",\"position\":1,\"name\":\"Portada\",\"item\":\"http:\\\/\\\/autosdelpodio.com\\\/autos\\\/\"},{\"@type\":\"ListItem\",\"position\":2,\"name\":\"De Benedictis logr\u00f3 su segundo triunfo en el a\u00f1o en el TC\"}]},{\"@type\":\"WebSite\",\"@id\":\"http:\\\/\\\/autosdelpodio.com\\\/autos\\\/#website\",\"url\":\"http:\\\/\\\/autosdelpodio.com\\\/autos\\\/\",\"name\":\"Autos del Podio\",\"description\":\"La sexta del deporte motor\",\"publisher\":{\"@id\":\"http:\\\/\\\/autosdelpodio.com\\\/autos\\\/#organization\"},\"potentialAction\":[{\"@type\":\"SearchAction\",\"target\":{\"@type\":\"EntryPoint\",\"urlTemplate\":\"http:\\\/\\\/autosdelpodio.com\\\/autos\\\/?s={search_term_string}\"},\"query-input\":{\"@type\":\"PropertyValueSpecification\",\"valueRequired\":true,\"valueName\":\"search_term_string\"}}],\"inLanguage\":\"es\"},{\"@type\":\"Organization\",\"@id\":\"http:\\\/\\\/autosdelpodio.com\\\/autos\\\/#organization\",\"name\":\"Autos del Podio\",\"url\":\"http:\\\/\\\/autosdelpodio.com\\\/autos\\\/\",\"logo\":{\"@type\":\"ImageObject\",\"inLanguage\":\"es\",\"@id\":\"http:\\\/\\\/autosdelpodio.com\\\/autos\\\/#\\\/schema\\\/logo\\\/image\\\/\",\"url\":\"http:\\\/\\\/autosdelpodio.com\\\/autos\\\/wp-content\\\/uploads\\\/2020\\\/08\\\/Logo_AR.jpg\",\"contentUrl\":\"http:\\\/\\\/autosdelpodio.com\\\/autos\\\/wp-content\\\/uploads\\\/2020\\\/08\\\/Logo_AR.jpg\",\"width\":1038,\"height\":1044,\"caption\":\"Autos del Podio\"},\"image\":{\"@id\":\"http:\\\/\\\/autosdelpodio.com\\\/autos\\\/#\\\/schema\\\/logo\\\/image\\\/\"},\"sameAs\":[\"https:\\\/\\\/www.facebook.com\\\/profile.php?id=100057192590976&amp;amp;amp;amp;amp;amp;amp;amp;amp;amp;amp;amp;amp;amp;amp;amp;amp;amp;ref=ts\",\"https:\\\/\\\/x.com\\\/autosdelpodio\",\"https:\\\/\\\/www.youtube.com\\\/user\\\/AutosdelPodio\"]},{\"@type\":\"Person\",\"@id\":\"http:\\\/\\\/autosdelpodio.com\\\/autos\\\/#\\\/schema\\\/person\\\/e88353cabf768863fdf874e30120f3ba\",\"name\":\"wi022230\",\"image\":{\"@type\":\"ImageObject\",\"inLanguage\":\"es\",\"@id\":\"http:\\\/\\\/autosdelpodio.com\\\/autos\\\/wp-content\\\/litespeed\\\/avatar\\\/453fc9bdbb11d766ba4c7f14d0bd0aa9.jpg?ver=1777404874\",\"url\":\"http:\\\/\\\/autosdelpodio.com\\\/autos\\\/wp-content\\\/litespeed\\\/avatar\\\/453fc9bdbb11d766ba4c7f14d0bd0aa9.jpg?ver=1777404874\",\"contentUrl\":\"http:\\\/\\\/autosdelpodio.com\\\/autos\\\/wp-content\\\/litespeed\\\/avatar\\\/453fc9bdbb11d766ba4c7f14d0bd0aa9.jpg?ver=1777404874\",\"caption\":\"wi022230\"}}]}<\/script>\n<!-- \/ Yoast SEO plugin. -->","yoast_head_json":{"title":"Autos del Podio | De Benedictis logr\u00f3 su segundo triunfo en el a\u00f1o en el TC","description":"Autos del Podio","robots":{"index":"index","follow":"follow","max-snippet":"max-snippet:-1","max-image-preview":"max-image-preview:large","max-video-preview":"max-video-preview:-1"},"canonical":"http:\/\/autosdelpodio.com\/autos\/de-benedictis-logro-su-segundo-triunfo-en-el-ano-en-el-tc\/","og_locale":"es_ES","og_type":"article","og_title":"Autos del Podio | De Benedictis logr\u00f3 su segundo triunfo en el a\u00f1o en el TC","og_description":"Autos del Podio","og_url":"http:\/\/autosdelpodio.com\/autos\/de-benedictis-logro-su-segundo-triunfo-en-el-ano-en-el-tc\/","og_site_name":"Autos del Podio","article_publisher":"https:\/\/www.facebook.com\/profile.php?id=100057192590976&amp%3bamp%3bamp%3bamp%3bamp%3bamp%3bamp%3bamp%3bamp%3bamp%3bamp%3bamp%3bamp%3bamp%3bamp%3bamp%3bamp%3bamp%3bref=ts","article_published_time":"2012-11-11T19:50:11+00:00","author":"wi022230","twitter_card":"summary_large_image","twitter_creator":"@autosdelpodio","twitter_site":"@autosdelpodio","twitter_misc":{"Escrito por":"wi022230","Tiempo de lectura":"2 minutos"},"schema":{"@context":"https:\/\/schema.org","@graph":[{"@type":"Article","@id":"http:\/\/autosdelpodio.com\/autos\/de-benedictis-logro-su-segundo-triunfo-en-el-ano-en-el-tc\/#article","isPartOf":{"@id":"http:\/\/autosdelpodio.com\/autos\/de-benedictis-logro-su-segundo-triunfo-en-el-ano-en-el-tc\/"},"author":{"name":"wi022230","@id":"http:\/\/autosdelpodio.com\/autos\/#\/schema\/person\/e88353cabf768863fdf874e30120f3ba"},"headline":"De Benedictis logr\u00f3 su segundo triunfo en el a\u00f1o en el TC","datePublished":"2012-11-11T19:50:11+00:00","mainEntityOfPage":{"@id":"http:\/\/autosdelpodio.com\/autos\/de-benedictis-logro-su-segundo-triunfo-en-el-ano-en-el-tc\/"},"wordCount":378,"commentCount":0,"publisher":{"@id":"http:\/\/autosdelpodio.com\/autos\/#organization"},"articleSection":["\u00daltimas noticias"],"inLanguage":"es","potentialAction":[{"@type":"CommentAction","name":"Comment","target":["http:\/\/autosdelpodio.com\/autos\/de-benedictis-logro-su-segundo-triunfo-en-el-ano-en-el-tc\/#respond"]}]},{"@type":"WebPage","@id":"http:\/\/autosdelpodio.com\/autos\/de-benedictis-logro-su-segundo-triunfo-en-el-ano-en-el-tc\/","url":"http:\/\/autosdelpodio.com\/autos\/de-benedictis-logro-su-segundo-triunfo-en-el-ano-en-el-tc\/","name":"Autos del Podio | De Benedictis logr\u00f3 su segundo triunfo en el a\u00f1o en el TC","isPartOf":{"@id":"http:\/\/autosdelpodio.com\/autos\/#website"},"datePublished":"2012-11-11T19:50:11+00:00","description":"Autos del Podio","breadcrumb":{"@id":"http:\/\/autosdelpodio.com\/autos\/de-benedictis-logro-su-segundo-triunfo-en-el-ano-en-el-tc\/#breadcrumb"},"inLanguage":"es","potentialAction":[{"@type":"ReadAction","target":["http:\/\/autosdelpodio.com\/autos\/de-benedictis-logro-su-segundo-triunfo-en-el-ano-en-el-tc\/"]}]},{"@type":"BreadcrumbList","@id":"http:\/\/autosdelpodio.com\/autos\/de-benedictis-logro-su-segundo-triunfo-en-el-ano-en-el-tc\/#breadcrumb","itemListElement":[{"@type":"ListItem","position":1,"name":"Portada","item":"http:\/\/autosdelpodio.com\/autos\/"},{"@type":"ListItem","position":2,"name":"De Benedictis logr\u00f3 su segundo triunfo en el a\u00f1o en el TC"}]},{"@type":"WebSite","@id":"http:\/\/autosdelpodio.com\/autos\/#website","url":"http:\/\/autosdelpodio.com\/autos\/","name":"Autos del Podio","description":"La sexta del deporte motor","publisher":{"@id":"http:\/\/autosdelpodio.com\/autos\/#organization"},"potentialAction":[{"@type":"SearchAction","target":{"@type":"EntryPoint","urlTemplate":"http:\/\/autosdelpodio.com\/autos\/?s={search_term_string}"},"query-input":{"@type":"PropertyValueSpecification","valueRequired":true,"valueName":"search_term_string"}}],"inLanguage":"es"},{"@type":"Organization","@id":"http:\/\/autosdelpodio.com\/autos\/#organization","name":"Autos del Podio","url":"http:\/\/autosdelpodio.com\/autos\/","logo":{"@type":"ImageObject","inLanguage":"es","@id":"http:\/\/autosdelpodio.com\/autos\/#\/schema\/logo\/image\/","url":"http:\/\/autosdelpodio.com\/autos\/wp-content\/uploads\/2020\/08\/Logo_AR.jpg","contentUrl":"http:\/\/autosdelpodio.com\/autos\/wp-content\/uploads\/2020\/08\/Logo_AR.jpg","width":1038,"height":1044,"caption":"Autos del Podio"},"image":{"@id":"http:\/\/autosdelpodio.com\/autos\/#\/schema\/logo\/image\/"},"sameAs":["https:\/\/www.facebook.com\/profile.php?id=100057192590976&amp;amp;amp;amp;amp;amp;amp;amp;amp;amp;amp;amp;amp;amp;amp;amp;amp;amp;ref=ts","https:\/\/x.com\/autosdelpodio","https:\/\/www.youtube.com\/user\/AutosdelPodio"]},{"@type":"Person","@id":"http:\/\/autosdelpodio.com\/autos\/#\/schema\/person\/e88353cabf768863fdf874e30120f3ba","name":"wi022230","image":{"@type":"ImageObject","inLanguage":"es","@id":"http:\/\/autosdelpodio.com\/autos\/wp-content\/litespeed\/avatar\/453fc9bdbb11d766ba4c7f14d0bd0aa9.jpg?ver=1777404874","url":"http:\/\/autosdelpodio.com\/autos\/wp-content\/litespeed\/avatar\/453fc9bdbb11d766ba4c7f14d0bd0aa9.jpg?ver=1777404874","contentUrl":"http:\/\/autosdelpodio.com\/autos\/wp-content\/litespeed\/avatar\/453fc9bdbb11d766ba4c7f14d0bd0aa9.jpg?ver=1777404874","caption":"wi022230"}}]}},"views":585,"_links":{"self":[{"href":"http:\/\/autosdelpodio.com\/autos\/wp-json\/wp\/v2\/posts\/581","targetHints":{"allow":["GET"]}}],"collection":[{"href":"http:\/\/autosdelpodio.com\/autos\/wp-json\/wp\/v2\/posts"}],"about":[{"href":"http:\/\/autosdelpodio.com\/autos\/wp-json\/wp\/v2\/types\/post"}],"author":[{"embeddable":true,"href":"http:\/\/autosdelpodio.com\/autos\/wp-json\/wp\/v2\/users\/1"}],"replies":[{"embeddable":true,"href":"http:\/\/autosdelpodio.com\/autos\/wp-json\/wp\/v2\/comments?post=581"}],"version-history":[{"count":0,"href":"http:\/\/autosdelpodio.com\/autos\/wp-json\/wp\/v2\/posts\/581\/revisions"}],"wp:attachment":[{"href":"http:\/\/autosdelpodio.com\/autos\/wp-json\/wp\/v2\/media?parent=581"}],"wp:term":[{"taxonomy":"category","embeddable":true,"href":"http:\/\/autosdelpodio.com\/autos\/wp-json\/wp\/v2\/categories?post=581"},{"taxonomy":"post_tag","embeddable":true,"href":"http:\/\/autosdelpodio.com\/autos\/wp-json\/wp\/v2\/tags?post=581"}],"curies":[{"name":"wp","href":"https:\/\/api.w.org\/{rel}","templated":true}]}}