{"id":585,"date":"2012-11-17T16:50:33","date_gmt":"2012-11-17T16:50:33","guid":{"rendered":"http:\/\/autosdelpodio.com\/autos\/2012\/11\/17\/a-fin-de-ano-decido-puede-que-siga-un-ano-mas-en-tc\/"},"modified":"2012-11-17T16:50:33","modified_gmt":"2012-11-17T16:50:33","slug":"a-fin-de-ano-decido-puede-que-siga-un-ano-mas-en-tc","status":"publish","type":"post","link":"http:\/\/autosdelpodio.com\/autos\/a-fin-de-ano-decido-puede-que-siga-un-ano-mas-en-tc\/","title":{"rendered":"\u201cA  fin de a\u00f1o decido, puede que siga un a\u00f1o mas en TC\u201d"},"content":{"rendered":"<\/p>\n<p>Omar Mart\u00ednez, en dialogo con Autos del Podio confirm\u00f3 que a fin de temporada decidir\u00e1 de manera conjunta junto a su gente si sigue un a\u00f1o mas como piloto profesional. El Gur\u00ed siente que aun sus ganas de correr est\u00e1n intactas pero que luego de casi 2 d\u00e9cadas el traj\u00edn que abarca cada fin de semana de competencia y lo externo \u201cte va desgastando\u201d.<\/p>\n<p><strong>_Si bien arrancaste bien el a\u00f1o, de movida ganaste la carrera de invitados del TC Mouras, tu a\u00f1o del TC no ha sido del todo bueno: A que lo atribu\u00eds?<\/strong><\/p>\n<p>_Son muchos factores, el principal es que no hemos sido regulares. Eso nos ha dejado fuera de la Copa de Oro y cuando tuvimos auto como para estar mas adelante nos ha faltado un poco de suerte.<\/p>\n<p><strong>_El cambio de reglamento que impuso la ACTC en su momento, como lo analizas, a tu Ford le han ca\u00eddo bien?<\/strong><\/p>\n<p>_No sabr\u00eda decirte, porque hoy no estamos adelante como si lo est\u00e1n los autos que atiende Hugo (Cuervo), pero creo si se hizo es porque exist\u00eda una necesidad.<\/p>\n<p><strong>_De que depende tu continuidad en el TC?<\/strong><\/p>\n<p>Despu\u00e9s de tantos a\u00f1os en esto la decisi\u00f3n no pasa exclusivamente por mi. Mi familia me va acompa\u00f1ar en lo que decida. Tenemos que reacomodarnos como equipo para \u00a0ver como seguimos, hay muchas personas que est\u00e1n atr\u00e1s de esto, adem\u00e1s de los sponsors. La demostraci\u00f3n de cari\u00f1o de la gente es permanente, y les estoy muy agradecido.<\/p>\n<p><strong>_La decisi\u00f3n depende de los resultados, es decir , tal vez seria saludable retirarse el a\u00f1o que viene peleando bien adelante, siendo mas protagonista.<\/strong><\/p>\n<p>_Obviamente que si, uno ama y vive de esto y siempre quiere pelear cosas importantes. Sin dudas que tambi\u00e9n la motivaci\u00f3n aparece y se potencia de la mano de buenos resultados. Yo me siento b\u00e1rbaro.<\/p>\n<p>\u00a0<\/p>\n","protected":false},"excerpt":{"rendered":"<p>Omar Mart\u00ednez, en dialogo con Autos del Podio confirm\u00f3 que a fin de temporada decidir\u00e1 de manera conjunta junto a<\/p>\n","protected":false},"author":1,"featured_media":584,"comment_status":"open","ping_status":"open","sticky":false,"template":"","format":"standard","meta":{"colormag_page_container_layout":"default_layout","colormag_page_sidebar_layout":"default_layout","footnotes":""},"categories":[17],"tags":[],"class_list":["post-585","post","type-post","status-publish","format-standard","has-post-thumbnail","hentry","category-entrevistas"],"yoast_head":"<!-- This site is optimized with the Yoast SEO plugin v27.5 - https:\/\/yoast.com\/product\/yoast-seo-wordpress\/ -->\n<title>Autos del Podio | \u201cA fin de a\u00f1o decido, puede que siga un a\u00f1o mas en TC\u201d<\/title>\n<meta name=\"description\" content=\"Autos del Podio\" \/>\n<meta name=\"robots\" content=\"index, follow, max-snippet:-1, max-image-preview:large, max-video-preview:-1\" \/>\n<link rel=\"canonical\" href=\"http:\/\/autosdelpodio.com\/autos\/a-fin-de-ano-decido-puede-que-siga-un-ano-mas-en-tc\/\" \/>\n<meta property=\"og:locale\" content=\"es_ES\" \/>\n<meta property=\"og:type\" content=\"article\" \/>\n<meta property=\"og:title\" content=\"Autos del Podio | \u201cA fin de a\u00f1o decido, puede que siga un a\u00f1o mas en TC\u201d\" \/>\n<meta property=\"og:description\" content=\"Autos del Podio\" \/>\n<meta property=\"og:url\" content=\"http:\/\/autosdelpodio.com\/autos\/a-fin-de-ano-decido-puede-que-siga-un-ano-mas-en-tc\/\" \/>\n<meta property=\"og:site_name\" content=\"Autos del Podio\" \/>\n<meta property=\"article:publisher\" content=\"https:\/\/www.facebook.com\/profile.php?id=100057192590976&amp;amp%3bamp%3bamp%3bamp%3bamp%3bamp%3bamp%3bamp%3bamp%3bamp%3bamp%3bamp%3bamp%3bamp%3bamp%3bamp%3bamp%3bamp%3bref=ts\" \/>\n<meta property=\"article:published_time\" content=\"2012-11-17T16:50:33+00:00\" \/>\n<meta property=\"og:image\" content=\"http:\/\/autosdelpodio.com\/autos\/wp-content\/uploads\/2012\/11\/dsc03311.jpg\" \/>\n\t<meta property=\"og:image:width\" content=\"2048\" \/>\n\t<meta property=\"og:image:height\" content=\"1536\" \/>\n\t<meta property=\"og:image:type\" content=\"image\/jpeg\" \/>\n<meta name=\"author\" content=\"wi022230\" \/>\n<meta name=\"twitter:card\" content=\"summary_large_image\" \/>\n<meta name=\"twitter:creator\" content=\"@autosdelpodio\" \/>\n<meta name=\"twitter:site\" content=\"@autosdelpodio\" \/>\n<meta name=\"twitter:label1\" content=\"Escrito por\" \/>\n\t<meta name=\"twitter:data1\" content=\"wi022230\" \/>\n\t<meta name=\"twitter:label2\" content=\"Tiempo de lectura\" \/>\n\t<meta name=\"twitter:data2\" content=\"2 minutos\" \/>\n<script type=\"application\/ld+json\" class=\"yoast-schema-graph\">{\"@context\":\"https:\\\/\\\/schema.org\",\"@graph\":[{\"@type\":\"Article\",\"@id\":\"http:\\\/\\\/autosdelpodio.com\\\/autos\\\/a-fin-de-ano-decido-puede-que-siga-un-ano-mas-en-tc\\\/#article\",\"isPartOf\":{\"@id\":\"http:\\\/\\\/autosdelpodio.com\\\/autos\\\/a-fin-de-ano-decido-puede-que-siga-un-ano-mas-en-tc\\\/\"},\"author\":{\"name\":\"wi022230\",\"@id\":\"http:\\\/\\\/autosdelpodio.com\\\/autos\\\/#\\\/schema\\\/person\\\/e88353cabf768863fdf874e30120f3ba\"},\"headline\":\"\u201cA fin de a\u00f1o decido, puede que siga un a\u00f1o mas en TC\u201d\",\"datePublished\":\"2012-11-17T16:50:33+00:00\",\"mainEntityOfPage\":{\"@id\":\"http:\\\/\\\/autosdelpodio.com\\\/autos\\\/a-fin-de-ano-decido-puede-que-siga-un-ano-mas-en-tc\\\/\"},\"wordCount\":343,\"commentCount\":0,\"publisher\":{\"@id\":\"http:\\\/\\\/autosdelpodio.com\\\/autos\\\/#organization\"},\"image\":{\"@id\":\"http:\\\/\\\/autosdelpodio.com\\\/autos\\\/a-fin-de-ano-decido-puede-que-siga-un-ano-mas-en-tc\\\/#primaryimage\"},\"thumbnailUrl\":\"http:\\\/\\\/autosdelpodio.com\\\/autos\\\/wp-content\\\/uploads\\\/2012\\\/11\\\/dsc03311.jpg\",\"articleSection\":[\"Entrevistas\"],\"inLanguage\":\"es\",\"potentialAction\":[{\"@type\":\"CommentAction\",\"name\":\"Comment\",\"target\":[\"http:\\\/\\\/autosdelpodio.com\\\/autos\\\/a-fin-de-ano-decido-puede-que-siga-un-ano-mas-en-tc\\\/#respond\"]}]},{\"@type\":\"WebPage\",\"@id\":\"http:\\\/\\\/autosdelpodio.com\\\/autos\\\/a-fin-de-ano-decido-puede-que-siga-un-ano-mas-en-tc\\\/\",\"url\":\"http:\\\/\\\/autosdelpodio.com\\\/autos\\\/a-fin-de-ano-decido-puede-que-siga-un-ano-mas-en-tc\\\/\",\"name\":\"Autos del Podio | \u201cA fin de a\u00f1o decido, puede que siga un a\u00f1o mas en TC\u201d\",\"isPartOf\":{\"@id\":\"http:\\\/\\\/autosdelpodio.com\\\/autos\\\/#website\"},\"primaryImageOfPage\":{\"@id\":\"http:\\\/\\\/autosdelpodio.com\\\/autos\\\/a-fin-de-ano-decido-puede-que-siga-un-ano-mas-en-tc\\\/#primaryimage\"},\"image\":{\"@id\":\"http:\\\/\\\/autosdelpodio.com\\\/autos\\\/a-fin-de-ano-decido-puede-que-siga-un-ano-mas-en-tc\\\/#primaryimage\"},\"thumbnailUrl\":\"http:\\\/\\\/autosdelpodio.com\\\/autos\\\/wp-content\\\/uploads\\\/2012\\\/11\\\/dsc03311.jpg\",\"datePublished\":\"2012-11-17T16:50:33+00:00\",\"description\":\"Autos del Podio\",\"breadcrumb\":{\"@id\":\"http:\\\/\\\/autosdelpodio.com\\\/autos\\\/a-fin-de-ano-decido-puede-que-siga-un-ano-mas-en-tc\\\/#breadcrumb\"},\"inLanguage\":\"es\",\"potentialAction\":[{\"@type\":\"ReadAction\",\"target\":[\"http:\\\/\\\/autosdelpodio.com\\\/autos\\\/a-fin-de-ano-decido-puede-que-siga-un-ano-mas-en-tc\\\/\"]}]},{\"@type\":\"ImageObject\",\"inLanguage\":\"es\",\"@id\":\"http:\\\/\\\/autosdelpodio.com\\\/autos\\\/a-fin-de-ano-decido-puede-que-siga-un-ano-mas-en-tc\\\/#primaryimage\",\"url\":\"http:\\\/\\\/autosdelpodio.com\\\/autos\\\/wp-content\\\/uploads\\\/2012\\\/11\\\/dsc03311.jpg\",\"contentUrl\":\"http:\\\/\\\/autosdelpodio.com\\\/autos\\\/wp-content\\\/uploads\\\/2012\\\/11\\\/dsc03311.jpg\",\"width\":2048,\"height\":1536},{\"@type\":\"BreadcrumbList\",\"@id\":\"http:\\\/\\\/autosdelpodio.com\\\/autos\\\/a-fin-de-ano-decido-puede-que-siga-un-ano-mas-en-tc\\\/#breadcrumb\",\"itemListElement\":[{\"@type\":\"ListItem\",\"position\":1,\"name\":\"Portada\",\"item\":\"http:\\\/\\\/autosdelpodio.com\\\/autos\\\/\"},{\"@type\":\"ListItem\",\"position\":2,\"name\":\"\u201cA fin de a\u00f1o decido, puede que siga un a\u00f1o mas en TC\u201d\"}]},{\"@type\":\"WebSite\",\"@id\":\"http:\\\/\\\/autosdelpodio.com\\\/autos\\\/#website\",\"url\":\"http:\\\/\\\/autosdelpodio.com\\\/autos\\\/\",\"name\":\"Autos del Podio\",\"description\":\"La sexta del deporte motor\",\"publisher\":{\"@id\":\"http:\\\/\\\/autosdelpodio.com\\\/autos\\\/#organization\"},\"potentialAction\":[{\"@type\":\"SearchAction\",\"target\":{\"@type\":\"EntryPoint\",\"urlTemplate\":\"http:\\\/\\\/autosdelpodio.com\\\/autos\\\/?s={search_term_string}\"},\"query-input\":{\"@type\":\"PropertyValueSpecification\",\"valueRequired\":true,\"valueName\":\"search_term_string\"}}],\"inLanguage\":\"es\"},{\"@type\":\"Organization\",\"@id\":\"http:\\\/\\\/autosdelpodio.com\\\/autos\\\/#organization\",\"name\":\"Autos del Podio\",\"url\":\"http:\\\/\\\/autosdelpodio.com\\\/autos\\\/\",\"logo\":{\"@type\":\"ImageObject\",\"inLanguage\":\"es\",\"@id\":\"http:\\\/\\\/autosdelpodio.com\\\/autos\\\/#\\\/schema\\\/logo\\\/image\\\/\",\"url\":\"http:\\\/\\\/autosdelpodio.com\\\/autos\\\/wp-content\\\/uploads\\\/2020\\\/08\\\/Logo_AR.jpg\",\"contentUrl\":\"http:\\\/\\\/autosdelpodio.com\\\/autos\\\/wp-content\\\/uploads\\\/2020\\\/08\\\/Logo_AR.jpg\",\"width\":1038,\"height\":1044,\"caption\":\"Autos del Podio\"},\"image\":{\"@id\":\"http:\\\/\\\/autosdelpodio.com\\\/autos\\\/#\\\/schema\\\/logo\\\/image\\\/\"},\"sameAs\":[\"https:\\\/\\\/www.facebook.com\\\/profile.php?id=100057192590976&amp;amp;amp;amp;amp;amp;amp;amp;amp;amp;amp;amp;amp;amp;amp;amp;amp;amp;ref=ts\",\"https:\\\/\\\/x.com\\\/autosdelpodio\",\"https:\\\/\\\/www.youtube.com\\\/user\\\/AutosdelPodio\"]},{\"@type\":\"Person\",\"@id\":\"http:\\\/\\\/autosdelpodio.com\\\/autos\\\/#\\\/schema\\\/person\\\/e88353cabf768863fdf874e30120f3ba\",\"name\":\"wi022230\",\"image\":{\"@type\":\"ImageObject\",\"inLanguage\":\"es\",\"@id\":\"http:\\\/\\\/autosdelpodio.com\\\/autos\\\/wp-content\\\/litespeed\\\/avatar\\\/453fc9bdbb11d766ba4c7f14d0bd0aa9.jpg?ver=1777404874\",\"url\":\"http:\\\/\\\/autosdelpodio.com\\\/autos\\\/wp-content\\\/litespeed\\\/avatar\\\/453fc9bdbb11d766ba4c7f14d0bd0aa9.jpg?ver=1777404874\",\"contentUrl\":\"http:\\\/\\\/autosdelpodio.com\\\/autos\\\/wp-content\\\/litespeed\\\/avatar\\\/453fc9bdbb11d766ba4c7f14d0bd0aa9.jpg?ver=1777404874\",\"caption\":\"wi022230\"}}]}<\/script>\n<!-- \/ Yoast SEO plugin. -->","yoast_head_json":{"title":"Autos del Podio | \u201cA fin de a\u00f1o decido, puede que siga un a\u00f1o mas en TC\u201d","description":"Autos del Podio","robots":{"index":"index","follow":"follow","max-snippet":"max-snippet:-1","max-image-preview":"max-image-preview:large","max-video-preview":"max-video-preview:-1"},"canonical":"http:\/\/autosdelpodio.com\/autos\/a-fin-de-ano-decido-puede-que-siga-un-ano-mas-en-tc\/","og_locale":"es_ES","og_type":"article","og_title":"Autos del Podio | \u201cA fin de a\u00f1o decido, puede que siga un a\u00f1o mas en TC\u201d","og_description":"Autos del Podio","og_url":"http:\/\/autosdelpodio.com\/autos\/a-fin-de-ano-decido-puede-que-siga-un-ano-mas-en-tc\/","og_site_name":"Autos del Podio","article_publisher":"https:\/\/www.facebook.com\/profile.php?id=100057192590976&amp%3bamp%3bamp%3bamp%3bamp%3bamp%3bamp%3bamp%3bamp%3bamp%3bamp%3bamp%3bamp%3bamp%3bamp%3bamp%3bamp%3bamp%3bref=ts","article_published_time":"2012-11-17T16:50:33+00:00","og_image":[{"width":2048,"height":1536,"url":"http:\/\/autosdelpodio.com\/autos\/wp-content\/uploads\/2012\/11\/dsc03311.jpg","type":"image\/jpeg"}],"author":"wi022230","twitter_card":"summary_large_image","twitter_creator":"@autosdelpodio","twitter_site":"@autosdelpodio","twitter_misc":{"Escrito por":"wi022230","Tiempo de lectura":"2 minutos"},"schema":{"@context":"https:\/\/schema.org","@graph":[{"@type":"Article","@id":"http:\/\/autosdelpodio.com\/autos\/a-fin-de-ano-decido-puede-que-siga-un-ano-mas-en-tc\/#article","isPartOf":{"@id":"http:\/\/autosdelpodio.com\/autos\/a-fin-de-ano-decido-puede-que-siga-un-ano-mas-en-tc\/"},"author":{"name":"wi022230","@id":"http:\/\/autosdelpodio.com\/autos\/#\/schema\/person\/e88353cabf768863fdf874e30120f3ba"},"headline":"\u201cA fin de a\u00f1o decido, puede que siga un a\u00f1o mas en TC\u201d","datePublished":"2012-11-17T16:50:33+00:00","mainEntityOfPage":{"@id":"http:\/\/autosdelpodio.com\/autos\/a-fin-de-ano-decido-puede-que-siga-un-ano-mas-en-tc\/"},"wordCount":343,"commentCount":0,"publisher":{"@id":"http:\/\/autosdelpodio.com\/autos\/#organization"},"image":{"@id":"http:\/\/autosdelpodio.com\/autos\/a-fin-de-ano-decido-puede-que-siga-un-ano-mas-en-tc\/#primaryimage"},"thumbnailUrl":"http:\/\/autosdelpodio.com\/autos\/wp-content\/uploads\/2012\/11\/dsc03311.jpg","articleSection":["Entrevistas"],"inLanguage":"es","potentialAction":[{"@type":"CommentAction","name":"Comment","target":["http:\/\/autosdelpodio.com\/autos\/a-fin-de-ano-decido-puede-que-siga-un-ano-mas-en-tc\/#respond"]}]},{"@type":"WebPage","@id":"http:\/\/autosdelpodio.com\/autos\/a-fin-de-ano-decido-puede-que-siga-un-ano-mas-en-tc\/","url":"http:\/\/autosdelpodio.com\/autos\/a-fin-de-ano-decido-puede-que-siga-un-ano-mas-en-tc\/","name":"Autos del Podio | \u201cA fin de a\u00f1o decido, puede que siga un a\u00f1o mas en TC\u201d","isPartOf":{"@id":"http:\/\/autosdelpodio.com\/autos\/#website"},"primaryImageOfPage":{"@id":"http:\/\/autosdelpodio.com\/autos\/a-fin-de-ano-decido-puede-que-siga-un-ano-mas-en-tc\/#primaryimage"},"image":{"@id":"http:\/\/autosdelpodio.com\/autos\/a-fin-de-ano-decido-puede-que-siga-un-ano-mas-en-tc\/#primaryimage"},"thumbnailUrl":"http:\/\/autosdelpodio.com\/autos\/wp-content\/uploads\/2012\/11\/dsc03311.jpg","datePublished":"2012-11-17T16:50:33+00:00","description":"Autos del Podio","breadcrumb":{"@id":"http:\/\/autosdelpodio.com\/autos\/a-fin-de-ano-decido-puede-que-siga-un-ano-mas-en-tc\/#breadcrumb"},"inLanguage":"es","potentialAction":[{"@type":"ReadAction","target":["http:\/\/autosdelpodio.com\/autos\/a-fin-de-ano-decido-puede-que-siga-un-ano-mas-en-tc\/"]}]},{"@type":"ImageObject","inLanguage":"es","@id":"http:\/\/autosdelpodio.com\/autos\/a-fin-de-ano-decido-puede-que-siga-un-ano-mas-en-tc\/#primaryimage","url":"http:\/\/autosdelpodio.com\/autos\/wp-content\/uploads\/2012\/11\/dsc03311.jpg","contentUrl":"http:\/\/autosdelpodio.com\/autos\/wp-content\/uploads\/2012\/11\/dsc03311.jpg","width":2048,"height":1536},{"@type":"BreadcrumbList","@id":"http:\/\/autosdelpodio.com\/autos\/a-fin-de-ano-decido-puede-que-siga-un-ano-mas-en-tc\/#breadcrumb","itemListElement":[{"@type":"ListItem","position":1,"name":"Portada","item":"http:\/\/autosdelpodio.com\/autos\/"},{"@type":"ListItem","position":2,"name":"\u201cA fin de a\u00f1o decido, puede que siga un a\u00f1o mas en TC\u201d"}]},{"@type":"WebSite","@id":"http:\/\/autosdelpodio.com\/autos\/#website","url":"http:\/\/autosdelpodio.com\/autos\/","name":"Autos del Podio","description":"La sexta del deporte motor","publisher":{"@id":"http:\/\/autosdelpodio.com\/autos\/#organization"},"potentialAction":[{"@type":"SearchAction","target":{"@type":"EntryPoint","urlTemplate":"http:\/\/autosdelpodio.com\/autos\/?s={search_term_string}"},"query-input":{"@type":"PropertyValueSpecification","valueRequired":true,"valueName":"search_term_string"}}],"inLanguage":"es"},{"@type":"Organization","@id":"http:\/\/autosdelpodio.com\/autos\/#organization","name":"Autos del Podio","url":"http:\/\/autosdelpodio.com\/autos\/","logo":{"@type":"ImageObject","inLanguage":"es","@id":"http:\/\/autosdelpodio.com\/autos\/#\/schema\/logo\/image\/","url":"http:\/\/autosdelpodio.com\/autos\/wp-content\/uploads\/2020\/08\/Logo_AR.jpg","contentUrl":"http:\/\/autosdelpodio.com\/autos\/wp-content\/uploads\/2020\/08\/Logo_AR.jpg","width":1038,"height":1044,"caption":"Autos del Podio"},"image":{"@id":"http:\/\/autosdelpodio.com\/autos\/#\/schema\/logo\/image\/"},"sameAs":["https:\/\/www.facebook.com\/profile.php?id=100057192590976&amp;amp;amp;amp;amp;amp;amp;amp;amp;amp;amp;amp;amp;amp;amp;amp;amp;amp;ref=ts","https:\/\/x.com\/autosdelpodio","https:\/\/www.youtube.com\/user\/AutosdelPodio"]},{"@type":"Person","@id":"http:\/\/autosdelpodio.com\/autos\/#\/schema\/person\/e88353cabf768863fdf874e30120f3ba","name":"wi022230","image":{"@type":"ImageObject","inLanguage":"es","@id":"http:\/\/autosdelpodio.com\/autos\/wp-content\/litespeed\/avatar\/453fc9bdbb11d766ba4c7f14d0bd0aa9.jpg?ver=1777404874","url":"http:\/\/autosdelpodio.com\/autos\/wp-content\/litespeed\/avatar\/453fc9bdbb11d766ba4c7f14d0bd0aa9.jpg?ver=1777404874","contentUrl":"http:\/\/autosdelpodio.com\/autos\/wp-content\/litespeed\/avatar\/453fc9bdbb11d766ba4c7f14d0bd0aa9.jpg?ver=1777404874","caption":"wi022230"}}]}},"views":731,"_links":{"self":[{"href":"http:\/\/autosdelpodio.com\/autos\/wp-json\/wp\/v2\/posts\/585","targetHints":{"allow":["GET"]}}],"collection":[{"href":"http:\/\/autosdelpodio.com\/autos\/wp-json\/wp\/v2\/posts"}],"about":[{"href":"http:\/\/autosdelpodio.com\/autos\/wp-json\/wp\/v2\/types\/post"}],"author":[{"embeddable":true,"href":"http:\/\/autosdelpodio.com\/autos\/wp-json\/wp\/v2\/users\/1"}],"replies":[{"embeddable":true,"href":"http:\/\/autosdelpodio.com\/autos\/wp-json\/wp\/v2\/comments?post=585"}],"version-history":[{"count":0,"href":"http:\/\/autosdelpodio.com\/autos\/wp-json\/wp\/v2\/posts\/585\/revisions"}],"wp:featuredmedia":[{"embeddable":true,"href":"http:\/\/autosdelpodio.com\/autos\/wp-json\/wp\/v2\/media\/584"}],"wp:attachment":[{"href":"http:\/\/autosdelpodio.com\/autos\/wp-json\/wp\/v2\/media?parent=585"}],"wp:term":[{"taxonomy":"category","embeddable":true,"href":"http:\/\/autosdelpodio.com\/autos\/wp-json\/wp\/v2\/categories?post=585"},{"taxonomy":"post_tag","embeddable":true,"href":"http:\/\/autosdelpodio.com\/autos\/wp-json\/wp\/v2\/tags?post=585"}],"curies":[{"name":"wp","href":"https:\/\/api.w.org\/{rel}","templated":true}]}}