{"id":5859,"date":"2022-06-09T15:18:57","date_gmt":"2022-06-09T18:18:57","guid":{"rendered":"http:\/\/autosdelpodio.com\/autos\/?p=5859"},"modified":"2022-06-09T15:19:31","modified_gmt":"2022-06-09T18:19:31","slug":"se-viene-la-chevrolet-tracker-argentina","status":"publish","type":"post","link":"http:\/\/autosdelpodio.com\/autos\/se-viene-la-chevrolet-tracker-argentina\/","title":{"rendered":"Se viene la Chevrolet Tracker argentina"},"content":{"rendered":"\n<p>General Motors Argentina anunci\u00f3 que a partir de julio comenzar\u00e1 a fabricar en su complejo industrial de General Alvear un nuevo SUV. Si bien el comunicado de la compa\u00f1\u00eda no lo explicita, extraoficialmente se sabe que se trata del Chevrolet Tracker que hasta ahora llega importado de Brasil.<\/p>\n\n\n\n<p><strong><em>Comunicado de General Motors Argentina<br><\/em><\/strong>General Motors estar\u00e1 iniciando la producci\u00f3n de un nuevo veh\u00edculo durante el mes de julio, en su complejo automotor de Alvear, provincia de Santa Fe. Este nuevo lanzamiento demand\u00f3 una inversi\u00f3n de USD 300 millones para la fabricaci\u00f3n de una SUV.<br>Este es un nuevo veh\u00edculo de alta tecnolog\u00eda con arquitectura global y alto valor agregado, destinado mayormente para la exportaci\u00f3n a pa\u00edses de Latinoam\u00e9rica, principalmente a Brasil y Colombia.<br>M\u00e1s de 1000 personas participaron de las tareas de la inversi\u00f3n mencionada que incorpor\u00f3 tecnolog\u00eda de manufactura 4.0, y al menos un 80 % de la producci\u00f3n ser\u00e1 destinada al mercado de exportaci\u00f3n. Asimismo, contempl\u00f3 inversiones en bienes de capital, construcci\u00f3n civil e infraestructura; resultando en una expansi\u00f3n edilicia por 50.000 m2 en las plantas de Prensas, Carrocer\u00eda y Ensamble, como as\u00ed tambi\u00e9n la adquisici\u00f3n y\/o construcci\u00f3n de matrices, dispositivos autom\u00e1ticos, robots y bienes de capital de l\u00ednea de producci\u00f3n. Con ello, la capacidad instalada de producci\u00f3n de la planta se incrementa de 80,000 a 115,000 veh\u00edculos\/a\u00f1o.<br>Esta es una inversi\u00f3n muy importante para General Motors por su dimensi\u00f3n, alcance y al implicar la utilizaci\u00f3n de nuevas tecnolog\u00edas de fabricaci\u00f3n de autom\u00f3viles por primera vez en la industria automotriz nacional.<\/p>\n\n\n\n<p><strong>Nota relacionada:<\/strong>&nbsp;Test del Chevrolet Tracker.&nbsp;<a href=\"https:\/\/www.autosyclubes.com.ar\/chevrolel-tracker-tecnologia-y-economia\/\">Ver aqu\u00ed<\/a><\/p>\n","protected":false},"excerpt":{"rendered":"<p>General Motors Argentina anunci\u00f3 que a partir de julio comenzar\u00e1 a fabricar en su complejo industrial de General Alvear un<\/p>\n","protected":false},"author":3,"featured_media":5860,"comment_status":"open","ping_status":"open","sticky":false,"template":"","format":"standard","meta":{"colormag_page_container_layout":"default_layout","colormag_page_sidebar_layout":"default_layout","footnotes":""},"categories":[16,5],"tags":[37,537,401,32,208],"class_list":["post-5859","post","type-post","status-publish","format-standard","has-post-thumbnail","hentry","category-recta-principal","category-latest-news","tag-chevrolet","tag-general-alvear","tag-general-motors","tag-industria-automotriz","tag-produccion"],"yoast_head":"<!-- This site is optimized with the Yoast SEO plugin v27.5 - https:\/\/yoast.com\/product\/yoast-seo-wordpress\/ -->\n<title>Autos del Podio | Se viene la Chevrolet Tracker argentina<\/title>\n<meta name=\"description\" content=\"Autos del Podio Con ello, la capacidad instalada de producci\u00f3n de la planta se incrementa de 80,000 a 115,000 veh\u00edculos\/a\u00f1o.\" \/>\n<meta name=\"robots\" content=\"index, follow, max-snippet:-1, max-image-preview:large, max-video-preview:-1\" \/>\n<link rel=\"canonical\" href=\"http:\/\/autosdelpodio.com\/autos\/se-viene-la-chevrolet-tracker-argentina\/\" \/>\n<meta property=\"og:locale\" content=\"es_ES\" \/>\n<meta property=\"og:type\" content=\"article\" \/>\n<meta property=\"og:title\" content=\"Autos del Podio | Se viene la Chevrolet Tracker argentina\" \/>\n<meta property=\"og:description\" content=\"Autos del Podio Con ello, la capacidad instalada de producci\u00f3n de la planta se incrementa de 80,000 a 115,000 veh\u00edculos\/a\u00f1o.\" \/>\n<meta property=\"og:url\" content=\"http:\/\/autosdelpodio.com\/autos\/se-viene-la-chevrolet-tracker-argentina\/\" \/>\n<meta property=\"og:site_name\" content=\"Autos del Podio\" \/>\n<meta property=\"article:publisher\" content=\"https:\/\/www.facebook.com\/profile.php?id=100057192590976&amp;amp%3bamp%3bamp%3bamp%3bamp%3bamp%3bamp%3bamp%3bamp%3bamp%3bamp%3bamp%3bamp%3bamp%3bamp%3bamp%3bamp%3bamp%3bref=ts\" \/>\n<meta property=\"article:published_time\" content=\"2022-06-09T18:18:57+00:00\" \/>\n<meta property=\"article:modified_time\" content=\"2022-06-09T18:19:31+00:00\" \/>\n<meta property=\"og:image\" content=\"http:\/\/autosdelpodio.com\/autos\/wp-content\/uploads\/2022\/06\/Chevrolet_Tracker.jpg\" \/>\n\t<meta property=\"og:image:width\" content=\"500\" \/>\n\t<meta property=\"og:image:height\" content=\"250\" \/>\n\t<meta property=\"og:image:type\" content=\"image\/jpeg\" \/>\n<meta name=\"author\" content=\"autosdelpodio\" \/>\n<meta name=\"twitter:card\" content=\"summary_large_image\" \/>\n<meta name=\"twitter:creator\" content=\"@autosdelpodio\" \/>\n<meta name=\"twitter:site\" content=\"@autosdelpodio\" \/>\n<meta name=\"twitter:label1\" content=\"Escrito por\" \/>\n\t<meta name=\"twitter:data1\" content=\"autosdelpodio\" \/>\n\t<meta name=\"twitter:label2\" content=\"Tiempo de lectura\" \/>\n\t<meta name=\"twitter:data2\" content=\"2 minutos\" \/>\n<script type=\"application\/ld+json\" class=\"yoast-schema-graph\">{\"@context\":\"https:\\\/\\\/schema.org\",\"@graph\":[{\"@type\":\"Article\",\"@id\":\"http:\\\/\\\/autosdelpodio.com\\\/autos\\\/se-viene-la-chevrolet-tracker-argentina\\\/#article\",\"isPartOf\":{\"@id\":\"http:\\\/\\\/autosdelpodio.com\\\/autos\\\/se-viene-la-chevrolet-tracker-argentina\\\/\"},\"author\":{\"name\":\"autosdelpodio\",\"@id\":\"http:\\\/\\\/autosdelpodio.com\\\/autos\\\/#\\\/schema\\\/person\\\/993527a4d01c3acdd3d6bce3770bc942\"},\"headline\":\"Se viene la Chevrolet Tracker argentina\",\"datePublished\":\"2022-06-09T18:18:57+00:00\",\"dateModified\":\"2022-06-09T18:19:31+00:00\",\"mainEntityOfPage\":{\"@id\":\"http:\\\/\\\/autosdelpodio.com\\\/autos\\\/se-viene-la-chevrolet-tracker-argentina\\\/\"},\"wordCount\":296,\"commentCount\":0,\"publisher\":{\"@id\":\"http:\\\/\\\/autosdelpodio.com\\\/autos\\\/#organization\"},\"image\":{\"@id\":\"http:\\\/\\\/autosdelpodio.com\\\/autos\\\/se-viene-la-chevrolet-tracker-argentina\\\/#primaryimage\"},\"thumbnailUrl\":\"http:\\\/\\\/autosdelpodio.com\\\/autos\\\/wp-content\\\/uploads\\\/2022\\\/06\\\/Chevrolet_Tracker.jpg\",\"keywords\":[\"Chevrolet\",\"General Alvear\",\"General Motors\",\"Industria Automotriz\",\"Producci\u00f3n\"],\"articleSection\":[\"Recta Principal\",\"\u00daltimas noticias\"],\"inLanguage\":\"es\",\"potentialAction\":[{\"@type\":\"CommentAction\",\"name\":\"Comment\",\"target\":[\"http:\\\/\\\/autosdelpodio.com\\\/autos\\\/se-viene-la-chevrolet-tracker-argentina\\\/#respond\"]}]},{\"@type\":\"WebPage\",\"@id\":\"http:\\\/\\\/autosdelpodio.com\\\/autos\\\/se-viene-la-chevrolet-tracker-argentina\\\/\",\"url\":\"http:\\\/\\\/autosdelpodio.com\\\/autos\\\/se-viene-la-chevrolet-tracker-argentina\\\/\",\"name\":\"Autos del Podio | Se viene la Chevrolet Tracker argentina\",\"isPartOf\":{\"@id\":\"http:\\\/\\\/autosdelpodio.com\\\/autos\\\/#website\"},\"primaryImageOfPage\":{\"@id\":\"http:\\\/\\\/autosdelpodio.com\\\/autos\\\/se-viene-la-chevrolet-tracker-argentina\\\/#primaryimage\"},\"image\":{\"@id\":\"http:\\\/\\\/autosdelpodio.com\\\/autos\\\/se-viene-la-chevrolet-tracker-argentina\\\/#primaryimage\"},\"thumbnailUrl\":\"http:\\\/\\\/autosdelpodio.com\\\/autos\\\/wp-content\\\/uploads\\\/2022\\\/06\\\/Chevrolet_Tracker.jpg\",\"datePublished\":\"2022-06-09T18:18:57+00:00\",\"dateModified\":\"2022-06-09T18:19:31+00:00\",\"description\":\"Autos del Podio Con ello, la capacidad instalada de producci\u00f3n de la planta se incrementa de 80,000 a 115,000 veh\u00edculos\\\/a\u00f1o.\",\"breadcrumb\":{\"@id\":\"http:\\\/\\\/autosdelpodio.com\\\/autos\\\/se-viene-la-chevrolet-tracker-argentina\\\/#breadcrumb\"},\"inLanguage\":\"es\",\"potentialAction\":[{\"@type\":\"ReadAction\",\"target\":[\"http:\\\/\\\/autosdelpodio.com\\\/autos\\\/se-viene-la-chevrolet-tracker-argentina\\\/\"]}]},{\"@type\":\"ImageObject\",\"inLanguage\":\"es\",\"@id\":\"http:\\\/\\\/autosdelpodio.com\\\/autos\\\/se-viene-la-chevrolet-tracker-argentina\\\/#primaryimage\",\"url\":\"http:\\\/\\\/autosdelpodio.com\\\/autos\\\/wp-content\\\/uploads\\\/2022\\\/06\\\/Chevrolet_Tracker.jpg\",\"contentUrl\":\"http:\\\/\\\/autosdelpodio.com\\\/autos\\\/wp-content\\\/uploads\\\/2022\\\/06\\\/Chevrolet_Tracker.jpg\",\"width\":500,\"height\":250},{\"@type\":\"BreadcrumbList\",\"@id\":\"http:\\\/\\\/autosdelpodio.com\\\/autos\\\/se-viene-la-chevrolet-tracker-argentina\\\/#breadcrumb\",\"itemListElement\":[{\"@type\":\"ListItem\",\"position\":1,\"name\":\"Portada\",\"item\":\"http:\\\/\\\/autosdelpodio.com\\\/autos\\\/\"},{\"@type\":\"ListItem\",\"position\":2,\"name\":\"Se viene la Chevrolet Tracker argentina\"}]},{\"@type\":\"WebSite\",\"@id\":\"http:\\\/\\\/autosdelpodio.com\\\/autos\\\/#website\",\"url\":\"http:\\\/\\\/autosdelpodio.com\\\/autos\\\/\",\"name\":\"Autos del Podio\",\"description\":\"La sexta del deporte motor\",\"publisher\":{\"@id\":\"http:\\\/\\\/autosdelpodio.com\\\/autos\\\/#organization\"},\"potentialAction\":[{\"@type\":\"SearchAction\",\"target\":{\"@type\":\"EntryPoint\",\"urlTemplate\":\"http:\\\/\\\/autosdelpodio.com\\\/autos\\\/?s={search_term_string}\"},\"query-input\":{\"@type\":\"PropertyValueSpecification\",\"valueRequired\":true,\"valueName\":\"search_term_string\"}}],\"inLanguage\":\"es\"},{\"@type\":\"Organization\",\"@id\":\"http:\\\/\\\/autosdelpodio.com\\\/autos\\\/#organization\",\"name\":\"Autos del Podio\",\"url\":\"http:\\\/\\\/autosdelpodio.com\\\/autos\\\/\",\"logo\":{\"@type\":\"ImageObject\",\"inLanguage\":\"es\",\"@id\":\"http:\\\/\\\/autosdelpodio.com\\\/autos\\\/#\\\/schema\\\/logo\\\/image\\\/\",\"url\":\"http:\\\/\\\/autosdelpodio.com\\\/autos\\\/wp-content\\\/uploads\\\/2020\\\/08\\\/Logo_AR.jpg\",\"contentUrl\":\"http:\\\/\\\/autosdelpodio.com\\\/autos\\\/wp-content\\\/uploads\\\/2020\\\/08\\\/Logo_AR.jpg\",\"width\":1038,\"height\":1044,\"caption\":\"Autos del Podio\"},\"image\":{\"@id\":\"http:\\\/\\\/autosdelpodio.com\\\/autos\\\/#\\\/schema\\\/logo\\\/image\\\/\"},\"sameAs\":[\"https:\\\/\\\/www.facebook.com\\\/profile.php?id=100057192590976&amp;amp;amp;amp;amp;amp;amp;amp;amp;amp;amp;amp;amp;amp;amp;amp;amp;amp;ref=ts\",\"https:\\\/\\\/x.com\\\/autosdelpodio\",\"https:\\\/\\\/www.youtube.com\\\/user\\\/AutosdelPodio\"]},{\"@type\":\"Person\",\"@id\":\"http:\\\/\\\/autosdelpodio.com\\\/autos\\\/#\\\/schema\\\/person\\\/993527a4d01c3acdd3d6bce3770bc942\",\"name\":\"autosdelpodio\",\"image\":{\"@type\":\"ImageObject\",\"inLanguage\":\"es\",\"@id\":\"http:\\\/\\\/autosdelpodio.com\\\/autos\\\/wp-content\\\/litespeed\\\/avatar\\\/aa8f65cd201a80f6b844f63278aa84af.jpg?ver=1777403005\",\"url\":\"http:\\\/\\\/autosdelpodio.com\\\/autos\\\/wp-content\\\/litespeed\\\/avatar\\\/aa8f65cd201a80f6b844f63278aa84af.jpg?ver=1777403005\",\"contentUrl\":\"http:\\\/\\\/autosdelpodio.com\\\/autos\\\/wp-content\\\/litespeed\\\/avatar\\\/aa8f65cd201a80f6b844f63278aa84af.jpg?ver=1777403005\",\"caption\":\"autosdelpodio\"}}]}<\/script>\n<!-- \/ Yoast SEO plugin. -->","yoast_head_json":{"title":"Autos del Podio | Se viene la Chevrolet Tracker argentina","description":"Autos del Podio Con ello, la capacidad instalada de producci\u00f3n de la planta se incrementa de 80,000 a 115,000 veh\u00edculos\/a\u00f1o.","robots":{"index":"index","follow":"follow","max-snippet":"max-snippet:-1","max-image-preview":"max-image-preview:large","max-video-preview":"max-video-preview:-1"},"canonical":"http:\/\/autosdelpodio.com\/autos\/se-viene-la-chevrolet-tracker-argentina\/","og_locale":"es_ES","og_type":"article","og_title":"Autos del Podio | Se viene la Chevrolet Tracker argentina","og_description":"Autos del Podio Con ello, la capacidad instalada de producci\u00f3n de la planta se incrementa de 80,000 a 115,000 veh\u00edculos\/a\u00f1o.","og_url":"http:\/\/autosdelpodio.com\/autos\/se-viene-la-chevrolet-tracker-argentina\/","og_site_name":"Autos del Podio","article_publisher":"https:\/\/www.facebook.com\/profile.php?id=100057192590976&amp%3bamp%3bamp%3bamp%3bamp%3bamp%3bamp%3bamp%3bamp%3bamp%3bamp%3bamp%3bamp%3bamp%3bamp%3bamp%3bamp%3bamp%3bref=ts","article_published_time":"2022-06-09T18:18:57+00:00","article_modified_time":"2022-06-09T18:19:31+00:00","og_image":[{"width":500,"height":250,"url":"http:\/\/autosdelpodio.com\/autos\/wp-content\/uploads\/2022\/06\/Chevrolet_Tracker.jpg","type":"image\/jpeg"}],"author":"autosdelpodio","twitter_card":"summary_large_image","twitter_creator":"@autosdelpodio","twitter_site":"@autosdelpodio","twitter_misc":{"Escrito por":"autosdelpodio","Tiempo de lectura":"2 minutos"},"schema":{"@context":"https:\/\/schema.org","@graph":[{"@type":"Article","@id":"http:\/\/autosdelpodio.com\/autos\/se-viene-la-chevrolet-tracker-argentina\/#article","isPartOf":{"@id":"http:\/\/autosdelpodio.com\/autos\/se-viene-la-chevrolet-tracker-argentina\/"},"author":{"name":"autosdelpodio","@id":"http:\/\/autosdelpodio.com\/autos\/#\/schema\/person\/993527a4d01c3acdd3d6bce3770bc942"},"headline":"Se viene la Chevrolet Tracker argentina","datePublished":"2022-06-09T18:18:57+00:00","dateModified":"2022-06-09T18:19:31+00:00","mainEntityOfPage":{"@id":"http:\/\/autosdelpodio.com\/autos\/se-viene-la-chevrolet-tracker-argentina\/"},"wordCount":296,"commentCount":0,"publisher":{"@id":"http:\/\/autosdelpodio.com\/autos\/#organization"},"image":{"@id":"http:\/\/autosdelpodio.com\/autos\/se-viene-la-chevrolet-tracker-argentina\/#primaryimage"},"thumbnailUrl":"http:\/\/autosdelpodio.com\/autos\/wp-content\/uploads\/2022\/06\/Chevrolet_Tracker.jpg","keywords":["Chevrolet","General Alvear","General Motors","Industria Automotriz","Producci\u00f3n"],"articleSection":["Recta Principal","\u00daltimas noticias"],"inLanguage":"es","potentialAction":[{"@type":"CommentAction","name":"Comment","target":["http:\/\/autosdelpodio.com\/autos\/se-viene-la-chevrolet-tracker-argentina\/#respond"]}]},{"@type":"WebPage","@id":"http:\/\/autosdelpodio.com\/autos\/se-viene-la-chevrolet-tracker-argentina\/","url":"http:\/\/autosdelpodio.com\/autos\/se-viene-la-chevrolet-tracker-argentina\/","name":"Autos del Podio | Se viene la Chevrolet Tracker argentina","isPartOf":{"@id":"http:\/\/autosdelpodio.com\/autos\/#website"},"primaryImageOfPage":{"@id":"http:\/\/autosdelpodio.com\/autos\/se-viene-la-chevrolet-tracker-argentina\/#primaryimage"},"image":{"@id":"http:\/\/autosdelpodio.com\/autos\/se-viene-la-chevrolet-tracker-argentina\/#primaryimage"},"thumbnailUrl":"http:\/\/autosdelpodio.com\/autos\/wp-content\/uploads\/2022\/06\/Chevrolet_Tracker.jpg","datePublished":"2022-06-09T18:18:57+00:00","dateModified":"2022-06-09T18:19:31+00:00","description":"Autos del Podio Con ello, la capacidad instalada de producci\u00f3n de la planta se incrementa de 80,000 a 115,000 veh\u00edculos\/a\u00f1o.","breadcrumb":{"@id":"http:\/\/autosdelpodio.com\/autos\/se-viene-la-chevrolet-tracker-argentina\/#breadcrumb"},"inLanguage":"es","potentialAction":[{"@type":"ReadAction","target":["http:\/\/autosdelpodio.com\/autos\/se-viene-la-chevrolet-tracker-argentina\/"]}]},{"@type":"ImageObject","inLanguage":"es","@id":"http:\/\/autosdelpodio.com\/autos\/se-viene-la-chevrolet-tracker-argentina\/#primaryimage","url":"http:\/\/autosdelpodio.com\/autos\/wp-content\/uploads\/2022\/06\/Chevrolet_Tracker.jpg","contentUrl":"http:\/\/autosdelpodio.com\/autos\/wp-content\/uploads\/2022\/06\/Chevrolet_Tracker.jpg","width":500,"height":250},{"@type":"BreadcrumbList","@id":"http:\/\/autosdelpodio.com\/autos\/se-viene-la-chevrolet-tracker-argentina\/#breadcrumb","itemListElement":[{"@type":"ListItem","position":1,"name":"Portada","item":"http:\/\/autosdelpodio.com\/autos\/"},{"@type":"ListItem","position":2,"name":"Se viene la Chevrolet Tracker argentina"}]},{"@type":"WebSite","@id":"http:\/\/autosdelpodio.com\/autos\/#website","url":"http:\/\/autosdelpodio.com\/autos\/","name":"Autos del Podio","description":"La sexta del deporte motor","publisher":{"@id":"http:\/\/autosdelpodio.com\/autos\/#organization"},"potentialAction":[{"@type":"SearchAction","target":{"@type":"EntryPoint","urlTemplate":"http:\/\/autosdelpodio.com\/autos\/?s={search_term_string}"},"query-input":{"@type":"PropertyValueSpecification","valueRequired":true,"valueName":"search_term_string"}}],"inLanguage":"es"},{"@type":"Organization","@id":"http:\/\/autosdelpodio.com\/autos\/#organization","name":"Autos del Podio","url":"http:\/\/autosdelpodio.com\/autos\/","logo":{"@type":"ImageObject","inLanguage":"es","@id":"http:\/\/autosdelpodio.com\/autos\/#\/schema\/logo\/image\/","url":"http:\/\/autosdelpodio.com\/autos\/wp-content\/uploads\/2020\/08\/Logo_AR.jpg","contentUrl":"http:\/\/autosdelpodio.com\/autos\/wp-content\/uploads\/2020\/08\/Logo_AR.jpg","width":1038,"height":1044,"caption":"Autos del Podio"},"image":{"@id":"http:\/\/autosdelpodio.com\/autos\/#\/schema\/logo\/image\/"},"sameAs":["https:\/\/www.facebook.com\/profile.php?id=100057192590976&amp;amp;amp;amp;amp;amp;amp;amp;amp;amp;amp;amp;amp;amp;amp;amp;amp;amp;ref=ts","https:\/\/x.com\/autosdelpodio","https:\/\/www.youtube.com\/user\/AutosdelPodio"]},{"@type":"Person","@id":"http:\/\/autosdelpodio.com\/autos\/#\/schema\/person\/993527a4d01c3acdd3d6bce3770bc942","name":"autosdelpodio","image":{"@type":"ImageObject","inLanguage":"es","@id":"http:\/\/autosdelpodio.com\/autos\/wp-content\/litespeed\/avatar\/aa8f65cd201a80f6b844f63278aa84af.jpg?ver=1777403005","url":"http:\/\/autosdelpodio.com\/autos\/wp-content\/litespeed\/avatar\/aa8f65cd201a80f6b844f63278aa84af.jpg?ver=1777403005","contentUrl":"http:\/\/autosdelpodio.com\/autos\/wp-content\/litespeed\/avatar\/aa8f65cd201a80f6b844f63278aa84af.jpg?ver=1777403005","caption":"autosdelpodio"}}]}},"views":660,"_links":{"self":[{"href":"http:\/\/autosdelpodio.com\/autos\/wp-json\/wp\/v2\/posts\/5859","targetHints":{"allow":["GET"]}}],"collection":[{"href":"http:\/\/autosdelpodio.com\/autos\/wp-json\/wp\/v2\/posts"}],"about":[{"href":"http:\/\/autosdelpodio.com\/autos\/wp-json\/wp\/v2\/types\/post"}],"author":[{"embeddable":true,"href":"http:\/\/autosdelpodio.com\/autos\/wp-json\/wp\/v2\/users\/3"}],"replies":[{"embeddable":true,"href":"http:\/\/autosdelpodio.com\/autos\/wp-json\/wp\/v2\/comments?post=5859"}],"version-history":[{"count":3,"href":"http:\/\/autosdelpodio.com\/autos\/wp-json\/wp\/v2\/posts\/5859\/revisions"}],"predecessor-version":[{"id":5863,"href":"http:\/\/autosdelpodio.com\/autos\/wp-json\/wp\/v2\/posts\/5859\/revisions\/5863"}],"wp:featuredmedia":[{"embeddable":true,"href":"http:\/\/autosdelpodio.com\/autos\/wp-json\/wp\/v2\/media\/5860"}],"wp:attachment":[{"href":"http:\/\/autosdelpodio.com\/autos\/wp-json\/wp\/v2\/media?parent=5859"}],"wp:term":[{"taxonomy":"category","embeddable":true,"href":"http:\/\/autosdelpodio.com\/autos\/wp-json\/wp\/v2\/categories?post=5859"},{"taxonomy":"post_tag","embeddable":true,"href":"http:\/\/autosdelpodio.com\/autos\/wp-json\/wp\/v2\/tags?post=5859"}],"curies":[{"name":"wp","href":"https:\/\/api.w.org\/{rel}","templated":true}]}}