{"id":5877,"date":"2022-06-12T20:50:41","date_gmt":"2022-06-12T23:50:41","guid":{"rendered":"http:\/\/autosdelpodio.com\/autos\/?p=5877"},"modified":"2022-06-12T20:51:41","modified_gmt":"2022-06-12T23:51:41","slug":"pechito-hizo-un-nuevo-podio-en-le-mans","status":"publish","type":"post","link":"http:\/\/autosdelpodio.com\/autos\/pechito-hizo-un-nuevo-podio-en-le-mans\/","title":{"rendered":"Pechito hizo un nuevo podio en Le Mans"},"content":{"rendered":"\n<p>El tridente Brendon Hartley, S\u00e9bastien Buemi y Ryo Hirakawa, con el Toyota # 8, se llevaron la edici\u00f3n 2022 de las 24 Horas de Le Mans.<br>El Toyota #7 lleg\u00f3 como escolta, luego de que un problema el\u00e9ctrico los releg\u00f3 cuando dominaban la competencia. De hecha Jos\u00e9 Mar\u00eda L\u00f3pez, logr\u00f3 el r\u00e9cord de vuelta en el giro 371 de carrera, con un tiempo de 3.27;762.Pese a que<a href=\"http:\/\/autosdelpodio.com\/autos\/la-historia-la-escriben-los-que-ganan\/\" target=\"_blank\" rel=\"noreferrer noopener\"> Lopez en tandem con Mike Conway y Kamui Kobayashi al volante del Toyota Hybrid #7 no pudo repetir el suceso del 2021<\/a> el desempe\u00f1o ha sido m\u00e1s que loable, compitiendo a\u00f1o a a\u00f1o al m\u00e1ximo nivel en el \u00e1mbito internacional.<\/p>\n\n\n\n<figure class=\"wp-block-table\"><table><tbody><tr><td>Pos<\/td><td>#<\/td><td>Equipo<\/td><td>Piloto<\/td><td>Auto<\/td><td>Vtas<\/td><td>Dif<\/td><td>Mejor vta<\/td><td>Prom vel<\/td><td>Boxes<\/td><\/tr><tr><td>1<\/td><td>8<\/td><td>TOYOTA GAZOO RACING<\/td><td>HARTLEY Brendon<\/td><td>Toyota GR010 HYBRID<\/td><td>380<\/td><td>\u2013<\/td><td>3:27.906<\/td><td>342.34<\/td><td>31<\/td><\/tr><tr><td><strong>2<\/strong><\/td><td><strong>7<\/strong><\/td><td><strong>TOYOTA GAZOO RACING<\/strong><\/td><td><strong>LOPEZ Jose Maria<\/strong><\/td><td><strong>Toyota GR010 HYBRID<\/strong><\/td><td><strong>379<\/strong><\/td><td><strong>2:04.300<\/strong><\/td><td><em><strong>3:27.749<\/strong><\/em><\/td><td><strong>340.19<\/strong><\/td><td><strong>32<\/strong><\/td><\/tr><tr><td>3<\/td><td>709<\/td><td>GLICKENHAUS RACING<\/td><td>BRISCOE Ryan<\/td><td>Glickenhaus 007 LMH<\/td><td>375<\/td><td>5 laps<\/td><td>3:28.227<\/td><td>339.12<\/td><td>31<\/td><\/tr><tr><td>4<\/td><td>708<\/td><td>GLICKENHAUS RACING<\/td><td>PLA Olivier<\/td><td>Glickenhaus 007 LMH<\/td><td>369<\/td><td>11 laps<\/td><td>3:27.765<\/td><td>340.19<\/td><td>33<\/td><\/tr><tr><td>5<\/td><td>36<\/td><td>ALPINE ELF TEAM<\/td><td>VAXIVIERE Matthieu<\/td><td>Alpine A480 \u2013 Gibson<\/td><td>361<\/td><td>19 laps<\/td><td>3:30.030<\/td><td>330.83<\/td><td>34<\/td><\/tr><\/tbody><\/table><\/figure>\n","protected":false},"excerpt":{"rendered":"<p>El tridente Brendon Hartley, S\u00e9bastien Buemi y Ryo Hirakawa, con el Toyota # 8, se llevaron la edici\u00f3n 2022 de<\/p>\n","protected":false},"author":3,"featured_media":2505,"comment_status":"open","ping_status":"open","sticky":false,"template":"","format":"standard","meta":{"colormag_page_container_layout":"default_layout","colormag_page_sidebar_layout":"default_layout","footnotes":""},"categories":[6,5],"tags":[262,327,326,324],"class_list":["post-5877","post","type-post","status-publish","format-standard","has-post-thumbnail","hentry","category-newsflash","category-latest-news","tag-le-mans","tag-pechito-lopez","tag-toyota","tag-wec"],"yoast_head":"<!-- This site is optimized with the Yoast SEO plugin v27.5 - https:\/\/yoast.com\/product\/yoast-seo-wordpress\/ -->\n<title>Autos del Podio | Pechito hizo un nuevo podio en Le Mans<\/title>\n<meta name=\"description\" content=\"Autos del Podio Pechito sigue haciendo historia en el WEC\" \/>\n<meta name=\"robots\" content=\"index, follow, max-snippet:-1, max-image-preview:large, max-video-preview:-1\" \/>\n<link rel=\"canonical\" href=\"http:\/\/autosdelpodio.com\/autos\/pechito-hizo-un-nuevo-podio-en-le-mans\/\" \/>\n<meta property=\"og:locale\" content=\"es_ES\" \/>\n<meta property=\"og:type\" content=\"article\" \/>\n<meta property=\"og:title\" content=\"Autos del Podio | Pechito hizo un nuevo podio en Le Mans\" \/>\n<meta property=\"og:description\" content=\"Autos del Podio Pechito sigue haciendo historia en el WEC\" \/>\n<meta property=\"og:url\" content=\"http:\/\/autosdelpodio.com\/autos\/pechito-hizo-un-nuevo-podio-en-le-mans\/\" \/>\n<meta property=\"og:site_name\" content=\"Autos del Podio\" \/>\n<meta property=\"article:publisher\" content=\"https:\/\/www.facebook.com\/profile.php?id=100057192590976&amp;amp%3bamp%3bamp%3bamp%3bamp%3bamp%3bamp%3bamp%3bamp%3bamp%3bamp%3bamp%3bamp%3bamp%3bamp%3bamp%3bamp%3bamp%3bref=ts\" \/>\n<meta property=\"article:published_time\" content=\"2022-06-12T23:50:41+00:00\" \/>\n<meta property=\"article:modified_time\" content=\"2022-06-12T23:51:41+00:00\" \/>\n<meta property=\"og:image\" content=\"http:\/\/autosdelpodio.com\/autos\/wp-content\/uploads\/2020\/08\/Logo_WEC-e1655077793429.jpg\" \/>\n\t<meta property=\"og:image:width\" content=\"500\" \/>\n\t<meta property=\"og:image:height\" content=\"281\" \/>\n\t<meta property=\"og:image:type\" content=\"image\/jpeg\" \/>\n<meta name=\"author\" content=\"autosdelpodio\" \/>\n<meta name=\"twitter:card\" content=\"summary_large_image\" \/>\n<meta name=\"twitter:creator\" content=\"@autosdelpodio\" \/>\n<meta name=\"twitter:site\" content=\"@autosdelpodio\" \/>\n<meta name=\"twitter:label1\" content=\"Escrito por\" \/>\n\t<meta name=\"twitter:data1\" content=\"autosdelpodio\" \/>\n\t<meta name=\"twitter:label2\" content=\"Tiempo de lectura\" \/>\n\t<meta name=\"twitter:data2\" content=\"1 minuto\" \/>\n<script type=\"application\/ld+json\" class=\"yoast-schema-graph\">{\"@context\":\"https:\\\/\\\/schema.org\",\"@graph\":[{\"@type\":\"Article\",\"@id\":\"http:\\\/\\\/autosdelpodio.com\\\/autos\\\/pechito-hizo-un-nuevo-podio-en-le-mans\\\/#article\",\"isPartOf\":{\"@id\":\"http:\\\/\\\/autosdelpodio.com\\\/autos\\\/pechito-hizo-un-nuevo-podio-en-le-mans\\\/\"},\"author\":{\"name\":\"autosdelpodio\",\"@id\":\"http:\\\/\\\/autosdelpodio.com\\\/autos\\\/#\\\/schema\\\/person\\\/993527a4d01c3acdd3d6bce3770bc942\"},\"headline\":\"Pechito hizo un nuevo podio en Le Mans\",\"datePublished\":\"2022-06-12T23:50:41+00:00\",\"dateModified\":\"2022-06-12T23:51:41+00:00\",\"mainEntityOfPage\":{\"@id\":\"http:\\\/\\\/autosdelpodio.com\\\/autos\\\/pechito-hizo-un-nuevo-podio-en-le-mans\\\/\"},\"wordCount\":169,\"commentCount\":0,\"publisher\":{\"@id\":\"http:\\\/\\\/autosdelpodio.com\\\/autos\\\/#organization\"},\"image\":{\"@id\":\"http:\\\/\\\/autosdelpodio.com\\\/autos\\\/pechito-hizo-un-nuevo-podio-en-le-mans\\\/#primaryimage\"},\"thumbnailUrl\":\"http:\\\/\\\/autosdelpodio.com\\\/autos\\\/wp-content\\\/uploads\\\/2020\\\/08\\\/Logo_WEC-e1655077793429.jpg\",\"keywords\":[\"Le Mans\",\"Pechito Lopez\",\"Toyota\",\"WEC\"],\"articleSection\":[\"Destacado\",\"\u00daltimas noticias\"],\"inLanguage\":\"es\",\"potentialAction\":[{\"@type\":\"CommentAction\",\"name\":\"Comment\",\"target\":[\"http:\\\/\\\/autosdelpodio.com\\\/autos\\\/pechito-hizo-un-nuevo-podio-en-le-mans\\\/#respond\"]}]},{\"@type\":\"WebPage\",\"@id\":\"http:\\\/\\\/autosdelpodio.com\\\/autos\\\/pechito-hizo-un-nuevo-podio-en-le-mans\\\/\",\"url\":\"http:\\\/\\\/autosdelpodio.com\\\/autos\\\/pechito-hizo-un-nuevo-podio-en-le-mans\\\/\",\"name\":\"Autos del Podio | Pechito hizo un nuevo podio en Le Mans\",\"isPartOf\":{\"@id\":\"http:\\\/\\\/autosdelpodio.com\\\/autos\\\/#website\"},\"primaryImageOfPage\":{\"@id\":\"http:\\\/\\\/autosdelpodio.com\\\/autos\\\/pechito-hizo-un-nuevo-podio-en-le-mans\\\/#primaryimage\"},\"image\":{\"@id\":\"http:\\\/\\\/autosdelpodio.com\\\/autos\\\/pechito-hizo-un-nuevo-podio-en-le-mans\\\/#primaryimage\"},\"thumbnailUrl\":\"http:\\\/\\\/autosdelpodio.com\\\/autos\\\/wp-content\\\/uploads\\\/2020\\\/08\\\/Logo_WEC-e1655077793429.jpg\",\"datePublished\":\"2022-06-12T23:50:41+00:00\",\"dateModified\":\"2022-06-12T23:51:41+00:00\",\"description\":\"Autos del Podio Pechito sigue haciendo historia en el WEC\",\"breadcrumb\":{\"@id\":\"http:\\\/\\\/autosdelpodio.com\\\/autos\\\/pechito-hizo-un-nuevo-podio-en-le-mans\\\/#breadcrumb\"},\"inLanguage\":\"es\",\"potentialAction\":[{\"@type\":\"ReadAction\",\"target\":[\"http:\\\/\\\/autosdelpodio.com\\\/autos\\\/pechito-hizo-un-nuevo-podio-en-le-mans\\\/\"]}]},{\"@type\":\"ImageObject\",\"inLanguage\":\"es\",\"@id\":\"http:\\\/\\\/autosdelpodio.com\\\/autos\\\/pechito-hizo-un-nuevo-podio-en-le-mans\\\/#primaryimage\",\"url\":\"http:\\\/\\\/autosdelpodio.com\\\/autos\\\/wp-content\\\/uploads\\\/2020\\\/08\\\/Logo_WEC-e1655077793429.jpg\",\"contentUrl\":\"http:\\\/\\\/autosdelpodio.com\\\/autos\\\/wp-content\\\/uploads\\\/2020\\\/08\\\/Logo_WEC-e1655077793429.jpg\",\"width\":500,\"height\":281,\"caption\":\"WEC\"},{\"@type\":\"BreadcrumbList\",\"@id\":\"http:\\\/\\\/autosdelpodio.com\\\/autos\\\/pechito-hizo-un-nuevo-podio-en-le-mans\\\/#breadcrumb\",\"itemListElement\":[{\"@type\":\"ListItem\",\"position\":1,\"name\":\"Portada\",\"item\":\"http:\\\/\\\/autosdelpodio.com\\\/autos\\\/\"},{\"@type\":\"ListItem\",\"position\":2,\"name\":\"Pechito hizo un nuevo podio en Le Mans\"}]},{\"@type\":\"WebSite\",\"@id\":\"http:\\\/\\\/autosdelpodio.com\\\/autos\\\/#website\",\"url\":\"http:\\\/\\\/autosdelpodio.com\\\/autos\\\/\",\"name\":\"Autos del Podio\",\"description\":\"La sexta del deporte motor\",\"publisher\":{\"@id\":\"http:\\\/\\\/autosdelpodio.com\\\/autos\\\/#organization\"},\"potentialAction\":[{\"@type\":\"SearchAction\",\"target\":{\"@type\":\"EntryPoint\",\"urlTemplate\":\"http:\\\/\\\/autosdelpodio.com\\\/autos\\\/?s={search_term_string}\"},\"query-input\":{\"@type\":\"PropertyValueSpecification\",\"valueRequired\":true,\"valueName\":\"search_term_string\"}}],\"inLanguage\":\"es\"},{\"@type\":\"Organization\",\"@id\":\"http:\\\/\\\/autosdelpodio.com\\\/autos\\\/#organization\",\"name\":\"Autos del Podio\",\"url\":\"http:\\\/\\\/autosdelpodio.com\\\/autos\\\/\",\"logo\":{\"@type\":\"ImageObject\",\"inLanguage\":\"es\",\"@id\":\"http:\\\/\\\/autosdelpodio.com\\\/autos\\\/#\\\/schema\\\/logo\\\/image\\\/\",\"url\":\"http:\\\/\\\/autosdelpodio.com\\\/autos\\\/wp-content\\\/uploads\\\/2020\\\/08\\\/Logo_AR.jpg\",\"contentUrl\":\"http:\\\/\\\/autosdelpodio.com\\\/autos\\\/wp-content\\\/uploads\\\/2020\\\/08\\\/Logo_AR.jpg\",\"width\":1038,\"height\":1044,\"caption\":\"Autos del Podio\"},\"image\":{\"@id\":\"http:\\\/\\\/autosdelpodio.com\\\/autos\\\/#\\\/schema\\\/logo\\\/image\\\/\"},\"sameAs\":[\"https:\\\/\\\/www.facebook.com\\\/profile.php?id=100057192590976&amp;amp;amp;amp;amp;amp;amp;amp;amp;amp;amp;amp;amp;amp;amp;amp;amp;amp;ref=ts\",\"https:\\\/\\\/x.com\\\/autosdelpodio\",\"https:\\\/\\\/www.youtube.com\\\/user\\\/AutosdelPodio\"]},{\"@type\":\"Person\",\"@id\":\"http:\\\/\\\/autosdelpodio.com\\\/autos\\\/#\\\/schema\\\/person\\\/993527a4d01c3acdd3d6bce3770bc942\",\"name\":\"autosdelpodio\",\"image\":{\"@type\":\"ImageObject\",\"inLanguage\":\"es\",\"@id\":\"http:\\\/\\\/autosdelpodio.com\\\/autos\\\/wp-content\\\/litespeed\\\/avatar\\\/aa8f65cd201a80f6b844f63278aa84af.jpg?ver=1777403005\",\"url\":\"http:\\\/\\\/autosdelpodio.com\\\/autos\\\/wp-content\\\/litespeed\\\/avatar\\\/aa8f65cd201a80f6b844f63278aa84af.jpg?ver=1777403005\",\"contentUrl\":\"http:\\\/\\\/autosdelpodio.com\\\/autos\\\/wp-content\\\/litespeed\\\/avatar\\\/aa8f65cd201a80f6b844f63278aa84af.jpg?ver=1777403005\",\"caption\":\"autosdelpodio\"}}]}<\/script>\n<!-- \/ Yoast SEO plugin. -->","yoast_head_json":{"title":"Autos del Podio | Pechito hizo un nuevo podio en Le Mans","description":"Autos del Podio Pechito sigue haciendo historia en el WEC","robots":{"index":"index","follow":"follow","max-snippet":"max-snippet:-1","max-image-preview":"max-image-preview:large","max-video-preview":"max-video-preview:-1"},"canonical":"http:\/\/autosdelpodio.com\/autos\/pechito-hizo-un-nuevo-podio-en-le-mans\/","og_locale":"es_ES","og_type":"article","og_title":"Autos del Podio | Pechito hizo un nuevo podio en Le Mans","og_description":"Autos del Podio Pechito sigue haciendo historia en el WEC","og_url":"http:\/\/autosdelpodio.com\/autos\/pechito-hizo-un-nuevo-podio-en-le-mans\/","og_site_name":"Autos del Podio","article_publisher":"https:\/\/www.facebook.com\/profile.php?id=100057192590976&amp%3bamp%3bamp%3bamp%3bamp%3bamp%3bamp%3bamp%3bamp%3bamp%3bamp%3bamp%3bamp%3bamp%3bamp%3bamp%3bamp%3bamp%3bref=ts","article_published_time":"2022-06-12T23:50:41+00:00","article_modified_time":"2022-06-12T23:51:41+00:00","og_image":[{"width":500,"height":281,"url":"http:\/\/autosdelpodio.com\/autos\/wp-content\/uploads\/2020\/08\/Logo_WEC-e1655077793429.jpg","type":"image\/jpeg"}],"author":"autosdelpodio","twitter_card":"summary_large_image","twitter_creator":"@autosdelpodio","twitter_site":"@autosdelpodio","twitter_misc":{"Escrito por":"autosdelpodio","Tiempo de lectura":"1 minuto"},"schema":{"@context":"https:\/\/schema.org","@graph":[{"@type":"Article","@id":"http:\/\/autosdelpodio.com\/autos\/pechito-hizo-un-nuevo-podio-en-le-mans\/#article","isPartOf":{"@id":"http:\/\/autosdelpodio.com\/autos\/pechito-hizo-un-nuevo-podio-en-le-mans\/"},"author":{"name":"autosdelpodio","@id":"http:\/\/autosdelpodio.com\/autos\/#\/schema\/person\/993527a4d01c3acdd3d6bce3770bc942"},"headline":"Pechito hizo un nuevo podio en Le Mans","datePublished":"2022-06-12T23:50:41+00:00","dateModified":"2022-06-12T23:51:41+00:00","mainEntityOfPage":{"@id":"http:\/\/autosdelpodio.com\/autos\/pechito-hizo-un-nuevo-podio-en-le-mans\/"},"wordCount":169,"commentCount":0,"publisher":{"@id":"http:\/\/autosdelpodio.com\/autos\/#organization"},"image":{"@id":"http:\/\/autosdelpodio.com\/autos\/pechito-hizo-un-nuevo-podio-en-le-mans\/#primaryimage"},"thumbnailUrl":"http:\/\/autosdelpodio.com\/autos\/wp-content\/uploads\/2020\/08\/Logo_WEC-e1655077793429.jpg","keywords":["Le Mans","Pechito Lopez","Toyota","WEC"],"articleSection":["Destacado","\u00daltimas noticias"],"inLanguage":"es","potentialAction":[{"@type":"CommentAction","name":"Comment","target":["http:\/\/autosdelpodio.com\/autos\/pechito-hizo-un-nuevo-podio-en-le-mans\/#respond"]}]},{"@type":"WebPage","@id":"http:\/\/autosdelpodio.com\/autos\/pechito-hizo-un-nuevo-podio-en-le-mans\/","url":"http:\/\/autosdelpodio.com\/autos\/pechito-hizo-un-nuevo-podio-en-le-mans\/","name":"Autos del Podio | Pechito hizo un nuevo podio en Le Mans","isPartOf":{"@id":"http:\/\/autosdelpodio.com\/autos\/#website"},"primaryImageOfPage":{"@id":"http:\/\/autosdelpodio.com\/autos\/pechito-hizo-un-nuevo-podio-en-le-mans\/#primaryimage"},"image":{"@id":"http:\/\/autosdelpodio.com\/autos\/pechito-hizo-un-nuevo-podio-en-le-mans\/#primaryimage"},"thumbnailUrl":"http:\/\/autosdelpodio.com\/autos\/wp-content\/uploads\/2020\/08\/Logo_WEC-e1655077793429.jpg","datePublished":"2022-06-12T23:50:41+00:00","dateModified":"2022-06-12T23:51:41+00:00","description":"Autos del Podio Pechito sigue haciendo historia en el WEC","breadcrumb":{"@id":"http:\/\/autosdelpodio.com\/autos\/pechito-hizo-un-nuevo-podio-en-le-mans\/#breadcrumb"},"inLanguage":"es","potentialAction":[{"@type":"ReadAction","target":["http:\/\/autosdelpodio.com\/autos\/pechito-hizo-un-nuevo-podio-en-le-mans\/"]}]},{"@type":"ImageObject","inLanguage":"es","@id":"http:\/\/autosdelpodio.com\/autos\/pechito-hizo-un-nuevo-podio-en-le-mans\/#primaryimage","url":"http:\/\/autosdelpodio.com\/autos\/wp-content\/uploads\/2020\/08\/Logo_WEC-e1655077793429.jpg","contentUrl":"http:\/\/autosdelpodio.com\/autos\/wp-content\/uploads\/2020\/08\/Logo_WEC-e1655077793429.jpg","width":500,"height":281,"caption":"WEC"},{"@type":"BreadcrumbList","@id":"http:\/\/autosdelpodio.com\/autos\/pechito-hizo-un-nuevo-podio-en-le-mans\/#breadcrumb","itemListElement":[{"@type":"ListItem","position":1,"name":"Portada","item":"http:\/\/autosdelpodio.com\/autos\/"},{"@type":"ListItem","position":2,"name":"Pechito hizo un nuevo podio en Le Mans"}]},{"@type":"WebSite","@id":"http:\/\/autosdelpodio.com\/autos\/#website","url":"http:\/\/autosdelpodio.com\/autos\/","name":"Autos del Podio","description":"La sexta del deporte motor","publisher":{"@id":"http:\/\/autosdelpodio.com\/autos\/#organization"},"potentialAction":[{"@type":"SearchAction","target":{"@type":"EntryPoint","urlTemplate":"http:\/\/autosdelpodio.com\/autos\/?s={search_term_string}"},"query-input":{"@type":"PropertyValueSpecification","valueRequired":true,"valueName":"search_term_string"}}],"inLanguage":"es"},{"@type":"Organization","@id":"http:\/\/autosdelpodio.com\/autos\/#organization","name":"Autos del Podio","url":"http:\/\/autosdelpodio.com\/autos\/","logo":{"@type":"ImageObject","inLanguage":"es","@id":"http:\/\/autosdelpodio.com\/autos\/#\/schema\/logo\/image\/","url":"http:\/\/autosdelpodio.com\/autos\/wp-content\/uploads\/2020\/08\/Logo_AR.jpg","contentUrl":"http:\/\/autosdelpodio.com\/autos\/wp-content\/uploads\/2020\/08\/Logo_AR.jpg","width":1038,"height":1044,"caption":"Autos del Podio"},"image":{"@id":"http:\/\/autosdelpodio.com\/autos\/#\/schema\/logo\/image\/"},"sameAs":["https:\/\/www.facebook.com\/profile.php?id=100057192590976&amp;amp;amp;amp;amp;amp;amp;amp;amp;amp;amp;amp;amp;amp;amp;amp;amp;amp;ref=ts","https:\/\/x.com\/autosdelpodio","https:\/\/www.youtube.com\/user\/AutosdelPodio"]},{"@type":"Person","@id":"http:\/\/autosdelpodio.com\/autos\/#\/schema\/person\/993527a4d01c3acdd3d6bce3770bc942","name":"autosdelpodio","image":{"@type":"ImageObject","inLanguage":"es","@id":"http:\/\/autosdelpodio.com\/autos\/wp-content\/litespeed\/avatar\/aa8f65cd201a80f6b844f63278aa84af.jpg?ver=1777403005","url":"http:\/\/autosdelpodio.com\/autos\/wp-content\/litespeed\/avatar\/aa8f65cd201a80f6b844f63278aa84af.jpg?ver=1777403005","contentUrl":"http:\/\/autosdelpodio.com\/autos\/wp-content\/litespeed\/avatar\/aa8f65cd201a80f6b844f63278aa84af.jpg?ver=1777403005","caption":"autosdelpodio"}}]}},"views":387,"_links":{"self":[{"href":"http:\/\/autosdelpodio.com\/autos\/wp-json\/wp\/v2\/posts\/5877","targetHints":{"allow":["GET"]}}],"collection":[{"href":"http:\/\/autosdelpodio.com\/autos\/wp-json\/wp\/v2\/posts"}],"about":[{"href":"http:\/\/autosdelpodio.com\/autos\/wp-json\/wp\/v2\/types\/post"}],"author":[{"embeddable":true,"href":"http:\/\/autosdelpodio.com\/autos\/wp-json\/wp\/v2\/users\/3"}],"replies":[{"embeddable":true,"href":"http:\/\/autosdelpodio.com\/autos\/wp-json\/wp\/v2\/comments?post=5877"}],"version-history":[{"count":3,"href":"http:\/\/autosdelpodio.com\/autos\/wp-json\/wp\/v2\/posts\/5877\/revisions"}],"predecessor-version":[{"id":5880,"href":"http:\/\/autosdelpodio.com\/autos\/wp-json\/wp\/v2\/posts\/5877\/revisions\/5880"}],"wp:featuredmedia":[{"embeddable":true,"href":"http:\/\/autosdelpodio.com\/autos\/wp-json\/wp\/v2\/media\/2505"}],"wp:attachment":[{"href":"http:\/\/autosdelpodio.com\/autos\/wp-json\/wp\/v2\/media?parent=5877"}],"wp:term":[{"taxonomy":"category","embeddable":true,"href":"http:\/\/autosdelpodio.com\/autos\/wp-json\/wp\/v2\/categories?post=5877"},{"taxonomy":"post_tag","embeddable":true,"href":"http:\/\/autosdelpodio.com\/autos\/wp-json\/wp\/v2\/tags?post=5877"}],"curies":[{"name":"wp","href":"https:\/\/api.w.org\/{rel}","templated":true}]}}