{"id":5893,"date":"2022-06-19T16:58:12","date_gmt":"2022-06-19T19:58:12","guid":{"rendered":"http:\/\/autosdelpodio.com\/autos\/?p=5893"},"modified":"2022-06-19T16:58:13","modified_gmt":"2022-06-19T19:58:13","slug":"bien-al-frente","status":"publish","type":"post","link":"http:\/\/autosdelpodio.com\/autos\/bien-al-frente\/","title":{"rendered":"Bien al frente"},"content":{"rendered":"\n<p>Joel Gassman se impuso en la accidentada final del Turismo Nacional en el Autodromo Centenario de Neuquen.Alfonso Domenech y Antonino Garc\u00eda, segundo y tercero respectivamente.<br>Desafortunado el comienzo de la carrera se produjo cuando el toque entre Juli\u00e1n Santero y Leonel Larrauri que largaban bien adelante generaron una escaramuza entre los numerosos participantes que ven\u00edan detr\u00e1s dejando un saldo mas que negativo de autos condenados al abandono en la mism\u00edsima primera curva a segundos del inicio.<br>Jonatan Castellano, que arribaba como l\u00edder del campeonato, tras arribar 24\u00b0 debido a la rotura de un neum\u00e1tico perdi\u00f3 moment\u00e1neamente la posici\u00f3n de privilegio que ahora ostenta Carlos Javier Merlo.<br>En la clase menor Juan Mart\u00edn Eluchans (Toyota Etios) logr\u00f3 imponerse por primera vez en la final donde fue referencia a lo largo de todo el fin de semana en la que obtuvo la Pole Position y la su serie clasificatoria.<br>La pr\u00f3xima fecha se disputar\u00e1 en el Circuito semipermanente \u201cCarlos Bassi\u201d en La Pedrera, entre el 8 y 10 de julio.<br><strong>Final C3 del TN<\/strong><\/p>\n\n\n\n<p><em>1 111 TN CLASE 3 JOEL GASSMAN CHEVROLET CRUZE 1:35.305<br>2 8 TN CLASE 3 ALFONSO DOMENECH FORD FOCUS 1:35.592 1.092<br>3 118 TN CLASE 3 ANTONINO GARCIA FORD FOCUS 1:35.592 1.575<br>4 69 TN CLASE 3 MARTIN CHIALVO TOYOTA COROLLA 1:35.760 2.153<br>5 16 TN CLASE 3 FABIAN YANNANTUONI FIAT TIPO 1:36.176 6.797<br>6 26 TN CLASE 3 SEBASTIAN GOMEZ CHEVROLET CRUZE 1:36.250 7.124<br>7 143 TN CLASE 3 IGNACIO MONTENEGRO FORD FOCUS 1:35.889 7.284<br>8 63 TN CLASE 3 CARLOS JAVIER MERLO TOYOTA COROLLA 1:36.235 7.562<br>9 7 TN CLASE 3 JERONIMO TETI CHEVROLET CRUZE 1:36.793 7.794<br>10 99 TN CLASE 3 SANTIAGO MALLO CHEVROLET CRUZE 1:36.492 7.995<br>11 85 TN CLASE 3 RICARDO RISATTI TOYOTA COROLLA 1:36.590 8.712<br>12 17 TN CLASE 3 JUAN JOSE GARRIZ C-ELYSEE 1:36.208 8.830<br>13 4 TN CLASE 3 LEONEL PERNIA FORD FOCUS 1:36.408 8.983<br>14 10 TN CLASE 3 MATIAS MU\u00d1OZ MARCHESI FORD FOCUS 1:36.717 10.258<br>15 56 TN CLASE 3 GERMAN TODINO TOYOTA COROLLA 1:36.778 11.051<br>16 144 TN CLASE 3 LUCAS VICINO TOYOTA COROLLA 1:36.589 11.119<br>17 96 TN CLASE 3 JUAN CRUZ BENVENUTI KIA CERATO 1:35.718 11.491<br>18 157 TN CLASE 3 JUAN DE BENEDICTIS TOYOTA COROLLA 1:36.306 11.526<br>19 55 TN CLASE 3 GASTON IANSA FORD FOCUS 1:36.351 11.616<br>20 100 TN CLASE 3 CARLOS OKULOVICH HONDA CIVIC 1:36.858 12.424<br>21 166 TN CLASE 3 IGNACIO CHAR TOYOTA COROLLA 1:37.065 12.730<br>22 77 TN CLASE 3 MATIAS COHEN FORD FOCUS 1:36.813 12.735<br>23 124 TN CLASE 3 NICOLAS MONTANARI CHEVROLET CRUZE 1:36.324 14.550<br>24 3 TN CLASE 3 JONATAN CASTELLANO CHEVROLET CRUZE 1:37.114 14.880<br>25 23 TN CLASE 3 MARIANO PERNIA FIAT TIPO 1:36.627 16.373<br>26 108 TN CLASE 3 ROBERTO LUNA CHEVROLET CRUZE 1:36.372 16.671<br>27 61 TN CLASE 3 DIEGO NOCETI FORD FOCUS 1:37.321 16.708<br>28 6 TN CLASE 3 FACUNDO CHAPUR FORD FOCUS 1:36.558 17.300<br>29 5 TN CLASE 3 JOSE M. URCERA PEUGEOT 408 1:36.376 3 Vueltas<br>30 177 TN CLASE 3 LEONEL SOTRO VW VENTO 1:36.761 5 Vueltas<br>31 72 TN CLASE 3 LUCAS TEDESCHI FORD FOCUS 1:36.363 5 Vueltas<br>32 24 TN CLASE 3 LEONEL LARRAURI PEUGEOT 408 1:35.723 5 Vueltas<br>33 1 TN CLASE 3 JULIAN SANTERO TOYOTA COROLLA 1:37.129 7 Vueltas<br>34 114 TN CLASE 3 EVER FRANETOVICH FORD FOCUS 1:36.958 7 Vueltas<br>35 137 TN CLASE 3 IANINA ZANAZZI TOYOTA COROLLA 1:38.285 8 Vueltas<br>36 41 TN CLASE 3 MAURO SCHENONE CHEVROLET CRUZE 1:36.848 12 Vueltas<br>37 155 TN CLASE 3 MANUEL MALLO CHEVROLET CRUZE 1:36.724 12 Vueltas<br>38 14 TN CLASE 3 LEANDRO CARDUCCI FORD FOCUS 1:36.372 14 Vueltas<br>39 195 TN CLASE 3 FEDERICO IRIBARNE NISSAN SENTRA 1:36.976 17 Vueltas<br>40 113 TN CLASE 3 CHRISTIAN BODRATO MIONETTO TOYOTA COROLLA 21 Vueltas<br>41 181 TN CLASE 3 GREGORIO CONTA FORD FOCUS 21 Vueltas<br>42 95 TN CLASE 3 EMANUEL ABDALA FORD FOCUS<br>43 122 TN CLASE 3 ANDRES JAKOS TOYOTA COROLLA<br>44 123 TN CLASE 3 MAURICIO LAMBIRIS TOYOTA COROLLA<\/em><\/p>\n","protected":false},"excerpt":{"rendered":"<p>Joel Gassman se impuso en la accidentada final del Turismo Nacional en el Autodromo Centenario de Neuquen.Alfonso Domenech y Antonino<\/p>\n","protected":false},"author":3,"featured_media":1614,"comment_status":"open","ping_status":"open","sticky":false,"template":"","format":"standard","meta":{"colormag_page_container_layout":"default_layout","colormag_page_sidebar_layout":"default_layout","footnotes":""},"categories":[6,5],"tags":[368,693,655,78],"class_list":["post-5893","post","type-post","status-publish","format-standard","has-post-thumbnail","hentry","category-newsflash","category-latest-news","tag-chevrolet-cruze","tag-joel-gassman","tag-neuquen","tag-turismo-nacional"],"yoast_head":"<!-- This site is optimized with the Yoast SEO plugin v27.5 - https:\/\/yoast.com\/product\/yoast-seo-wordpress\/ -->\n<title>Autos del Podio | Bien al frente<\/title>\n<meta name=\"description\" content=\"Autos del Podio Segunda victoria en la Clase 3 del TN para el oriundo de Entre Rios\" \/>\n<meta name=\"robots\" content=\"index, follow, max-snippet:-1, max-image-preview:large, max-video-preview:-1\" \/>\n<link rel=\"canonical\" href=\"https:\/\/autosdelpodio.com\/autos\/bien-al-frente\/\" \/>\n<meta property=\"og:locale\" content=\"es_ES\" \/>\n<meta property=\"og:type\" content=\"article\" \/>\n<meta property=\"og:title\" content=\"Autos del Podio | Bien al frente\" \/>\n<meta property=\"og:description\" content=\"Autos del Podio Segunda victoria en la Clase 3 del TN para el oriundo de Entre Rios\" \/>\n<meta property=\"og:url\" content=\"https:\/\/autosdelpodio.com\/autos\/bien-al-frente\/\" \/>\n<meta property=\"og:site_name\" content=\"Autos del Podio\" \/>\n<meta property=\"article:publisher\" content=\"https:\/\/www.facebook.com\/profile.php?id=100057192590976&amp;amp%3bamp%3bamp%3bamp%3bamp%3bamp%3bamp%3bamp%3bamp%3bamp%3bamp%3bamp%3bamp%3bamp%3bamp%3bamp%3bamp%3bamp%3bref=ts\" \/>\n<meta property=\"article:published_time\" content=\"2022-06-19T19:58:12+00:00\" \/>\n<meta property=\"article:modified_time\" content=\"2022-06-19T19:58:13+00:00\" \/>\n<meta property=\"og:image\" content=\"https:\/\/autosdelpodio.com\/autos\/wp-content\/uploads\/2020\/04\/Logo_Turismo_Nacional.jpg\" \/>\n\t<meta property=\"og:image:width\" content=\"420\" \/>\n\t<meta property=\"og:image:height\" content=\"192\" \/>\n\t<meta property=\"og:image:type\" content=\"image\/jpeg\" \/>\n<meta name=\"author\" content=\"autosdelpodio\" \/>\n<meta name=\"twitter:card\" content=\"summary_large_image\" \/>\n<meta name=\"twitter:creator\" content=\"@autosdelpodio\" \/>\n<meta name=\"twitter:site\" content=\"@autosdelpodio\" \/>\n<meta name=\"twitter:label1\" content=\"Escrito por\" \/>\n\t<meta name=\"twitter:data1\" content=\"autosdelpodio\" \/>\n\t<meta name=\"twitter:label2\" content=\"Tiempo de lectura\" \/>\n\t<meta name=\"twitter:data2\" content=\"4 minutos\" \/>\n<script type=\"application\/ld+json\" class=\"yoast-schema-graph\">{\"@context\":\"https:\\\/\\\/schema.org\",\"@graph\":[{\"@type\":\"Article\",\"@id\":\"https:\\\/\\\/autosdelpodio.com\\\/autos\\\/bien-al-frente\\\/#article\",\"isPartOf\":{\"@id\":\"https:\\\/\\\/autosdelpodio.com\\\/autos\\\/bien-al-frente\\\/\"},\"author\":{\"name\":\"autosdelpodio\",\"@id\":\"http:\\\/\\\/autosdelpodio.com\\\/autos\\\/#\\\/schema\\\/person\\\/993527a4d01c3acdd3d6bce3770bc942\"},\"headline\":\"Bien al frente\",\"datePublished\":\"2022-06-19T19:58:12+00:00\",\"dateModified\":\"2022-06-19T19:58:13+00:00\",\"mainEntityOfPage\":{\"@id\":\"https:\\\/\\\/autosdelpodio.com\\\/autos\\\/bien-al-frente\\\/\"},\"wordCount\":466,\"commentCount\":0,\"publisher\":{\"@id\":\"http:\\\/\\\/autosdelpodio.com\\\/autos\\\/#organization\"},\"image\":{\"@id\":\"https:\\\/\\\/autosdelpodio.com\\\/autos\\\/bien-al-frente\\\/#primaryimage\"},\"thumbnailUrl\":\"http:\\\/\\\/autosdelpodio.com\\\/autos\\\/wp-content\\\/uploads\\\/2020\\\/04\\\/Logo_Turismo_Nacional.jpg\",\"keywords\":[\"Chevrolet Cruze\",\"Joel Gassman\",\"Neuquen\",\"Turismo Nacional\"],\"articleSection\":[\"Destacado\",\"\u00daltimas noticias\"],\"inLanguage\":\"es\",\"potentialAction\":[{\"@type\":\"CommentAction\",\"name\":\"Comment\",\"target\":[\"https:\\\/\\\/autosdelpodio.com\\\/autos\\\/bien-al-frente\\\/#respond\"]}]},{\"@type\":\"WebPage\",\"@id\":\"https:\\\/\\\/autosdelpodio.com\\\/autos\\\/bien-al-frente\\\/\",\"url\":\"https:\\\/\\\/autosdelpodio.com\\\/autos\\\/bien-al-frente\\\/\",\"name\":\"Autos del Podio | Bien al frente\",\"isPartOf\":{\"@id\":\"http:\\\/\\\/autosdelpodio.com\\\/autos\\\/#website\"},\"primaryImageOfPage\":{\"@id\":\"https:\\\/\\\/autosdelpodio.com\\\/autos\\\/bien-al-frente\\\/#primaryimage\"},\"image\":{\"@id\":\"https:\\\/\\\/autosdelpodio.com\\\/autos\\\/bien-al-frente\\\/#primaryimage\"},\"thumbnailUrl\":\"http:\\\/\\\/autosdelpodio.com\\\/autos\\\/wp-content\\\/uploads\\\/2020\\\/04\\\/Logo_Turismo_Nacional.jpg\",\"datePublished\":\"2022-06-19T19:58:12+00:00\",\"dateModified\":\"2022-06-19T19:58:13+00:00\",\"description\":\"Autos del Podio Segunda victoria en la Clase 3 del TN para el oriundo de Entre Rios\",\"breadcrumb\":{\"@id\":\"https:\\\/\\\/autosdelpodio.com\\\/autos\\\/bien-al-frente\\\/#breadcrumb\"},\"inLanguage\":\"es\",\"potentialAction\":[{\"@type\":\"ReadAction\",\"target\":[\"https:\\\/\\\/autosdelpodio.com\\\/autos\\\/bien-al-frente\\\/\"]}]},{\"@type\":\"ImageObject\",\"inLanguage\":\"es\",\"@id\":\"https:\\\/\\\/autosdelpodio.com\\\/autos\\\/bien-al-frente\\\/#primaryimage\",\"url\":\"http:\\\/\\\/autosdelpodio.com\\\/autos\\\/wp-content\\\/uploads\\\/2020\\\/04\\\/Logo_Turismo_Nacional.jpg\",\"contentUrl\":\"http:\\\/\\\/autosdelpodio.com\\\/autos\\\/wp-content\\\/uploads\\\/2020\\\/04\\\/Logo_Turismo_Nacional.jpg\",\"width\":420,\"height\":192},{\"@type\":\"BreadcrumbList\",\"@id\":\"https:\\\/\\\/autosdelpodio.com\\\/autos\\\/bien-al-frente\\\/#breadcrumb\",\"itemListElement\":[{\"@type\":\"ListItem\",\"position\":1,\"name\":\"Portada\",\"item\":\"http:\\\/\\\/autosdelpodio.com\\\/autos\\\/\"},{\"@type\":\"ListItem\",\"position\":2,\"name\":\"Bien al frente\"}]},{\"@type\":\"WebSite\",\"@id\":\"http:\\\/\\\/autosdelpodio.com\\\/autos\\\/#website\",\"url\":\"http:\\\/\\\/autosdelpodio.com\\\/autos\\\/\",\"name\":\"Autos del Podio\",\"description\":\"La sexta del deporte motor\",\"publisher\":{\"@id\":\"http:\\\/\\\/autosdelpodio.com\\\/autos\\\/#organization\"},\"potentialAction\":[{\"@type\":\"SearchAction\",\"target\":{\"@type\":\"EntryPoint\",\"urlTemplate\":\"http:\\\/\\\/autosdelpodio.com\\\/autos\\\/?s={search_term_string}\"},\"query-input\":{\"@type\":\"PropertyValueSpecification\",\"valueRequired\":true,\"valueName\":\"search_term_string\"}}],\"inLanguage\":\"es\"},{\"@type\":\"Organization\",\"@id\":\"http:\\\/\\\/autosdelpodio.com\\\/autos\\\/#organization\",\"name\":\"Autos del Podio\",\"url\":\"http:\\\/\\\/autosdelpodio.com\\\/autos\\\/\",\"logo\":{\"@type\":\"ImageObject\",\"inLanguage\":\"es\",\"@id\":\"http:\\\/\\\/autosdelpodio.com\\\/autos\\\/#\\\/schema\\\/logo\\\/image\\\/\",\"url\":\"http:\\\/\\\/autosdelpodio.com\\\/autos\\\/wp-content\\\/uploads\\\/2020\\\/08\\\/Logo_AR.jpg\",\"contentUrl\":\"http:\\\/\\\/autosdelpodio.com\\\/autos\\\/wp-content\\\/uploads\\\/2020\\\/08\\\/Logo_AR.jpg\",\"width\":1038,\"height\":1044,\"caption\":\"Autos del Podio\"},\"image\":{\"@id\":\"http:\\\/\\\/autosdelpodio.com\\\/autos\\\/#\\\/schema\\\/logo\\\/image\\\/\"},\"sameAs\":[\"https:\\\/\\\/www.facebook.com\\\/profile.php?id=100057192590976&amp;amp;amp;amp;amp;amp;amp;amp;amp;amp;amp;amp;amp;amp;amp;amp;amp;amp;ref=ts\",\"https:\\\/\\\/x.com\\\/autosdelpodio\",\"https:\\\/\\\/www.youtube.com\\\/user\\\/AutosdelPodio\"]},{\"@type\":\"Person\",\"@id\":\"http:\\\/\\\/autosdelpodio.com\\\/autos\\\/#\\\/schema\\\/person\\\/993527a4d01c3acdd3d6bce3770bc942\",\"name\":\"autosdelpodio\",\"image\":{\"@type\":\"ImageObject\",\"inLanguage\":\"es\",\"@id\":\"http:\\\/\\\/autosdelpodio.com\\\/autos\\\/wp-content\\\/litespeed\\\/avatar\\\/aa8f65cd201a80f6b844f63278aa84af.jpg?ver=1777403005\",\"url\":\"http:\\\/\\\/autosdelpodio.com\\\/autos\\\/wp-content\\\/litespeed\\\/avatar\\\/aa8f65cd201a80f6b844f63278aa84af.jpg?ver=1777403005\",\"contentUrl\":\"http:\\\/\\\/autosdelpodio.com\\\/autos\\\/wp-content\\\/litespeed\\\/avatar\\\/aa8f65cd201a80f6b844f63278aa84af.jpg?ver=1777403005\",\"caption\":\"autosdelpodio\"}}]}<\/script>\n<!-- \/ Yoast SEO plugin. -->","yoast_head_json":{"title":"Autos del Podio | Bien al frente","description":"Autos del Podio Segunda victoria en la Clase 3 del TN para el oriundo de Entre Rios","robots":{"index":"index","follow":"follow","max-snippet":"max-snippet:-1","max-image-preview":"max-image-preview:large","max-video-preview":"max-video-preview:-1"},"canonical":"https:\/\/autosdelpodio.com\/autos\/bien-al-frente\/","og_locale":"es_ES","og_type":"article","og_title":"Autos del Podio | Bien al frente","og_description":"Autos del Podio Segunda victoria en la Clase 3 del TN para el oriundo de Entre Rios","og_url":"https:\/\/autosdelpodio.com\/autos\/bien-al-frente\/","og_site_name":"Autos del Podio","article_publisher":"https:\/\/www.facebook.com\/profile.php?id=100057192590976&amp%3bamp%3bamp%3bamp%3bamp%3bamp%3bamp%3bamp%3bamp%3bamp%3bamp%3bamp%3bamp%3bamp%3bamp%3bamp%3bamp%3bamp%3bref=ts","article_published_time":"2022-06-19T19:58:12+00:00","article_modified_time":"2022-06-19T19:58:13+00:00","og_image":[{"width":420,"height":192,"url":"https:\/\/autosdelpodio.com\/autos\/wp-content\/uploads\/2020\/04\/Logo_Turismo_Nacional.jpg","type":"image\/jpeg"}],"author":"autosdelpodio","twitter_card":"summary_large_image","twitter_creator":"@autosdelpodio","twitter_site":"@autosdelpodio","twitter_misc":{"Escrito por":"autosdelpodio","Tiempo de lectura":"4 minutos"},"schema":{"@context":"https:\/\/schema.org","@graph":[{"@type":"Article","@id":"https:\/\/autosdelpodio.com\/autos\/bien-al-frente\/#article","isPartOf":{"@id":"https:\/\/autosdelpodio.com\/autos\/bien-al-frente\/"},"author":{"name":"autosdelpodio","@id":"http:\/\/autosdelpodio.com\/autos\/#\/schema\/person\/993527a4d01c3acdd3d6bce3770bc942"},"headline":"Bien al frente","datePublished":"2022-06-19T19:58:12+00:00","dateModified":"2022-06-19T19:58:13+00:00","mainEntityOfPage":{"@id":"https:\/\/autosdelpodio.com\/autos\/bien-al-frente\/"},"wordCount":466,"commentCount":0,"publisher":{"@id":"http:\/\/autosdelpodio.com\/autos\/#organization"},"image":{"@id":"https:\/\/autosdelpodio.com\/autos\/bien-al-frente\/#primaryimage"},"thumbnailUrl":"http:\/\/autosdelpodio.com\/autos\/wp-content\/uploads\/2020\/04\/Logo_Turismo_Nacional.jpg","keywords":["Chevrolet Cruze","Joel Gassman","Neuquen","Turismo Nacional"],"articleSection":["Destacado","\u00daltimas noticias"],"inLanguage":"es","potentialAction":[{"@type":"CommentAction","name":"Comment","target":["https:\/\/autosdelpodio.com\/autos\/bien-al-frente\/#respond"]}]},{"@type":"WebPage","@id":"https:\/\/autosdelpodio.com\/autos\/bien-al-frente\/","url":"https:\/\/autosdelpodio.com\/autos\/bien-al-frente\/","name":"Autos del Podio | Bien al frente","isPartOf":{"@id":"http:\/\/autosdelpodio.com\/autos\/#website"},"primaryImageOfPage":{"@id":"https:\/\/autosdelpodio.com\/autos\/bien-al-frente\/#primaryimage"},"image":{"@id":"https:\/\/autosdelpodio.com\/autos\/bien-al-frente\/#primaryimage"},"thumbnailUrl":"http:\/\/autosdelpodio.com\/autos\/wp-content\/uploads\/2020\/04\/Logo_Turismo_Nacional.jpg","datePublished":"2022-06-19T19:58:12+00:00","dateModified":"2022-06-19T19:58:13+00:00","description":"Autos del Podio Segunda victoria en la Clase 3 del TN para el oriundo de Entre Rios","breadcrumb":{"@id":"https:\/\/autosdelpodio.com\/autos\/bien-al-frente\/#breadcrumb"},"inLanguage":"es","potentialAction":[{"@type":"ReadAction","target":["https:\/\/autosdelpodio.com\/autos\/bien-al-frente\/"]}]},{"@type":"ImageObject","inLanguage":"es","@id":"https:\/\/autosdelpodio.com\/autos\/bien-al-frente\/#primaryimage","url":"http:\/\/autosdelpodio.com\/autos\/wp-content\/uploads\/2020\/04\/Logo_Turismo_Nacional.jpg","contentUrl":"http:\/\/autosdelpodio.com\/autos\/wp-content\/uploads\/2020\/04\/Logo_Turismo_Nacional.jpg","width":420,"height":192},{"@type":"BreadcrumbList","@id":"https:\/\/autosdelpodio.com\/autos\/bien-al-frente\/#breadcrumb","itemListElement":[{"@type":"ListItem","position":1,"name":"Portada","item":"http:\/\/autosdelpodio.com\/autos\/"},{"@type":"ListItem","position":2,"name":"Bien al frente"}]},{"@type":"WebSite","@id":"http:\/\/autosdelpodio.com\/autos\/#website","url":"http:\/\/autosdelpodio.com\/autos\/","name":"Autos del Podio","description":"La sexta del deporte motor","publisher":{"@id":"http:\/\/autosdelpodio.com\/autos\/#organization"},"potentialAction":[{"@type":"SearchAction","target":{"@type":"EntryPoint","urlTemplate":"http:\/\/autosdelpodio.com\/autos\/?s={search_term_string}"},"query-input":{"@type":"PropertyValueSpecification","valueRequired":true,"valueName":"search_term_string"}}],"inLanguage":"es"},{"@type":"Organization","@id":"http:\/\/autosdelpodio.com\/autos\/#organization","name":"Autos del Podio","url":"http:\/\/autosdelpodio.com\/autos\/","logo":{"@type":"ImageObject","inLanguage":"es","@id":"http:\/\/autosdelpodio.com\/autos\/#\/schema\/logo\/image\/","url":"http:\/\/autosdelpodio.com\/autos\/wp-content\/uploads\/2020\/08\/Logo_AR.jpg","contentUrl":"http:\/\/autosdelpodio.com\/autos\/wp-content\/uploads\/2020\/08\/Logo_AR.jpg","width":1038,"height":1044,"caption":"Autos del Podio"},"image":{"@id":"http:\/\/autosdelpodio.com\/autos\/#\/schema\/logo\/image\/"},"sameAs":["https:\/\/www.facebook.com\/profile.php?id=100057192590976&amp;amp;amp;amp;amp;amp;amp;amp;amp;amp;amp;amp;amp;amp;amp;amp;amp;amp;ref=ts","https:\/\/x.com\/autosdelpodio","https:\/\/www.youtube.com\/user\/AutosdelPodio"]},{"@type":"Person","@id":"http:\/\/autosdelpodio.com\/autos\/#\/schema\/person\/993527a4d01c3acdd3d6bce3770bc942","name":"autosdelpodio","image":{"@type":"ImageObject","inLanguage":"es","@id":"http:\/\/autosdelpodio.com\/autos\/wp-content\/litespeed\/avatar\/aa8f65cd201a80f6b844f63278aa84af.jpg?ver=1777403005","url":"http:\/\/autosdelpodio.com\/autos\/wp-content\/litespeed\/avatar\/aa8f65cd201a80f6b844f63278aa84af.jpg?ver=1777403005","contentUrl":"http:\/\/autosdelpodio.com\/autos\/wp-content\/litespeed\/avatar\/aa8f65cd201a80f6b844f63278aa84af.jpg?ver=1777403005","caption":"autosdelpodio"}}]}},"views":345,"_links":{"self":[{"href":"http:\/\/autosdelpodio.com\/autos\/wp-json\/wp\/v2\/posts\/5893","targetHints":{"allow":["GET"]}}],"collection":[{"href":"http:\/\/autosdelpodio.com\/autos\/wp-json\/wp\/v2\/posts"}],"about":[{"href":"http:\/\/autosdelpodio.com\/autos\/wp-json\/wp\/v2\/types\/post"}],"author":[{"embeddable":true,"href":"http:\/\/autosdelpodio.com\/autos\/wp-json\/wp\/v2\/users\/3"}],"replies":[{"embeddable":true,"href":"http:\/\/autosdelpodio.com\/autos\/wp-json\/wp\/v2\/comments?post=5893"}],"version-history":[{"count":1,"href":"http:\/\/autosdelpodio.com\/autos\/wp-json\/wp\/v2\/posts\/5893\/revisions"}],"predecessor-version":[{"id":5894,"href":"http:\/\/autosdelpodio.com\/autos\/wp-json\/wp\/v2\/posts\/5893\/revisions\/5894"}],"wp:featuredmedia":[{"embeddable":true,"href":"http:\/\/autosdelpodio.com\/autos\/wp-json\/wp\/v2\/media\/1614"}],"wp:attachment":[{"href":"http:\/\/autosdelpodio.com\/autos\/wp-json\/wp\/v2\/media?parent=5893"}],"wp:term":[{"taxonomy":"category","embeddable":true,"href":"http:\/\/autosdelpodio.com\/autos\/wp-json\/wp\/v2\/categories?post=5893"},{"taxonomy":"post_tag","embeddable":true,"href":"http:\/\/autosdelpodio.com\/autos\/wp-json\/wp\/v2\/tags?post=5893"}],"curies":[{"name":"wp","href":"https:\/\/api.w.org\/{rel}","templated":true}]}}