{"id":5895,"date":"2022-06-19T18:12:03","date_gmt":"2022-06-19T21:12:03","guid":{"rendered":"http:\/\/autosdelpodio.com\/autos\/?p=5895"},"modified":"2022-06-19T18:12:24","modified_gmt":"2022-06-19T21:12:24","slug":"6-de-9","status":"publish","type":"post","link":"http:\/\/autosdelpodio.com\/autos\/6-de-9\/","title":{"rendered":"6 de 9"},"content":{"rendered":"\n<p>Max Verstappen lleg\u00f3 a la media docena de victorias en la actual temporada de Formula 1.El de Red Bull se impuso sin complicaciones en el el Gran Premio de Montreal.Carlos Sainz Jr. fue segundo y un recuperado Lewis Hamilton tercero.<br>Con dicho triunfo en el Canad\u00e1 el neerland\u00e9s alcanza los 175 puntos, bastante mas atr\u00e1s lo sigue su compa\u00f1ero en Red Bull Checo Perez con 129 y Charles Leclerc 126.<br>La pr\u00f3xima fecha ser\u00e1 eldel 1 al 3 de julio en el mitico circuito britanico de Silverstone.<\/p>\n\n\n\n<p><strong>Final F1 &#8211; GP de Canad\u00e1<\/strong><\/p>\n\n\n\n<figure class=\"wp-block-table\"><table><tbody><tr><td><strong>1<\/strong><\/td><td><strong>1<\/strong><\/td><td><strong>Max Verstappen<\/strong><\/td><td><strong>Red Bull RB18<\/strong><\/td><td><strong>Red Bull<\/strong><\/td><td><strong>70<\/strong><\/td><td><strong>1:36\u201921.757<\/strong><\/td><td><strong>\u2013<\/strong><\/td><td><strong>25<\/strong><\/td><\/tr><tr><td>2<\/td><td>55<\/td><td>Carlos Sainz<\/td><td>Ferrari F1-75<\/td><td>Ferrari<\/td><td>70<\/td><td>1:36\u201922.750<\/td><td>0.993<\/td><td>19*<\/td><\/tr><tr><td>3<\/td><td>44<\/td><td>Lewis Hamilton<\/td><td>Mercedes W13<\/td><td>Mercedes<\/td><td>70<\/td><td>1:36\u201928.763<\/td><td>7.006<\/td><td>15<\/td><\/tr><tr><td>4<\/td><td>63<\/td><td>George Russell<\/td><td>Mercedes W13<\/td><td>Mercedes<\/td><td>70<\/td><td>1:36\u201934.070<\/td><td>12.313<\/td><td>12<\/td><\/tr><tr><td>5<\/td><td>16<\/td><td>Charles Leclerc<\/td><td>Ferrari F1-75<\/td><td>Ferrari<\/td><td>70<\/td><td>1:36\u201936.925<\/td><td>15.168<\/td><td>10<\/td><\/tr><tr><td>6<\/td><td>31<\/td><td>Esteban Ocon<\/td><td>Alpine A522<\/td><td>Alpine<\/td><td>70<\/td><td>1:36\u201945.647<\/td><td>23.890<\/td><td>8<\/td><\/tr><tr><td>7<\/td><td>14<\/td><td>Fernando Alonso<\/td><td>Alpine A522<\/td><td>Alpine<\/td><td>70<\/td><td>1:36\u201946.702<\/td><td>24.945<\/td><td>6<\/td><\/tr><tr><td>8<\/td><td>77<\/td><td>Valtteri Bottas<\/td><td>Alfa Romeo C42<\/td><td>Alfa Romeo<\/td><td>70<\/td><td>1:36\u201947.004<\/td><td>25.247<\/td><td>4<\/td><\/tr><tr><td>9<\/td><td>24<\/td><td>Guanyu Zhou<\/td><td>Alfa Romeo C42<\/td><td>Alfa Romeo<\/td><td>70<\/td><td>1:36\u201948.709<\/td><td>26.952<\/td><td>2<\/td><\/tr><tr><td>10<\/td><td>18<\/td><td>Lance Stroll<\/td><td>Aston Martin AMR22<\/td><td>Aston Martin<\/td><td>70<\/td><td>1:36\u201959.979<\/td><td>38.222<\/td><td>1<\/td><\/tr><tr><td>11<\/td><td>3<\/td><td>Daniel Ricciardo<\/td><td>McLaren MCL36<\/td><td>McLaren<\/td><td>70<\/td><td>1:37\u201904.804<\/td><td>43.047<\/td><td><\/td><\/tr><tr><td>12<\/td><td>5<\/td><td>Sebastian Vettel<\/td><td>Aston Martin AMR22<\/td><td>Aston Martin<\/td><td>70<\/td><td>1:37\u201906.002<\/td><td>44.245<\/td><td><\/td><\/tr><tr><td>13<\/td><td>23<\/td><td>Alexander Albon<\/td><td>Williams FW44<\/td><td>Williams<\/td><td>70<\/td><td>1:37\u201906.650<\/td><td>44.893<\/td><td><\/td><\/tr><tr><td>14<\/td><td>10<\/td><td>Pierre Gasly<\/td><td>AlphaTauri AT03<\/td><td>AlphaTauri<\/td><td>70<\/td><td>1:37\u201906.940<\/td><td>45.183<\/td><td><\/td><\/tr><tr><td>15<\/td><td>4<\/td><td>Lando Norris<\/td><td>McLaren MCL36<\/td><td>McLaren<\/td><td>70<\/td><td>1:37\u201913.902<\/td><td>52.145<\/td><td><\/td><\/tr><tr><td>16<\/td><td>6<\/td><td>Nicholas Latifi<\/td><td>Williams FW44<\/td><td>Williams<\/td><td>70<\/td><td>1:37\u201921.735<\/td><td>59.978<\/td><td><\/td><\/tr><tr><td>17<\/td><td>20<\/td><td>Kevin Magnussen<\/td><td>Haas VF-22<\/td><td>Haas<\/td><td>70<\/td><td>1:37\u201929.937<\/td><td>1\u201908.180<\/td><td><\/td><\/tr><tr><td>18<\/td><td>22<\/td><td>Yuki Tsunoda<\/td><td>AlphaTauri AT03<\/td><td>AlphaTauri<\/td><td>47<\/td><td>dnf<\/td><td>\u2013<\/td><td><\/td><\/tr><tr><td>19<\/td><td>47<\/td><td>Mick Schumacher<\/td><td>Haas VF-22<\/td><td>Haas<\/td><td>18<\/td><td>dnf<\/td><td>\u2013<\/td><td><\/td><\/tr><tr><td>20<\/td><td>11<\/td><td>Sergio P\u00e9rez<\/td><td>Red Bull RB18<\/td><td>Red Bull<\/td><td>7<\/td><td>dnf<\/td><td>\u2013<\/td><\/tr><\/tbody><\/table><\/figure>\n","protected":false},"excerpt":{"rendered":"<p>Max Verstappen lleg\u00f3 a la media docena de victorias en la actual temporada de Formula 1.El de Red Bull se<\/p>\n","protected":false},"author":3,"featured_media":1751,"comment_status":"open","ping_status":"open","sticky":false,"template":"","format":"standard","meta":{"colormag_page_container_layout":"default_layout","colormag_page_sidebar_layout":"default_layout","footnotes":""},"categories":[6,5],"tags":[75,694,310,311],"class_list":["post-5895","post","type-post","status-publish","format-standard","has-post-thumbnail","hentry","category-newsflash","category-latest-news","tag-formula-1","tag-gp-canada","tag-max-verstappen","tag-red-bull"],"yoast_head":"<!-- This site is optimized with the Yoast SEO plugin v27.5 - https:\/\/yoast.com\/product\/yoast-seo-wordpress\/ -->\n<title>Autos del Podio | 6 de 9<\/title>\n<meta name=\"description\" content=\"Autos del Podio En el Circuit Gilles Villeneuve nadie pudo con Verstappen\" \/>\n<meta name=\"robots\" content=\"index, follow, max-snippet:-1, max-image-preview:large, max-video-preview:-1\" \/>\n<link rel=\"canonical\" href=\"https:\/\/autosdelpodio.com\/autos\/6-de-9\/\" \/>\n<meta property=\"og:locale\" content=\"es_ES\" \/>\n<meta property=\"og:type\" content=\"article\" \/>\n<meta property=\"og:title\" content=\"Autos del Podio | 6 de 9\" \/>\n<meta property=\"og:description\" content=\"Autos del Podio En el Circuit Gilles Villeneuve nadie pudo con Verstappen\" \/>\n<meta property=\"og:url\" content=\"https:\/\/autosdelpodio.com\/autos\/6-de-9\/\" \/>\n<meta property=\"og:site_name\" content=\"Autos del Podio\" \/>\n<meta property=\"article:publisher\" content=\"https:\/\/www.facebook.com\/profile.php?id=100057192590976&amp;amp%3bamp%3bamp%3bamp%3bamp%3bamp%3bamp%3bamp%3bamp%3bamp%3bamp%3bamp%3bamp%3bamp%3bamp%3bamp%3bamp%3bamp%3bref=ts\" \/>\n<meta property=\"article:published_time\" content=\"2022-06-19T21:12:03+00:00\" \/>\n<meta property=\"article:modified_time\" content=\"2022-06-19T21:12:24+00:00\" \/>\n<meta property=\"og:image\" content=\"https:\/\/autosdelpodio.com\/autos\/wp-content\/uploads\/2020\/04\/Logo_F1_-e1621029352226.jpg\" \/>\n\t<meta property=\"og:image:width\" content=\"500\" \/>\n\t<meta property=\"og:image:height\" content=\"278\" \/>\n\t<meta property=\"og:image:type\" content=\"image\/jpeg\" \/>\n<meta name=\"author\" content=\"autosdelpodio\" \/>\n<meta name=\"twitter:card\" content=\"summary_large_image\" \/>\n<meta name=\"twitter:creator\" content=\"@autosdelpodio\" \/>\n<meta name=\"twitter:site\" content=\"@autosdelpodio\" \/>\n<meta name=\"twitter:label1\" content=\"Escrito por\" \/>\n\t<meta name=\"twitter:data1\" content=\"autosdelpodio\" \/>\n\t<meta name=\"twitter:label2\" content=\"Tiempo de lectura\" \/>\n\t<meta name=\"twitter:data2\" content=\"2 minutos\" \/>\n<script type=\"application\/ld+json\" class=\"yoast-schema-graph\">{\"@context\":\"https:\\\/\\\/schema.org\",\"@graph\":[{\"@type\":\"Article\",\"@id\":\"https:\\\/\\\/autosdelpodio.com\\\/autos\\\/6-de-9\\\/#article\",\"isPartOf\":{\"@id\":\"https:\\\/\\\/autosdelpodio.com\\\/autos\\\/6-de-9\\\/\"},\"author\":{\"name\":\"autosdelpodio\",\"@id\":\"http:\\\/\\\/autosdelpodio.com\\\/autos\\\/#\\\/schema\\\/person\\\/993527a4d01c3acdd3d6bce3770bc942\"},\"headline\":\"6 de 9\",\"datePublished\":\"2022-06-19T21:12:03+00:00\",\"dateModified\":\"2022-06-19T21:12:24+00:00\",\"mainEntityOfPage\":{\"@id\":\"https:\\\/\\\/autosdelpodio.com\\\/autos\\\/6-de-9\\\/\"},\"wordCount\":212,\"commentCount\":0,\"publisher\":{\"@id\":\"http:\\\/\\\/autosdelpodio.com\\\/autos\\\/#organization\"},\"image\":{\"@id\":\"https:\\\/\\\/autosdelpodio.com\\\/autos\\\/6-de-9\\\/#primaryimage\"},\"thumbnailUrl\":\"http:\\\/\\\/autosdelpodio.com\\\/autos\\\/wp-content\\\/uploads\\\/2020\\\/04\\\/Logo_F1_-e1621029352226.jpg\",\"keywords\":[\"Formula 1\",\"GP Canad\u00e1\",\"Max Verstappen\",\"Red Bull\"],\"articleSection\":[\"Destacado\",\"\u00daltimas noticias\"],\"inLanguage\":\"es\",\"potentialAction\":[{\"@type\":\"CommentAction\",\"name\":\"Comment\",\"target\":[\"https:\\\/\\\/autosdelpodio.com\\\/autos\\\/6-de-9\\\/#respond\"]}]},{\"@type\":\"WebPage\",\"@id\":\"https:\\\/\\\/autosdelpodio.com\\\/autos\\\/6-de-9\\\/\",\"url\":\"https:\\\/\\\/autosdelpodio.com\\\/autos\\\/6-de-9\\\/\",\"name\":\"Autos del Podio | 6 de 9\",\"isPartOf\":{\"@id\":\"http:\\\/\\\/autosdelpodio.com\\\/autos\\\/#website\"},\"primaryImageOfPage\":{\"@id\":\"https:\\\/\\\/autosdelpodio.com\\\/autos\\\/6-de-9\\\/#primaryimage\"},\"image\":{\"@id\":\"https:\\\/\\\/autosdelpodio.com\\\/autos\\\/6-de-9\\\/#primaryimage\"},\"thumbnailUrl\":\"http:\\\/\\\/autosdelpodio.com\\\/autos\\\/wp-content\\\/uploads\\\/2020\\\/04\\\/Logo_F1_-e1621029352226.jpg\",\"datePublished\":\"2022-06-19T21:12:03+00:00\",\"dateModified\":\"2022-06-19T21:12:24+00:00\",\"description\":\"Autos del Podio En el Circuit Gilles Villeneuve nadie pudo con Verstappen\",\"breadcrumb\":{\"@id\":\"https:\\\/\\\/autosdelpodio.com\\\/autos\\\/6-de-9\\\/#breadcrumb\"},\"inLanguage\":\"es\",\"potentialAction\":[{\"@type\":\"ReadAction\",\"target\":[\"https:\\\/\\\/autosdelpodio.com\\\/autos\\\/6-de-9\\\/\"]}]},{\"@type\":\"ImageObject\",\"inLanguage\":\"es\",\"@id\":\"https:\\\/\\\/autosdelpodio.com\\\/autos\\\/6-de-9\\\/#primaryimage\",\"url\":\"http:\\\/\\\/autosdelpodio.com\\\/autos\\\/wp-content\\\/uploads\\\/2020\\\/04\\\/Logo_F1_-e1621029352226.jpg\",\"contentUrl\":\"http:\\\/\\\/autosdelpodio.com\\\/autos\\\/wp-content\\\/uploads\\\/2020\\\/04\\\/Logo_F1_-e1621029352226.jpg\",\"width\":500,\"height\":278},{\"@type\":\"BreadcrumbList\",\"@id\":\"https:\\\/\\\/autosdelpodio.com\\\/autos\\\/6-de-9\\\/#breadcrumb\",\"itemListElement\":[{\"@type\":\"ListItem\",\"position\":1,\"name\":\"Portada\",\"item\":\"http:\\\/\\\/autosdelpodio.com\\\/autos\\\/\"},{\"@type\":\"ListItem\",\"position\":2,\"name\":\"6 de 9\"}]},{\"@type\":\"WebSite\",\"@id\":\"http:\\\/\\\/autosdelpodio.com\\\/autos\\\/#website\",\"url\":\"http:\\\/\\\/autosdelpodio.com\\\/autos\\\/\",\"name\":\"Autos del Podio\",\"description\":\"La sexta del deporte motor\",\"publisher\":{\"@id\":\"http:\\\/\\\/autosdelpodio.com\\\/autos\\\/#organization\"},\"potentialAction\":[{\"@type\":\"SearchAction\",\"target\":{\"@type\":\"EntryPoint\",\"urlTemplate\":\"http:\\\/\\\/autosdelpodio.com\\\/autos\\\/?s={search_term_string}\"},\"query-input\":{\"@type\":\"PropertyValueSpecification\",\"valueRequired\":true,\"valueName\":\"search_term_string\"}}],\"inLanguage\":\"es\"},{\"@type\":\"Organization\",\"@id\":\"http:\\\/\\\/autosdelpodio.com\\\/autos\\\/#organization\",\"name\":\"Autos del Podio\",\"url\":\"http:\\\/\\\/autosdelpodio.com\\\/autos\\\/\",\"logo\":{\"@type\":\"ImageObject\",\"inLanguage\":\"es\",\"@id\":\"http:\\\/\\\/autosdelpodio.com\\\/autos\\\/#\\\/schema\\\/logo\\\/image\\\/\",\"url\":\"http:\\\/\\\/autosdelpodio.com\\\/autos\\\/wp-content\\\/uploads\\\/2020\\\/08\\\/Logo_AR.jpg\",\"contentUrl\":\"http:\\\/\\\/autosdelpodio.com\\\/autos\\\/wp-content\\\/uploads\\\/2020\\\/08\\\/Logo_AR.jpg\",\"width\":1038,\"height\":1044,\"caption\":\"Autos del Podio\"},\"image\":{\"@id\":\"http:\\\/\\\/autosdelpodio.com\\\/autos\\\/#\\\/schema\\\/logo\\\/image\\\/\"},\"sameAs\":[\"https:\\\/\\\/www.facebook.com\\\/profile.php?id=100057192590976&amp;amp;amp;amp;amp;amp;amp;amp;amp;amp;amp;amp;amp;amp;amp;amp;amp;amp;ref=ts\",\"https:\\\/\\\/x.com\\\/autosdelpodio\",\"https:\\\/\\\/www.youtube.com\\\/user\\\/AutosdelPodio\"]},{\"@type\":\"Person\",\"@id\":\"http:\\\/\\\/autosdelpodio.com\\\/autos\\\/#\\\/schema\\\/person\\\/993527a4d01c3acdd3d6bce3770bc942\",\"name\":\"autosdelpodio\",\"image\":{\"@type\":\"ImageObject\",\"inLanguage\":\"es\",\"@id\":\"http:\\\/\\\/autosdelpodio.com\\\/autos\\\/wp-content\\\/litespeed\\\/avatar\\\/aa8f65cd201a80f6b844f63278aa84af.jpg?ver=1777403005\",\"url\":\"http:\\\/\\\/autosdelpodio.com\\\/autos\\\/wp-content\\\/litespeed\\\/avatar\\\/aa8f65cd201a80f6b844f63278aa84af.jpg?ver=1777403005\",\"contentUrl\":\"http:\\\/\\\/autosdelpodio.com\\\/autos\\\/wp-content\\\/litespeed\\\/avatar\\\/aa8f65cd201a80f6b844f63278aa84af.jpg?ver=1777403005\",\"caption\":\"autosdelpodio\"}}]}<\/script>\n<!-- \/ Yoast SEO plugin. -->","yoast_head_json":{"title":"Autos del Podio | 6 de 9","description":"Autos del Podio En el Circuit Gilles Villeneuve nadie pudo con Verstappen","robots":{"index":"index","follow":"follow","max-snippet":"max-snippet:-1","max-image-preview":"max-image-preview:large","max-video-preview":"max-video-preview:-1"},"canonical":"https:\/\/autosdelpodio.com\/autos\/6-de-9\/","og_locale":"es_ES","og_type":"article","og_title":"Autos del Podio | 6 de 9","og_description":"Autos del Podio En el Circuit Gilles Villeneuve nadie pudo con Verstappen","og_url":"https:\/\/autosdelpodio.com\/autos\/6-de-9\/","og_site_name":"Autos del Podio","article_publisher":"https:\/\/www.facebook.com\/profile.php?id=100057192590976&amp%3bamp%3bamp%3bamp%3bamp%3bamp%3bamp%3bamp%3bamp%3bamp%3bamp%3bamp%3bamp%3bamp%3bamp%3bamp%3bamp%3bamp%3bref=ts","article_published_time":"2022-06-19T21:12:03+00:00","article_modified_time":"2022-06-19T21:12:24+00:00","og_image":[{"width":500,"height":278,"url":"https:\/\/autosdelpodio.com\/autos\/wp-content\/uploads\/2020\/04\/Logo_F1_-e1621029352226.jpg","type":"image\/jpeg"}],"author":"autosdelpodio","twitter_card":"summary_large_image","twitter_creator":"@autosdelpodio","twitter_site":"@autosdelpodio","twitter_misc":{"Escrito por":"autosdelpodio","Tiempo de lectura":"2 minutos"},"schema":{"@context":"https:\/\/schema.org","@graph":[{"@type":"Article","@id":"https:\/\/autosdelpodio.com\/autos\/6-de-9\/#article","isPartOf":{"@id":"https:\/\/autosdelpodio.com\/autos\/6-de-9\/"},"author":{"name":"autosdelpodio","@id":"http:\/\/autosdelpodio.com\/autos\/#\/schema\/person\/993527a4d01c3acdd3d6bce3770bc942"},"headline":"6 de 9","datePublished":"2022-06-19T21:12:03+00:00","dateModified":"2022-06-19T21:12:24+00:00","mainEntityOfPage":{"@id":"https:\/\/autosdelpodio.com\/autos\/6-de-9\/"},"wordCount":212,"commentCount":0,"publisher":{"@id":"http:\/\/autosdelpodio.com\/autos\/#organization"},"image":{"@id":"https:\/\/autosdelpodio.com\/autos\/6-de-9\/#primaryimage"},"thumbnailUrl":"http:\/\/autosdelpodio.com\/autos\/wp-content\/uploads\/2020\/04\/Logo_F1_-e1621029352226.jpg","keywords":["Formula 1","GP Canad\u00e1","Max Verstappen","Red Bull"],"articleSection":["Destacado","\u00daltimas noticias"],"inLanguage":"es","potentialAction":[{"@type":"CommentAction","name":"Comment","target":["https:\/\/autosdelpodio.com\/autos\/6-de-9\/#respond"]}]},{"@type":"WebPage","@id":"https:\/\/autosdelpodio.com\/autos\/6-de-9\/","url":"https:\/\/autosdelpodio.com\/autos\/6-de-9\/","name":"Autos del Podio | 6 de 9","isPartOf":{"@id":"http:\/\/autosdelpodio.com\/autos\/#website"},"primaryImageOfPage":{"@id":"https:\/\/autosdelpodio.com\/autos\/6-de-9\/#primaryimage"},"image":{"@id":"https:\/\/autosdelpodio.com\/autos\/6-de-9\/#primaryimage"},"thumbnailUrl":"http:\/\/autosdelpodio.com\/autos\/wp-content\/uploads\/2020\/04\/Logo_F1_-e1621029352226.jpg","datePublished":"2022-06-19T21:12:03+00:00","dateModified":"2022-06-19T21:12:24+00:00","description":"Autos del Podio En el Circuit Gilles Villeneuve nadie pudo con Verstappen","breadcrumb":{"@id":"https:\/\/autosdelpodio.com\/autos\/6-de-9\/#breadcrumb"},"inLanguage":"es","potentialAction":[{"@type":"ReadAction","target":["https:\/\/autosdelpodio.com\/autos\/6-de-9\/"]}]},{"@type":"ImageObject","inLanguage":"es","@id":"https:\/\/autosdelpodio.com\/autos\/6-de-9\/#primaryimage","url":"http:\/\/autosdelpodio.com\/autos\/wp-content\/uploads\/2020\/04\/Logo_F1_-e1621029352226.jpg","contentUrl":"http:\/\/autosdelpodio.com\/autos\/wp-content\/uploads\/2020\/04\/Logo_F1_-e1621029352226.jpg","width":500,"height":278},{"@type":"BreadcrumbList","@id":"https:\/\/autosdelpodio.com\/autos\/6-de-9\/#breadcrumb","itemListElement":[{"@type":"ListItem","position":1,"name":"Portada","item":"http:\/\/autosdelpodio.com\/autos\/"},{"@type":"ListItem","position":2,"name":"6 de 9"}]},{"@type":"WebSite","@id":"http:\/\/autosdelpodio.com\/autos\/#website","url":"http:\/\/autosdelpodio.com\/autos\/","name":"Autos del Podio","description":"La sexta del deporte motor","publisher":{"@id":"http:\/\/autosdelpodio.com\/autos\/#organization"},"potentialAction":[{"@type":"SearchAction","target":{"@type":"EntryPoint","urlTemplate":"http:\/\/autosdelpodio.com\/autos\/?s={search_term_string}"},"query-input":{"@type":"PropertyValueSpecification","valueRequired":true,"valueName":"search_term_string"}}],"inLanguage":"es"},{"@type":"Organization","@id":"http:\/\/autosdelpodio.com\/autos\/#organization","name":"Autos del Podio","url":"http:\/\/autosdelpodio.com\/autos\/","logo":{"@type":"ImageObject","inLanguage":"es","@id":"http:\/\/autosdelpodio.com\/autos\/#\/schema\/logo\/image\/","url":"http:\/\/autosdelpodio.com\/autos\/wp-content\/uploads\/2020\/08\/Logo_AR.jpg","contentUrl":"http:\/\/autosdelpodio.com\/autos\/wp-content\/uploads\/2020\/08\/Logo_AR.jpg","width":1038,"height":1044,"caption":"Autos del Podio"},"image":{"@id":"http:\/\/autosdelpodio.com\/autos\/#\/schema\/logo\/image\/"},"sameAs":["https:\/\/www.facebook.com\/profile.php?id=100057192590976&amp;amp;amp;amp;amp;amp;amp;amp;amp;amp;amp;amp;amp;amp;amp;amp;amp;amp;ref=ts","https:\/\/x.com\/autosdelpodio","https:\/\/www.youtube.com\/user\/AutosdelPodio"]},{"@type":"Person","@id":"http:\/\/autosdelpodio.com\/autos\/#\/schema\/person\/993527a4d01c3acdd3d6bce3770bc942","name":"autosdelpodio","image":{"@type":"ImageObject","inLanguage":"es","@id":"http:\/\/autosdelpodio.com\/autos\/wp-content\/litespeed\/avatar\/aa8f65cd201a80f6b844f63278aa84af.jpg?ver=1777403005","url":"http:\/\/autosdelpodio.com\/autos\/wp-content\/litespeed\/avatar\/aa8f65cd201a80f6b844f63278aa84af.jpg?ver=1777403005","contentUrl":"http:\/\/autosdelpodio.com\/autos\/wp-content\/litespeed\/avatar\/aa8f65cd201a80f6b844f63278aa84af.jpg?ver=1777403005","caption":"autosdelpodio"}}]}},"views":439,"_links":{"self":[{"href":"http:\/\/autosdelpodio.com\/autos\/wp-json\/wp\/v2\/posts\/5895","targetHints":{"allow":["GET"]}}],"collection":[{"href":"http:\/\/autosdelpodio.com\/autos\/wp-json\/wp\/v2\/posts"}],"about":[{"href":"http:\/\/autosdelpodio.com\/autos\/wp-json\/wp\/v2\/types\/post"}],"author":[{"embeddable":true,"href":"http:\/\/autosdelpodio.com\/autos\/wp-json\/wp\/v2\/users\/3"}],"replies":[{"embeddable":true,"href":"http:\/\/autosdelpodio.com\/autos\/wp-json\/wp\/v2\/comments?post=5895"}],"version-history":[{"count":1,"href":"http:\/\/autosdelpodio.com\/autos\/wp-json\/wp\/v2\/posts\/5895\/revisions"}],"predecessor-version":[{"id":5896,"href":"http:\/\/autosdelpodio.com\/autos\/wp-json\/wp\/v2\/posts\/5895\/revisions\/5896"}],"wp:featuredmedia":[{"embeddable":true,"href":"http:\/\/autosdelpodio.com\/autos\/wp-json\/wp\/v2\/media\/1751"}],"wp:attachment":[{"href":"http:\/\/autosdelpodio.com\/autos\/wp-json\/wp\/v2\/media?parent=5895"}],"wp:term":[{"taxonomy":"category","embeddable":true,"href":"http:\/\/autosdelpodio.com\/autos\/wp-json\/wp\/v2\/categories?post=5895"},{"taxonomy":"post_tag","embeddable":true,"href":"http:\/\/autosdelpodio.com\/autos\/wp-json\/wp\/v2\/tags?post=5895"}],"curies":[{"name":"wp","href":"https:\/\/api.w.org\/{rel}","templated":true}]}}