{"id":591,"date":"2012-11-22T19:58:13","date_gmt":"2012-11-22T19:58:13","guid":{"rendered":"http:\/\/autosdelpodio.com\/autos\/2012\/11\/22\/di-meglio-se-puso-serio\/"},"modified":"2012-11-22T19:58:13","modified_gmt":"2012-11-22T19:58:13","slug":"di-meglio-se-puso-serio","status":"publish","type":"post","link":"http:\/\/autosdelpodio.com\/autos\/di-meglio-se-puso-serio\/","title":{"rendered":"Di Meglio se puso serio"},"content":{"rendered":"<p style=\"text-align: justify;\">Rodolfo Di Meglio fue crudo en su an\u00e1lisis de la actualidad del automovilismo argentino y encendi\u00f3 una luz de alerta diciendo que puede terminar como el f\u00fatbol. Tambi\u00e9n puso en duda su futuro.<br \/>\u00abYo fui un laburante toda la vida. Fui un tipo consecuente, no obsecuente de la ACTC, aun con nuestras discrepancias, pero lo que m\u00e1s me molesta es la gran hipocres\u00eda que hay en los equipos. Se miente mucho en los valores de las cosas con tal de tener algunos pilotos Top.<\/p>\n<p>  <!--more-->  <\/p>\n<p>La falta de compa\u00f1erismo o amiguismo para salir a discutir, hablar y hacer cosas. Esto no pas\u00f3 siempre, esto pasa ahora, hace un tiempo, despu\u00e9s que cambiaron algunas cosas. Cambiaron los equipos, los due\u00f1os de los equipos, fijate que un referente como el Gur\u00ed Mart\u00ednez, dijo el otro d\u00eda &#8216;Correr me encanta, pero lo extra deportivo me cansa&#8217;. Entonces, no es casualidad que un tipo de casi 50 a\u00f1os, diga lo mismo que uno de 60 como yo, porque vivimos otro automovilismo.\u00bb<br \/>\u00abAc\u00e1 hay pilotos j\u00f3venes que s\u00f3lo se preocupan por agarrar un volante, y est\u00e1 bien, pero conforman estructuras, y si hubiera un contrato se resptar\u00eca. Pero ac\u00e1 se cagan en la palabra. Les chupa un huevo, vienen, corren dos carreras, se van, &#8216;Mir\u00e0, no corro m\u00e0s eh. Consegu\u00ed alguien que me cobra m\u00e1s barato&#8217;&#8230; Hay muchas desprolijidades, y la verdad, a los 60 a\u00f1os, no quiero escucharlas m\u00e0s. Me acobardaron.\u00bb<br \/>\u00abTodo eso, sumado a una realidad deportiva, que me toca lidiar con una marca dificil hace un mont\u00f3n de a\u00f1os. Vinieron un mont\u00f3n de pilotos que creyeron que iban a ganar todos los domingos, hubo propietarios de equipos que dijeron que si agarraban Dodge, ganaban todos los domingos. Vos decime cu\u00e1ntas carreras gan\u00f3 Ciantini con Ricardo Gliemmo, de hecho te dir\u00eda que abandon\u00f3 el automovilismo. O cu\u00e1ntas carreras gan\u00f3 Emiliano Spataro con Walter Alifraco. Entonces yo digo que me toc\u00f3 lidiar con una marca dificil. Y cuando me toc\u00f3 hacer una marca competitiva como Ford, en tres carreras estuvimos en la punta. No es una casualidad. Quiere decir que hay marcas en las que lleg\u00e1s m\u00e1s r\u00e1pido que otras. Me dieron el pase s\u00f3lo por tres carreras y me tuve que ir, a seguir lidiando con Dodge. Y por ser un hombre de palabra y ser un hombre con c\u00f3digos, constru\u00ed una Dodge, y fui a correr y voy a correr las \u00f9ltimas tres carreras. Podr\u00eda haber dicho que no pod\u00eda, y esperar al a\u00f1o que viene. Si corr\u00eda con Ford bien y sino no hago nada, y no gastaba 100.000 mangos. Pero no. No hice eso. Invert\u00ed en un auto, dej\u00e9 un Ford parado. Puse un auto m\u00e1s en la categor\u00eda, y despu\u00e9s te enter\u00e1s que hay pilotos que van a cambiar de marca y est\u00e1n autorizados. Entonces, yo no soy qui\u00e9n para cuestionarlas, pero puedo decir que estas cosas me cansan.\u00bb<br \/>\u00abTrucco ya me confirm\u00f3 que no corre el a\u00f1o que viene conmigo. Entonces siempre pasa lo mismo. Los pilotos siempre son los buenos de la pel\u00edcula, y el malo siempre es uno. Pero mientras tanto yo me com\u00ed el garr\u00f3n de un motor de Fern\u00e1ndez que no funcion\u00f3 en las primeras cuatro o cinco carreras, despu\u00e9s me com\u00ed el garr\u00f3n del desarrollo de Machete de otro motor, y mientras tanto la gente no sabe que estamos 25 por eso. Reci\u00e9n apareci\u00f3 el motor en estas \u00faltimas dos carreras, y en las dos clasificamos a 2\/10 de la mejor Dodge. Quiere decir que lo m\u00edo sigue intacto como siempre, pero vos no pod\u00e9s ir explicando siempre. Entonces tengo las bolas transtornadas.\u00bb<br \/>\u00abYo creo que a la larga, en no m\u00e1s de cinco a\u00f1os, esto va a ser muy similar al f\u00fatbol. Pilotos, sin\u00f3nimo de jugadores, millonarios. Equipos, sin\u00f3nimos de clubes, fundidos. Y asociaciones, sin\u00f3nimos de ACTC, AFA, millonarias. Y mientras tanto nosotros fundidos. Ojal\u00e1 lo pueda ver de afuera, pero vamos a ver en cu\u00e1nto me equivoco, en cuatro o cinco a\u00f1os.\u00bb<br \/>La nota fue muy extensa, Di Meglio cont\u00f3 que tiene posibilidades laborales en Colombia y Per\u00fa, pero es una decisi\u00f3n dificil de tomar por el desarraigo y por los empleados que tiene actualmente.<\/p>\n<p>\u00a0<\/p>\n","protected":false},"excerpt":{"rendered":"<p>Rodolfo Di Meglio fue crudo en su an\u00e1lisis de la actualidad del automovilismo argentino y encendi\u00f3 una luz de alerta<\/p>\n","protected":false},"author":1,"featured_media":0,"comment_status":"open","ping_status":"open","sticky":false,"template":"","format":"standard","meta":{"colormag_page_container_layout":"default_layout","colormag_page_sidebar_layout":"default_layout","footnotes":""},"categories":[5],"tags":[],"class_list":["post-591","post","type-post","status-publish","format-standard","hentry","category-latest-news"],"yoast_head":"<!-- This site is optimized with the Yoast SEO plugin v27.5 - https:\/\/yoast.com\/product\/yoast-seo-wordpress\/ -->\n<title>Autos del Podio | Di Meglio se puso serio<\/title>\n<meta name=\"description\" content=\"Autos del Podio\" \/>\n<meta name=\"robots\" content=\"index, follow, max-snippet:-1, max-image-preview:large, max-video-preview:-1\" \/>\n<link rel=\"canonical\" href=\"https:\/\/autosdelpodio.com\/autos\/di-meglio-se-puso-serio\/\" \/>\n<meta property=\"og:locale\" content=\"es_ES\" \/>\n<meta property=\"og:type\" content=\"article\" \/>\n<meta property=\"og:title\" content=\"Autos del Podio | Di Meglio se puso serio\" \/>\n<meta property=\"og:description\" content=\"Autos del Podio\" \/>\n<meta property=\"og:url\" content=\"https:\/\/autosdelpodio.com\/autos\/di-meglio-se-puso-serio\/\" \/>\n<meta property=\"og:site_name\" content=\"Autos del Podio\" \/>\n<meta property=\"article:publisher\" content=\"https:\/\/www.facebook.com\/profile.php?id=100057192590976&amp;amp%3bamp%3bamp%3bamp%3bamp%3bamp%3bamp%3bamp%3bamp%3bamp%3bamp%3bamp%3bamp%3bamp%3bamp%3bamp%3bamp%3bamp%3bref=ts\" \/>\n<meta property=\"article:published_time\" content=\"2012-11-22T19:58:13+00:00\" \/>\n<meta name=\"author\" content=\"wi022230\" \/>\n<meta name=\"twitter:card\" content=\"summary_large_image\" \/>\n<meta name=\"twitter:creator\" content=\"@autosdelpodio\" \/>\n<meta name=\"twitter:site\" content=\"@autosdelpodio\" \/>\n<meta name=\"twitter:label1\" content=\"Escrito por\" \/>\n\t<meta name=\"twitter:data1\" content=\"wi022230\" \/>\n\t<meta name=\"twitter:label2\" content=\"Tiempo de lectura\" \/>\n\t<meta name=\"twitter:data2\" content=\"4 minutos\" \/>\n<script type=\"application\/ld+json\" class=\"yoast-schema-graph\">{\"@context\":\"https:\\\/\\\/schema.org\",\"@graph\":[{\"@type\":\"Article\",\"@id\":\"https:\\\/\\\/autosdelpodio.com\\\/autos\\\/di-meglio-se-puso-serio\\\/#article\",\"isPartOf\":{\"@id\":\"https:\\\/\\\/autosdelpodio.com\\\/autos\\\/di-meglio-se-puso-serio\\\/\"},\"author\":{\"name\":\"wi022230\",\"@id\":\"http:\\\/\\\/autosdelpodio.com\\\/autos\\\/#\\\/schema\\\/person\\\/e88353cabf768863fdf874e30120f3ba\"},\"headline\":\"Di Meglio se puso serio\",\"datePublished\":\"2012-11-22T19:58:13+00:00\",\"mainEntityOfPage\":{\"@id\":\"https:\\\/\\\/autosdelpodio.com\\\/autos\\\/di-meglio-se-puso-serio\\\/\"},\"wordCount\":749,\"commentCount\":0,\"publisher\":{\"@id\":\"http:\\\/\\\/autosdelpodio.com\\\/autos\\\/#organization\"},\"articleSection\":[\"\u00daltimas noticias\"],\"inLanguage\":\"es\",\"potentialAction\":[{\"@type\":\"CommentAction\",\"name\":\"Comment\",\"target\":[\"https:\\\/\\\/autosdelpodio.com\\\/autos\\\/di-meglio-se-puso-serio\\\/#respond\"]}]},{\"@type\":\"WebPage\",\"@id\":\"https:\\\/\\\/autosdelpodio.com\\\/autos\\\/di-meglio-se-puso-serio\\\/\",\"url\":\"https:\\\/\\\/autosdelpodio.com\\\/autos\\\/di-meglio-se-puso-serio\\\/\",\"name\":\"Autos del Podio | Di Meglio se puso serio\",\"isPartOf\":{\"@id\":\"http:\\\/\\\/autosdelpodio.com\\\/autos\\\/#website\"},\"datePublished\":\"2012-11-22T19:58:13+00:00\",\"description\":\"Autos del Podio\",\"breadcrumb\":{\"@id\":\"https:\\\/\\\/autosdelpodio.com\\\/autos\\\/di-meglio-se-puso-serio\\\/#breadcrumb\"},\"inLanguage\":\"es\",\"potentialAction\":[{\"@type\":\"ReadAction\",\"target\":[\"https:\\\/\\\/autosdelpodio.com\\\/autos\\\/di-meglio-se-puso-serio\\\/\"]}]},{\"@type\":\"BreadcrumbList\",\"@id\":\"https:\\\/\\\/autosdelpodio.com\\\/autos\\\/di-meglio-se-puso-serio\\\/#breadcrumb\",\"itemListElement\":[{\"@type\":\"ListItem\",\"position\":1,\"name\":\"Portada\",\"item\":\"http:\\\/\\\/autosdelpodio.com\\\/autos\\\/\"},{\"@type\":\"ListItem\",\"position\":2,\"name\":\"Di Meglio se puso serio\"}]},{\"@type\":\"WebSite\",\"@id\":\"http:\\\/\\\/autosdelpodio.com\\\/autos\\\/#website\",\"url\":\"http:\\\/\\\/autosdelpodio.com\\\/autos\\\/\",\"name\":\"Autos del Podio\",\"description\":\"La sexta del deporte motor\",\"publisher\":{\"@id\":\"http:\\\/\\\/autosdelpodio.com\\\/autos\\\/#organization\"},\"potentialAction\":[{\"@type\":\"SearchAction\",\"target\":{\"@type\":\"EntryPoint\",\"urlTemplate\":\"http:\\\/\\\/autosdelpodio.com\\\/autos\\\/?s={search_term_string}\"},\"query-input\":{\"@type\":\"PropertyValueSpecification\",\"valueRequired\":true,\"valueName\":\"search_term_string\"}}],\"inLanguage\":\"es\"},{\"@type\":\"Organization\",\"@id\":\"http:\\\/\\\/autosdelpodio.com\\\/autos\\\/#organization\",\"name\":\"Autos del Podio\",\"url\":\"http:\\\/\\\/autosdelpodio.com\\\/autos\\\/\",\"logo\":{\"@type\":\"ImageObject\",\"inLanguage\":\"es\",\"@id\":\"http:\\\/\\\/autosdelpodio.com\\\/autos\\\/#\\\/schema\\\/logo\\\/image\\\/\",\"url\":\"http:\\\/\\\/autosdelpodio.com\\\/autos\\\/wp-content\\\/uploads\\\/2020\\\/08\\\/Logo_AR.jpg\",\"contentUrl\":\"http:\\\/\\\/autosdelpodio.com\\\/autos\\\/wp-content\\\/uploads\\\/2020\\\/08\\\/Logo_AR.jpg\",\"width\":1038,\"height\":1044,\"caption\":\"Autos del Podio\"},\"image\":{\"@id\":\"http:\\\/\\\/autosdelpodio.com\\\/autos\\\/#\\\/schema\\\/logo\\\/image\\\/\"},\"sameAs\":[\"https:\\\/\\\/www.facebook.com\\\/profile.php?id=100057192590976&amp;amp;amp;amp;amp;amp;amp;amp;amp;amp;amp;amp;amp;amp;amp;amp;amp;amp;ref=ts\",\"https:\\\/\\\/x.com\\\/autosdelpodio\",\"https:\\\/\\\/www.youtube.com\\\/user\\\/AutosdelPodio\"]},{\"@type\":\"Person\",\"@id\":\"http:\\\/\\\/autosdelpodio.com\\\/autos\\\/#\\\/schema\\\/person\\\/e88353cabf768863fdf874e30120f3ba\",\"name\":\"wi022230\",\"image\":{\"@type\":\"ImageObject\",\"inLanguage\":\"es\",\"@id\":\"http:\\\/\\\/autosdelpodio.com\\\/autos\\\/wp-content\\\/litespeed\\\/avatar\\\/453fc9bdbb11d766ba4c7f14d0bd0aa9.jpg?ver=1777404874\",\"url\":\"http:\\\/\\\/autosdelpodio.com\\\/autos\\\/wp-content\\\/litespeed\\\/avatar\\\/453fc9bdbb11d766ba4c7f14d0bd0aa9.jpg?ver=1777404874\",\"contentUrl\":\"http:\\\/\\\/autosdelpodio.com\\\/autos\\\/wp-content\\\/litespeed\\\/avatar\\\/453fc9bdbb11d766ba4c7f14d0bd0aa9.jpg?ver=1777404874\",\"caption\":\"wi022230\"}}]}<\/script>\n<!-- \/ Yoast SEO plugin. -->","yoast_head_json":{"title":"Autos del Podio | Di Meglio se puso serio","description":"Autos del Podio","robots":{"index":"index","follow":"follow","max-snippet":"max-snippet:-1","max-image-preview":"max-image-preview:large","max-video-preview":"max-video-preview:-1"},"canonical":"https:\/\/autosdelpodio.com\/autos\/di-meglio-se-puso-serio\/","og_locale":"es_ES","og_type":"article","og_title":"Autos del Podio | Di Meglio se puso serio","og_description":"Autos del Podio","og_url":"https:\/\/autosdelpodio.com\/autos\/di-meglio-se-puso-serio\/","og_site_name":"Autos del Podio","article_publisher":"https:\/\/www.facebook.com\/profile.php?id=100057192590976&amp%3bamp%3bamp%3bamp%3bamp%3bamp%3bamp%3bamp%3bamp%3bamp%3bamp%3bamp%3bamp%3bamp%3bamp%3bamp%3bamp%3bamp%3bref=ts","article_published_time":"2012-11-22T19:58:13+00:00","author":"wi022230","twitter_card":"summary_large_image","twitter_creator":"@autosdelpodio","twitter_site":"@autosdelpodio","twitter_misc":{"Escrito por":"wi022230","Tiempo de lectura":"4 minutos"},"schema":{"@context":"https:\/\/schema.org","@graph":[{"@type":"Article","@id":"https:\/\/autosdelpodio.com\/autos\/di-meglio-se-puso-serio\/#article","isPartOf":{"@id":"https:\/\/autosdelpodio.com\/autos\/di-meglio-se-puso-serio\/"},"author":{"name":"wi022230","@id":"http:\/\/autosdelpodio.com\/autos\/#\/schema\/person\/e88353cabf768863fdf874e30120f3ba"},"headline":"Di Meglio se puso serio","datePublished":"2012-11-22T19:58:13+00:00","mainEntityOfPage":{"@id":"https:\/\/autosdelpodio.com\/autos\/di-meglio-se-puso-serio\/"},"wordCount":749,"commentCount":0,"publisher":{"@id":"http:\/\/autosdelpodio.com\/autos\/#organization"},"articleSection":["\u00daltimas noticias"],"inLanguage":"es","potentialAction":[{"@type":"CommentAction","name":"Comment","target":["https:\/\/autosdelpodio.com\/autos\/di-meglio-se-puso-serio\/#respond"]}]},{"@type":"WebPage","@id":"https:\/\/autosdelpodio.com\/autos\/di-meglio-se-puso-serio\/","url":"https:\/\/autosdelpodio.com\/autos\/di-meglio-se-puso-serio\/","name":"Autos del Podio | Di Meglio se puso serio","isPartOf":{"@id":"http:\/\/autosdelpodio.com\/autos\/#website"},"datePublished":"2012-11-22T19:58:13+00:00","description":"Autos del Podio","breadcrumb":{"@id":"https:\/\/autosdelpodio.com\/autos\/di-meglio-se-puso-serio\/#breadcrumb"},"inLanguage":"es","potentialAction":[{"@type":"ReadAction","target":["https:\/\/autosdelpodio.com\/autos\/di-meglio-se-puso-serio\/"]}]},{"@type":"BreadcrumbList","@id":"https:\/\/autosdelpodio.com\/autos\/di-meglio-se-puso-serio\/#breadcrumb","itemListElement":[{"@type":"ListItem","position":1,"name":"Portada","item":"http:\/\/autosdelpodio.com\/autos\/"},{"@type":"ListItem","position":2,"name":"Di Meglio se puso serio"}]},{"@type":"WebSite","@id":"http:\/\/autosdelpodio.com\/autos\/#website","url":"http:\/\/autosdelpodio.com\/autos\/","name":"Autos del Podio","description":"La sexta del deporte motor","publisher":{"@id":"http:\/\/autosdelpodio.com\/autos\/#organization"},"potentialAction":[{"@type":"SearchAction","target":{"@type":"EntryPoint","urlTemplate":"http:\/\/autosdelpodio.com\/autos\/?s={search_term_string}"},"query-input":{"@type":"PropertyValueSpecification","valueRequired":true,"valueName":"search_term_string"}}],"inLanguage":"es"},{"@type":"Organization","@id":"http:\/\/autosdelpodio.com\/autos\/#organization","name":"Autos del Podio","url":"http:\/\/autosdelpodio.com\/autos\/","logo":{"@type":"ImageObject","inLanguage":"es","@id":"http:\/\/autosdelpodio.com\/autos\/#\/schema\/logo\/image\/","url":"http:\/\/autosdelpodio.com\/autos\/wp-content\/uploads\/2020\/08\/Logo_AR.jpg","contentUrl":"http:\/\/autosdelpodio.com\/autos\/wp-content\/uploads\/2020\/08\/Logo_AR.jpg","width":1038,"height":1044,"caption":"Autos del Podio"},"image":{"@id":"http:\/\/autosdelpodio.com\/autos\/#\/schema\/logo\/image\/"},"sameAs":["https:\/\/www.facebook.com\/profile.php?id=100057192590976&amp;amp;amp;amp;amp;amp;amp;amp;amp;amp;amp;amp;amp;amp;amp;amp;amp;amp;ref=ts","https:\/\/x.com\/autosdelpodio","https:\/\/www.youtube.com\/user\/AutosdelPodio"]},{"@type":"Person","@id":"http:\/\/autosdelpodio.com\/autos\/#\/schema\/person\/e88353cabf768863fdf874e30120f3ba","name":"wi022230","image":{"@type":"ImageObject","inLanguage":"es","@id":"http:\/\/autosdelpodio.com\/autos\/wp-content\/litespeed\/avatar\/453fc9bdbb11d766ba4c7f14d0bd0aa9.jpg?ver=1777404874","url":"http:\/\/autosdelpodio.com\/autos\/wp-content\/litespeed\/avatar\/453fc9bdbb11d766ba4c7f14d0bd0aa9.jpg?ver=1777404874","contentUrl":"http:\/\/autosdelpodio.com\/autos\/wp-content\/litespeed\/avatar\/453fc9bdbb11d766ba4c7f14d0bd0aa9.jpg?ver=1777404874","caption":"wi022230"}}]}},"views":451,"_links":{"self":[{"href":"http:\/\/autosdelpodio.com\/autos\/wp-json\/wp\/v2\/posts\/591","targetHints":{"allow":["GET"]}}],"collection":[{"href":"http:\/\/autosdelpodio.com\/autos\/wp-json\/wp\/v2\/posts"}],"about":[{"href":"http:\/\/autosdelpodio.com\/autos\/wp-json\/wp\/v2\/types\/post"}],"author":[{"embeddable":true,"href":"http:\/\/autosdelpodio.com\/autos\/wp-json\/wp\/v2\/users\/1"}],"replies":[{"embeddable":true,"href":"http:\/\/autosdelpodio.com\/autos\/wp-json\/wp\/v2\/comments?post=591"}],"version-history":[{"count":0,"href":"http:\/\/autosdelpodio.com\/autos\/wp-json\/wp\/v2\/posts\/591\/revisions"}],"wp:attachment":[{"href":"http:\/\/autosdelpodio.com\/autos\/wp-json\/wp\/v2\/media?parent=591"}],"wp:term":[{"taxonomy":"category","embeddable":true,"href":"http:\/\/autosdelpodio.com\/autos\/wp-json\/wp\/v2\/categories?post=591"},{"taxonomy":"post_tag","embeddable":true,"href":"http:\/\/autosdelpodio.com\/autos\/wp-json\/wp\/v2\/tags?post=591"}],"curies":[{"name":"wp","href":"https:\/\/api.w.org\/{rel}","templated":true}]}}