{"id":5933,"date":"2022-07-01T08:46:03","date_gmt":"2022-07-01T11:46:03","guid":{"rendered":"http:\/\/autosdelpodio.com\/autos\/?p=5933"},"modified":"2022-07-01T08:46:03","modified_gmt":"2022-07-01T11:46:03","slug":"el-c4-lounge-segunda-parte","status":"publish","type":"post","link":"http:\/\/autosdelpodio.com\/autos\/el-c4-lounge-segunda-parte\/","title":{"rendered":"El C4 Lounge -Segunda parte"},"content":{"rendered":"\n<p>En 2013, la opci\u00f3n sed\u00e1n fue remplazada por completo con la llegada del C4 Lounge que fue presentado en el Sal\u00f3n del Autom\u00f3vil de ese a\u00f1o. Por su parte, la variante cinco puertas se mantuvo en producci\u00f3n con el estilo anterior.<br>El nuevo C4 compart\u00eda plataforma con los Peugeot 308 y 408, que tambi\u00e9n se produc\u00edan en Palomar. El renovado Citro\u00ebn adopt\u00f3 un dise\u00f1o de carrocer\u00eda absolutamente nuevo pero mantuvo las motorizaciones nafteras y di\u00e9sel de la generaci\u00f3n precedente.<br>El equipamiento de seguridad fue ampliado con la introducci\u00f3n de doble airbag frontal, anclajes Isofix en todas las versiones, alerta de \u00e1ngulo muerto, control de tracci\u00f3n en las tope de gama.<br>En materia de confort sum\u00f3 equipo de audio con CD\/MP3\/Aux\/USB\/Bluetooth en todas las versiones, mientras que las tope de gama sumaron climatizador bi-zona, sensores de estacionamiento con c\u00e1mara de retroceso, GPS con pantalla de 7 pulgadas, encendido de motor por bot\u00f3n y tapizado en cuero<br>En 2017, al cumplirse 10 de a\u00f1os de fabricaci\u00f3n local, la marca lanz\u00f3 una serie limitada llamada \u201cCitro\u00ebn C4 Lounge 10 a\u00f1os\u201d. Por entonces, se hab\u00edan fabricado m\u00e1s de 250.000 unidades en el Centro de Producci\u00f3n El Palomar, de las cuales 190.000 correspondieron al C4 sed\u00e1n y C4 5 puertas y las 60.000 restantes al C4 Lounge.<br>Al a\u00f1o siguiente, el C4 Lounge recibi\u00f3 una actualizaci\u00f3n estil\u00edstica. El frente fue aggiornado con los c\u00f3digos estil\u00edsticos de Citro\u00ebn caracterizado por un sistema de \u00f3pticas con tecnolog\u00eda full LED integrado a la grilla. En la parte posterior, la puesta al d\u00eda qued\u00f3 evidenciada con nuevas \u00f3pticas LED 3D. Estos cambios se combinaron con el nuevo color Rojo Salta y un nuevo dise\u00f1o de llantas de 17 pulgadas.<br>En materia de motorizaciones, se mantuvieron los conocidos THP de 165 cv y turbodi\u00e9sel HDi de 115 cv combinados con transmisiones manuales y autom\u00e1ticas, ambas de seis marchas, pero se introdujo una nueva opci\u00f3n naftera, el VTi de 115 cv asociada a una caja manual de cinco marchas.<br>El Citro\u00ebn C4 Lounge fue discontinuado a fines de julio de 2021. La comercializaci\u00f3n de todas las versiones y generaciones del C4 super\u00f3 las 90.000 unidades.<\/p>\n\n\n\n<p><em>Por Gustavo Feder <\/em>&#8211; <a href=\"http:\/\/autosdelpodio.com\/autos\/citroen-c4-orgullo-nacional\/\" target=\"_blank\" rel=\"noreferrer noopener\">Ver primera parte Citr\u00f4en C4 &#8211; Orgullo Nacional <\/a><\/p>\n","protected":false},"excerpt":{"rendered":"<p>En 2013, la opci\u00f3n sed\u00e1n fue remplazada por completo con la llegada del C4 Lounge que fue presentado en el<\/p>\n","protected":false},"author":3,"featured_media":5936,"comment_status":"open","ping_status":"open","sticky":false,"template":"","format":"standard","meta":{"colormag_page_container_layout":"default_layout","colormag_page_sidebar_layout":"default_layout","footnotes":""},"categories":[21,6],"tags":[682,48,32,208,35],"class_list":["post-5933","post","type-post","status-publish","format-standard","has-post-thumbnail","hentry","category-autos-eternos","category-newsflash","tag-c4","tag-citroen","tag-industria-automotriz","tag-produccion","tag-republica-argentina"],"yoast_head":"<!-- This site is optimized with the Yoast SEO plugin v27.5 - https:\/\/yoast.com\/product\/yoast-seo-wordpress\/ -->\n<title>Autos del Podio | El C4 Lounge -Segunda parte<\/title>\n<meta name=\"description\" content=\"Autos del Podio La comercializaci\u00f3n de todas las versiones y generaciones del C4 super\u00f3 las 90.000 unidades.\" \/>\n<meta name=\"robots\" content=\"index, follow, max-snippet:-1, max-image-preview:large, max-video-preview:-1\" \/>\n<link rel=\"canonical\" href=\"http:\/\/autosdelpodio.com\/autos\/el-c4-lounge-segunda-parte\/\" \/>\n<meta property=\"og:locale\" content=\"es_ES\" \/>\n<meta property=\"og:type\" content=\"article\" \/>\n<meta property=\"og:title\" content=\"Autos del Podio | El C4 Lounge -Segunda parte\" \/>\n<meta property=\"og:description\" content=\"Autos del Podio La comercializaci\u00f3n de todas las versiones y generaciones del C4 super\u00f3 las 90.000 unidades.\" \/>\n<meta property=\"og:url\" content=\"http:\/\/autosdelpodio.com\/autos\/el-c4-lounge-segunda-parte\/\" \/>\n<meta property=\"og:site_name\" content=\"Autos del Podio\" \/>\n<meta property=\"article:publisher\" content=\"https:\/\/www.facebook.com\/profile.php?id=100057192590976&amp;amp%3bamp%3bamp%3bamp%3bamp%3bamp%3bamp%3bamp%3bamp%3bamp%3bamp%3bamp%3bamp%3bamp%3bamp%3bamp%3bamp%3bamp%3bref=ts\" \/>\n<meta property=\"article:published_time\" content=\"2022-07-01T11:46:03+00:00\" \/>\n<meta property=\"og:image\" content=\"http:\/\/autosdelpodio.com\/autos\/wp-content\/uploads\/2022\/06\/C4_Sedan_.jpg\" \/>\n\t<meta property=\"og:image:width\" content=\"500\" \/>\n\t<meta property=\"og:image:height\" content=\"332\" \/>\n\t<meta property=\"og:image:type\" content=\"image\/jpeg\" \/>\n<meta name=\"author\" content=\"autosdelpodio\" \/>\n<meta name=\"twitter:card\" content=\"summary_large_image\" \/>\n<meta name=\"twitter:creator\" content=\"@autosdelpodio\" \/>\n<meta name=\"twitter:site\" content=\"@autosdelpodio\" \/>\n<meta name=\"twitter:label1\" content=\"Escrito por\" \/>\n\t<meta name=\"twitter:data1\" content=\"autosdelpodio\" \/>\n\t<meta name=\"twitter:label2\" content=\"Tiempo de lectura\" \/>\n\t<meta name=\"twitter:data2\" content=\"2 minutos\" \/>\n<script type=\"application\/ld+json\" class=\"yoast-schema-graph\">{\"@context\":\"https:\\\/\\\/schema.org\",\"@graph\":[{\"@type\":\"Article\",\"@id\":\"http:\\\/\\\/autosdelpodio.com\\\/autos\\\/el-c4-lounge-segunda-parte\\\/#article\",\"isPartOf\":{\"@id\":\"http:\\\/\\\/autosdelpodio.com\\\/autos\\\/el-c4-lounge-segunda-parte\\\/\"},\"author\":{\"name\":\"autosdelpodio\",\"@id\":\"http:\\\/\\\/autosdelpodio.com\\\/autos\\\/#\\\/schema\\\/person\\\/993527a4d01c3acdd3d6bce3770bc942\"},\"headline\":\"El C4 Lounge -Segunda parte\",\"datePublished\":\"2022-07-01T11:46:03+00:00\",\"mainEntityOfPage\":{\"@id\":\"http:\\\/\\\/autosdelpodio.com\\\/autos\\\/el-c4-lounge-segunda-parte\\\/\"},\"wordCount\":398,\"commentCount\":0,\"publisher\":{\"@id\":\"http:\\\/\\\/autosdelpodio.com\\\/autos\\\/#organization\"},\"image\":{\"@id\":\"http:\\\/\\\/autosdelpodio.com\\\/autos\\\/el-c4-lounge-segunda-parte\\\/#primaryimage\"},\"thumbnailUrl\":\"http:\\\/\\\/autosdelpodio.com\\\/autos\\\/wp-content\\\/uploads\\\/2022\\\/06\\\/C4_Sedan_.jpg\",\"keywords\":[\"C4\",\"Citro\u00ebn\",\"Industria Automotriz\",\"Producci\u00f3n\",\"Republica Argentina\"],\"articleSection\":[\"Autos Eternos\",\"Destacado\"],\"inLanguage\":\"es\",\"potentialAction\":[{\"@type\":\"CommentAction\",\"name\":\"Comment\",\"target\":[\"http:\\\/\\\/autosdelpodio.com\\\/autos\\\/el-c4-lounge-segunda-parte\\\/#respond\"]}]},{\"@type\":\"WebPage\",\"@id\":\"http:\\\/\\\/autosdelpodio.com\\\/autos\\\/el-c4-lounge-segunda-parte\\\/\",\"url\":\"http:\\\/\\\/autosdelpodio.com\\\/autos\\\/el-c4-lounge-segunda-parte\\\/\",\"name\":\"Autos del Podio | El C4 Lounge -Segunda parte\",\"isPartOf\":{\"@id\":\"http:\\\/\\\/autosdelpodio.com\\\/autos\\\/#website\"},\"primaryImageOfPage\":{\"@id\":\"http:\\\/\\\/autosdelpodio.com\\\/autos\\\/el-c4-lounge-segunda-parte\\\/#primaryimage\"},\"image\":{\"@id\":\"http:\\\/\\\/autosdelpodio.com\\\/autos\\\/el-c4-lounge-segunda-parte\\\/#primaryimage\"},\"thumbnailUrl\":\"http:\\\/\\\/autosdelpodio.com\\\/autos\\\/wp-content\\\/uploads\\\/2022\\\/06\\\/C4_Sedan_.jpg\",\"datePublished\":\"2022-07-01T11:46:03+00:00\",\"description\":\"Autos del Podio La comercializaci\u00f3n de todas las versiones y generaciones del C4 super\u00f3 las 90.000 unidades.\",\"breadcrumb\":{\"@id\":\"http:\\\/\\\/autosdelpodio.com\\\/autos\\\/el-c4-lounge-segunda-parte\\\/#breadcrumb\"},\"inLanguage\":\"es\",\"potentialAction\":[{\"@type\":\"ReadAction\",\"target\":[\"http:\\\/\\\/autosdelpodio.com\\\/autos\\\/el-c4-lounge-segunda-parte\\\/\"]}]},{\"@type\":\"ImageObject\",\"inLanguage\":\"es\",\"@id\":\"http:\\\/\\\/autosdelpodio.com\\\/autos\\\/el-c4-lounge-segunda-parte\\\/#primaryimage\",\"url\":\"http:\\\/\\\/autosdelpodio.com\\\/autos\\\/wp-content\\\/uploads\\\/2022\\\/06\\\/C4_Sedan_.jpg\",\"contentUrl\":\"http:\\\/\\\/autosdelpodio.com\\\/autos\\\/wp-content\\\/uploads\\\/2022\\\/06\\\/C4_Sedan_.jpg\",\"width\":500,\"height\":332},{\"@type\":\"BreadcrumbList\",\"@id\":\"http:\\\/\\\/autosdelpodio.com\\\/autos\\\/el-c4-lounge-segunda-parte\\\/#breadcrumb\",\"itemListElement\":[{\"@type\":\"ListItem\",\"position\":1,\"name\":\"Portada\",\"item\":\"http:\\\/\\\/autosdelpodio.com\\\/autos\\\/\"},{\"@type\":\"ListItem\",\"position\":2,\"name\":\"El C4 Lounge -Segunda parte\"}]},{\"@type\":\"WebSite\",\"@id\":\"http:\\\/\\\/autosdelpodio.com\\\/autos\\\/#website\",\"url\":\"http:\\\/\\\/autosdelpodio.com\\\/autos\\\/\",\"name\":\"Autos del Podio\",\"description\":\"La sexta del deporte motor\",\"publisher\":{\"@id\":\"http:\\\/\\\/autosdelpodio.com\\\/autos\\\/#organization\"},\"potentialAction\":[{\"@type\":\"SearchAction\",\"target\":{\"@type\":\"EntryPoint\",\"urlTemplate\":\"http:\\\/\\\/autosdelpodio.com\\\/autos\\\/?s={search_term_string}\"},\"query-input\":{\"@type\":\"PropertyValueSpecification\",\"valueRequired\":true,\"valueName\":\"search_term_string\"}}],\"inLanguage\":\"es\"},{\"@type\":\"Organization\",\"@id\":\"http:\\\/\\\/autosdelpodio.com\\\/autos\\\/#organization\",\"name\":\"Autos del Podio\",\"url\":\"http:\\\/\\\/autosdelpodio.com\\\/autos\\\/\",\"logo\":{\"@type\":\"ImageObject\",\"inLanguage\":\"es\",\"@id\":\"http:\\\/\\\/autosdelpodio.com\\\/autos\\\/#\\\/schema\\\/logo\\\/image\\\/\",\"url\":\"http:\\\/\\\/autosdelpodio.com\\\/autos\\\/wp-content\\\/uploads\\\/2020\\\/08\\\/Logo_AR.jpg\",\"contentUrl\":\"http:\\\/\\\/autosdelpodio.com\\\/autos\\\/wp-content\\\/uploads\\\/2020\\\/08\\\/Logo_AR.jpg\",\"width\":1038,\"height\":1044,\"caption\":\"Autos del Podio\"},\"image\":{\"@id\":\"http:\\\/\\\/autosdelpodio.com\\\/autos\\\/#\\\/schema\\\/logo\\\/image\\\/\"},\"sameAs\":[\"https:\\\/\\\/www.facebook.com\\\/profile.php?id=100057192590976&amp;amp;amp;amp;amp;amp;amp;amp;amp;amp;amp;amp;amp;amp;amp;amp;amp;amp;ref=ts\",\"https:\\\/\\\/x.com\\\/autosdelpodio\",\"https:\\\/\\\/www.youtube.com\\\/user\\\/AutosdelPodio\"]},{\"@type\":\"Person\",\"@id\":\"http:\\\/\\\/autosdelpodio.com\\\/autos\\\/#\\\/schema\\\/person\\\/993527a4d01c3acdd3d6bce3770bc942\",\"name\":\"autosdelpodio\",\"image\":{\"@type\":\"ImageObject\",\"inLanguage\":\"es\",\"@id\":\"http:\\\/\\\/autosdelpodio.com\\\/autos\\\/wp-content\\\/litespeed\\\/avatar\\\/aa8f65cd201a80f6b844f63278aa84af.jpg?ver=1777403005\",\"url\":\"http:\\\/\\\/autosdelpodio.com\\\/autos\\\/wp-content\\\/litespeed\\\/avatar\\\/aa8f65cd201a80f6b844f63278aa84af.jpg?ver=1777403005\",\"contentUrl\":\"http:\\\/\\\/autosdelpodio.com\\\/autos\\\/wp-content\\\/litespeed\\\/avatar\\\/aa8f65cd201a80f6b844f63278aa84af.jpg?ver=1777403005\",\"caption\":\"autosdelpodio\"}}]}<\/script>\n<!-- \/ Yoast SEO plugin. -->","yoast_head_json":{"title":"Autos del Podio | El C4 Lounge -Segunda parte","description":"Autos del Podio La comercializaci\u00f3n de todas las versiones y generaciones del C4 super\u00f3 las 90.000 unidades.","robots":{"index":"index","follow":"follow","max-snippet":"max-snippet:-1","max-image-preview":"max-image-preview:large","max-video-preview":"max-video-preview:-1"},"canonical":"http:\/\/autosdelpodio.com\/autos\/el-c4-lounge-segunda-parte\/","og_locale":"es_ES","og_type":"article","og_title":"Autos del Podio | El C4 Lounge -Segunda parte","og_description":"Autos del Podio La comercializaci\u00f3n de todas las versiones y generaciones del C4 super\u00f3 las 90.000 unidades.","og_url":"http:\/\/autosdelpodio.com\/autos\/el-c4-lounge-segunda-parte\/","og_site_name":"Autos del Podio","article_publisher":"https:\/\/www.facebook.com\/profile.php?id=100057192590976&amp%3bamp%3bamp%3bamp%3bamp%3bamp%3bamp%3bamp%3bamp%3bamp%3bamp%3bamp%3bamp%3bamp%3bamp%3bamp%3bamp%3bamp%3bref=ts","article_published_time":"2022-07-01T11:46:03+00:00","og_image":[{"width":500,"height":332,"url":"http:\/\/autosdelpodio.com\/autos\/wp-content\/uploads\/2022\/06\/C4_Sedan_.jpg","type":"image\/jpeg"}],"author":"autosdelpodio","twitter_card":"summary_large_image","twitter_creator":"@autosdelpodio","twitter_site":"@autosdelpodio","twitter_misc":{"Escrito por":"autosdelpodio","Tiempo de lectura":"2 minutos"},"schema":{"@context":"https:\/\/schema.org","@graph":[{"@type":"Article","@id":"http:\/\/autosdelpodio.com\/autos\/el-c4-lounge-segunda-parte\/#article","isPartOf":{"@id":"http:\/\/autosdelpodio.com\/autos\/el-c4-lounge-segunda-parte\/"},"author":{"name":"autosdelpodio","@id":"http:\/\/autosdelpodio.com\/autos\/#\/schema\/person\/993527a4d01c3acdd3d6bce3770bc942"},"headline":"El C4 Lounge -Segunda parte","datePublished":"2022-07-01T11:46:03+00:00","mainEntityOfPage":{"@id":"http:\/\/autosdelpodio.com\/autos\/el-c4-lounge-segunda-parte\/"},"wordCount":398,"commentCount":0,"publisher":{"@id":"http:\/\/autosdelpodio.com\/autos\/#organization"},"image":{"@id":"http:\/\/autosdelpodio.com\/autos\/el-c4-lounge-segunda-parte\/#primaryimage"},"thumbnailUrl":"http:\/\/autosdelpodio.com\/autos\/wp-content\/uploads\/2022\/06\/C4_Sedan_.jpg","keywords":["C4","Citro\u00ebn","Industria Automotriz","Producci\u00f3n","Republica Argentina"],"articleSection":["Autos Eternos","Destacado"],"inLanguage":"es","potentialAction":[{"@type":"CommentAction","name":"Comment","target":["http:\/\/autosdelpodio.com\/autos\/el-c4-lounge-segunda-parte\/#respond"]}]},{"@type":"WebPage","@id":"http:\/\/autosdelpodio.com\/autos\/el-c4-lounge-segunda-parte\/","url":"http:\/\/autosdelpodio.com\/autos\/el-c4-lounge-segunda-parte\/","name":"Autos del Podio | El C4 Lounge -Segunda parte","isPartOf":{"@id":"http:\/\/autosdelpodio.com\/autos\/#website"},"primaryImageOfPage":{"@id":"http:\/\/autosdelpodio.com\/autos\/el-c4-lounge-segunda-parte\/#primaryimage"},"image":{"@id":"http:\/\/autosdelpodio.com\/autos\/el-c4-lounge-segunda-parte\/#primaryimage"},"thumbnailUrl":"http:\/\/autosdelpodio.com\/autos\/wp-content\/uploads\/2022\/06\/C4_Sedan_.jpg","datePublished":"2022-07-01T11:46:03+00:00","description":"Autos del Podio La comercializaci\u00f3n de todas las versiones y generaciones del C4 super\u00f3 las 90.000 unidades.","breadcrumb":{"@id":"http:\/\/autosdelpodio.com\/autos\/el-c4-lounge-segunda-parte\/#breadcrumb"},"inLanguage":"es","potentialAction":[{"@type":"ReadAction","target":["http:\/\/autosdelpodio.com\/autos\/el-c4-lounge-segunda-parte\/"]}]},{"@type":"ImageObject","inLanguage":"es","@id":"http:\/\/autosdelpodio.com\/autos\/el-c4-lounge-segunda-parte\/#primaryimage","url":"http:\/\/autosdelpodio.com\/autos\/wp-content\/uploads\/2022\/06\/C4_Sedan_.jpg","contentUrl":"http:\/\/autosdelpodio.com\/autos\/wp-content\/uploads\/2022\/06\/C4_Sedan_.jpg","width":500,"height":332},{"@type":"BreadcrumbList","@id":"http:\/\/autosdelpodio.com\/autos\/el-c4-lounge-segunda-parte\/#breadcrumb","itemListElement":[{"@type":"ListItem","position":1,"name":"Portada","item":"http:\/\/autosdelpodio.com\/autos\/"},{"@type":"ListItem","position":2,"name":"El C4 Lounge -Segunda parte"}]},{"@type":"WebSite","@id":"http:\/\/autosdelpodio.com\/autos\/#website","url":"http:\/\/autosdelpodio.com\/autos\/","name":"Autos del Podio","description":"La sexta del deporte motor","publisher":{"@id":"http:\/\/autosdelpodio.com\/autos\/#organization"},"potentialAction":[{"@type":"SearchAction","target":{"@type":"EntryPoint","urlTemplate":"http:\/\/autosdelpodio.com\/autos\/?s={search_term_string}"},"query-input":{"@type":"PropertyValueSpecification","valueRequired":true,"valueName":"search_term_string"}}],"inLanguage":"es"},{"@type":"Organization","@id":"http:\/\/autosdelpodio.com\/autos\/#organization","name":"Autos del Podio","url":"http:\/\/autosdelpodio.com\/autos\/","logo":{"@type":"ImageObject","inLanguage":"es","@id":"http:\/\/autosdelpodio.com\/autos\/#\/schema\/logo\/image\/","url":"http:\/\/autosdelpodio.com\/autos\/wp-content\/uploads\/2020\/08\/Logo_AR.jpg","contentUrl":"http:\/\/autosdelpodio.com\/autos\/wp-content\/uploads\/2020\/08\/Logo_AR.jpg","width":1038,"height":1044,"caption":"Autos del Podio"},"image":{"@id":"http:\/\/autosdelpodio.com\/autos\/#\/schema\/logo\/image\/"},"sameAs":["https:\/\/www.facebook.com\/profile.php?id=100057192590976&amp;amp;amp;amp;amp;amp;amp;amp;amp;amp;amp;amp;amp;amp;amp;amp;amp;amp;ref=ts","https:\/\/x.com\/autosdelpodio","https:\/\/www.youtube.com\/user\/AutosdelPodio"]},{"@type":"Person","@id":"http:\/\/autosdelpodio.com\/autos\/#\/schema\/person\/993527a4d01c3acdd3d6bce3770bc942","name":"autosdelpodio","image":{"@type":"ImageObject","inLanguage":"es","@id":"http:\/\/autosdelpodio.com\/autos\/wp-content\/litespeed\/avatar\/aa8f65cd201a80f6b844f63278aa84af.jpg?ver=1777403005","url":"http:\/\/autosdelpodio.com\/autos\/wp-content\/litespeed\/avatar\/aa8f65cd201a80f6b844f63278aa84af.jpg?ver=1777403005","contentUrl":"http:\/\/autosdelpodio.com\/autos\/wp-content\/litespeed\/avatar\/aa8f65cd201a80f6b844f63278aa84af.jpg?ver=1777403005","caption":"autosdelpodio"}}]}},"views":409,"_links":{"self":[{"href":"http:\/\/autosdelpodio.com\/autos\/wp-json\/wp\/v2\/posts\/5933","targetHints":{"allow":["GET"]}}],"collection":[{"href":"http:\/\/autosdelpodio.com\/autos\/wp-json\/wp\/v2\/posts"}],"about":[{"href":"http:\/\/autosdelpodio.com\/autos\/wp-json\/wp\/v2\/types\/post"}],"author":[{"embeddable":true,"href":"http:\/\/autosdelpodio.com\/autos\/wp-json\/wp\/v2\/users\/3"}],"replies":[{"embeddable":true,"href":"http:\/\/autosdelpodio.com\/autos\/wp-json\/wp\/v2\/comments?post=5933"}],"version-history":[{"count":3,"href":"http:\/\/autosdelpodio.com\/autos\/wp-json\/wp\/v2\/posts\/5933\/revisions"}],"predecessor-version":[{"id":5944,"href":"http:\/\/autosdelpodio.com\/autos\/wp-json\/wp\/v2\/posts\/5933\/revisions\/5944"}],"wp:featuredmedia":[{"embeddable":true,"href":"http:\/\/autosdelpodio.com\/autos\/wp-json\/wp\/v2\/media\/5936"}],"wp:attachment":[{"href":"http:\/\/autosdelpodio.com\/autos\/wp-json\/wp\/v2\/media?parent=5933"}],"wp:term":[{"taxonomy":"category","embeddable":true,"href":"http:\/\/autosdelpodio.com\/autos\/wp-json\/wp\/v2\/categories?post=5933"},{"taxonomy":"post_tag","embeddable":true,"href":"http:\/\/autosdelpodio.com\/autos\/wp-json\/wp\/v2\/tags?post=5933"}],"curies":[{"name":"wp","href":"https:\/\/api.w.org\/{rel}","templated":true}]}}