{"id":5968,"date":"2022-07-10T13:35:28","date_gmt":"2022-07-10T16:35:28","guid":{"rendered":"http:\/\/autosdelpodio.com\/autos\/?p=5968"},"modified":"2022-07-10T13:35:29","modified_gmt":"2022-07-10T16:35:29","slug":"triunfo-de-visitante","status":"publish","type":"post","link":"http:\/\/autosdelpodio.com\/autos\/triunfo-de-visitante\/","title":{"rendered":"Triunfo de visitante"},"content":{"rendered":"\n<p>Charles Leclerc se llev\u00f3 el triunfo en el GP de Spielberg despojando al m\u00e1ximo candidato y Poleman Max Verstappen.Lewis Hamilton que volvi\u00f3 al podio lleg\u00f3 tercero.<br>No obstante el torneo lo sigue teniendo all\u00e1 en lo alto a Max Verstappen con 208 puntos. En Luego aparece Charles Leclerc con 170 puntos y Checo P\u00e9rez con 151 puntos.<br>La pr\u00f3xima competencia ser\u00e1 dentro de dos semana en el circuito de Paul Ricard, correspondiente al Gran Premio de Francia.<\/p>\n\n\n\n<p><strong>Final F1 &#8211; GP de Austria<\/strong><\/p>\n\n\n\n<figure class=\"wp-block-table\"><table><tbody><tr><\/tr><tr><td>Pos.<\/td><td>Piloto<\/td><td>Equipo<\/td><td>Tiempo<\/td><td>Vueltas<\/td><\/tr><tr><td>1\u00ba<\/td><td>C. Leclerc (M)<\/td><td>Ferrari<\/td><td><\/td><td>69\/71<\/td><\/tr><tr><td>2\u00ba<\/td><td>M. Verstappen (M)<\/td><td>Red Bull<\/td><td>+ 2\u20337<\/td><td><\/td><\/tr><tr><td>3\u00ba<\/td><td>L. Hamilton (D)<\/td><td>Mercedes<\/td><td>+ 39\u20332<\/td><td><\/td><\/tr><tr><td>4\u00ba<\/td><td>E. Ocon (D)<\/td><td>Alpine<\/td><td>+ 57\u20332<\/td><td><\/td><\/tr><tr><td>5\u00ba<\/td><td>G. Russell (D)<\/td><td>Mercedes<\/td><td>+ 62\u20338<\/td><td><\/td><\/tr><tr><td>6\u00ba<\/td><td>M. Schumacher (D)<\/td><td>Haas<\/td><td>+ 1 vuelta<\/td><td><\/td><\/tr><tr><td>7\u00ba<\/td><td>L. Norris (D)<\/td><td>McLaren<\/td><td>+ 1 vuelta<\/td><td><\/td><\/tr><tr><td>8\u00ba<\/td><td>K. Magnussen (Dr)<\/td><td>Haas<\/td><td>+ 1 vuelta<\/td><td><\/td><\/tr><tr><td>9\u00ba<\/td><td>D. Ricciardo (D)<\/td><td>McLaren<\/td><td>+ 1 vuelta<\/td><td><\/td><\/tr><tr><td>10\u00ba<\/td><td>V. Bottas (D)<\/td><td>Alfa Romeo<\/td><td>+ 1 vuelta<\/td><td><\/td><\/tr><tr><td>11\u00ba<\/td><td>F. Alonso (M)<\/td><td>Alpine<\/td><td>+ 1 vuelta<\/td><td><\/td><\/tr><tr><td>12\u00ba<\/td><td>A. Albon (D)<\/td><td>Williams<\/td><td>+ 1 vuelta<\/td><td><\/td><\/tr><tr><td>13\u00ba<\/td><td>L. Stroll (M)<\/td><td>Aston Martin<\/td><td>+ 1 vuelta<\/td><td><\/td><\/tr><tr><td>14\u00ba<\/td><td>G. Zhou (M)<\/td><td>Alfa Romeo<\/td><td>+ 1 vuelta<\/td><td><\/td><\/tr><tr><td>15\u00ba<\/td><td>P. Gasly (D)<\/td><td>AlphaTauri<\/td><td>+ 1 vuelta<\/td><td><\/td><\/tr><tr><td>16\u00ba<\/td><td>S. Vettel (M)<\/td><td>Aston Martin<\/td><td>+ 1 vuelta<\/td><td><\/td><\/tr><tr><td>17\u00ba<\/td><td>C. Sainz (D)<\/td><td>Ferrari<\/td><td>AB.<\/td><td><\/td><\/tr><tr><td>18\u00ba<\/td><td>Y. Tsunoda (D)<\/td><td>AlphaTauri<\/td><td>AB.<\/td><td><\/td><\/tr><tr><td>19\u00ba<\/td><td>N. Latifi (D)<\/td><td>Williams<\/td><td>AB.<\/td><td><\/td><\/tr><tr><td>20\u00ba<\/td><td>S. Perez (D)<\/td><td>Red Bull<\/td><td>AB.<\/td><\/tr><\/tbody><\/table><\/figure>\n","protected":false},"excerpt":{"rendered":"<p>Charles Leclerc se llev\u00f3 el triunfo en el GP de Spielberg despojando al m\u00e1ximo candidato y Poleman Max Verstappen.Lewis Hamilton<\/p>\n","protected":false},"author":3,"featured_media":1751,"comment_status":"open","ping_status":"open","sticky":false,"template":"","format":"standard","meta":{"colormag_page_container_layout":"default_layout","colormag_page_sidebar_layout":"default_layout","footnotes":""},"categories":[6,5],"tags":[659,177,75,285],"class_list":["post-5968","post","type-post","status-publish","format-standard","has-post-thumbnail","hentry","category-newsflash","category-latest-news","tag-charles-leclerc","tag-ferrari","tag-formula-1","tag-gp-austria"],"yoast_head":"<!-- This site is optimized with the Yoast SEO plugin v27.5 - https:\/\/yoast.com\/product\/yoast-seo-wordpress\/ -->\n<title>Autos del Podio | Triunfo de visitante<\/title>\n<meta name=\"description\" content=\"Autos del Podio Segundo triunfo en fila para Ferrari que se luci\u00f3 en Austria\" \/>\n<meta name=\"robots\" content=\"index, follow, max-snippet:-1, max-image-preview:large, max-video-preview:-1\" \/>\n<link rel=\"canonical\" href=\"http:\/\/autosdelpodio.com\/autos\/triunfo-de-visitante\/\" \/>\n<meta property=\"og:locale\" content=\"es_ES\" \/>\n<meta property=\"og:type\" content=\"article\" \/>\n<meta property=\"og:title\" content=\"Autos del Podio | Triunfo de visitante\" \/>\n<meta property=\"og:description\" content=\"Autos del Podio Segundo triunfo en fila para Ferrari que se luci\u00f3 en Austria\" \/>\n<meta property=\"og:url\" content=\"http:\/\/autosdelpodio.com\/autos\/triunfo-de-visitante\/\" \/>\n<meta property=\"og:site_name\" content=\"Autos del Podio\" \/>\n<meta property=\"article:publisher\" content=\"https:\/\/www.facebook.com\/profile.php?id=100057192590976&amp;amp%3bamp%3bamp%3bamp%3bamp%3bamp%3bamp%3bamp%3bamp%3bamp%3bamp%3bamp%3bamp%3bamp%3bamp%3bamp%3bamp%3bamp%3bref=ts\" \/>\n<meta property=\"article:published_time\" content=\"2022-07-10T16:35:28+00:00\" \/>\n<meta property=\"article:modified_time\" content=\"2022-07-10T16:35:29+00:00\" \/>\n<meta property=\"og:image\" content=\"http:\/\/autosdelpodio.com\/autos\/wp-content\/uploads\/2020\/04\/Logo_F1_-e1621029352226.jpg\" \/>\n\t<meta property=\"og:image:width\" content=\"500\" \/>\n\t<meta property=\"og:image:height\" content=\"278\" \/>\n\t<meta property=\"og:image:type\" content=\"image\/jpeg\" \/>\n<meta name=\"author\" content=\"autosdelpodio\" \/>\n<meta name=\"twitter:card\" content=\"summary_large_image\" \/>\n<meta name=\"twitter:creator\" content=\"@autosdelpodio\" \/>\n<meta name=\"twitter:site\" content=\"@autosdelpodio\" \/>\n<meta name=\"twitter:label1\" content=\"Escrito por\" \/>\n\t<meta name=\"twitter:data1\" content=\"autosdelpodio\" \/>\n\t<meta name=\"twitter:label2\" content=\"Tiempo de lectura\" \/>\n\t<meta name=\"twitter:data2\" content=\"2 minutos\" \/>\n<script type=\"application\/ld+json\" class=\"yoast-schema-graph\">{\"@context\":\"https:\\\/\\\/schema.org\",\"@graph\":[{\"@type\":\"Article\",\"@id\":\"http:\\\/\\\/autosdelpodio.com\\\/autos\\\/triunfo-de-visitante\\\/#article\",\"isPartOf\":{\"@id\":\"http:\\\/\\\/autosdelpodio.com\\\/autos\\\/triunfo-de-visitante\\\/\"},\"author\":{\"name\":\"autosdelpodio\",\"@id\":\"http:\\\/\\\/autosdelpodio.com\\\/autos\\\/#\\\/schema\\\/person\\\/993527a4d01c3acdd3d6bce3770bc942\"},\"headline\":\"Triunfo de visitante\",\"datePublished\":\"2022-07-10T16:35:28+00:00\",\"dateModified\":\"2022-07-10T16:35:29+00:00\",\"mainEntityOfPage\":{\"@id\":\"http:\\\/\\\/autosdelpodio.com\\\/autos\\\/triunfo-de-visitante\\\/\"},\"wordCount\":193,\"commentCount\":0,\"publisher\":{\"@id\":\"http:\\\/\\\/autosdelpodio.com\\\/autos\\\/#organization\"},\"image\":{\"@id\":\"http:\\\/\\\/autosdelpodio.com\\\/autos\\\/triunfo-de-visitante\\\/#primaryimage\"},\"thumbnailUrl\":\"http:\\\/\\\/autosdelpodio.com\\\/autos\\\/wp-content\\\/uploads\\\/2020\\\/04\\\/Logo_F1_-e1621029352226.jpg\",\"keywords\":[\"Charles Leclerc\",\"Ferrari\",\"Formula 1\",\"GP Austria\"],\"articleSection\":[\"Destacado\",\"\u00daltimas noticias\"],\"inLanguage\":\"es\",\"potentialAction\":[{\"@type\":\"CommentAction\",\"name\":\"Comment\",\"target\":[\"http:\\\/\\\/autosdelpodio.com\\\/autos\\\/triunfo-de-visitante\\\/#respond\"]}]},{\"@type\":\"WebPage\",\"@id\":\"http:\\\/\\\/autosdelpodio.com\\\/autos\\\/triunfo-de-visitante\\\/\",\"url\":\"http:\\\/\\\/autosdelpodio.com\\\/autos\\\/triunfo-de-visitante\\\/\",\"name\":\"Autos del Podio | Triunfo de visitante\",\"isPartOf\":{\"@id\":\"http:\\\/\\\/autosdelpodio.com\\\/autos\\\/#website\"},\"primaryImageOfPage\":{\"@id\":\"http:\\\/\\\/autosdelpodio.com\\\/autos\\\/triunfo-de-visitante\\\/#primaryimage\"},\"image\":{\"@id\":\"http:\\\/\\\/autosdelpodio.com\\\/autos\\\/triunfo-de-visitante\\\/#primaryimage\"},\"thumbnailUrl\":\"http:\\\/\\\/autosdelpodio.com\\\/autos\\\/wp-content\\\/uploads\\\/2020\\\/04\\\/Logo_F1_-e1621029352226.jpg\",\"datePublished\":\"2022-07-10T16:35:28+00:00\",\"dateModified\":\"2022-07-10T16:35:29+00:00\",\"description\":\"Autos del Podio Segundo triunfo en fila para Ferrari que se luci\u00f3 en Austria\",\"breadcrumb\":{\"@id\":\"http:\\\/\\\/autosdelpodio.com\\\/autos\\\/triunfo-de-visitante\\\/#breadcrumb\"},\"inLanguage\":\"es\",\"potentialAction\":[{\"@type\":\"ReadAction\",\"target\":[\"http:\\\/\\\/autosdelpodio.com\\\/autos\\\/triunfo-de-visitante\\\/\"]}]},{\"@type\":\"ImageObject\",\"inLanguage\":\"es\",\"@id\":\"http:\\\/\\\/autosdelpodio.com\\\/autos\\\/triunfo-de-visitante\\\/#primaryimage\",\"url\":\"http:\\\/\\\/autosdelpodio.com\\\/autos\\\/wp-content\\\/uploads\\\/2020\\\/04\\\/Logo_F1_-e1621029352226.jpg\",\"contentUrl\":\"http:\\\/\\\/autosdelpodio.com\\\/autos\\\/wp-content\\\/uploads\\\/2020\\\/04\\\/Logo_F1_-e1621029352226.jpg\",\"width\":500,\"height\":278},{\"@type\":\"BreadcrumbList\",\"@id\":\"http:\\\/\\\/autosdelpodio.com\\\/autos\\\/triunfo-de-visitante\\\/#breadcrumb\",\"itemListElement\":[{\"@type\":\"ListItem\",\"position\":1,\"name\":\"Portada\",\"item\":\"http:\\\/\\\/autosdelpodio.com\\\/autos\\\/\"},{\"@type\":\"ListItem\",\"position\":2,\"name\":\"Triunfo de visitante\"}]},{\"@type\":\"WebSite\",\"@id\":\"http:\\\/\\\/autosdelpodio.com\\\/autos\\\/#website\",\"url\":\"http:\\\/\\\/autosdelpodio.com\\\/autos\\\/\",\"name\":\"Autos del Podio\",\"description\":\"La sexta del deporte motor\",\"publisher\":{\"@id\":\"http:\\\/\\\/autosdelpodio.com\\\/autos\\\/#organization\"},\"potentialAction\":[{\"@type\":\"SearchAction\",\"target\":{\"@type\":\"EntryPoint\",\"urlTemplate\":\"http:\\\/\\\/autosdelpodio.com\\\/autos\\\/?s={search_term_string}\"},\"query-input\":{\"@type\":\"PropertyValueSpecification\",\"valueRequired\":true,\"valueName\":\"search_term_string\"}}],\"inLanguage\":\"es\"},{\"@type\":\"Organization\",\"@id\":\"http:\\\/\\\/autosdelpodio.com\\\/autos\\\/#organization\",\"name\":\"Autos del Podio\",\"url\":\"http:\\\/\\\/autosdelpodio.com\\\/autos\\\/\",\"logo\":{\"@type\":\"ImageObject\",\"inLanguage\":\"es\",\"@id\":\"http:\\\/\\\/autosdelpodio.com\\\/autos\\\/#\\\/schema\\\/logo\\\/image\\\/\",\"url\":\"http:\\\/\\\/autosdelpodio.com\\\/autos\\\/wp-content\\\/uploads\\\/2020\\\/08\\\/Logo_AR.jpg\",\"contentUrl\":\"http:\\\/\\\/autosdelpodio.com\\\/autos\\\/wp-content\\\/uploads\\\/2020\\\/08\\\/Logo_AR.jpg\",\"width\":1038,\"height\":1044,\"caption\":\"Autos del Podio\"},\"image\":{\"@id\":\"http:\\\/\\\/autosdelpodio.com\\\/autos\\\/#\\\/schema\\\/logo\\\/image\\\/\"},\"sameAs\":[\"https:\\\/\\\/www.facebook.com\\\/profile.php?id=100057192590976&amp;amp;amp;amp;amp;amp;amp;amp;amp;amp;amp;amp;amp;amp;amp;amp;amp;amp;ref=ts\",\"https:\\\/\\\/x.com\\\/autosdelpodio\",\"https:\\\/\\\/www.youtube.com\\\/user\\\/AutosdelPodio\"]},{\"@type\":\"Person\",\"@id\":\"http:\\\/\\\/autosdelpodio.com\\\/autos\\\/#\\\/schema\\\/person\\\/993527a4d01c3acdd3d6bce3770bc942\",\"name\":\"autosdelpodio\",\"image\":{\"@type\":\"ImageObject\",\"inLanguage\":\"es\",\"@id\":\"http:\\\/\\\/autosdelpodio.com\\\/autos\\\/wp-content\\\/litespeed\\\/avatar\\\/aa8f65cd201a80f6b844f63278aa84af.jpg?ver=1777403005\",\"url\":\"http:\\\/\\\/autosdelpodio.com\\\/autos\\\/wp-content\\\/litespeed\\\/avatar\\\/aa8f65cd201a80f6b844f63278aa84af.jpg?ver=1777403005\",\"contentUrl\":\"http:\\\/\\\/autosdelpodio.com\\\/autos\\\/wp-content\\\/litespeed\\\/avatar\\\/aa8f65cd201a80f6b844f63278aa84af.jpg?ver=1777403005\",\"caption\":\"autosdelpodio\"}}]}<\/script>\n<!-- \/ Yoast SEO plugin. -->","yoast_head_json":{"title":"Autos del Podio | Triunfo de visitante","description":"Autos del Podio Segundo triunfo en fila para Ferrari que se luci\u00f3 en Austria","robots":{"index":"index","follow":"follow","max-snippet":"max-snippet:-1","max-image-preview":"max-image-preview:large","max-video-preview":"max-video-preview:-1"},"canonical":"http:\/\/autosdelpodio.com\/autos\/triunfo-de-visitante\/","og_locale":"es_ES","og_type":"article","og_title":"Autos del Podio | Triunfo de visitante","og_description":"Autos del Podio Segundo triunfo en fila para Ferrari que se luci\u00f3 en Austria","og_url":"http:\/\/autosdelpodio.com\/autos\/triunfo-de-visitante\/","og_site_name":"Autos del Podio","article_publisher":"https:\/\/www.facebook.com\/profile.php?id=100057192590976&amp%3bamp%3bamp%3bamp%3bamp%3bamp%3bamp%3bamp%3bamp%3bamp%3bamp%3bamp%3bamp%3bamp%3bamp%3bamp%3bamp%3bamp%3bref=ts","article_published_time":"2022-07-10T16:35:28+00:00","article_modified_time":"2022-07-10T16:35:29+00:00","og_image":[{"width":500,"height":278,"url":"http:\/\/autosdelpodio.com\/autos\/wp-content\/uploads\/2020\/04\/Logo_F1_-e1621029352226.jpg","type":"image\/jpeg"}],"author":"autosdelpodio","twitter_card":"summary_large_image","twitter_creator":"@autosdelpodio","twitter_site":"@autosdelpodio","twitter_misc":{"Escrito por":"autosdelpodio","Tiempo de lectura":"2 minutos"},"schema":{"@context":"https:\/\/schema.org","@graph":[{"@type":"Article","@id":"http:\/\/autosdelpodio.com\/autos\/triunfo-de-visitante\/#article","isPartOf":{"@id":"http:\/\/autosdelpodio.com\/autos\/triunfo-de-visitante\/"},"author":{"name":"autosdelpodio","@id":"http:\/\/autosdelpodio.com\/autos\/#\/schema\/person\/993527a4d01c3acdd3d6bce3770bc942"},"headline":"Triunfo de visitante","datePublished":"2022-07-10T16:35:28+00:00","dateModified":"2022-07-10T16:35:29+00:00","mainEntityOfPage":{"@id":"http:\/\/autosdelpodio.com\/autos\/triunfo-de-visitante\/"},"wordCount":193,"commentCount":0,"publisher":{"@id":"http:\/\/autosdelpodio.com\/autos\/#organization"},"image":{"@id":"http:\/\/autosdelpodio.com\/autos\/triunfo-de-visitante\/#primaryimage"},"thumbnailUrl":"http:\/\/autosdelpodio.com\/autos\/wp-content\/uploads\/2020\/04\/Logo_F1_-e1621029352226.jpg","keywords":["Charles Leclerc","Ferrari","Formula 1","GP Austria"],"articleSection":["Destacado","\u00daltimas noticias"],"inLanguage":"es","potentialAction":[{"@type":"CommentAction","name":"Comment","target":["http:\/\/autosdelpodio.com\/autos\/triunfo-de-visitante\/#respond"]}]},{"@type":"WebPage","@id":"http:\/\/autosdelpodio.com\/autos\/triunfo-de-visitante\/","url":"http:\/\/autosdelpodio.com\/autos\/triunfo-de-visitante\/","name":"Autos del Podio | Triunfo de visitante","isPartOf":{"@id":"http:\/\/autosdelpodio.com\/autos\/#website"},"primaryImageOfPage":{"@id":"http:\/\/autosdelpodio.com\/autos\/triunfo-de-visitante\/#primaryimage"},"image":{"@id":"http:\/\/autosdelpodio.com\/autos\/triunfo-de-visitante\/#primaryimage"},"thumbnailUrl":"http:\/\/autosdelpodio.com\/autos\/wp-content\/uploads\/2020\/04\/Logo_F1_-e1621029352226.jpg","datePublished":"2022-07-10T16:35:28+00:00","dateModified":"2022-07-10T16:35:29+00:00","description":"Autos del Podio Segundo triunfo en fila para Ferrari que se luci\u00f3 en Austria","breadcrumb":{"@id":"http:\/\/autosdelpodio.com\/autos\/triunfo-de-visitante\/#breadcrumb"},"inLanguage":"es","potentialAction":[{"@type":"ReadAction","target":["http:\/\/autosdelpodio.com\/autos\/triunfo-de-visitante\/"]}]},{"@type":"ImageObject","inLanguage":"es","@id":"http:\/\/autosdelpodio.com\/autos\/triunfo-de-visitante\/#primaryimage","url":"http:\/\/autosdelpodio.com\/autos\/wp-content\/uploads\/2020\/04\/Logo_F1_-e1621029352226.jpg","contentUrl":"http:\/\/autosdelpodio.com\/autos\/wp-content\/uploads\/2020\/04\/Logo_F1_-e1621029352226.jpg","width":500,"height":278},{"@type":"BreadcrumbList","@id":"http:\/\/autosdelpodio.com\/autos\/triunfo-de-visitante\/#breadcrumb","itemListElement":[{"@type":"ListItem","position":1,"name":"Portada","item":"http:\/\/autosdelpodio.com\/autos\/"},{"@type":"ListItem","position":2,"name":"Triunfo de visitante"}]},{"@type":"WebSite","@id":"http:\/\/autosdelpodio.com\/autos\/#website","url":"http:\/\/autosdelpodio.com\/autos\/","name":"Autos del Podio","description":"La sexta del deporte motor","publisher":{"@id":"http:\/\/autosdelpodio.com\/autos\/#organization"},"potentialAction":[{"@type":"SearchAction","target":{"@type":"EntryPoint","urlTemplate":"http:\/\/autosdelpodio.com\/autos\/?s={search_term_string}"},"query-input":{"@type":"PropertyValueSpecification","valueRequired":true,"valueName":"search_term_string"}}],"inLanguage":"es"},{"@type":"Organization","@id":"http:\/\/autosdelpodio.com\/autos\/#organization","name":"Autos del Podio","url":"http:\/\/autosdelpodio.com\/autos\/","logo":{"@type":"ImageObject","inLanguage":"es","@id":"http:\/\/autosdelpodio.com\/autos\/#\/schema\/logo\/image\/","url":"http:\/\/autosdelpodio.com\/autos\/wp-content\/uploads\/2020\/08\/Logo_AR.jpg","contentUrl":"http:\/\/autosdelpodio.com\/autos\/wp-content\/uploads\/2020\/08\/Logo_AR.jpg","width":1038,"height":1044,"caption":"Autos del Podio"},"image":{"@id":"http:\/\/autosdelpodio.com\/autos\/#\/schema\/logo\/image\/"},"sameAs":["https:\/\/www.facebook.com\/profile.php?id=100057192590976&amp;amp;amp;amp;amp;amp;amp;amp;amp;amp;amp;amp;amp;amp;amp;amp;amp;amp;ref=ts","https:\/\/x.com\/autosdelpodio","https:\/\/www.youtube.com\/user\/AutosdelPodio"]},{"@type":"Person","@id":"http:\/\/autosdelpodio.com\/autos\/#\/schema\/person\/993527a4d01c3acdd3d6bce3770bc942","name":"autosdelpodio","image":{"@type":"ImageObject","inLanguage":"es","@id":"http:\/\/autosdelpodio.com\/autos\/wp-content\/litespeed\/avatar\/aa8f65cd201a80f6b844f63278aa84af.jpg?ver=1777403005","url":"http:\/\/autosdelpodio.com\/autos\/wp-content\/litespeed\/avatar\/aa8f65cd201a80f6b844f63278aa84af.jpg?ver=1777403005","contentUrl":"http:\/\/autosdelpodio.com\/autos\/wp-content\/litespeed\/avatar\/aa8f65cd201a80f6b844f63278aa84af.jpg?ver=1777403005","caption":"autosdelpodio"}}]}},"views":311,"_links":{"self":[{"href":"http:\/\/autosdelpodio.com\/autos\/wp-json\/wp\/v2\/posts\/5968","targetHints":{"allow":["GET"]}}],"collection":[{"href":"http:\/\/autosdelpodio.com\/autos\/wp-json\/wp\/v2\/posts"}],"about":[{"href":"http:\/\/autosdelpodio.com\/autos\/wp-json\/wp\/v2\/types\/post"}],"author":[{"embeddable":true,"href":"http:\/\/autosdelpodio.com\/autos\/wp-json\/wp\/v2\/users\/3"}],"replies":[{"embeddable":true,"href":"http:\/\/autosdelpodio.com\/autos\/wp-json\/wp\/v2\/comments?post=5968"}],"version-history":[{"count":2,"href":"http:\/\/autosdelpodio.com\/autos\/wp-json\/wp\/v2\/posts\/5968\/revisions"}],"predecessor-version":[{"id":5970,"href":"http:\/\/autosdelpodio.com\/autos\/wp-json\/wp\/v2\/posts\/5968\/revisions\/5970"}],"wp:featuredmedia":[{"embeddable":true,"href":"http:\/\/autosdelpodio.com\/autos\/wp-json\/wp\/v2\/media\/1751"}],"wp:attachment":[{"href":"http:\/\/autosdelpodio.com\/autos\/wp-json\/wp\/v2\/media?parent=5968"}],"wp:term":[{"taxonomy":"category","embeddable":true,"href":"http:\/\/autosdelpodio.com\/autos\/wp-json\/wp\/v2\/categories?post=5968"},{"taxonomy":"post_tag","embeddable":true,"href":"http:\/\/autosdelpodio.com\/autos\/wp-json\/wp\/v2\/tags?post=5968"}],"curies":[{"name":"wp","href":"https:\/\/api.w.org\/{rel}","templated":true}]}}