{"id":5971,"date":"2022-07-10T15:19:23","date_gmt":"2022-07-10T18:19:23","guid":{"rendered":"http:\/\/autosdelpodio.com\/autos\/?p=5971"},"modified":"2022-07-10T15:19:24","modified_gmt":"2022-07-10T18:19:24","slug":"hermanos-y-arrecifenos","status":"publish","type":"post","link":"http:\/\/autosdelpodio.com\/autos\/hermanos-y-arrecifenos\/","title":{"rendered":"Hermanos y arrecife\u00f1os"},"content":{"rendered":"\n<p>Josito en primera instancia y Stefano Di Palma en la carrera final pusieron adelante al equipo Fiat en El Villucum en la fecha que tuvo pilotos invitados.Valent\u00edn Aguirre y Juan Tom\u00e1s Catal\u00e1n Magni sus invitados de un podio repleto de la Cuna de Campeones.<br>Buena iniciativa repiti\u00f3 la categor\u00eda que fue la de acercar nuevos pilotos a la divisional mayor, entre ellos los campeones Agust\u00edn Canapino y Emiliano Spataro para generar dos buenos espect\u00e1culos, fundamentalmente el ultimo que entreg\u00f3 emociones hasta la bandera a cuadros entre los Fiat Crono de los vencedores y Canapino con el Cruze #5 de Lucas Guerra.<br>Pese a no meter doblete Josito se va de San Juan como nuevo l\u00edder con 162 puntos con 10 de ventaja sobre Marcelo Ciarrocchi.<br>La pr\u00f3xima y s\u00e9ptima del calendario tendr\u00e1 como escenario al Aut\u00f3dromo Ciudad de Rafaela del 29 al 31 de julio.<\/p>\n\n\n\n<p><strong>Segunda Carrera TRV6 &#8211; San Juan<br><\/strong>1 FIAT 38 S.DI PALMA 13 27;07.488<br>2 FIAT 138 AGUIRRE 13 27;08.036 548<br>3 CHEVROLET 5 CANAPINO 13 27;08.357 869<br>4 LEXUS 1 AZAR 13 27;08.637 1.149<br>5 MERCEDES 88 FRITZLER 13 27;09.626 2.138<br>6 FORD 33 DELLA MOTTA 13 27;10.218 2.730<br>7 LEXUS 83 GRANJA 13 27;10.787 3.299<br>8 LEXUS 96 PALAU 13 27;12.384 4.896<br>9 LEXUS 99 MARQUES 13 27;14.456 6.968<br>10 MERCEDES 12 GUISTOZZI (M) 13 27;14.760 7.272<br>11 LEXUS 90 SANCHEZ 13 27;18.913 11.425<br>12 CHEVROLET 771 ABELLA 13 28;10.699 1;03.211<br>13 FORD 3 FELIPPO 12 25;22.389 1 vta<br>14 LEXUS 100 SPATARO 11 23;26.559 2 vtas<br>15 CHEVROLET 71 PERSIA 11 23;27.322 2 vtas<br>16 ROSSI 7 HERRERA 8 16;29.700 5 vtas<br>17 CHEVROLET 41 BARRIO 5 9;10.214 8 vtas<br>18 FIAT 107 FRANO 1 2;15.900 12 vtas<\/p>\n\n\n\n<p><strong>Primera carrera TRV6<br><\/strong>1 FIAT 138 J.DI PALMA 15 26;53.241<br>2 FORD 40 CIARROCCHI 15 26;58.574 5.333<br>3 FIAT 38 C.MAGNI 15 26;59.259 6.018<br>4 LEXUS 83 ALDRIGHETTI 15 26;59.517 6.276<br>5 CHEVROLET 5 GUERRA 15 27;07.468 14.227<br>6 FORD 33 SAPAG 15 27;10.897 17.656<br>7 CHEVROLET 71 MARTINEZ 15 27;11.874 18.633<br>8 MERCEDES 7 ROSSI 15 27;14.148 20.907<br>9 LEXUS 1 BARRICHELLO 15 27;16.036 22.795<br>10 LEXUS 100 REUTEMANN 15 27;17.905 24.664<br>11 CHEVROLET 41 FERNANDEZ 15 27;21.816 28.575<br>12 FIAT 107 VERRIELO 15 27;24.634 31.393<br>13 MERCEDES 12 FLAQUE 15 27;27.214 33.973<br>14 LEXUS 96 OLMEDO 15 27;28.486 35.245<br>15 FORD 3 CINGOLANI 15 27;43.958 50.717<br>16 LEXUS 90 BONNIN 15 27;46.932 53.691<br>17 MERCEDES 88 CHIRIANO (M) 15 27;58.042 1;04.801<br>18 LEXUS 8 BORSANI 15 27;58.718 1;05.477<br>19 LEXUS 99 CAPURRO 14 25;35.065 1 vta<br>20 CHEVROLET 771 BALZANO 14 27;48.091 1 vta<\/p>\n","protected":false},"excerpt":{"rendered":"<p>Josito en primera instancia y Stefano Di Palma en la carrera final pusieron adelante al equipo Fiat en El Villucum<\/p>\n","protected":false},"author":3,"featured_media":2533,"comment_status":"open","ping_status":"open","sticky":false,"template":"","format":"standard","meta":{"colormag_page_container_layout":"default_layout","colormag_page_sidebar_layout":"default_layout","footnotes":""},"categories":[6,5],"tags":[316,697,314,698,79],"class_list":["post-5971","post","type-post","status-publish","format-standard","has-post-thumbnail","hentry","category-newsflash","category-latest-news","tag-el-villicum","tag-fiat-cronos","tag-san-juan","tag-stefano-di-palma","tag-top-race-v6"],"yoast_head":"<!-- This site is optimized with the Yoast SEO plugin v27.4 - https:\/\/yoast.com\/product\/yoast-seo-wordpress\/ -->\n<title>Autos del Podio | Hermanos y arrecife\u00f1os<\/title>\n<meta name=\"description\" content=\"Autos del Podio Primer triunfo en el Top Race V6 para Fefo Di Palma\" \/>\n<meta name=\"robots\" content=\"index, follow, max-snippet:-1, max-image-preview:large, max-video-preview:-1\" \/>\n<link rel=\"canonical\" href=\"https:\/\/autosdelpodio.com\/autos\/hermanos-y-arrecifenos\/\" \/>\n<meta property=\"og:locale\" content=\"es_ES\" \/>\n<meta property=\"og:type\" content=\"article\" \/>\n<meta property=\"og:title\" content=\"Autos del Podio | Hermanos y arrecife\u00f1os\" \/>\n<meta property=\"og:description\" content=\"Autos del Podio Primer triunfo en el Top Race V6 para Fefo Di Palma\" \/>\n<meta property=\"og:url\" content=\"https:\/\/autosdelpodio.com\/autos\/hermanos-y-arrecifenos\/\" \/>\n<meta property=\"og:site_name\" content=\"Autos del Podio\" \/>\n<meta property=\"article:publisher\" content=\"https:\/\/www.facebook.com\/profile.php?id=100057192590976&amp;amp%3bamp%3bamp%3bamp%3bamp%3bamp%3bamp%3bamp%3bamp%3bamp%3bamp%3bamp%3bamp%3bamp%3bamp%3bamp%3bamp%3bamp%3bref=ts\" \/>\n<meta property=\"article:published_time\" content=\"2022-07-10T18:19:23+00:00\" \/>\n<meta property=\"article:modified_time\" content=\"2022-07-10T18:19:24+00:00\" \/>\n<meta property=\"og:image\" content=\"https:\/\/autosdelpodio.com\/autos\/wp-content\/uploads\/2020\/08\/Logo_Top_Race-e1646006293842.jpg\" \/>\n\t<meta property=\"og:image:width\" content=\"200\" \/>\n\t<meta property=\"og:image:height\" content=\"200\" \/>\n\t<meta property=\"og:image:type\" content=\"image\/jpeg\" \/>\n<meta name=\"author\" content=\"autosdelpodio\" \/>\n<meta name=\"twitter:card\" content=\"summary_large_image\" \/>\n<meta name=\"twitter:creator\" content=\"@autosdelpodio\" \/>\n<meta name=\"twitter:site\" content=\"@autosdelpodio\" \/>\n<meta name=\"twitter:label1\" content=\"Escrito por\" \/>\n\t<meta name=\"twitter:data1\" content=\"autosdelpodio\" \/>\n\t<meta name=\"twitter:label2\" content=\"Tiempo de lectura\" \/>\n\t<meta name=\"twitter:data2\" content=\"2 minutos\" \/>\n<script type=\"application\/ld+json\" class=\"yoast-schema-graph\">{\"@context\":\"https:\\\/\\\/schema.org\",\"@graph\":[{\"@type\":\"Article\",\"@id\":\"https:\\\/\\\/autosdelpodio.com\\\/autos\\\/hermanos-y-arrecifenos\\\/#article\",\"isPartOf\":{\"@id\":\"https:\\\/\\\/autosdelpodio.com\\\/autos\\\/hermanos-y-arrecifenos\\\/\"},\"author\":{\"name\":\"autosdelpodio\",\"@id\":\"http:\\\/\\\/autosdelpodio.com\\\/autos\\\/#\\\/schema\\\/person\\\/993527a4d01c3acdd3d6bce3770bc942\"},\"headline\":\"Hermanos y arrecife\u00f1os\",\"datePublished\":\"2022-07-10T18:19:23+00:00\",\"dateModified\":\"2022-07-10T18:19:24+00:00\",\"mainEntityOfPage\":{\"@id\":\"https:\\\/\\\/autosdelpodio.com\\\/autos\\\/hermanos-y-arrecifenos\\\/\"},\"wordCount\":256,\"commentCount\":0,\"publisher\":{\"@id\":\"http:\\\/\\\/autosdelpodio.com\\\/autos\\\/#organization\"},\"image\":{\"@id\":\"https:\\\/\\\/autosdelpodio.com\\\/autos\\\/hermanos-y-arrecifenos\\\/#primaryimage\"},\"thumbnailUrl\":\"http:\\\/\\\/autosdelpodio.com\\\/autos\\\/wp-content\\\/uploads\\\/2020\\\/08\\\/Logo_Top_Race-e1646006293842.jpg\",\"keywords\":[\"El Villicum\",\"Fiat Cronos\",\"San Juan\",\"Stefano Di Palma\",\"Top Race V6\"],\"articleSection\":[\"Destacado\",\"\u00daltimas noticias\"],\"inLanguage\":\"es\",\"potentialAction\":[{\"@type\":\"CommentAction\",\"name\":\"Comment\",\"target\":[\"https:\\\/\\\/autosdelpodio.com\\\/autos\\\/hermanos-y-arrecifenos\\\/#respond\"]}]},{\"@type\":\"WebPage\",\"@id\":\"https:\\\/\\\/autosdelpodio.com\\\/autos\\\/hermanos-y-arrecifenos\\\/\",\"url\":\"https:\\\/\\\/autosdelpodio.com\\\/autos\\\/hermanos-y-arrecifenos\\\/\",\"name\":\"Autos del Podio | Hermanos y arrecife\u00f1os\",\"isPartOf\":{\"@id\":\"http:\\\/\\\/autosdelpodio.com\\\/autos\\\/#website\"},\"primaryImageOfPage\":{\"@id\":\"https:\\\/\\\/autosdelpodio.com\\\/autos\\\/hermanos-y-arrecifenos\\\/#primaryimage\"},\"image\":{\"@id\":\"https:\\\/\\\/autosdelpodio.com\\\/autos\\\/hermanos-y-arrecifenos\\\/#primaryimage\"},\"thumbnailUrl\":\"http:\\\/\\\/autosdelpodio.com\\\/autos\\\/wp-content\\\/uploads\\\/2020\\\/08\\\/Logo_Top_Race-e1646006293842.jpg\",\"datePublished\":\"2022-07-10T18:19:23+00:00\",\"dateModified\":\"2022-07-10T18:19:24+00:00\",\"description\":\"Autos del Podio Primer triunfo en el Top Race V6 para Fefo Di Palma\",\"breadcrumb\":{\"@id\":\"https:\\\/\\\/autosdelpodio.com\\\/autos\\\/hermanos-y-arrecifenos\\\/#breadcrumb\"},\"inLanguage\":\"es\",\"potentialAction\":[{\"@type\":\"ReadAction\",\"target\":[\"https:\\\/\\\/autosdelpodio.com\\\/autos\\\/hermanos-y-arrecifenos\\\/\"]}]},{\"@type\":\"ImageObject\",\"inLanguage\":\"es\",\"@id\":\"https:\\\/\\\/autosdelpodio.com\\\/autos\\\/hermanos-y-arrecifenos\\\/#primaryimage\",\"url\":\"http:\\\/\\\/autosdelpodio.com\\\/autos\\\/wp-content\\\/uploads\\\/2020\\\/08\\\/Logo_Top_Race-e1646006293842.jpg\",\"contentUrl\":\"http:\\\/\\\/autosdelpodio.com\\\/autos\\\/wp-content\\\/uploads\\\/2020\\\/08\\\/Logo_Top_Race-e1646006293842.jpg\",\"width\":200,\"height\":200},{\"@type\":\"BreadcrumbList\",\"@id\":\"https:\\\/\\\/autosdelpodio.com\\\/autos\\\/hermanos-y-arrecifenos\\\/#breadcrumb\",\"itemListElement\":[{\"@type\":\"ListItem\",\"position\":1,\"name\":\"Portada\",\"item\":\"http:\\\/\\\/autosdelpodio.com\\\/autos\\\/\"},{\"@type\":\"ListItem\",\"position\":2,\"name\":\"Hermanos y arrecife\u00f1os\"}]},{\"@type\":\"WebSite\",\"@id\":\"http:\\\/\\\/autosdelpodio.com\\\/autos\\\/#website\",\"url\":\"http:\\\/\\\/autosdelpodio.com\\\/autos\\\/\",\"name\":\"Autos del Podio\",\"description\":\"La sexta del deporte motor\",\"publisher\":{\"@id\":\"http:\\\/\\\/autosdelpodio.com\\\/autos\\\/#organization\"},\"potentialAction\":[{\"@type\":\"SearchAction\",\"target\":{\"@type\":\"EntryPoint\",\"urlTemplate\":\"http:\\\/\\\/autosdelpodio.com\\\/autos\\\/?s={search_term_string}\"},\"query-input\":{\"@type\":\"PropertyValueSpecification\",\"valueRequired\":true,\"valueName\":\"search_term_string\"}}],\"inLanguage\":\"es\"},{\"@type\":\"Organization\",\"@id\":\"http:\\\/\\\/autosdelpodio.com\\\/autos\\\/#organization\",\"name\":\"Autos del Podio\",\"url\":\"http:\\\/\\\/autosdelpodio.com\\\/autos\\\/\",\"logo\":{\"@type\":\"ImageObject\",\"inLanguage\":\"es\",\"@id\":\"http:\\\/\\\/autosdelpodio.com\\\/autos\\\/#\\\/schema\\\/logo\\\/image\\\/\",\"url\":\"http:\\\/\\\/autosdelpodio.com\\\/autos\\\/wp-content\\\/uploads\\\/2020\\\/08\\\/Logo_AR.jpg\",\"contentUrl\":\"http:\\\/\\\/autosdelpodio.com\\\/autos\\\/wp-content\\\/uploads\\\/2020\\\/08\\\/Logo_AR.jpg\",\"width\":1038,\"height\":1044,\"caption\":\"Autos del Podio\"},\"image\":{\"@id\":\"http:\\\/\\\/autosdelpodio.com\\\/autos\\\/#\\\/schema\\\/logo\\\/image\\\/\"},\"sameAs\":[\"https:\\\/\\\/www.facebook.com\\\/profile.php?id=100057192590976&amp;amp;amp;amp;amp;amp;amp;amp;amp;amp;amp;amp;amp;amp;amp;amp;amp;amp;ref=ts\",\"https:\\\/\\\/x.com\\\/autosdelpodio\",\"https:\\\/\\\/www.youtube.com\\\/user\\\/AutosdelPodio\"]},{\"@type\":\"Person\",\"@id\":\"http:\\\/\\\/autosdelpodio.com\\\/autos\\\/#\\\/schema\\\/person\\\/993527a4d01c3acdd3d6bce3770bc942\",\"name\":\"autosdelpodio\",\"image\":{\"@type\":\"ImageObject\",\"inLanguage\":\"es\",\"@id\":\"http:\\\/\\\/autosdelpodio.com\\\/autos\\\/wp-content\\\/litespeed\\\/avatar\\\/aa8f65cd201a80f6b844f63278aa84af.jpg?ver=1776798175\",\"url\":\"http:\\\/\\\/autosdelpodio.com\\\/autos\\\/wp-content\\\/litespeed\\\/avatar\\\/aa8f65cd201a80f6b844f63278aa84af.jpg?ver=1776798175\",\"contentUrl\":\"http:\\\/\\\/autosdelpodio.com\\\/autos\\\/wp-content\\\/litespeed\\\/avatar\\\/aa8f65cd201a80f6b844f63278aa84af.jpg?ver=1776798175\",\"caption\":\"autosdelpodio\"}}]}<\/script>\n<!-- \/ Yoast SEO plugin. -->","yoast_head_json":{"title":"Autos del Podio | Hermanos y arrecife\u00f1os","description":"Autos del Podio Primer triunfo en el Top Race V6 para Fefo Di Palma","robots":{"index":"index","follow":"follow","max-snippet":"max-snippet:-1","max-image-preview":"max-image-preview:large","max-video-preview":"max-video-preview:-1"},"canonical":"https:\/\/autosdelpodio.com\/autos\/hermanos-y-arrecifenos\/","og_locale":"es_ES","og_type":"article","og_title":"Autos del Podio | Hermanos y arrecife\u00f1os","og_description":"Autos del Podio Primer triunfo en el Top Race V6 para Fefo Di Palma","og_url":"https:\/\/autosdelpodio.com\/autos\/hermanos-y-arrecifenos\/","og_site_name":"Autos del Podio","article_publisher":"https:\/\/www.facebook.com\/profile.php?id=100057192590976&amp%3bamp%3bamp%3bamp%3bamp%3bamp%3bamp%3bamp%3bamp%3bamp%3bamp%3bamp%3bamp%3bamp%3bamp%3bamp%3bamp%3bamp%3bref=ts","article_published_time":"2022-07-10T18:19:23+00:00","article_modified_time":"2022-07-10T18:19:24+00:00","og_image":[{"width":200,"height":200,"url":"https:\/\/autosdelpodio.com\/autos\/wp-content\/uploads\/2020\/08\/Logo_Top_Race-e1646006293842.jpg","type":"image\/jpeg"}],"author":"autosdelpodio","twitter_card":"summary_large_image","twitter_creator":"@autosdelpodio","twitter_site":"@autosdelpodio","twitter_misc":{"Escrito por":"autosdelpodio","Tiempo de lectura":"2 minutos"},"schema":{"@context":"https:\/\/schema.org","@graph":[{"@type":"Article","@id":"https:\/\/autosdelpodio.com\/autos\/hermanos-y-arrecifenos\/#article","isPartOf":{"@id":"https:\/\/autosdelpodio.com\/autos\/hermanos-y-arrecifenos\/"},"author":{"name":"autosdelpodio","@id":"http:\/\/autosdelpodio.com\/autos\/#\/schema\/person\/993527a4d01c3acdd3d6bce3770bc942"},"headline":"Hermanos y arrecife\u00f1os","datePublished":"2022-07-10T18:19:23+00:00","dateModified":"2022-07-10T18:19:24+00:00","mainEntityOfPage":{"@id":"https:\/\/autosdelpodio.com\/autos\/hermanos-y-arrecifenos\/"},"wordCount":256,"commentCount":0,"publisher":{"@id":"http:\/\/autosdelpodio.com\/autos\/#organization"},"image":{"@id":"https:\/\/autosdelpodio.com\/autos\/hermanos-y-arrecifenos\/#primaryimage"},"thumbnailUrl":"http:\/\/autosdelpodio.com\/autos\/wp-content\/uploads\/2020\/08\/Logo_Top_Race-e1646006293842.jpg","keywords":["El Villicum","Fiat Cronos","San Juan","Stefano Di Palma","Top Race V6"],"articleSection":["Destacado","\u00daltimas noticias"],"inLanguage":"es","potentialAction":[{"@type":"CommentAction","name":"Comment","target":["https:\/\/autosdelpodio.com\/autos\/hermanos-y-arrecifenos\/#respond"]}]},{"@type":"WebPage","@id":"https:\/\/autosdelpodio.com\/autos\/hermanos-y-arrecifenos\/","url":"https:\/\/autosdelpodio.com\/autos\/hermanos-y-arrecifenos\/","name":"Autos del Podio | Hermanos y arrecife\u00f1os","isPartOf":{"@id":"http:\/\/autosdelpodio.com\/autos\/#website"},"primaryImageOfPage":{"@id":"https:\/\/autosdelpodio.com\/autos\/hermanos-y-arrecifenos\/#primaryimage"},"image":{"@id":"https:\/\/autosdelpodio.com\/autos\/hermanos-y-arrecifenos\/#primaryimage"},"thumbnailUrl":"http:\/\/autosdelpodio.com\/autos\/wp-content\/uploads\/2020\/08\/Logo_Top_Race-e1646006293842.jpg","datePublished":"2022-07-10T18:19:23+00:00","dateModified":"2022-07-10T18:19:24+00:00","description":"Autos del Podio Primer triunfo en el Top Race V6 para Fefo Di Palma","breadcrumb":{"@id":"https:\/\/autosdelpodio.com\/autos\/hermanos-y-arrecifenos\/#breadcrumb"},"inLanguage":"es","potentialAction":[{"@type":"ReadAction","target":["https:\/\/autosdelpodio.com\/autos\/hermanos-y-arrecifenos\/"]}]},{"@type":"ImageObject","inLanguage":"es","@id":"https:\/\/autosdelpodio.com\/autos\/hermanos-y-arrecifenos\/#primaryimage","url":"http:\/\/autosdelpodio.com\/autos\/wp-content\/uploads\/2020\/08\/Logo_Top_Race-e1646006293842.jpg","contentUrl":"http:\/\/autosdelpodio.com\/autos\/wp-content\/uploads\/2020\/08\/Logo_Top_Race-e1646006293842.jpg","width":200,"height":200},{"@type":"BreadcrumbList","@id":"https:\/\/autosdelpodio.com\/autos\/hermanos-y-arrecifenos\/#breadcrumb","itemListElement":[{"@type":"ListItem","position":1,"name":"Portada","item":"http:\/\/autosdelpodio.com\/autos\/"},{"@type":"ListItem","position":2,"name":"Hermanos y arrecife\u00f1os"}]},{"@type":"WebSite","@id":"http:\/\/autosdelpodio.com\/autos\/#website","url":"http:\/\/autosdelpodio.com\/autos\/","name":"Autos del Podio","description":"La sexta del deporte motor","publisher":{"@id":"http:\/\/autosdelpodio.com\/autos\/#organization"},"potentialAction":[{"@type":"SearchAction","target":{"@type":"EntryPoint","urlTemplate":"http:\/\/autosdelpodio.com\/autos\/?s={search_term_string}"},"query-input":{"@type":"PropertyValueSpecification","valueRequired":true,"valueName":"search_term_string"}}],"inLanguage":"es"},{"@type":"Organization","@id":"http:\/\/autosdelpodio.com\/autos\/#organization","name":"Autos del Podio","url":"http:\/\/autosdelpodio.com\/autos\/","logo":{"@type":"ImageObject","inLanguage":"es","@id":"http:\/\/autosdelpodio.com\/autos\/#\/schema\/logo\/image\/","url":"http:\/\/autosdelpodio.com\/autos\/wp-content\/uploads\/2020\/08\/Logo_AR.jpg","contentUrl":"http:\/\/autosdelpodio.com\/autos\/wp-content\/uploads\/2020\/08\/Logo_AR.jpg","width":1038,"height":1044,"caption":"Autos del Podio"},"image":{"@id":"http:\/\/autosdelpodio.com\/autos\/#\/schema\/logo\/image\/"},"sameAs":["https:\/\/www.facebook.com\/profile.php?id=100057192590976&amp;amp;amp;amp;amp;amp;amp;amp;amp;amp;amp;amp;amp;amp;amp;amp;amp;amp;ref=ts","https:\/\/x.com\/autosdelpodio","https:\/\/www.youtube.com\/user\/AutosdelPodio"]},{"@type":"Person","@id":"http:\/\/autosdelpodio.com\/autos\/#\/schema\/person\/993527a4d01c3acdd3d6bce3770bc942","name":"autosdelpodio","image":{"@type":"ImageObject","inLanguage":"es","@id":"http:\/\/autosdelpodio.com\/autos\/wp-content\/litespeed\/avatar\/aa8f65cd201a80f6b844f63278aa84af.jpg?ver=1776798175","url":"http:\/\/autosdelpodio.com\/autos\/wp-content\/litespeed\/avatar\/aa8f65cd201a80f6b844f63278aa84af.jpg?ver=1776798175","contentUrl":"http:\/\/autosdelpodio.com\/autos\/wp-content\/litespeed\/avatar\/aa8f65cd201a80f6b844f63278aa84af.jpg?ver=1776798175","caption":"autosdelpodio"}}]}},"views":316,"_links":{"self":[{"href":"http:\/\/autosdelpodio.com\/autos\/wp-json\/wp\/v2\/posts\/5971","targetHints":{"allow":["GET"]}}],"collection":[{"href":"http:\/\/autosdelpodio.com\/autos\/wp-json\/wp\/v2\/posts"}],"about":[{"href":"http:\/\/autosdelpodio.com\/autos\/wp-json\/wp\/v2\/types\/post"}],"author":[{"embeddable":true,"href":"http:\/\/autosdelpodio.com\/autos\/wp-json\/wp\/v2\/users\/3"}],"replies":[{"embeddable":true,"href":"http:\/\/autosdelpodio.com\/autos\/wp-json\/wp\/v2\/comments?post=5971"}],"version-history":[{"count":2,"href":"http:\/\/autosdelpodio.com\/autos\/wp-json\/wp\/v2\/posts\/5971\/revisions"}],"predecessor-version":[{"id":5973,"href":"http:\/\/autosdelpodio.com\/autos\/wp-json\/wp\/v2\/posts\/5971\/revisions\/5973"}],"wp:featuredmedia":[{"embeddable":true,"href":"http:\/\/autosdelpodio.com\/autos\/wp-json\/wp\/v2\/media\/2533"}],"wp:attachment":[{"href":"http:\/\/autosdelpodio.com\/autos\/wp-json\/wp\/v2\/media?parent=5971"}],"wp:term":[{"taxonomy":"category","embeddable":true,"href":"http:\/\/autosdelpodio.com\/autos\/wp-json\/wp\/v2\/categories?post=5971"},{"taxonomy":"post_tag","embeddable":true,"href":"http:\/\/autosdelpodio.com\/autos\/wp-json\/wp\/v2\/tags?post=5971"}],"curies":[{"name":"wp","href":"https:\/\/api.w.org\/{rel}","templated":true}]}}